{"id":26973,"date":"2014-02-04T11:01:42","date_gmt":"2014-02-04T16:01:42","guid":{"rendered":"http:\/\/uqactualite.odev.ca\/?p=26973"},"modified":"2014-02-04T11:01:42","modified_gmt":"2014-02-04T16:01:42","slug":"quatre-etudiants-de-luqac-participent-au-defi-cecobois-2014","status":"publish","type":"post","link":"https:\/\/www.uqac.ca\/uqactualites\/2014\/02\/04\/quatre-etudiants-de-luqac-participent-au-defi-cecobois-2014\/","title":{"rendered":"Quatre \u00e9tudiants de l\u2019UQAC participent au D\u00e9fi cecobois 2014"},"content":{"rendered":"<p style=\"text-align: justify\">\u00c9tudiants au <span style=\"color: #5a7411\"><a href=\"http:\/\/programmes.uqac.ca\/7480\" target=\"_blank\" rel=\"noopener\"><span style=\"color: #5a7411\">baccalaur\u00e9at en g\u00e9nie civil<\/span><\/a><\/span> de l\u2019UQAC, L\u00e9a Bh\u00e9rer, Kevin Goguen, Cindy Tremblay et Micha\u00ebl Tremblay ont particip\u00e9 du 17 au 19 janvier dernier \u00e0 la 5<sup>e<\/sup> \u00e9dition du D\u00e9fi cecobois. Propos\u00e9 dans le cadre du Salon de la for\u00eat\u00a02014, le concours r\u00e9unissait une cinquantaine d\u2019\u00e9tudiants de niveau universitaire sp\u00e9cialis\u00e9s dans les domaines de l\u2019architecture, du g\u00e9nie du bois et du g\u00e9nie civil. C\u2019est donc en compagnie de coll\u00e8gues issus de l\u2019Universit\u00e9 Laval, de l&rsquo;Universit\u00e9 de Montr\u00e9al, de l&rsquo;Universit\u00e9 de Sherbrooke et de la Polytechnique qu\u2019ils ont tent\u00e9 de relever le d\u00e9fi propos\u00e9 par les organisateurs, soit de construire une aire d&rsquo;observation en porte-\u00e0-faux qui pourrait hypoth\u00e9tiquement \u00eatre install\u00e9e au sommet d&rsquo;une montagne (mod\u00e8le r\u00e9duit \u00e0 l&rsquo;\u00e9chelle\u00a01\u00a0: 5).<\/p>\n<p style=\"text-align: justify\">Si l\u2019objectif principal du D\u00e9fi cecobois est de permettre aux \u00e9tudiants d\u2019exp\u00e9rimenter les possibilit\u00e9s et la polyvalence du mat\u00e9riau bois en construction, les quatre repr\u00e9sentants de l\u2019UQAC ont assur\u00e9ment pu y mettre de l\u2019avant leurs connaissances et leur savoir-faire. L\u2019\u00e9quipe dont faisait partie Kevin Goguen a d\u2019ailleurs remport\u00e9 la troisi\u00e8me place, et ce, gr\u00e2ce \u00e0 la qualit\u00e9 de la structure pr\u00e9sent\u00e9e.<\/p>\n<p style=\"text-align: justify\">Toutes nos f\u00e9licitations \u00e0 Kevin pour ce prix hautement m\u00e9rit\u00e9, ainsi qu\u2019\u00e0 L\u00e9a, Cindy et Micha\u00ebl pour leur participation!<\/p>\n<p style=\"text-align: justify\">Consultez le <span style=\"color: #5a7411\"><strong><a href=\"http:\/\/www.cecobois.com\/evenements\/490-defi-cecobois-2014\" target=\"_blank\" rel=\"noopener\"><span style=\"color: #5a7411\">site Web du D\u00e9fi cecobois 2014<\/span><\/a><\/strong><\/span>.<\/p>\n<p style=\"text-align: justify\"><span style=\"color: #808080\"><b>________________________________________________________________________________________<\/b><\/span><\/p>\n<p style=\"text-align: justify\"><span style=\"color: #808080\"><b>Photo\u00a0:<\/b> Micha\u00ebl Tremblay, L\u00e9a Bh\u00e9rer, Cindy Tremblay et Kevin Goguen<\/span><br \/>\n<span style=\"color: #808080\"><b>Photographe\u00a0:<\/b> Denis Blackburn, UQAC<\/span><br \/>\n<span style=\"color: #808080\">________________________________________________________________________________________<\/span><\/p>\n","protected":false},"excerpt":{"rendered":"<p>\u00c9tudiants au baccalaur\u00e9at en g\u00e9nie civil de l\u2019UQAC, L\u00e9a Bh\u00e9rer, Kevin Goguen, Cindy Tremblay et Micha\u00ebl Tremblay ont particip\u00e9 du 17 au 19 janvier dernier \u00e0 la 5e \u00e9dition du D\u00e9fi cecobois. Propos\u00e9 dans le cadre du Salon de la for\u00eat\u00a02014, le concours r\u00e9unissait une cinquantaine d\u2019\u00e9tudiants de niveau universitaire sp\u00e9cialis\u00e9s dans les domaines de [&hellip;]<\/p>\n","protected":false},"author":5,"featured_media":26974,"comment_status":"open","ping_status":"open","sticky":false,"template":"","format":"standard","meta":{"footnotes":""},"categories":[2,61,9],"tags":[430,579,431,432,21,246],"yoast_head":"<!-- This site is optimized with the Yoast SEO plugin v24.2 - https:\/\/yoast.com\/wordpress\/plugins\/seo\/ -->\r\n<title>Quatre \u00e9tudiants de l\u2019UQAC participent au D\u00e9fi cecobois 2014 - UQACtualit\u00e9s<\/title>\r\n<meta name=\"robots\" content=\"index, follow, max-snippet:-1, max-image-preview:large, max-video-preview:-1\" \/>\r\n<link rel=\"canonical\" href=\"https:\/\/www.uqac.ca\/uqactualites\/2014\/02\/04\/quatre-etudiants-de-luqac-participent-au-defi-cecobois-2014\/\" \/>\r\n<meta property=\"og:locale\" content=\"fr_CA\" \/>\r\n<meta property=\"og:type\" content=\"article\" \/>\r\n<meta property=\"og:title\" content=\"Quatre \u00e9tudiants de l\u2019UQAC participent au D\u00e9fi cecobois 2014 - UQACtualit\u00e9s\" \/>\r\n<meta property=\"og:description\" content=\"\u00c9tudiants au baccalaur\u00e9at en g\u00e9nie civil de l\u2019UQAC, L\u00e9a Bh\u00e9rer, Kevin Goguen, Cindy Tremblay et Micha\u00ebl Tremblay ont particip\u00e9 du 17 au 19 janvier dernier \u00e0 la 5e \u00e9dition du D\u00e9fi cecobois. Propos\u00e9 dans le cadre du Salon de la for\u00eat\u00a02014, le concours r\u00e9unissait une cinquantaine d\u2019\u00e9tudiants de niveau universitaire sp\u00e9cialis\u00e9s dans les domaines de [&hellip;]\" \/>\r\n<meta property=\"og:url\" content=\"https:\/\/www.uqac.ca\/uqactualites\/2014\/02\/04\/quatre-etudiants-de-luqac-participent-au-defi-cecobois-2014\/\" \/>\r\n<meta property=\"og:site_name\" content=\"UQACtualit\u00e9s\" \/>\r\n<meta property=\"article:published_time\" content=\"2014-02-04T16:01:42+00:00\" \/>\r\n<meta property=\"og:image\" content=\"https:\/\/www.uqac.ca\/uqactualites\/wp-content\/uploads\/2014\/02\/quipe-UQAC-cecobois-2014-Web-\u00a9Denis-Blackburn.jpg\" \/>\r\n\t<meta property=\"og:image:width\" content=\"620\" \/>\r\n\t<meta property=\"og:image:height\" content=\"300\" \/>\r\n\t<meta property=\"og:image:type\" content=\"image\/jpeg\" \/>\r\n<meta name=\"author\" content=\"Service des communications et des relations publiques\" \/>\r\n<meta name=\"twitter:card\" content=\"summary_large_image\" \/>\r\n<meta name=\"twitter:label1\" content=\"\u00c9crit par\" \/>\n\t<meta name=\"twitter:data1\" content=\"Service des communications et des relations publiques\" \/>\n\t<meta name=\"twitter:label2\" content=\"Estimation du temps de lecture\" \/>\n\t<meta name=\"twitter:data2\" content=\"1 minute\" \/>\r\n<script type=\"application\/ld+json\" class=\"yoast-schema-graph\">{\"@context\":\"https:\/\/schema.org\",\"@graph\":[{\"@type\":\"WebPage\",\"@id\":\"https:\/\/www.uqac.ca\/uqactualites\/2014\/02\/04\/quatre-etudiants-de-luqac-participent-au-defi-cecobois-2014\/\",\"url\":\"https:\/\/www.uqac.ca\/uqactualites\/2014\/02\/04\/quatre-etudiants-de-luqac-participent-au-defi-cecobois-2014\/\",\"name\":\"Quatre \u00e9tudiants de l\u2019UQAC participent au D\u00e9fi cecobois 2014 - UQACtualit\u00e9s\",\"isPartOf\":{\"@id\":\"https:\/\/www.uqac.ca\/uqactualites\/#website\"},\"primaryImageOfPage\":{\"@id\":\"https:\/\/www.uqac.ca\/uqactualites\/2014\/02\/04\/quatre-etudiants-de-luqac-participent-au-defi-cecobois-2014\/#primaryimage\"},\"image\":{\"@id\":\"https:\/\/www.uqac.ca\/uqactualites\/2014\/02\/04\/quatre-etudiants-de-luqac-participent-au-defi-cecobois-2014\/#primaryimage\"},\"thumbnailUrl\":\"https:\/\/www.uqac.ca\/uqactualites\/wp-content\/uploads\/2014\/02\/quipe-UQAC-cecobois-2014-Web-\u00a9Denis-Blackburn.jpg\",\"datePublished\":\"2014-02-04T16:01:42+00:00\",\"dateModified\":\"2014-02-04T16:01:42+00:00\",\"author\":{\"@id\":\"https:\/\/www.uqac.ca\/uqactualites\/#\/schema\/person\/366c45a0c4f0e677b41b4af5886e2018\"},\"breadcrumb\":{\"@id\":\"https:\/\/www.uqac.ca\/uqactualites\/2014\/02\/04\/quatre-etudiants-de-luqac-participent-au-defi-cecobois-2014\/#breadcrumb\"},\"inLanguage\":\"fr-CA\",\"potentialAction\":[{\"@type\":\"ReadAction\",\"target\":[\"https:\/\/www.uqac.ca\/uqactualites\/2014\/02\/04\/quatre-etudiants-de-luqac-participent-au-defi-cecobois-2014\/\"]}]},{\"@type\":\"ImageObject\",\"inLanguage\":\"fr-CA\",\"@id\":\"https:\/\/www.uqac.ca\/uqactualites\/2014\/02\/04\/quatre-etudiants-de-luqac-participent-au-defi-cecobois-2014\/#primaryimage\",\"url\":\"https:\/\/www.uqac.ca\/uqactualites\/wp-content\/uploads\/2014\/02\/quipe-UQAC-cecobois-2014-Web-\u00a9Denis-Blackburn.jpg\",\"contentUrl\":\"https:\/\/www.uqac.ca\/uqactualites\/wp-content\/uploads\/2014\/02\/quipe-UQAC-cecobois-2014-Web-\u00a9Denis-Blackburn.jpg\",\"width\":620,\"height\":300},{\"@type\":\"BreadcrumbList\",\"@id\":\"https:\/\/www.uqac.ca\/uqactualites\/2014\/02\/04\/quatre-etudiants-de-luqac-participent-au-defi-cecobois-2014\/#breadcrumb\",\"itemListElement\":[{\"@type\":\"ListItem\",\"position\":1,\"name\":\"Home\",\"item\":\"https:\/\/www.uqac.ca\/uqactualites\/\"},{\"@type\":\"ListItem\",\"position\":2,\"name\":\"Quatre \u00e9tudiants de l\u2019UQAC participent au D\u00e9fi cecobois 2014\"}]},{\"@type\":\"WebSite\",\"@id\":\"https:\/\/www.uqac.ca\/uqactualites\/#website\",\"url\":\"https:\/\/www.uqac.ca\/uqactualites\/\",\"name\":\"UQACtualit\u00e9s\",\"description\":\"Le portail des nouvelles de l&#039;UQAC\",\"potentialAction\":[{\"@type\":\"SearchAction\",\"target\":{\"@type\":\"EntryPoint\",\"urlTemplate\":\"https:\/\/www.uqac.ca\/uqactualites\/?s={search_term_string}\"},\"query-input\":{\"@type\":\"PropertyValueSpecification\",\"valueRequired\":true,\"valueName\":\"search_term_string\"}}],\"inLanguage\":\"fr-CA\"},{\"@type\":\"Person\",\"@id\":\"https:\/\/www.uqac.ca\/uqactualites\/#\/schema\/person\/366c45a0c4f0e677b41b4af5886e2018\",\"name\":\"Service des communications et des relations publiques\",\"image\":{\"@type\":\"ImageObject\",\"inLanguage\":\"fr-CA\",\"@id\":\"https:\/\/www.uqac.ca\/uqactualites\/#\/schema\/person\/image\/\",\"url\":\"https:\/\/secure.gravatar.com\/avatar\/20fbbda8a292f59f2d3461a5b999c00b?s=96&d=mm&r=g\",\"contentUrl\":\"https:\/\/secure.gravatar.com\/avatar\/20fbbda8a292f59f2d3461a5b999c00b?s=96&d=mm&r=g\",\"caption\":\"Service des communications et des relations publiques\"},\"url\":\"https:\/\/www.uqac.ca\/uqactualites\/author\/bap\/\"}]}<\/script>\r\n<!-- \/ Yoast SEO plugin. -->","yoast_head_json":{"title":"Quatre \u00e9tudiants de l\u2019UQAC participent au D\u00e9fi cecobois 2014 - UQACtualit\u00e9s","robots":{"index":"index","follow":"follow","max-snippet":"max-snippet:-1","max-image-preview":"max-image-preview:large","max-video-preview":"max-video-preview:-1"},"canonical":"https:\/\/www.uqac.ca\/uqactualites\/2014\/02\/04\/quatre-etudiants-de-luqac-participent-au-defi-cecobois-2014\/","og_locale":"fr_CA","og_type":"article","og_title":"Quatre \u00e9tudiants de l\u2019UQAC participent au D\u00e9fi cecobois 2014 - UQACtualit\u00e9s","og_description":"\u00c9tudiants au baccalaur\u00e9at en g\u00e9nie civil de l\u2019UQAC, L\u00e9a Bh\u00e9rer, Kevin Goguen, Cindy Tremblay et Micha\u00ebl Tremblay ont particip\u00e9 du 17 au 19 janvier dernier \u00e0 la 5e \u00e9dition du D\u00e9fi cecobois. Propos\u00e9 dans le cadre du Salon de la for\u00eat\u00a02014, le concours r\u00e9unissait une cinquantaine d\u2019\u00e9tudiants de niveau universitaire sp\u00e9cialis\u00e9s dans les domaines de [&hellip;]","og_url":"https:\/\/www.uqac.ca\/uqactualites\/2014\/02\/04\/quatre-etudiants-de-luqac-participent-au-defi-cecobois-2014\/","og_site_name":"UQACtualit\u00e9s","article_published_time":"2014-02-04T16:01:42+00:00","og_image":[{"width":620,"height":300,"url":"https:\/\/www.uqac.ca\/uqactualites\/wp-content\/uploads\/2014\/02\/quipe-UQAC-cecobois-2014-Web-\u00a9Denis-Blackburn.jpg","type":"image\/jpeg"}],"author":"Service des communications et des relations publiques","twitter_card":"summary_large_image","twitter_misc":{"\u00c9crit par":"Service des communications et des relations publiques","Estimation du temps de lecture":"1 minute"},"schema":{"@context":"https:\/\/schema.org","@graph":[{"@type":"WebPage","@id":"https:\/\/www.uqac.ca\/uqactualites\/2014\/02\/04\/quatre-etudiants-de-luqac-participent-au-defi-cecobois-2014\/","url":"https:\/\/www.uqac.ca\/uqactualites\/2014\/02\/04\/quatre-etudiants-de-luqac-participent-au-defi-cecobois-2014\/","name":"Quatre \u00e9tudiants de l\u2019UQAC participent au D\u00e9fi cecobois 2014 - UQACtualit\u00e9s","isPartOf":{"@id":"https:\/\/www.uqac.ca\/uqactualites\/#website"},"primaryImageOfPage":{"@id":"https:\/\/www.uqac.ca\/uqactualites\/2014\/02\/04\/quatre-etudiants-de-luqac-participent-au-defi-cecobois-2014\/#primaryimage"},"image":{"@id":"https:\/\/www.uqac.ca\/uqactualites\/2014\/02\/04\/quatre-etudiants-de-luqac-participent-au-defi-cecobois-2014\/#primaryimage"},"thumbnailUrl":"https:\/\/www.uqac.ca\/uqactualites\/wp-content\/uploads\/2014\/02\/quipe-UQAC-cecobois-2014-Web-\u00a9Denis-Blackburn.jpg","datePublished":"2014-02-04T16:01:42+00:00","dateModified":"2014-02-04T16:01:42+00:00","author":{"@id":"https:\/\/www.uqac.ca\/uqactualites\/#\/schema\/person\/366c45a0c4f0e677b41b4af5886e2018"},"breadcrumb":{"@id":"https:\/\/www.uqac.ca\/uqactualites\/2014\/02\/04\/quatre-etudiants-de-luqac-participent-au-defi-cecobois-2014\/#breadcrumb"},"inLanguage":"fr-CA","potentialAction":[{"@type":"ReadAction","target":["https:\/\/www.uqac.ca\/uqactualites\/2014\/02\/04\/quatre-etudiants-de-luqac-participent-au-defi-cecobois-2014\/"]}]},{"@type":"ImageObject","inLanguage":"fr-CA","@id":"https:\/\/www.uqac.ca\/uqactualites\/2014\/02\/04\/quatre-etudiants-de-luqac-participent-au-defi-cecobois-2014\/#primaryimage","url":"https:\/\/www.uqac.ca\/uqactualites\/wp-content\/uploads\/2014\/02\/quipe-UQAC-cecobois-2014-Web-\u00a9Denis-Blackburn.jpg","contentUrl":"https:\/\/www.uqac.ca\/uqactualites\/wp-content\/uploads\/2014\/02\/quipe-UQAC-cecobois-2014-Web-\u00a9Denis-Blackburn.jpg","width":620,"height":300},{"@type":"BreadcrumbList","@id":"https:\/\/www.uqac.ca\/uqactualites\/2014\/02\/04\/quatre-etudiants-de-luqac-participent-au-defi-cecobois-2014\/#breadcrumb","itemListElement":[{"@type":"ListItem","position":1,"name":"Home","item":"https:\/\/www.uqac.ca\/uqactualites\/"},{"@type":"ListItem","position":2,"name":"Quatre \u00e9tudiants de l\u2019UQAC participent au D\u00e9fi cecobois 2014"}]},{"@type":"WebSite","@id":"https:\/\/www.uqac.ca\/uqactualites\/#website","url":"https:\/\/www.uqac.ca\/uqactualites\/","name":"UQACtualit\u00e9s","description":"Le portail des nouvelles de l&#039;UQAC","potentialAction":[{"@type":"SearchAction","target":{"@type":"EntryPoint","urlTemplate":"https:\/\/www.uqac.ca\/uqactualites\/?s={search_term_string}"},"query-input":{"@type":"PropertyValueSpecification","valueRequired":true,"valueName":"search_term_string"}}],"inLanguage":"fr-CA"},{"@type":"Person","@id":"https:\/\/www.uqac.ca\/uqactualites\/#\/schema\/person\/366c45a0c4f0e677b41b4af5886e2018","name":"Service des communications et des relations publiques","image":{"@type":"ImageObject","inLanguage":"fr-CA","@id":"https:\/\/www.uqac.ca\/uqactualites\/#\/schema\/person\/image\/","url":"https:\/\/secure.gravatar.com\/avatar\/20fbbda8a292f59f2d3461a5b999c00b?s=96&d=mm&r=g","contentUrl":"https:\/\/secure.gravatar.com\/avatar\/20fbbda8a292f59f2d3461a5b999c00b?s=96&d=mm&r=g","caption":"Service des communications et des relations publiques"},"url":"https:\/\/www.uqac.ca\/uqactualites\/author\/bap\/"}]}},"_links":{"self":[{"href":"https:\/\/www.uqac.ca\/uqactualites\/wp-json\/wp\/v2\/posts\/26973"}],"collection":[{"href":"https:\/\/www.uqac.ca\/uqactualites\/wp-json\/wp\/v2\/posts"}],"about":[{"href":"https:\/\/www.uqac.ca\/uqactualites\/wp-json\/wp\/v2\/types\/post"}],"author":[{"embeddable":true,"href":"https:\/\/www.uqac.ca\/uqactualites\/wp-json\/wp\/v2\/users\/5"}],"replies":[{"embeddable":true,"href":"https:\/\/www.uqac.ca\/uqactualites\/wp-json\/wp\/v2\/comments?post=26973"}],"version-history":[{"count":0,"href":"https:\/\/www.uqac.ca\/uqactualites\/wp-json\/wp\/v2\/posts\/26973\/revisions"}],"wp:featuredmedia":[{"embeddable":true,"href":"https:\/\/www.uqac.ca\/uqactualites\/wp-json\/wp\/v2\/media\/26974"}],"wp:attachment":[{"href":"https:\/\/www.uqac.ca\/uqactualites\/wp-json\/wp\/v2\/media?parent=26973"}],"wp:term":[{"taxonomy":"category","embeddable":true,"href":"https:\/\/www.uqac.ca\/uqactualites\/wp-json\/wp\/v2\/categories?post=26973"},{"taxonomy":"post_tag","embeddable":true,"href":"https:\/\/www.uqac.ca\/uqactualites\/wp-json\/wp\/v2\/tags?post=26973"}],"curies":[{"name":"wp","href":"https:\/\/api.w.org\/{rel}","templated":true}]}}