{"id":26983,"date":"2014-02-18T10:29:07","date_gmt":"2014-02-18T15:29:07","guid":{"rendered":"http:\/\/uqactualite.odev.ca\/?p=26983"},"modified":"2014-02-18T10:29:07","modified_gmt":"2014-02-18T15:29:07","slug":"rappel-colloque-sur-la-perseverance-et-la-reussite-scolaires-chez-les-premiers-peuples","status":"publish","type":"post","link":"https:\/\/www.uqac.ca\/uqactualites\/2014\/02\/18\/rappel-colloque-sur-la-perseverance-et-la-reussite-scolaires-chez-les-premiers-peuples\/","title":{"rendered":"Rappel \u2013 Colloque sur la pers\u00e9v\u00e9rance et la r\u00e9ussite scolaires chez les Premiers Peuples"},"content":{"rendered":"<p style=\"text-align: justify\">Le Centre des Premi\u00e8res Nations Nikanite de l\u2019UQAC, en collaboration avec le minist\u00e8re de l\u2019\u00c9ducation, du Loisir et du Sport, invite la communaut\u00e9 universitaire \u00e0 participer \u00e0 la premi\u00e8re \u00e9dition du Colloque sur la pers\u00e9v\u00e9rance et la r\u00e9ussite scolaires chez les Premiers Peuples\u00a0:<\/p>\n<p style=\"text-align: center\" align=\"center\"><span style=\"color: #5a7411\"><b>4 au 6 mars 2014<\/b><\/span><br \/>\n<span style=\"color: #5a7411\">Universit\u00e9 du Qu\u00e9bec \u00e0 Chicoutimi<\/span><\/p>\n<p style=\"text-align: justify\">Sous la pr\u00e9sidence d\u2019honneur de Gilbert Dominique, chef de la communaut\u00e9 de Mashteuiatsh, le colloque sera l\u2019occasion pour les participants d\u2019\u00e9changer leurs id\u00e9es en mati\u00e8re de pratiques et d\u2019interventions de nature \u00e9ducationnelle et sociale. Une quarantaine d\u2019ateliers ainsi que des conf\u00e9rences anim\u00e9es par des professionnels hautement r\u00e9put\u00e9s seront \u00e0 l\u2019horaire de ce rendez-vous incontournable. Un banquet, organis\u00e9 sous la pr\u00e9sidence d\u2019honneur du docteur Stanley Vollant et ayant pour th\u00e8me les histoires \u00e0 succ\u00e8s de jeunes autochtones, se tiendra \u00e9galement le 5 mars \u00e0 l\u2019h\u00f4tel Le Montagnais.<\/p>\n<p style=\"text-align: justify\">La date limite d\u2019inscription est fix\u00e9e au 21 f\u00e9vrier 2014. Visitez le <span style=\"color: #5a7411\"><a href=\"http:\/\/colloques.uqac.ca\/prscpp\/\" target=\"_blank\" rel=\"noopener\"><span style=\"color: #5a7411\"><b>site Web du colloque<\/b><\/span><\/a><\/span> pour obtenir plus de d\u00e9tails sur les co\u00fbts d\u2019inscription et pour consulter l\u2019horaire complet de l\u2019\u00e9v\u00e9nement.<\/p>\n<p style=\"text-align: justify\">Faites vite!<b><\/b><\/p>\n<p style=\"text-align: justify\"><b><br \/>\nRenseignements\u00a0:<br \/>\n<\/b>H\u00e9l\u00e8ne Caron, secr\u00e9taire de direction<br \/>\nCentre des Premi\u00e8res Nations Nikanite<br \/>\nUniversit\u00e9 du Qu\u00e9bec \u00e0 Chicoutimi<br \/>\n418 545-5011, poste\u00a05086\u00a0 \u25aa\u00a0 <span style=\"color: #5a7411\"><a href=\"mailto:helene_caron@uqac.ca\"><span style=\"color: #5a7411\">helene_caron@uqac.ca<\/span><\/a><\/span><\/p>\n","protected":false},"excerpt":{"rendered":"<p>Le Centre des Premi\u00e8res Nations Nikanite de l\u2019UQAC, en collaboration avec le minist\u00e8re de l\u2019\u00c9ducation, du Loisir et du Sport, invite la communaut\u00e9 universitaire \u00e0 participer \u00e0 la premi\u00e8re \u00e9dition du Colloque sur la pers\u00e9v\u00e9rance et la r\u00e9ussite scolaires chez les Premiers Peuples\u00a0: 4 au 6 mars 2014 Universit\u00e9 du Qu\u00e9bec \u00e0 Chicoutimi Sous la [&hellip;]<\/p>\n","protected":false},"author":5,"featured_media":20989,"comment_status":"open","ping_status":"open","sticky":false,"template":"","format":"standard","meta":{"footnotes":""},"categories":[2772],"tags":[101,105,360,151,558,361,362,363,210,1086],"yoast_head":"<!-- This site is optimized with the Yoast SEO plugin v24.2 - https:\/\/yoast.com\/wordpress\/plugins\/seo\/ -->\r\n<title>Rappel \u2013 Colloque sur la pers\u00e9v\u00e9rance et la r\u00e9ussite scolaires chez les Premiers Peuples - UQACtualit\u00e9s<\/title>\r\n<meta name=\"robots\" content=\"index, follow, max-snippet:-1, max-image-preview:large, max-video-preview:-1\" \/>\r\n<link rel=\"canonical\" href=\"https:\/\/www.uqac.ca\/uqactualites\/2014\/02\/18\/rappel-colloque-sur-la-perseverance-et-la-reussite-scolaires-chez-les-premiers-peuples\/\" \/>\r\n<meta property=\"og:locale\" content=\"fr_CA\" \/>\r\n<meta property=\"og:type\" content=\"article\" \/>\r\n<meta property=\"og:title\" content=\"Rappel \u2013 Colloque sur la pers\u00e9v\u00e9rance et la r\u00e9ussite scolaires chez les Premiers Peuples - UQACtualit\u00e9s\" \/>\r\n<meta property=\"og:description\" content=\"Le Centre des Premi\u00e8res Nations Nikanite de l\u2019UQAC, en collaboration avec le minist\u00e8re de l\u2019\u00c9ducation, du Loisir et du Sport, invite la communaut\u00e9 universitaire \u00e0 participer \u00e0 la premi\u00e8re \u00e9dition du Colloque sur la pers\u00e9v\u00e9rance et la r\u00e9ussite scolaires chez les Premiers Peuples\u00a0: 4 au 6 mars 2014 Universit\u00e9 du Qu\u00e9bec \u00e0 Chicoutimi Sous la [&hellip;]\" \/>\r\n<meta property=\"og:url\" content=\"https:\/\/www.uqac.ca\/uqactualites\/2014\/02\/18\/rappel-colloque-sur-la-perseverance-et-la-reussite-scolaires-chez-les-premiers-peuples\/\" \/>\r\n<meta property=\"og:site_name\" content=\"UQACtualit\u00e9s\" \/>\r\n<meta property=\"article:published_time\" content=\"2014-02-18T15:29:07+00:00\" \/>\r\n<meta property=\"og:image\" content=\"https:\/\/www.uqac.ca\/uqactualites\/wp-content\/uploads\/2012\/05\/avis-laCommunaut-.jpg\" \/>\r\n\t<meta property=\"og:image:width\" content=\"620\" \/>\r\n\t<meta property=\"og:image:height\" content=\"300\" \/>\r\n\t<meta property=\"og:image:type\" content=\"image\/jpeg\" \/>\r\n<meta name=\"author\" content=\"Service des communications et des relations publiques\" \/>\r\n<meta name=\"twitter:card\" content=\"summary_large_image\" \/>\r\n<meta name=\"twitter:label1\" content=\"\u00c9crit par\" \/>\n\t<meta name=\"twitter:data1\" content=\"Service des communications et des relations publiques\" \/>\n\t<meta name=\"twitter:label2\" content=\"Estimation du temps de lecture\" \/>\n\t<meta name=\"twitter:data2\" content=\"1 minute\" \/>\r\n<script type=\"application\/ld+json\" class=\"yoast-schema-graph\">{\"@context\":\"https:\/\/schema.org\",\"@graph\":[{\"@type\":\"WebPage\",\"@id\":\"https:\/\/www.uqac.ca\/uqactualites\/2014\/02\/18\/rappel-colloque-sur-la-perseverance-et-la-reussite-scolaires-chez-les-premiers-peuples\/\",\"url\":\"https:\/\/www.uqac.ca\/uqactualites\/2014\/02\/18\/rappel-colloque-sur-la-perseverance-et-la-reussite-scolaires-chez-les-premiers-peuples\/\",\"name\":\"Rappel \u2013 Colloque sur la pers\u00e9v\u00e9rance et la r\u00e9ussite scolaires chez les Premiers Peuples - UQACtualit\u00e9s\",\"isPartOf\":{\"@id\":\"https:\/\/www.uqac.ca\/uqactualites\/#website\"},\"primaryImageOfPage\":{\"@id\":\"https:\/\/www.uqac.ca\/uqactualites\/2014\/02\/18\/rappel-colloque-sur-la-perseverance-et-la-reussite-scolaires-chez-les-premiers-peuples\/#primaryimage\"},\"image\":{\"@id\":\"https:\/\/www.uqac.ca\/uqactualites\/2014\/02\/18\/rappel-colloque-sur-la-perseverance-et-la-reussite-scolaires-chez-les-premiers-peuples\/#primaryimage\"},\"thumbnailUrl\":\"https:\/\/www.uqac.ca\/uqactualites\/wp-content\/uploads\/2012\/05\/avis-laCommunaut-.jpg\",\"datePublished\":\"2014-02-18T15:29:07+00:00\",\"dateModified\":\"2014-02-18T15:29:07+00:00\",\"author\":{\"@id\":\"https:\/\/www.uqac.ca\/uqactualites\/#\/schema\/person\/366c45a0c4f0e677b41b4af5886e2018\"},\"breadcrumb\":{\"@id\":\"https:\/\/www.uqac.ca\/uqactualites\/2014\/02\/18\/rappel-colloque-sur-la-perseverance-et-la-reussite-scolaires-chez-les-premiers-peuples\/#breadcrumb\"},\"inLanguage\":\"fr-CA\",\"potentialAction\":[{\"@type\":\"ReadAction\",\"target\":[\"https:\/\/www.uqac.ca\/uqactualites\/2014\/02\/18\/rappel-colloque-sur-la-perseverance-et-la-reussite-scolaires-chez-les-premiers-peuples\/\"]}]},{\"@type\":\"ImageObject\",\"inLanguage\":\"fr-CA\",\"@id\":\"https:\/\/www.uqac.ca\/uqactualites\/2014\/02\/18\/rappel-colloque-sur-la-perseverance-et-la-reussite-scolaires-chez-les-premiers-peuples\/#primaryimage\",\"url\":\"https:\/\/www.uqac.ca\/uqactualites\/wp-content\/uploads\/2012\/05\/avis-laCommunaut-.jpg\",\"contentUrl\":\"https:\/\/www.uqac.ca\/uqactualites\/wp-content\/uploads\/2012\/05\/avis-laCommunaut-.jpg\",\"width\":620,\"height\":300},{\"@type\":\"BreadcrumbList\",\"@id\":\"https:\/\/www.uqac.ca\/uqactualites\/2014\/02\/18\/rappel-colloque-sur-la-perseverance-et-la-reussite-scolaires-chez-les-premiers-peuples\/#breadcrumb\",\"itemListElement\":[{\"@type\":\"ListItem\",\"position\":1,\"name\":\"Home\",\"item\":\"https:\/\/www.uqac.ca\/uqactualites\/\"},{\"@type\":\"ListItem\",\"position\":2,\"name\":\"Rappel \u2013 Colloque sur la pers\u00e9v\u00e9rance et la r\u00e9ussite scolaires chez les Premiers Peuples\"}]},{\"@type\":\"WebSite\",\"@id\":\"https:\/\/www.uqac.ca\/uqactualites\/#website\",\"url\":\"https:\/\/www.uqac.ca\/uqactualites\/\",\"name\":\"UQACtualit\u00e9s\",\"description\":\"Le portail des nouvelles de l&#039;UQAC\",\"potentialAction\":[{\"@type\":\"SearchAction\",\"target\":{\"@type\":\"EntryPoint\",\"urlTemplate\":\"https:\/\/www.uqac.ca\/uqactualites\/?s={search_term_string}\"},\"query-input\":{\"@type\":\"PropertyValueSpecification\",\"valueRequired\":true,\"valueName\":\"search_term_string\"}}],\"inLanguage\":\"fr-CA\"},{\"@type\":\"Person\",\"@id\":\"https:\/\/www.uqac.ca\/uqactualites\/#\/schema\/person\/366c45a0c4f0e677b41b4af5886e2018\",\"name\":\"Service des communications et des relations publiques\",\"image\":{\"@type\":\"ImageObject\",\"inLanguage\":\"fr-CA\",\"@id\":\"https:\/\/www.uqac.ca\/uqactualites\/#\/schema\/person\/image\/\",\"url\":\"https:\/\/secure.gravatar.com\/avatar\/20fbbda8a292f59f2d3461a5b999c00b?s=96&d=mm&r=g\",\"contentUrl\":\"https:\/\/secure.gravatar.com\/avatar\/20fbbda8a292f59f2d3461a5b999c00b?s=96&d=mm&r=g\",\"caption\":\"Service des communications et des relations publiques\"},\"url\":\"https:\/\/www.uqac.ca\/uqactualites\/author\/bap\/\"}]}<\/script>\r\n<!-- \/ Yoast SEO plugin. -->","yoast_head_json":{"title":"Rappel \u2013 Colloque sur la pers\u00e9v\u00e9rance et la r\u00e9ussite scolaires chez les Premiers Peuples - UQACtualit\u00e9s","robots":{"index":"index","follow":"follow","max-snippet":"max-snippet:-1","max-image-preview":"max-image-preview:large","max-video-preview":"max-video-preview:-1"},"canonical":"https:\/\/www.uqac.ca\/uqactualites\/2014\/02\/18\/rappel-colloque-sur-la-perseverance-et-la-reussite-scolaires-chez-les-premiers-peuples\/","og_locale":"fr_CA","og_type":"article","og_title":"Rappel \u2013 Colloque sur la pers\u00e9v\u00e9rance et la r\u00e9ussite scolaires chez les Premiers Peuples - UQACtualit\u00e9s","og_description":"Le Centre des Premi\u00e8res Nations Nikanite de l\u2019UQAC, en collaboration avec le minist\u00e8re de l\u2019\u00c9ducation, du Loisir et du Sport, invite la communaut\u00e9 universitaire \u00e0 participer \u00e0 la premi\u00e8re \u00e9dition du Colloque sur la pers\u00e9v\u00e9rance et la r\u00e9ussite scolaires chez les Premiers Peuples\u00a0: 4 au 6 mars 2014 Universit\u00e9 du Qu\u00e9bec \u00e0 Chicoutimi Sous la [&hellip;]","og_url":"https:\/\/www.uqac.ca\/uqactualites\/2014\/02\/18\/rappel-colloque-sur-la-perseverance-et-la-reussite-scolaires-chez-les-premiers-peuples\/","og_site_name":"UQACtualit\u00e9s","article_published_time":"2014-02-18T15:29:07+00:00","og_image":[{"width":620,"height":300,"url":"https:\/\/www.uqac.ca\/uqactualites\/wp-content\/uploads\/2012\/05\/avis-laCommunaut-.jpg","type":"image\/jpeg"}],"author":"Service des communications et des relations publiques","twitter_card":"summary_large_image","twitter_misc":{"\u00c9crit par":"Service des communications et des relations publiques","Estimation du temps de lecture":"1 minute"},"schema":{"@context":"https:\/\/schema.org","@graph":[{"@type":"WebPage","@id":"https:\/\/www.uqac.ca\/uqactualites\/2014\/02\/18\/rappel-colloque-sur-la-perseverance-et-la-reussite-scolaires-chez-les-premiers-peuples\/","url":"https:\/\/www.uqac.ca\/uqactualites\/2014\/02\/18\/rappel-colloque-sur-la-perseverance-et-la-reussite-scolaires-chez-les-premiers-peuples\/","name":"Rappel \u2013 Colloque sur la pers\u00e9v\u00e9rance et la r\u00e9ussite scolaires chez les Premiers Peuples - UQACtualit\u00e9s","isPartOf":{"@id":"https:\/\/www.uqac.ca\/uqactualites\/#website"},"primaryImageOfPage":{"@id":"https:\/\/www.uqac.ca\/uqactualites\/2014\/02\/18\/rappel-colloque-sur-la-perseverance-et-la-reussite-scolaires-chez-les-premiers-peuples\/#primaryimage"},"image":{"@id":"https:\/\/www.uqac.ca\/uqactualites\/2014\/02\/18\/rappel-colloque-sur-la-perseverance-et-la-reussite-scolaires-chez-les-premiers-peuples\/#primaryimage"},"thumbnailUrl":"https:\/\/www.uqac.ca\/uqactualites\/wp-content\/uploads\/2012\/05\/avis-laCommunaut-.jpg","datePublished":"2014-02-18T15:29:07+00:00","dateModified":"2014-02-18T15:29:07+00:00","author":{"@id":"https:\/\/www.uqac.ca\/uqactualites\/#\/schema\/person\/366c45a0c4f0e677b41b4af5886e2018"},"breadcrumb":{"@id":"https:\/\/www.uqac.ca\/uqactualites\/2014\/02\/18\/rappel-colloque-sur-la-perseverance-et-la-reussite-scolaires-chez-les-premiers-peuples\/#breadcrumb"},"inLanguage":"fr-CA","potentialAction":[{"@type":"ReadAction","target":["https:\/\/www.uqac.ca\/uqactualites\/2014\/02\/18\/rappel-colloque-sur-la-perseverance-et-la-reussite-scolaires-chez-les-premiers-peuples\/"]}]},{"@type":"ImageObject","inLanguage":"fr-CA","@id":"https:\/\/www.uqac.ca\/uqactualites\/2014\/02\/18\/rappel-colloque-sur-la-perseverance-et-la-reussite-scolaires-chez-les-premiers-peuples\/#primaryimage","url":"https:\/\/www.uqac.ca\/uqactualites\/wp-content\/uploads\/2012\/05\/avis-laCommunaut-.jpg","contentUrl":"https:\/\/www.uqac.ca\/uqactualites\/wp-content\/uploads\/2012\/05\/avis-laCommunaut-.jpg","width":620,"height":300},{"@type":"BreadcrumbList","@id":"https:\/\/www.uqac.ca\/uqactualites\/2014\/02\/18\/rappel-colloque-sur-la-perseverance-et-la-reussite-scolaires-chez-les-premiers-peuples\/#breadcrumb","itemListElement":[{"@type":"ListItem","position":1,"name":"Home","item":"https:\/\/www.uqac.ca\/uqactualites\/"},{"@type":"ListItem","position":2,"name":"Rappel \u2013 Colloque sur la pers\u00e9v\u00e9rance et la r\u00e9ussite scolaires chez les Premiers Peuples"}]},{"@type":"WebSite","@id":"https:\/\/www.uqac.ca\/uqactualites\/#website","url":"https:\/\/www.uqac.ca\/uqactualites\/","name":"UQACtualit\u00e9s","description":"Le portail des nouvelles de l&#039;UQAC","potentialAction":[{"@type":"SearchAction","target":{"@type":"EntryPoint","urlTemplate":"https:\/\/www.uqac.ca\/uqactualites\/?s={search_term_string}"},"query-input":{"@type":"PropertyValueSpecification","valueRequired":true,"valueName":"search_term_string"}}],"inLanguage":"fr-CA"},{"@type":"Person","@id":"https:\/\/www.uqac.ca\/uqactualites\/#\/schema\/person\/366c45a0c4f0e677b41b4af5886e2018","name":"Service des communications et des relations publiques","image":{"@type":"ImageObject","inLanguage":"fr-CA","@id":"https:\/\/www.uqac.ca\/uqactualites\/#\/schema\/person\/image\/","url":"https:\/\/secure.gravatar.com\/avatar\/20fbbda8a292f59f2d3461a5b999c00b?s=96&d=mm&r=g","contentUrl":"https:\/\/secure.gravatar.com\/avatar\/20fbbda8a292f59f2d3461a5b999c00b?s=96&d=mm&r=g","caption":"Service des communications et des relations publiques"},"url":"https:\/\/www.uqac.ca\/uqactualites\/author\/bap\/"}]}},"_links":{"self":[{"href":"https:\/\/www.uqac.ca\/uqactualites\/wp-json\/wp\/v2\/posts\/26983"}],"collection":[{"href":"https:\/\/www.uqac.ca\/uqactualites\/wp-json\/wp\/v2\/posts"}],"about":[{"href":"https:\/\/www.uqac.ca\/uqactualites\/wp-json\/wp\/v2\/types\/post"}],"author":[{"embeddable":true,"href":"https:\/\/www.uqac.ca\/uqactualites\/wp-json\/wp\/v2\/users\/5"}],"replies":[{"embeddable":true,"href":"https:\/\/www.uqac.ca\/uqactualites\/wp-json\/wp\/v2\/comments?post=26983"}],"version-history":[{"count":0,"href":"https:\/\/www.uqac.ca\/uqactualites\/wp-json\/wp\/v2\/posts\/26983\/revisions"}],"wp:featuredmedia":[{"embeddable":true,"href":"https:\/\/www.uqac.ca\/uqactualites\/wp-json\/wp\/v2\/media\/20989"}],"wp:attachment":[{"href":"https:\/\/www.uqac.ca\/uqactualites\/wp-json\/wp\/v2\/media?parent=26983"}],"wp:term":[{"taxonomy":"category","embeddable":true,"href":"https:\/\/www.uqac.ca\/uqactualites\/wp-json\/wp\/v2\/categories?post=26983"},{"taxonomy":"post_tag","embeddable":true,"href":"https:\/\/www.uqac.ca\/uqactualites\/wp-json\/wp\/v2\/tags?post=26983"}],"curies":[{"name":"wp","href":"https:\/\/api.w.org\/{rel}","templated":true}]}}