{"id":27103,"date":"2014-02-19T13:50:53","date_gmt":"2014-02-19T18:50:53","guid":{"rendered":"http:\/\/uqactualite.odev.ca\/?p=27103"},"modified":"2014-02-19T13:50:53","modified_gmt":"2014-02-19T18:50:53","slug":"interruption-temporaire-du-systeme-telephonique","status":"publish","type":"post","link":"https:\/\/www.uqac.ca\/uqactualites\/2014\/02\/19\/interruption-temporaire-du-systeme-telephonique\/","title":{"rendered":"Interruption temporaire du syst\u00e8me t\u00e9l\u00e9phonique"},"content":{"rendered":"<p style=\"text-align: justify\">Le Service des immeubles et \u00e9quipements doit proc\u00e9der \u00e0 une maintenance du syst\u00e8me t\u00e9l\u00e9phonique de l\u2019Universit\u00e9. Il y aura donc une interruption compl\u00e8te du service de t\u00e9l\u00e9phonie entre 23\u00a0h et minuit ce mercredi 19 f\u00e9vrier 2014. Cette interruption touchera l\u2019ensemble des b\u00e2timents de l\u2019Universit\u00e9, dont les r\u00e9sidences \u00e9tudiantes.<\/p>\n<p style=\"text-align: justify\">Nous vous remercions de votre collaboration.<\/p>\n<p style=\"text-align: justify\"><b><br \/>\nRenseignements\u00a0:<\/b><br \/>\nAndr\u00e9 Rossignol, technicien en t\u00e9l\u00e9phonie<br \/>\nService des immeubles et \u00e9quipements<br \/>\nUniversit\u00e9 du Qu\u00e9bec \u00e0 Chicoutimi<br \/>\n418 545-5011, poste\u00a02000\u00a0 \u25aa\u00a0 <span style=\"color: #5a7411\"><a href=\"mailto:andre_rossignol@uqac.ca\"><span style=\"color: #5a7411\">andre_rossignol@uqac.ca<\/span><\/a><\/span><\/p>\n","protected":false},"excerpt":{"rendered":"<p>Le Service des immeubles et \u00e9quipements doit proc\u00e9der \u00e0 une maintenance du syst\u00e8me t\u00e9l\u00e9phonique de l\u2019Universit\u00e9. Il y aura donc une interruption compl\u00e8te du service de t\u00e9l\u00e9phonie entre 23\u00a0h et minuit ce mercredi 19 f\u00e9vrier 2014. Cette interruption touchera l\u2019ensemble des b\u00e2timents de l\u2019Universit\u00e9, dont les r\u00e9sidences \u00e9tudiantes. Nous vous remercions de votre collaboration. Renseignements\u00a0: [&hellip;]<\/p>\n","protected":false},"author":5,"featured_media":20987,"comment_status":"open","ping_status":"open","sticky":false,"template":"","format":"standard","meta":{"footnotes":""},"categories":[2772],"tags":[1138,1038,1139,1140,1141],"yoast_head":"<!-- This site is optimized with the Yoast SEO plugin v24.2 - https:\/\/yoast.com\/wordpress\/plugins\/seo\/ -->\r\n<title>Interruption temporaire du syst\u00e8me t\u00e9l\u00e9phonique - UQACtualit\u00e9s<\/title>\r\n<meta name=\"robots\" content=\"index, follow, max-snippet:-1, max-image-preview:large, max-video-preview:-1\" \/>\r\n<link rel=\"canonical\" href=\"https:\/\/www.uqac.ca\/uqactualites\/2014\/02\/19\/interruption-temporaire-du-systeme-telephonique\/\" \/>\r\n<meta property=\"og:locale\" content=\"fr_CA\" \/>\r\n<meta property=\"og:type\" content=\"article\" \/>\r\n<meta property=\"og:title\" content=\"Interruption temporaire du syst\u00e8me t\u00e9l\u00e9phonique - UQACtualit\u00e9s\" \/>\r\n<meta property=\"og:description\" content=\"Le Service des immeubles et \u00e9quipements doit proc\u00e9der \u00e0 une maintenance du syst\u00e8me t\u00e9l\u00e9phonique de l\u2019Universit\u00e9. Il y aura donc une interruption compl\u00e8te du service de t\u00e9l\u00e9phonie entre 23\u00a0h et minuit ce mercredi 19 f\u00e9vrier 2014. Cette interruption touchera l\u2019ensemble des b\u00e2timents de l\u2019Universit\u00e9, dont les r\u00e9sidences \u00e9tudiantes. Nous vous remercions de votre collaboration. Renseignements\u00a0: [&hellip;]\" \/>\r\n<meta property=\"og:url\" content=\"https:\/\/www.uqac.ca\/uqactualites\/2014\/02\/19\/interruption-temporaire-du-systeme-telephonique\/\" \/>\r\n<meta property=\"og:site_name\" content=\"UQACtualit\u00e9s\" \/>\r\n<meta property=\"article:published_time\" content=\"2014-02-19T18:50:53+00:00\" \/>\r\n<meta property=\"og:image\" content=\"https:\/\/www.uqac.ca\/uqactualites\/wp-content\/uploads\/2012\/05\/avis-important.jpg\" \/>\r\n\t<meta property=\"og:image:width\" content=\"620\" \/>\r\n\t<meta property=\"og:image:height\" content=\"300\" \/>\r\n\t<meta property=\"og:image:type\" content=\"image\/jpeg\" \/>\r\n<meta name=\"author\" content=\"Service des communications et des relations publiques\" \/>\r\n<meta name=\"twitter:card\" content=\"summary_large_image\" \/>\r\n<meta name=\"twitter:label1\" content=\"\u00c9crit par\" \/>\n\t<meta name=\"twitter:data1\" content=\"Service des communications et des relations publiques\" \/>\r\n<script type=\"application\/ld+json\" class=\"yoast-schema-graph\">{\"@context\":\"https:\/\/schema.org\",\"@graph\":[{\"@type\":\"WebPage\",\"@id\":\"https:\/\/www.uqac.ca\/uqactualites\/2014\/02\/19\/interruption-temporaire-du-systeme-telephonique\/\",\"url\":\"https:\/\/www.uqac.ca\/uqactualites\/2014\/02\/19\/interruption-temporaire-du-systeme-telephonique\/\",\"name\":\"Interruption temporaire du syst\u00e8me t\u00e9l\u00e9phonique - UQACtualit\u00e9s\",\"isPartOf\":{\"@id\":\"https:\/\/www.uqac.ca\/uqactualites\/#website\"},\"primaryImageOfPage\":{\"@id\":\"https:\/\/www.uqac.ca\/uqactualites\/2014\/02\/19\/interruption-temporaire-du-systeme-telephonique\/#primaryimage\"},\"image\":{\"@id\":\"https:\/\/www.uqac.ca\/uqactualites\/2014\/02\/19\/interruption-temporaire-du-systeme-telephonique\/#primaryimage\"},\"thumbnailUrl\":\"https:\/\/www.uqac.ca\/uqactualites\/wp-content\/uploads\/2012\/05\/avis-important.jpg\",\"datePublished\":\"2014-02-19T18:50:53+00:00\",\"dateModified\":\"2014-02-19T18:50:53+00:00\",\"author\":{\"@id\":\"https:\/\/www.uqac.ca\/uqactualites\/#\/schema\/person\/366c45a0c4f0e677b41b4af5886e2018\"},\"breadcrumb\":{\"@id\":\"https:\/\/www.uqac.ca\/uqactualites\/2014\/02\/19\/interruption-temporaire-du-systeme-telephonique\/#breadcrumb\"},\"inLanguage\":\"fr-CA\",\"potentialAction\":[{\"@type\":\"ReadAction\",\"target\":[\"https:\/\/www.uqac.ca\/uqactualites\/2014\/02\/19\/interruption-temporaire-du-systeme-telephonique\/\"]}]},{\"@type\":\"ImageObject\",\"inLanguage\":\"fr-CA\",\"@id\":\"https:\/\/www.uqac.ca\/uqactualites\/2014\/02\/19\/interruption-temporaire-du-systeme-telephonique\/#primaryimage\",\"url\":\"https:\/\/www.uqac.ca\/uqactualites\/wp-content\/uploads\/2012\/05\/avis-important.jpg\",\"contentUrl\":\"https:\/\/www.uqac.ca\/uqactualites\/wp-content\/uploads\/2012\/05\/avis-important.jpg\",\"width\":620,\"height\":300},{\"@type\":\"BreadcrumbList\",\"@id\":\"https:\/\/www.uqac.ca\/uqactualites\/2014\/02\/19\/interruption-temporaire-du-systeme-telephonique\/#breadcrumb\",\"itemListElement\":[{\"@type\":\"ListItem\",\"position\":1,\"name\":\"Home\",\"item\":\"https:\/\/www.uqac.ca\/uqactualites\/\"},{\"@type\":\"ListItem\",\"position\":2,\"name\":\"Interruption temporaire du syst\u00e8me t\u00e9l\u00e9phonique\"}]},{\"@type\":\"WebSite\",\"@id\":\"https:\/\/www.uqac.ca\/uqactualites\/#website\",\"url\":\"https:\/\/www.uqac.ca\/uqactualites\/\",\"name\":\"UQACtualit\u00e9s\",\"description\":\"Le portail des nouvelles de l&#039;UQAC\",\"potentialAction\":[{\"@type\":\"SearchAction\",\"target\":{\"@type\":\"EntryPoint\",\"urlTemplate\":\"https:\/\/www.uqac.ca\/uqactualites\/?s={search_term_string}\"},\"query-input\":{\"@type\":\"PropertyValueSpecification\",\"valueRequired\":true,\"valueName\":\"search_term_string\"}}],\"inLanguage\":\"fr-CA\"},{\"@type\":\"Person\",\"@id\":\"https:\/\/www.uqac.ca\/uqactualites\/#\/schema\/person\/366c45a0c4f0e677b41b4af5886e2018\",\"name\":\"Service des communications et des relations publiques\",\"image\":{\"@type\":\"ImageObject\",\"inLanguage\":\"fr-CA\",\"@id\":\"https:\/\/www.uqac.ca\/uqactualites\/#\/schema\/person\/image\/\",\"url\":\"https:\/\/secure.gravatar.com\/avatar\/20fbbda8a292f59f2d3461a5b999c00b?s=96&d=mm&r=g\",\"contentUrl\":\"https:\/\/secure.gravatar.com\/avatar\/20fbbda8a292f59f2d3461a5b999c00b?s=96&d=mm&r=g\",\"caption\":\"Service des communications et des relations publiques\"},\"url\":\"https:\/\/www.uqac.ca\/uqactualites\/author\/bap\/\"}]}<\/script>\r\n<!-- \/ Yoast SEO plugin. -->","yoast_head_json":{"title":"Interruption temporaire du syst\u00e8me t\u00e9l\u00e9phonique - UQACtualit\u00e9s","robots":{"index":"index","follow":"follow","max-snippet":"max-snippet:-1","max-image-preview":"max-image-preview:large","max-video-preview":"max-video-preview:-1"},"canonical":"https:\/\/www.uqac.ca\/uqactualites\/2014\/02\/19\/interruption-temporaire-du-systeme-telephonique\/","og_locale":"fr_CA","og_type":"article","og_title":"Interruption temporaire du syst\u00e8me t\u00e9l\u00e9phonique - UQACtualit\u00e9s","og_description":"Le Service des immeubles et \u00e9quipements doit proc\u00e9der \u00e0 une maintenance du syst\u00e8me t\u00e9l\u00e9phonique de l\u2019Universit\u00e9. Il y aura donc une interruption compl\u00e8te du service de t\u00e9l\u00e9phonie entre 23\u00a0h et minuit ce mercredi 19 f\u00e9vrier 2014. Cette interruption touchera l\u2019ensemble des b\u00e2timents de l\u2019Universit\u00e9, dont les r\u00e9sidences \u00e9tudiantes. Nous vous remercions de votre collaboration. Renseignements\u00a0: [&hellip;]","og_url":"https:\/\/www.uqac.ca\/uqactualites\/2014\/02\/19\/interruption-temporaire-du-systeme-telephonique\/","og_site_name":"UQACtualit\u00e9s","article_published_time":"2014-02-19T18:50:53+00:00","og_image":[{"width":620,"height":300,"url":"https:\/\/www.uqac.ca\/uqactualites\/wp-content\/uploads\/2012\/05\/avis-important.jpg","type":"image\/jpeg"}],"author":"Service des communications et des relations publiques","twitter_card":"summary_large_image","twitter_misc":{"\u00c9crit par":"Service des communications et des relations publiques"},"schema":{"@context":"https:\/\/schema.org","@graph":[{"@type":"WebPage","@id":"https:\/\/www.uqac.ca\/uqactualites\/2014\/02\/19\/interruption-temporaire-du-systeme-telephonique\/","url":"https:\/\/www.uqac.ca\/uqactualites\/2014\/02\/19\/interruption-temporaire-du-systeme-telephonique\/","name":"Interruption temporaire du syst\u00e8me t\u00e9l\u00e9phonique - UQACtualit\u00e9s","isPartOf":{"@id":"https:\/\/www.uqac.ca\/uqactualites\/#website"},"primaryImageOfPage":{"@id":"https:\/\/www.uqac.ca\/uqactualites\/2014\/02\/19\/interruption-temporaire-du-systeme-telephonique\/#primaryimage"},"image":{"@id":"https:\/\/www.uqac.ca\/uqactualites\/2014\/02\/19\/interruption-temporaire-du-systeme-telephonique\/#primaryimage"},"thumbnailUrl":"https:\/\/www.uqac.ca\/uqactualites\/wp-content\/uploads\/2012\/05\/avis-important.jpg","datePublished":"2014-02-19T18:50:53+00:00","dateModified":"2014-02-19T18:50:53+00:00","author":{"@id":"https:\/\/www.uqac.ca\/uqactualites\/#\/schema\/person\/366c45a0c4f0e677b41b4af5886e2018"},"breadcrumb":{"@id":"https:\/\/www.uqac.ca\/uqactualites\/2014\/02\/19\/interruption-temporaire-du-systeme-telephonique\/#breadcrumb"},"inLanguage":"fr-CA","potentialAction":[{"@type":"ReadAction","target":["https:\/\/www.uqac.ca\/uqactualites\/2014\/02\/19\/interruption-temporaire-du-systeme-telephonique\/"]}]},{"@type":"ImageObject","inLanguage":"fr-CA","@id":"https:\/\/www.uqac.ca\/uqactualites\/2014\/02\/19\/interruption-temporaire-du-systeme-telephonique\/#primaryimage","url":"https:\/\/www.uqac.ca\/uqactualites\/wp-content\/uploads\/2012\/05\/avis-important.jpg","contentUrl":"https:\/\/www.uqac.ca\/uqactualites\/wp-content\/uploads\/2012\/05\/avis-important.jpg","width":620,"height":300},{"@type":"BreadcrumbList","@id":"https:\/\/www.uqac.ca\/uqactualites\/2014\/02\/19\/interruption-temporaire-du-systeme-telephonique\/#breadcrumb","itemListElement":[{"@type":"ListItem","position":1,"name":"Home","item":"https:\/\/www.uqac.ca\/uqactualites\/"},{"@type":"ListItem","position":2,"name":"Interruption temporaire du syst\u00e8me t\u00e9l\u00e9phonique"}]},{"@type":"WebSite","@id":"https:\/\/www.uqac.ca\/uqactualites\/#website","url":"https:\/\/www.uqac.ca\/uqactualites\/","name":"UQACtualit\u00e9s","description":"Le portail des nouvelles de l&#039;UQAC","potentialAction":[{"@type":"SearchAction","target":{"@type":"EntryPoint","urlTemplate":"https:\/\/www.uqac.ca\/uqactualites\/?s={search_term_string}"},"query-input":{"@type":"PropertyValueSpecification","valueRequired":true,"valueName":"search_term_string"}}],"inLanguage":"fr-CA"},{"@type":"Person","@id":"https:\/\/www.uqac.ca\/uqactualites\/#\/schema\/person\/366c45a0c4f0e677b41b4af5886e2018","name":"Service des communications et des relations publiques","image":{"@type":"ImageObject","inLanguage":"fr-CA","@id":"https:\/\/www.uqac.ca\/uqactualites\/#\/schema\/person\/image\/","url":"https:\/\/secure.gravatar.com\/avatar\/20fbbda8a292f59f2d3461a5b999c00b?s=96&d=mm&r=g","contentUrl":"https:\/\/secure.gravatar.com\/avatar\/20fbbda8a292f59f2d3461a5b999c00b?s=96&d=mm&r=g","caption":"Service des communications et des relations publiques"},"url":"https:\/\/www.uqac.ca\/uqactualites\/author\/bap\/"}]}},"_links":{"self":[{"href":"https:\/\/www.uqac.ca\/uqactualites\/wp-json\/wp\/v2\/posts\/27103"}],"collection":[{"href":"https:\/\/www.uqac.ca\/uqactualites\/wp-json\/wp\/v2\/posts"}],"about":[{"href":"https:\/\/www.uqac.ca\/uqactualites\/wp-json\/wp\/v2\/types\/post"}],"author":[{"embeddable":true,"href":"https:\/\/www.uqac.ca\/uqactualites\/wp-json\/wp\/v2\/users\/5"}],"replies":[{"embeddable":true,"href":"https:\/\/www.uqac.ca\/uqactualites\/wp-json\/wp\/v2\/comments?post=27103"}],"version-history":[{"count":0,"href":"https:\/\/www.uqac.ca\/uqactualites\/wp-json\/wp\/v2\/posts\/27103\/revisions"}],"wp:featuredmedia":[{"embeddable":true,"href":"https:\/\/www.uqac.ca\/uqactualites\/wp-json\/wp\/v2\/media\/20987"}],"wp:attachment":[{"href":"https:\/\/www.uqac.ca\/uqactualites\/wp-json\/wp\/v2\/media?parent=27103"}],"wp:term":[{"taxonomy":"category","embeddable":true,"href":"https:\/\/www.uqac.ca\/uqactualites\/wp-json\/wp\/v2\/categories?post=27103"},{"taxonomy":"post_tag","embeddable":true,"href":"https:\/\/www.uqac.ca\/uqactualites\/wp-json\/wp\/v2\/tags?post=27103"}],"curies":[{"name":"wp","href":"https:\/\/api.w.org\/{rel}","templated":true}]}}