{"id":27106,"date":"2014-02-20T10:24:14","date_gmt":"2014-02-20T15:24:14","guid":{"rendered":"http:\/\/uqactualite.odev.ca\/?p=27106"},"modified":"2014-02-20T10:24:14","modified_gmt":"2014-02-20T15:24:14","slug":"renouvellement-du-mandat-de-la-presidente-de-luniversite-du-quebec-sylvie-beauchamp","status":"publish","type":"post","link":"https:\/\/www.uqac.ca\/uqactualites\/2014\/02\/20\/renouvellement-du-mandat-de-la-presidente-de-luniversite-du-quebec-sylvie-beauchamp\/","title":{"rendered":"Renouvellement du mandat de la pr\u00e9sidente de l&rsquo;Universit\u00e9 du Qu\u00e9bec, Sylvie Beauchamp"},"content":{"rendered":"<p style=\"text-align: justify\"><b>Qu\u00e9bec, le 20 f\u00e9vrier 2014 &#8211; <\/b>Lors de la r\u00e9union du dernier Conseil des ministres, le gouvernement du Qu\u00e9bec a proc\u00e9d\u00e9 au renouvellement de Sylvie Beauchamp \u00e0 titre de pr\u00e9sidente de l&rsquo;Universit\u00e9 du Qu\u00e9bec. En fonction depuis mai 2009, son deuxi\u00e8me mandat d\u00e9butera le 19 mai 2014, pour une dur\u00e9e de cinq ans.<\/p>\n<p style=\"text-align: justify\">Titulaire d&rsquo;un baccalaur\u00e9at en sciences politiques et d&rsquo;une ma\u00eetrise en sociologie de l&rsquo;Universit\u00e9 de Montr\u00e9al, Sylvie Beauchamp a commenc\u00e9 sa carri\u00e8re \u00e0 l&rsquo;Universit\u00e9 de Montr\u00e9al avant de d\u2019\u0153uvrer dans le secteur priv\u00e9. Par la suite, elle a occup\u00e9 diverses fonctions au sein de l&rsquo;\u00c9cole nationale d&rsquo;administration publique. Conseill\u00e8re du sous-ministre au minist\u00e8re de l&rsquo;\u00c9ducation, du Loisir et du Sport de 2002 \u00e0 2007, elle a \u00e9t\u00e9 vice-principale adjointe aux affaires publiques de l&rsquo;Universit\u00e9 McGill de 2007 \u00e0 2008. Enfin, de 2008 jusqu\u2019\u00e0 sa nomination \u00e0 la pr\u00e9sidence de l\u2019Universit\u00e9 du Qu\u00e9bec, elle \u00e9tait directrice de l&rsquo;administration et des finances \u00e0 l&rsquo;Institut national de la recherche scientifique.<\/p>\n<p style=\"text-align: justify\" align=\"center\"><b>\u00c0 propos de l&rsquo;Universit\u00e9 du Qu\u00e9bec<\/b><br \/>\nLes dix \u00e9tablissements du r\u00e9seau de l&rsquo;Universit\u00e9 du Qu\u00e9bec ont pour mission de faciliter l&rsquo;accessibilit\u00e9 \u00e0 l&rsquo;enseignement universitaire, de contribuer au d\u00e9veloppement scientifique du Qu\u00e9bec et au d\u00e9veloppement de ses r\u00e9gions. Le r\u00e9seau regroupe l&rsquo;Universit\u00e9 du Qu\u00e9bec \u00e0 Montr\u00e9al (UQAM), l&rsquo;Universit\u00e9 du Qu\u00e9bec \u00e0 Trois-Rivi\u00e8res (UQTR), l&rsquo;Universit\u00e9 du Qu\u00e9bec \u00e0 Chicoutimi (UQAC), l&rsquo;Universit\u00e9 du Qu\u00e9bec \u00e0 Rimouski (UQAR), l&rsquo;Universit\u00e9 du Qu\u00e9bec en Outaouais (UQO), l&rsquo;Universit\u00e9 du Qu\u00e9bec en Abitibi-T\u00e9miscamingue (UQAT), l&rsquo;Institut national de la recherche scientifique (INRS), l&rsquo;\u00c9cole nationale d&rsquo;administration publique (ENAP), l&rsquo;\u00c9cole de technologie sup\u00e9rieure (\u00c9TS) et la T\u00e9l\u00e9-universit\u00e9 (T\u00c9LUQ).<\/p>\n<p style=\"text-align: center\" align=\"center\">-30-<\/p>\n<p style=\"text-align: justify\"><strong>Source :<\/strong><br \/>\nVal\u00e9rie Reuillard<br \/>\nDirectrice des communications<br \/>\nUniversit\u00e9 du Qu\u00e9bec<br \/>\nT\u00e9l\u00e9phone : (418) 657-4432<\/p>\n<p><b><br \/>\n<span style=\"color: #808080\">________________________________________________________________________________________<\/span><\/b><\/p>\n<p><span style=\"color: #808080\"><strong>Photo :<\/strong> Sylvie Beauchamp<br \/>\n<strong>Photographe\u00a0:<\/strong> Denis Chalifour<\/span><br \/>\n<span style=\"color: #808080\"> ________________________________________________________________________________________<\/span><\/p>\n","protected":false},"excerpt":{"rendered":"<p>Qu\u00e9bec, le 20 f\u00e9vrier 2014 &#8211; Lors de la r\u00e9union du dernier Conseil des ministres, le gouvernement du Qu\u00e9bec a proc\u00e9d\u00e9 au renouvellement de Sylvie Beauchamp \u00e0 titre de pr\u00e9sidente de l&rsquo;Universit\u00e9 du Qu\u00e9bec. En fonction depuis mai 2009, son deuxi\u00e8me mandat d\u00e9butera le 19 mai 2014, pour une dur\u00e9e de cinq ans. Titulaire d&rsquo;un [&hellip;]<\/p>\n","protected":false},"author":5,"featured_media":27107,"comment_status":"open","ping_status":"open","sticky":false,"template":"","format":"standard","meta":{"footnotes":""},"categories":[2,15],"tags":[1142,1143,1144,1054,1145,1146,495],"yoast_head":"<!-- This site is optimized with the Yoast SEO plugin v24.2 - https:\/\/yoast.com\/wordpress\/plugins\/seo\/ -->\r\n<title>Renouvellement du mandat de la pr\u00e9sidente de l&#039;Universit\u00e9 du Qu\u00e9bec, Sylvie Beauchamp - UQACtualit\u00e9s<\/title>\r\n<meta name=\"robots\" content=\"index, follow, max-snippet:-1, max-image-preview:large, max-video-preview:-1\" \/>\r\n<link rel=\"canonical\" href=\"https:\/\/www.uqac.ca\/uqactualites\/2014\/02\/20\/renouvellement-du-mandat-de-la-presidente-de-luniversite-du-quebec-sylvie-beauchamp\/\" \/>\r\n<meta property=\"og:locale\" content=\"fr_CA\" \/>\r\n<meta property=\"og:type\" content=\"article\" \/>\r\n<meta property=\"og:title\" content=\"Renouvellement du mandat de la pr\u00e9sidente de l&#039;Universit\u00e9 du Qu\u00e9bec, Sylvie Beauchamp - UQACtualit\u00e9s\" \/>\r\n<meta property=\"og:description\" content=\"Qu\u00e9bec, le 20 f\u00e9vrier 2014 &#8211; Lors de la r\u00e9union du dernier Conseil des ministres, le gouvernement du Qu\u00e9bec a proc\u00e9d\u00e9 au renouvellement de Sylvie Beauchamp \u00e0 titre de pr\u00e9sidente de l&rsquo;Universit\u00e9 du Qu\u00e9bec. En fonction depuis mai 2009, son deuxi\u00e8me mandat d\u00e9butera le 19 mai 2014, pour une dur\u00e9e de cinq ans. Titulaire d&rsquo;un [&hellip;]\" \/>\r\n<meta property=\"og:url\" content=\"https:\/\/www.uqac.ca\/uqactualites\/2014\/02\/20\/renouvellement-du-mandat-de-la-presidente-de-luniversite-du-quebec-sylvie-beauchamp\/\" \/>\r\n<meta property=\"og:site_name\" content=\"UQACtualit\u00e9s\" \/>\r\n<meta property=\"article:published_time\" content=\"2014-02-20T15:24:14+00:00\" \/>\r\n<meta property=\"og:image\" content=\"https:\/\/www.uqac.ca\/uqactualites\/wp-content\/uploads\/2014\/02\/Sylvie-Beauchamp-Web-\u00a9Denis-Chalifour.jpg\" \/>\r\n\t<meta property=\"og:image:width\" content=\"620\" \/>\r\n\t<meta property=\"og:image:height\" content=\"300\" \/>\r\n\t<meta property=\"og:image:type\" content=\"image\/jpeg\" \/>\r\n<meta name=\"author\" content=\"Service des communications et des relations publiques\" \/>\r\n<meta name=\"twitter:card\" content=\"summary_large_image\" \/>\r\n<meta name=\"twitter:label1\" content=\"\u00c9crit par\" \/>\n\t<meta name=\"twitter:data1\" content=\"Service des communications et des relations publiques\" \/>\n\t<meta name=\"twitter:label2\" content=\"Estimation du temps de lecture\" \/>\n\t<meta name=\"twitter:data2\" content=\"2 minutes\" \/>\r\n<script type=\"application\/ld+json\" class=\"yoast-schema-graph\">{\"@context\":\"https:\/\/schema.org\",\"@graph\":[{\"@type\":\"WebPage\",\"@id\":\"https:\/\/www.uqac.ca\/uqactualites\/2014\/02\/20\/renouvellement-du-mandat-de-la-presidente-de-luniversite-du-quebec-sylvie-beauchamp\/\",\"url\":\"https:\/\/www.uqac.ca\/uqactualites\/2014\/02\/20\/renouvellement-du-mandat-de-la-presidente-de-luniversite-du-quebec-sylvie-beauchamp\/\",\"name\":\"Renouvellement du mandat de la pr\u00e9sidente de l'Universit\u00e9 du Qu\u00e9bec, Sylvie Beauchamp - UQACtualit\u00e9s\",\"isPartOf\":{\"@id\":\"https:\/\/www.uqac.ca\/uqactualites\/#website\"},\"primaryImageOfPage\":{\"@id\":\"https:\/\/www.uqac.ca\/uqactualites\/2014\/02\/20\/renouvellement-du-mandat-de-la-presidente-de-luniversite-du-quebec-sylvie-beauchamp\/#primaryimage\"},\"image\":{\"@id\":\"https:\/\/www.uqac.ca\/uqactualites\/2014\/02\/20\/renouvellement-du-mandat-de-la-presidente-de-luniversite-du-quebec-sylvie-beauchamp\/#primaryimage\"},\"thumbnailUrl\":\"https:\/\/www.uqac.ca\/uqactualites\/wp-content\/uploads\/2014\/02\/Sylvie-Beauchamp-Web-\u00a9Denis-Chalifour.jpg\",\"datePublished\":\"2014-02-20T15:24:14+00:00\",\"dateModified\":\"2014-02-20T15:24:14+00:00\",\"author\":{\"@id\":\"https:\/\/www.uqac.ca\/uqactualites\/#\/schema\/person\/366c45a0c4f0e677b41b4af5886e2018\"},\"breadcrumb\":{\"@id\":\"https:\/\/www.uqac.ca\/uqactualites\/2014\/02\/20\/renouvellement-du-mandat-de-la-presidente-de-luniversite-du-quebec-sylvie-beauchamp\/#breadcrumb\"},\"inLanguage\":\"fr-CA\",\"potentialAction\":[{\"@type\":\"ReadAction\",\"target\":[\"https:\/\/www.uqac.ca\/uqactualites\/2014\/02\/20\/renouvellement-du-mandat-de-la-presidente-de-luniversite-du-quebec-sylvie-beauchamp\/\"]}]},{\"@type\":\"ImageObject\",\"inLanguage\":\"fr-CA\",\"@id\":\"https:\/\/www.uqac.ca\/uqactualites\/2014\/02\/20\/renouvellement-du-mandat-de-la-presidente-de-luniversite-du-quebec-sylvie-beauchamp\/#primaryimage\",\"url\":\"https:\/\/www.uqac.ca\/uqactualites\/wp-content\/uploads\/2014\/02\/Sylvie-Beauchamp-Web-\u00a9Denis-Chalifour.jpg\",\"contentUrl\":\"https:\/\/www.uqac.ca\/uqactualites\/wp-content\/uploads\/2014\/02\/Sylvie-Beauchamp-Web-\u00a9Denis-Chalifour.jpg\",\"width\":620,\"height\":300},{\"@type\":\"BreadcrumbList\",\"@id\":\"https:\/\/www.uqac.ca\/uqactualites\/2014\/02\/20\/renouvellement-du-mandat-de-la-presidente-de-luniversite-du-quebec-sylvie-beauchamp\/#breadcrumb\",\"itemListElement\":[{\"@type\":\"ListItem\",\"position\":1,\"name\":\"Home\",\"item\":\"https:\/\/www.uqac.ca\/uqactualites\/\"},{\"@type\":\"ListItem\",\"position\":2,\"name\":\"Renouvellement du mandat de la pr\u00e9sidente de l&rsquo;Universit\u00e9 du Qu\u00e9bec, Sylvie Beauchamp\"}]},{\"@type\":\"WebSite\",\"@id\":\"https:\/\/www.uqac.ca\/uqactualites\/#website\",\"url\":\"https:\/\/www.uqac.ca\/uqactualites\/\",\"name\":\"UQACtualit\u00e9s\",\"description\":\"Le portail des nouvelles de l&#039;UQAC\",\"potentialAction\":[{\"@type\":\"SearchAction\",\"target\":{\"@type\":\"EntryPoint\",\"urlTemplate\":\"https:\/\/www.uqac.ca\/uqactualites\/?s={search_term_string}\"},\"query-input\":{\"@type\":\"PropertyValueSpecification\",\"valueRequired\":true,\"valueName\":\"search_term_string\"}}],\"inLanguage\":\"fr-CA\"},{\"@type\":\"Person\",\"@id\":\"https:\/\/www.uqac.ca\/uqactualites\/#\/schema\/person\/366c45a0c4f0e677b41b4af5886e2018\",\"name\":\"Service des communications et des relations publiques\",\"image\":{\"@type\":\"ImageObject\",\"inLanguage\":\"fr-CA\",\"@id\":\"https:\/\/www.uqac.ca\/uqactualites\/#\/schema\/person\/image\/\",\"url\":\"https:\/\/secure.gravatar.com\/avatar\/20fbbda8a292f59f2d3461a5b999c00b?s=96&d=mm&r=g\",\"contentUrl\":\"https:\/\/secure.gravatar.com\/avatar\/20fbbda8a292f59f2d3461a5b999c00b?s=96&d=mm&r=g\",\"caption\":\"Service des communications et des relations publiques\"},\"url\":\"https:\/\/www.uqac.ca\/uqactualites\/author\/bap\/\"}]}<\/script>\r\n<!-- \/ Yoast SEO plugin. -->","yoast_head_json":{"title":"Renouvellement du mandat de la pr\u00e9sidente de l'Universit\u00e9 du Qu\u00e9bec, Sylvie Beauchamp - UQACtualit\u00e9s","robots":{"index":"index","follow":"follow","max-snippet":"max-snippet:-1","max-image-preview":"max-image-preview:large","max-video-preview":"max-video-preview:-1"},"canonical":"https:\/\/www.uqac.ca\/uqactualites\/2014\/02\/20\/renouvellement-du-mandat-de-la-presidente-de-luniversite-du-quebec-sylvie-beauchamp\/","og_locale":"fr_CA","og_type":"article","og_title":"Renouvellement du mandat de la pr\u00e9sidente de l'Universit\u00e9 du Qu\u00e9bec, Sylvie Beauchamp - UQACtualit\u00e9s","og_description":"Qu\u00e9bec, le 20 f\u00e9vrier 2014 &#8211; Lors de la r\u00e9union du dernier Conseil des ministres, le gouvernement du Qu\u00e9bec a proc\u00e9d\u00e9 au renouvellement de Sylvie Beauchamp \u00e0 titre de pr\u00e9sidente de l&rsquo;Universit\u00e9 du Qu\u00e9bec. En fonction depuis mai 2009, son deuxi\u00e8me mandat d\u00e9butera le 19 mai 2014, pour une dur\u00e9e de cinq ans. Titulaire d&rsquo;un [&hellip;]","og_url":"https:\/\/www.uqac.ca\/uqactualites\/2014\/02\/20\/renouvellement-du-mandat-de-la-presidente-de-luniversite-du-quebec-sylvie-beauchamp\/","og_site_name":"UQACtualit\u00e9s","article_published_time":"2014-02-20T15:24:14+00:00","og_image":[{"width":620,"height":300,"url":"https:\/\/www.uqac.ca\/uqactualites\/wp-content\/uploads\/2014\/02\/Sylvie-Beauchamp-Web-\u00a9Denis-Chalifour.jpg","type":"image\/jpeg"}],"author":"Service des communications et des relations publiques","twitter_card":"summary_large_image","twitter_misc":{"\u00c9crit par":"Service des communications et des relations publiques","Estimation du temps de lecture":"2 minutes"},"schema":{"@context":"https:\/\/schema.org","@graph":[{"@type":"WebPage","@id":"https:\/\/www.uqac.ca\/uqactualites\/2014\/02\/20\/renouvellement-du-mandat-de-la-presidente-de-luniversite-du-quebec-sylvie-beauchamp\/","url":"https:\/\/www.uqac.ca\/uqactualites\/2014\/02\/20\/renouvellement-du-mandat-de-la-presidente-de-luniversite-du-quebec-sylvie-beauchamp\/","name":"Renouvellement du mandat de la pr\u00e9sidente de l'Universit\u00e9 du Qu\u00e9bec, Sylvie Beauchamp - UQACtualit\u00e9s","isPartOf":{"@id":"https:\/\/www.uqac.ca\/uqactualites\/#website"},"primaryImageOfPage":{"@id":"https:\/\/www.uqac.ca\/uqactualites\/2014\/02\/20\/renouvellement-du-mandat-de-la-presidente-de-luniversite-du-quebec-sylvie-beauchamp\/#primaryimage"},"image":{"@id":"https:\/\/www.uqac.ca\/uqactualites\/2014\/02\/20\/renouvellement-du-mandat-de-la-presidente-de-luniversite-du-quebec-sylvie-beauchamp\/#primaryimage"},"thumbnailUrl":"https:\/\/www.uqac.ca\/uqactualites\/wp-content\/uploads\/2014\/02\/Sylvie-Beauchamp-Web-\u00a9Denis-Chalifour.jpg","datePublished":"2014-02-20T15:24:14+00:00","dateModified":"2014-02-20T15:24:14+00:00","author":{"@id":"https:\/\/www.uqac.ca\/uqactualites\/#\/schema\/person\/366c45a0c4f0e677b41b4af5886e2018"},"breadcrumb":{"@id":"https:\/\/www.uqac.ca\/uqactualites\/2014\/02\/20\/renouvellement-du-mandat-de-la-presidente-de-luniversite-du-quebec-sylvie-beauchamp\/#breadcrumb"},"inLanguage":"fr-CA","potentialAction":[{"@type":"ReadAction","target":["https:\/\/www.uqac.ca\/uqactualites\/2014\/02\/20\/renouvellement-du-mandat-de-la-presidente-de-luniversite-du-quebec-sylvie-beauchamp\/"]}]},{"@type":"ImageObject","inLanguage":"fr-CA","@id":"https:\/\/www.uqac.ca\/uqactualites\/2014\/02\/20\/renouvellement-du-mandat-de-la-presidente-de-luniversite-du-quebec-sylvie-beauchamp\/#primaryimage","url":"https:\/\/www.uqac.ca\/uqactualites\/wp-content\/uploads\/2014\/02\/Sylvie-Beauchamp-Web-\u00a9Denis-Chalifour.jpg","contentUrl":"https:\/\/www.uqac.ca\/uqactualites\/wp-content\/uploads\/2014\/02\/Sylvie-Beauchamp-Web-\u00a9Denis-Chalifour.jpg","width":620,"height":300},{"@type":"BreadcrumbList","@id":"https:\/\/www.uqac.ca\/uqactualites\/2014\/02\/20\/renouvellement-du-mandat-de-la-presidente-de-luniversite-du-quebec-sylvie-beauchamp\/#breadcrumb","itemListElement":[{"@type":"ListItem","position":1,"name":"Home","item":"https:\/\/www.uqac.ca\/uqactualites\/"},{"@type":"ListItem","position":2,"name":"Renouvellement du mandat de la pr\u00e9sidente de l&rsquo;Universit\u00e9 du Qu\u00e9bec, Sylvie Beauchamp"}]},{"@type":"WebSite","@id":"https:\/\/www.uqac.ca\/uqactualites\/#website","url":"https:\/\/www.uqac.ca\/uqactualites\/","name":"UQACtualit\u00e9s","description":"Le portail des nouvelles de l&#039;UQAC","potentialAction":[{"@type":"SearchAction","target":{"@type":"EntryPoint","urlTemplate":"https:\/\/www.uqac.ca\/uqactualites\/?s={search_term_string}"},"query-input":{"@type":"PropertyValueSpecification","valueRequired":true,"valueName":"search_term_string"}}],"inLanguage":"fr-CA"},{"@type":"Person","@id":"https:\/\/www.uqac.ca\/uqactualites\/#\/schema\/person\/366c45a0c4f0e677b41b4af5886e2018","name":"Service des communications et des relations publiques","image":{"@type":"ImageObject","inLanguage":"fr-CA","@id":"https:\/\/www.uqac.ca\/uqactualites\/#\/schema\/person\/image\/","url":"https:\/\/secure.gravatar.com\/avatar\/20fbbda8a292f59f2d3461a5b999c00b?s=96&d=mm&r=g","contentUrl":"https:\/\/secure.gravatar.com\/avatar\/20fbbda8a292f59f2d3461a5b999c00b?s=96&d=mm&r=g","caption":"Service des communications et des relations publiques"},"url":"https:\/\/www.uqac.ca\/uqactualites\/author\/bap\/"}]}},"_links":{"self":[{"href":"https:\/\/www.uqac.ca\/uqactualites\/wp-json\/wp\/v2\/posts\/27106"}],"collection":[{"href":"https:\/\/www.uqac.ca\/uqactualites\/wp-json\/wp\/v2\/posts"}],"about":[{"href":"https:\/\/www.uqac.ca\/uqactualites\/wp-json\/wp\/v2\/types\/post"}],"author":[{"embeddable":true,"href":"https:\/\/www.uqac.ca\/uqactualites\/wp-json\/wp\/v2\/users\/5"}],"replies":[{"embeddable":true,"href":"https:\/\/www.uqac.ca\/uqactualites\/wp-json\/wp\/v2\/comments?post=27106"}],"version-history":[{"count":0,"href":"https:\/\/www.uqac.ca\/uqactualites\/wp-json\/wp\/v2\/posts\/27106\/revisions"}],"wp:featuredmedia":[{"embeddable":true,"href":"https:\/\/www.uqac.ca\/uqactualites\/wp-json\/wp\/v2\/media\/27107"}],"wp:attachment":[{"href":"https:\/\/www.uqac.ca\/uqactualites\/wp-json\/wp\/v2\/media?parent=27106"}],"wp:term":[{"taxonomy":"category","embeddable":true,"href":"https:\/\/www.uqac.ca\/uqactualites\/wp-json\/wp\/v2\/categories?post=27106"},{"taxonomy":"post_tag","embeddable":true,"href":"https:\/\/www.uqac.ca\/uqactualites\/wp-json\/wp\/v2\/tags?post=27106"}],"curies":[{"name":"wp","href":"https:\/\/api.w.org\/{rel}","templated":true}]}}