{"id":27112,"date":"2014-02-21T15:16:14","date_gmt":"2014-02-21T20:16:14","guid":{"rendered":"http:\/\/uqactualite.odev.ca\/?p=27112"},"modified":"2014-02-21T15:16:14","modified_gmt":"2014-02-21T20:16:14","slug":"sara-jeanne-lemieux-etudiante-a-la-maitrise-en-etudes-et-interventions-regionales","status":"publish","type":"post","link":"https:\/\/www.uqac.ca\/uqactualites\/2014\/02\/21\/sara-jeanne-lemieux-etudiante-a-la-maitrise-en-etudes-et-interventions-regionales\/","title":{"rendered":"Sara-Jeanne Lemieux, \u00e9tudiante \u00e0 la ma\u00eetrise en \u00e9tudes et interventions r\u00e9gionales"},"content":{"rendered":"<p style=\"text-align: justify\"><b>Pourquoi avoir choisi de poursuivre \u00e0 la ma\u00eetrise?<\/b><br \/>\nApr\u00e8s avoir termin\u00e9 mon <span style=\"color: #5a7411\"><a href=\"http:\/\/programmes.uqac.ca\/4347\" target=\"_blank\" rel=\"noopener\"><span style=\"color: #5a7411\">certificat en gestion des documents et des archives<\/span><\/a><\/span> ainsi que mon <span style=\"color: #5a7411\"><a href=\"http:\/\/programmes.uqac.ca\/7758\" target=\"_blank\" rel=\"noopener\"><span style=\"color: #5a7411\">baccalaur\u00e9at en histoire<\/span><\/a><\/span>, j\u2019aurais pu tenter d\u2019\u00eatre engag\u00e9e dans un centre d\u2019archives par exemple, mais j\u2019ai pr\u00e9f\u00e9r\u00e9 poursuivre mes \u00e9tudes. La <span style=\"color: #5a7411\"><a href=\"http:\/\/programmes.uqac.ca\/3593\" target=\"_blank\" rel=\"noopener\"><span style=\"color: #5a7411\">ma\u00eetrise en \u00e9tudes et interventions r\u00e9gionales<\/span><\/a><\/span> me permettait d\u2019augmenter mes possibilit\u00e9s d\u2019emploi, mais aussi de travailler sur le sujet qui m\u2019int\u00e9resse depuis d\u00e9j\u00e0 quelques ann\u00e9es\u00a0: le patrimoine r\u00e9gional.<\/p>\n<p style=\"text-align: justify\"><b>Quels sont vos projets en cours?<br \/>\n<\/b>Actuellement, j\u2019\u00e9tudie \u00e0 temps complet et je travaille sur mon projet de recherche. Je suis \u00e9galement assistante de cours \u00e0 l\u2019UQAC, assistante de recherche au <span style=\"color: #5a7411\"><a href=\"http:\/\/balsac.uqac.ca\/\" target=\"_blank\" rel=\"noopener\"><span style=\"color: #5a7411\">Projet BALSAC<\/span><\/a><\/span> et archiviste \u00e0 temps partiel au Centre d\u2019histoire Sir-William-Price.<\/p>\n<p style=\"text-align: justify\"><b>Quels sont vos objectifs professionnels?<br \/>\n<\/b>Je ne souhaite pas avoir de m\u00e9tier ou de statut en particulier, mais j\u2019aimerais \u0153uvrer dans le domaine du patrimoine et, surtout, occuper un emploi qui me passionne!<\/p>\n<p style=\"text-align: justify\"><b>Prix et distinctions<br \/>\n<\/b>2013 \u00a0\u00a0 Bourse Desjardins du concours de bourses du Fonds de d\u00e9veloppement 2012-2013<br \/>\nde l&rsquo;Universit\u00e9 du Qu\u00e9bec \u00e0 Chicoutimi<br \/>\n2012 \u00a0\u00a0 Bourse pour s\u00e9jour d\u2019\u00e9tudes \u00e0 l\u2019ext\u00e9rieur du Qu\u00e9bec offerte par l&rsquo;Universit\u00e9 du Qu\u00e9bec \u00e0 Chicoutimi<\/p>\n","protected":false},"excerpt":{"rendered":"<p>Pourquoi avoir choisi de poursuivre \u00e0 la ma\u00eetrise? Apr\u00e8s avoir termin\u00e9 mon certificat en gestion des documents et des archives ainsi que mon baccalaur\u00e9at en histoire, j\u2019aurais pu tenter d\u2019\u00eatre engag\u00e9e dans un centre d\u2019archives par exemple, mais j\u2019ai pr\u00e9f\u00e9r\u00e9 poursuivre mes \u00e9tudes. La ma\u00eetrise en \u00e9tudes et interventions r\u00e9gionales me permettait d\u2019augmenter mes possibilit\u00e9s [&hellip;]<\/p>\n","protected":false},"author":5,"featured_media":27113,"comment_status":"open","ping_status":"open","sticky":false,"template":"","format":"standard","meta":{"footnotes":""},"categories":[248],"tags":[],"yoast_head":"<!-- This site is optimized with the Yoast SEO plugin v24.2 - https:\/\/yoast.com\/wordpress\/plugins\/seo\/ -->\r\n<title>Sara-Jeanne Lemieux, \u00e9tudiante \u00e0 la ma\u00eetrise en \u00e9tudes et interventions r\u00e9gionales - UQACtualit\u00e9s<\/title>\r\n<meta name=\"robots\" content=\"index, follow, max-snippet:-1, max-image-preview:large, max-video-preview:-1\" \/>\r\n<link rel=\"canonical\" href=\"https:\/\/www.uqac.ca\/uqactualites\/2014\/02\/21\/sara-jeanne-lemieux-etudiante-a-la-maitrise-en-etudes-et-interventions-regionales\/\" \/>\r\n<meta property=\"og:locale\" content=\"fr_CA\" \/>\r\n<meta property=\"og:type\" content=\"article\" \/>\r\n<meta property=\"og:title\" content=\"Sara-Jeanne Lemieux, \u00e9tudiante \u00e0 la ma\u00eetrise en \u00e9tudes et interventions r\u00e9gionales - UQACtualit\u00e9s\" \/>\r\n<meta property=\"og:description\" content=\"Pourquoi avoir choisi de poursuivre \u00e0 la ma\u00eetrise? Apr\u00e8s avoir termin\u00e9 mon certificat en gestion des documents et des archives ainsi que mon baccalaur\u00e9at en histoire, j\u2019aurais pu tenter d\u2019\u00eatre engag\u00e9e dans un centre d\u2019archives par exemple, mais j\u2019ai pr\u00e9f\u00e9r\u00e9 poursuivre mes \u00e9tudes. La ma\u00eetrise en \u00e9tudes et interventions r\u00e9gionales me permettait d\u2019augmenter mes possibilit\u00e9s [&hellip;]\" \/>\r\n<meta property=\"og:url\" content=\"https:\/\/www.uqac.ca\/uqactualites\/2014\/02\/21\/sara-jeanne-lemieux-etudiante-a-la-maitrise-en-etudes-et-interventions-regionales\/\" \/>\r\n<meta property=\"og:site_name\" content=\"UQACtualit\u00e9s\" \/>\r\n<meta property=\"article:published_time\" content=\"2014-02-21T20:16:14+00:00\" \/>\r\n<meta property=\"og:image\" content=\"https:\/\/www.uqac.ca\/uqactualites\/wp-content\/uploads\/2014\/02\/GRAFtualit\u00e9s-PortratiLemieux-H14-01.jpg\" \/>\r\n\t<meta property=\"og:image:width\" content=\"621\" \/>\r\n\t<meta property=\"og:image:height\" content=\"300\" \/>\r\n\t<meta property=\"og:image:type\" content=\"image\/jpeg\" \/>\r\n<meta name=\"author\" content=\"Service des communications et des relations publiques\" \/>\r\n<meta name=\"twitter:card\" content=\"summary_large_image\" \/>\r\n<meta name=\"twitter:label1\" content=\"\u00c9crit par\" \/>\n\t<meta name=\"twitter:data1\" content=\"Service des communications et des relations publiques\" \/>\n\t<meta name=\"twitter:label2\" content=\"Estimation du temps de lecture\" \/>\n\t<meta name=\"twitter:data2\" content=\"1 minute\" \/>\r\n<script type=\"application\/ld+json\" class=\"yoast-schema-graph\">{\"@context\":\"https:\/\/schema.org\",\"@graph\":[{\"@type\":\"WebPage\",\"@id\":\"https:\/\/www.uqac.ca\/uqactualites\/2014\/02\/21\/sara-jeanne-lemieux-etudiante-a-la-maitrise-en-etudes-et-interventions-regionales\/\",\"url\":\"https:\/\/www.uqac.ca\/uqactualites\/2014\/02\/21\/sara-jeanne-lemieux-etudiante-a-la-maitrise-en-etudes-et-interventions-regionales\/\",\"name\":\"Sara-Jeanne Lemieux, \u00e9tudiante \u00e0 la ma\u00eetrise en \u00e9tudes et interventions r\u00e9gionales - UQACtualit\u00e9s\",\"isPartOf\":{\"@id\":\"https:\/\/www.uqac.ca\/uqactualites\/#website\"},\"primaryImageOfPage\":{\"@id\":\"https:\/\/www.uqac.ca\/uqactualites\/2014\/02\/21\/sara-jeanne-lemieux-etudiante-a-la-maitrise-en-etudes-et-interventions-regionales\/#primaryimage\"},\"image\":{\"@id\":\"https:\/\/www.uqac.ca\/uqactualites\/2014\/02\/21\/sara-jeanne-lemieux-etudiante-a-la-maitrise-en-etudes-et-interventions-regionales\/#primaryimage\"},\"thumbnailUrl\":\"https:\/\/www.uqac.ca\/uqactualites\/wp-content\/uploads\/2014\/02\/GRAFtualit\u00e9s-PortratiLemieux-H14-01.jpg\",\"datePublished\":\"2014-02-21T20:16:14+00:00\",\"dateModified\":\"2014-02-21T20:16:14+00:00\",\"author\":{\"@id\":\"https:\/\/www.uqac.ca\/uqactualites\/#\/schema\/person\/366c45a0c4f0e677b41b4af5886e2018\"},\"breadcrumb\":{\"@id\":\"https:\/\/www.uqac.ca\/uqactualites\/2014\/02\/21\/sara-jeanne-lemieux-etudiante-a-la-maitrise-en-etudes-et-interventions-regionales\/#breadcrumb\"},\"inLanguage\":\"fr-CA\",\"potentialAction\":[{\"@type\":\"ReadAction\",\"target\":[\"https:\/\/www.uqac.ca\/uqactualites\/2014\/02\/21\/sara-jeanne-lemieux-etudiante-a-la-maitrise-en-etudes-et-interventions-regionales\/\"]}]},{\"@type\":\"ImageObject\",\"inLanguage\":\"fr-CA\",\"@id\":\"https:\/\/www.uqac.ca\/uqactualites\/2014\/02\/21\/sara-jeanne-lemieux-etudiante-a-la-maitrise-en-etudes-et-interventions-regionales\/#primaryimage\",\"url\":\"https:\/\/www.uqac.ca\/uqactualites\/wp-content\/uploads\/2014\/02\/GRAFtualit\u00e9s-PortratiLemieux-H14-01.jpg\",\"contentUrl\":\"https:\/\/www.uqac.ca\/uqactualites\/wp-content\/uploads\/2014\/02\/GRAFtualit\u00e9s-PortratiLemieux-H14-01.jpg\",\"width\":621,\"height\":300},{\"@type\":\"BreadcrumbList\",\"@id\":\"https:\/\/www.uqac.ca\/uqactualites\/2014\/02\/21\/sara-jeanne-lemieux-etudiante-a-la-maitrise-en-etudes-et-interventions-regionales\/#breadcrumb\",\"itemListElement\":[{\"@type\":\"ListItem\",\"position\":1,\"name\":\"Home\",\"item\":\"https:\/\/www.uqac.ca\/uqactualites\/\"},{\"@type\":\"ListItem\",\"position\":2,\"name\":\"Sara-Jeanne Lemieux, \u00e9tudiante \u00e0 la ma\u00eetrise en \u00e9tudes et interventions r\u00e9gionales\"}]},{\"@type\":\"WebSite\",\"@id\":\"https:\/\/www.uqac.ca\/uqactualites\/#website\",\"url\":\"https:\/\/www.uqac.ca\/uqactualites\/\",\"name\":\"UQACtualit\u00e9s\",\"description\":\"Le portail des nouvelles de l&#039;UQAC\",\"potentialAction\":[{\"@type\":\"SearchAction\",\"target\":{\"@type\":\"EntryPoint\",\"urlTemplate\":\"https:\/\/www.uqac.ca\/uqactualites\/?s={search_term_string}\"},\"query-input\":{\"@type\":\"PropertyValueSpecification\",\"valueRequired\":true,\"valueName\":\"search_term_string\"}}],\"inLanguage\":\"fr-CA\"},{\"@type\":\"Person\",\"@id\":\"https:\/\/www.uqac.ca\/uqactualites\/#\/schema\/person\/366c45a0c4f0e677b41b4af5886e2018\",\"name\":\"Service des communications et des relations publiques\",\"image\":{\"@type\":\"ImageObject\",\"inLanguage\":\"fr-CA\",\"@id\":\"https:\/\/www.uqac.ca\/uqactualites\/#\/schema\/person\/image\/\",\"url\":\"https:\/\/secure.gravatar.com\/avatar\/20fbbda8a292f59f2d3461a5b999c00b?s=96&d=mm&r=g\",\"contentUrl\":\"https:\/\/secure.gravatar.com\/avatar\/20fbbda8a292f59f2d3461a5b999c00b?s=96&d=mm&r=g\",\"caption\":\"Service des communications et des relations publiques\"},\"url\":\"https:\/\/www.uqac.ca\/uqactualites\/author\/bap\/\"}]}<\/script>\r\n<!-- \/ Yoast SEO plugin. -->","yoast_head_json":{"title":"Sara-Jeanne Lemieux, \u00e9tudiante \u00e0 la ma\u00eetrise en \u00e9tudes et interventions r\u00e9gionales - UQACtualit\u00e9s","robots":{"index":"index","follow":"follow","max-snippet":"max-snippet:-1","max-image-preview":"max-image-preview:large","max-video-preview":"max-video-preview:-1"},"canonical":"https:\/\/www.uqac.ca\/uqactualites\/2014\/02\/21\/sara-jeanne-lemieux-etudiante-a-la-maitrise-en-etudes-et-interventions-regionales\/","og_locale":"fr_CA","og_type":"article","og_title":"Sara-Jeanne Lemieux, \u00e9tudiante \u00e0 la ma\u00eetrise en \u00e9tudes et interventions r\u00e9gionales - UQACtualit\u00e9s","og_description":"Pourquoi avoir choisi de poursuivre \u00e0 la ma\u00eetrise? Apr\u00e8s avoir termin\u00e9 mon certificat en gestion des documents et des archives ainsi que mon baccalaur\u00e9at en histoire, j\u2019aurais pu tenter d\u2019\u00eatre engag\u00e9e dans un centre d\u2019archives par exemple, mais j\u2019ai pr\u00e9f\u00e9r\u00e9 poursuivre mes \u00e9tudes. La ma\u00eetrise en \u00e9tudes et interventions r\u00e9gionales me permettait d\u2019augmenter mes possibilit\u00e9s [&hellip;]","og_url":"https:\/\/www.uqac.ca\/uqactualites\/2014\/02\/21\/sara-jeanne-lemieux-etudiante-a-la-maitrise-en-etudes-et-interventions-regionales\/","og_site_name":"UQACtualit\u00e9s","article_published_time":"2014-02-21T20:16:14+00:00","og_image":[{"width":621,"height":300,"url":"https:\/\/www.uqac.ca\/uqactualites\/wp-content\/uploads\/2014\/02\/GRAFtualit\u00e9s-PortratiLemieux-H14-01.jpg","type":"image\/jpeg"}],"author":"Service des communications et des relations publiques","twitter_card":"summary_large_image","twitter_misc":{"\u00c9crit par":"Service des communications et des relations publiques","Estimation du temps de lecture":"1 minute"},"schema":{"@context":"https:\/\/schema.org","@graph":[{"@type":"WebPage","@id":"https:\/\/www.uqac.ca\/uqactualites\/2014\/02\/21\/sara-jeanne-lemieux-etudiante-a-la-maitrise-en-etudes-et-interventions-regionales\/","url":"https:\/\/www.uqac.ca\/uqactualites\/2014\/02\/21\/sara-jeanne-lemieux-etudiante-a-la-maitrise-en-etudes-et-interventions-regionales\/","name":"Sara-Jeanne Lemieux, \u00e9tudiante \u00e0 la ma\u00eetrise en \u00e9tudes et interventions r\u00e9gionales - UQACtualit\u00e9s","isPartOf":{"@id":"https:\/\/www.uqac.ca\/uqactualites\/#website"},"primaryImageOfPage":{"@id":"https:\/\/www.uqac.ca\/uqactualites\/2014\/02\/21\/sara-jeanne-lemieux-etudiante-a-la-maitrise-en-etudes-et-interventions-regionales\/#primaryimage"},"image":{"@id":"https:\/\/www.uqac.ca\/uqactualites\/2014\/02\/21\/sara-jeanne-lemieux-etudiante-a-la-maitrise-en-etudes-et-interventions-regionales\/#primaryimage"},"thumbnailUrl":"https:\/\/www.uqac.ca\/uqactualites\/wp-content\/uploads\/2014\/02\/GRAFtualit\u00e9s-PortratiLemieux-H14-01.jpg","datePublished":"2014-02-21T20:16:14+00:00","dateModified":"2014-02-21T20:16:14+00:00","author":{"@id":"https:\/\/www.uqac.ca\/uqactualites\/#\/schema\/person\/366c45a0c4f0e677b41b4af5886e2018"},"breadcrumb":{"@id":"https:\/\/www.uqac.ca\/uqactualites\/2014\/02\/21\/sara-jeanne-lemieux-etudiante-a-la-maitrise-en-etudes-et-interventions-regionales\/#breadcrumb"},"inLanguage":"fr-CA","potentialAction":[{"@type":"ReadAction","target":["https:\/\/www.uqac.ca\/uqactualites\/2014\/02\/21\/sara-jeanne-lemieux-etudiante-a-la-maitrise-en-etudes-et-interventions-regionales\/"]}]},{"@type":"ImageObject","inLanguage":"fr-CA","@id":"https:\/\/www.uqac.ca\/uqactualites\/2014\/02\/21\/sara-jeanne-lemieux-etudiante-a-la-maitrise-en-etudes-et-interventions-regionales\/#primaryimage","url":"https:\/\/www.uqac.ca\/uqactualites\/wp-content\/uploads\/2014\/02\/GRAFtualit\u00e9s-PortratiLemieux-H14-01.jpg","contentUrl":"https:\/\/www.uqac.ca\/uqactualites\/wp-content\/uploads\/2014\/02\/GRAFtualit\u00e9s-PortratiLemieux-H14-01.jpg","width":621,"height":300},{"@type":"BreadcrumbList","@id":"https:\/\/www.uqac.ca\/uqactualites\/2014\/02\/21\/sara-jeanne-lemieux-etudiante-a-la-maitrise-en-etudes-et-interventions-regionales\/#breadcrumb","itemListElement":[{"@type":"ListItem","position":1,"name":"Home","item":"https:\/\/www.uqac.ca\/uqactualites\/"},{"@type":"ListItem","position":2,"name":"Sara-Jeanne Lemieux, \u00e9tudiante \u00e0 la ma\u00eetrise en \u00e9tudes et interventions r\u00e9gionales"}]},{"@type":"WebSite","@id":"https:\/\/www.uqac.ca\/uqactualites\/#website","url":"https:\/\/www.uqac.ca\/uqactualites\/","name":"UQACtualit\u00e9s","description":"Le portail des nouvelles de l&#039;UQAC","potentialAction":[{"@type":"SearchAction","target":{"@type":"EntryPoint","urlTemplate":"https:\/\/www.uqac.ca\/uqactualites\/?s={search_term_string}"},"query-input":{"@type":"PropertyValueSpecification","valueRequired":true,"valueName":"search_term_string"}}],"inLanguage":"fr-CA"},{"@type":"Person","@id":"https:\/\/www.uqac.ca\/uqactualites\/#\/schema\/person\/366c45a0c4f0e677b41b4af5886e2018","name":"Service des communications et des relations publiques","image":{"@type":"ImageObject","inLanguage":"fr-CA","@id":"https:\/\/www.uqac.ca\/uqactualites\/#\/schema\/person\/image\/","url":"https:\/\/secure.gravatar.com\/avatar\/20fbbda8a292f59f2d3461a5b999c00b?s=96&d=mm&r=g","contentUrl":"https:\/\/secure.gravatar.com\/avatar\/20fbbda8a292f59f2d3461a5b999c00b?s=96&d=mm&r=g","caption":"Service des communications et des relations publiques"},"url":"https:\/\/www.uqac.ca\/uqactualites\/author\/bap\/"}]}},"_links":{"self":[{"href":"https:\/\/www.uqac.ca\/uqactualites\/wp-json\/wp\/v2\/posts\/27112"}],"collection":[{"href":"https:\/\/www.uqac.ca\/uqactualites\/wp-json\/wp\/v2\/posts"}],"about":[{"href":"https:\/\/www.uqac.ca\/uqactualites\/wp-json\/wp\/v2\/types\/post"}],"author":[{"embeddable":true,"href":"https:\/\/www.uqac.ca\/uqactualites\/wp-json\/wp\/v2\/users\/5"}],"replies":[{"embeddable":true,"href":"https:\/\/www.uqac.ca\/uqactualites\/wp-json\/wp\/v2\/comments?post=27112"}],"version-history":[{"count":0,"href":"https:\/\/www.uqac.ca\/uqactualites\/wp-json\/wp\/v2\/posts\/27112\/revisions"}],"wp:featuredmedia":[{"embeddable":true,"href":"https:\/\/www.uqac.ca\/uqactualites\/wp-json\/wp\/v2\/media\/27113"}],"wp:attachment":[{"href":"https:\/\/www.uqac.ca\/uqactualites\/wp-json\/wp\/v2\/media?parent=27112"}],"wp:term":[{"taxonomy":"category","embeddable":true,"href":"https:\/\/www.uqac.ca\/uqactualites\/wp-json\/wp\/v2\/categories?post=27112"},{"taxonomy":"post_tag","embeddable":true,"href":"https:\/\/www.uqac.ca\/uqactualites\/wp-json\/wp\/v2\/tags?post=27112"}],"curies":[{"name":"wp","href":"https:\/\/api.w.org\/{rel}","templated":true}]}}