{"id":27126,"date":"2014-02-26T08:53:18","date_gmt":"2014-02-26T13:53:18","guid":{"rendered":"http:\/\/uqactualite.odev.ca\/?p=27126"},"modified":"2014-02-26T08:53:18","modified_gmt":"2014-02-26T13:53:18","slug":"ledition-2014-de-la-semaine-des-sciences-humaines-vise-juste","status":"publish","type":"post","link":"https:\/\/www.uqac.ca\/uqactualites\/2014\/02\/26\/ledition-2014-de-la-semaine-des-sciences-humaines-vise-juste\/","title":{"rendered":"L\u2019\u00e9dition 2014 de la Semaine des sciences humaines vise juste"},"content":{"rendered":"<p style=\"text-align: justify\">C\u2019est du 17 au 21 f\u00e9vrier derniers qu\u2019avait lieu \u00e0 l\u2019UQAC l\u2019\u00e9dition\u00a02014 de la Semaine des sciences humaines, pr\u00e9sent\u00e9e sous le th\u00e8me \u00ab\u00a0L\u2019ici, l\u2019ailleurs et l\u2019autrefois\u00a0\u00bb. Le Module des sciences humaines invitait la communaut\u00e9 universitaire et le grand public \u00e0 assister gratuitement aux conf\u00e9rences et activit\u00e9s propos\u00e9es dans le cadre de l\u2019\u00e9v\u00e9nement.<\/p>\n<p style=\"text-align: justify\">La g\u00e9ographie, la sociologie, la science politique, la solidarit\u00e9 internationale ainsi que l\u2019histoire \u00e9taient au c\u0153ur de cette semaine sp\u00e9cialement concoct\u00e9e par une \u00e9quipe d\u2019\u00e9tudiants de l\u2019UQAC. L\u2019\u00e9v\u00e9nement, qui se voulait une occasion privil\u00e9gi\u00e9e d\u2019explorer le monde des sciences humaines, proposait une s\u00e9rie de conf\u00e9rences et de discussions anim\u00e9es par des sp\u00e9cialistes du domaine. Du Nord qu\u00e9b\u00e9cois aux caf\u00e9s d\u2019Ha\u00efti en passant par les rizi\u00e8res du Japon, du fait r\u00e9gional au traitement de l\u2019histoire dans les m\u00e9dias, les sp\u00e9cialistes invit\u00e9s ont pu d\u00e9coder les soci\u00e9t\u00e9s d\u2019hier et d\u2019aujourd\u2019hui.<\/p>\n","protected":false},"excerpt":{"rendered":"<p>C\u2019est du 17 au 21 f\u00e9vrier derniers qu\u2019avait lieu \u00e0 l\u2019UQAC l\u2019\u00e9dition\u00a02014 de la Semaine des sciences humaines, pr\u00e9sent\u00e9e sous le th\u00e8me \u00ab\u00a0L\u2019ici, l\u2019ailleurs et l\u2019autrefois\u00a0\u00bb. Le Module des sciences humaines invitait la communaut\u00e9 universitaire et le grand public \u00e0 assister gratuitement aux conf\u00e9rences et activit\u00e9s propos\u00e9es dans le cadre de l\u2019\u00e9v\u00e9nement. La g\u00e9ographie, la [&hellip;]<\/p>\n","protected":false},"author":5,"featured_media":27127,"comment_status":"open","ping_status":"open","sticky":false,"template":"","format":"standard","meta":{"footnotes":""},"categories":[2,61],"tags":[338,401,297,1116],"yoast_head":"<!-- This site is optimized with the Yoast SEO plugin v24.2 - https:\/\/yoast.com\/wordpress\/plugins\/seo\/ -->\r\n<title>L\u2019\u00e9dition 2014 de la Semaine des sciences humaines vise juste - UQACtualit\u00e9s<\/title>\r\n<meta name=\"robots\" content=\"index, follow, max-snippet:-1, max-image-preview:large, max-video-preview:-1\" \/>\r\n<link rel=\"canonical\" href=\"https:\/\/www.uqac.ca\/uqactualites\/2014\/02\/26\/ledition-2014-de-la-semaine-des-sciences-humaines-vise-juste\/\" \/>\r\n<meta property=\"og:locale\" content=\"fr_CA\" \/>\r\n<meta property=\"og:type\" content=\"article\" \/>\r\n<meta property=\"og:title\" content=\"L\u2019\u00e9dition 2014 de la Semaine des sciences humaines vise juste - UQACtualit\u00e9s\" \/>\r\n<meta property=\"og:description\" content=\"C\u2019est du 17 au 21 f\u00e9vrier derniers qu\u2019avait lieu \u00e0 l\u2019UQAC l\u2019\u00e9dition\u00a02014 de la Semaine des sciences humaines, pr\u00e9sent\u00e9e sous le th\u00e8me \u00ab\u00a0L\u2019ici, l\u2019ailleurs et l\u2019autrefois\u00a0\u00bb. Le Module des sciences humaines invitait la communaut\u00e9 universitaire et le grand public \u00e0 assister gratuitement aux conf\u00e9rences et activit\u00e9s propos\u00e9es dans le cadre de l\u2019\u00e9v\u00e9nement. La g\u00e9ographie, la [&hellip;]\" \/>\r\n<meta property=\"og:url\" content=\"https:\/\/www.uqac.ca\/uqactualites\/2014\/02\/26\/ledition-2014-de-la-semaine-des-sciences-humaines-vise-juste\/\" \/>\r\n<meta property=\"og:site_name\" content=\"UQACtualit\u00e9s\" \/>\r\n<meta property=\"article:published_time\" content=\"2014-02-26T13:53:18+00:00\" \/>\r\n<meta property=\"og:image\" content=\"https:\/\/www.uqac.ca\/uqactualites\/wp-content\/uploads\/2014\/02\/GRAF-SemaineScHumUQACTUALITE-H14-12.jpg\" \/>\r\n\t<meta property=\"og:image:width\" content=\"621\" \/>\r\n\t<meta property=\"og:image:height\" content=\"301\" \/>\r\n\t<meta property=\"og:image:type\" content=\"image\/jpeg\" \/>\r\n<meta name=\"author\" content=\"Service des communications et des relations publiques\" \/>\r\n<meta name=\"twitter:card\" content=\"summary_large_image\" \/>\r\n<meta name=\"twitter:label1\" content=\"\u00c9crit par\" \/>\n\t<meta name=\"twitter:data1\" content=\"Service des communications et des relations publiques\" \/>\n\t<meta name=\"twitter:label2\" content=\"Estimation du temps de lecture\" \/>\n\t<meta name=\"twitter:data2\" content=\"1 minute\" \/>\r\n<script type=\"application\/ld+json\" class=\"yoast-schema-graph\">{\"@context\":\"https:\/\/schema.org\",\"@graph\":[{\"@type\":\"WebPage\",\"@id\":\"https:\/\/www.uqac.ca\/uqactualites\/2014\/02\/26\/ledition-2014-de-la-semaine-des-sciences-humaines-vise-juste\/\",\"url\":\"https:\/\/www.uqac.ca\/uqactualites\/2014\/02\/26\/ledition-2014-de-la-semaine-des-sciences-humaines-vise-juste\/\",\"name\":\"L\u2019\u00e9dition 2014 de la Semaine des sciences humaines vise juste - UQACtualit\u00e9s\",\"isPartOf\":{\"@id\":\"https:\/\/www.uqac.ca\/uqactualites\/#website\"},\"primaryImageOfPage\":{\"@id\":\"https:\/\/www.uqac.ca\/uqactualites\/2014\/02\/26\/ledition-2014-de-la-semaine-des-sciences-humaines-vise-juste\/#primaryimage\"},\"image\":{\"@id\":\"https:\/\/www.uqac.ca\/uqactualites\/2014\/02\/26\/ledition-2014-de-la-semaine-des-sciences-humaines-vise-juste\/#primaryimage\"},\"thumbnailUrl\":\"https:\/\/www.uqac.ca\/uqactualites\/wp-content\/uploads\/2014\/02\/GRAF-SemaineScHumUQACTUALITE-H14-12.jpg\",\"datePublished\":\"2014-02-26T13:53:18+00:00\",\"dateModified\":\"2014-02-26T13:53:18+00:00\",\"author\":{\"@id\":\"https:\/\/www.uqac.ca\/uqactualites\/#\/schema\/person\/366c45a0c4f0e677b41b4af5886e2018\"},\"breadcrumb\":{\"@id\":\"https:\/\/www.uqac.ca\/uqactualites\/2014\/02\/26\/ledition-2014-de-la-semaine-des-sciences-humaines-vise-juste\/#breadcrumb\"},\"inLanguage\":\"fr-CA\",\"potentialAction\":[{\"@type\":\"ReadAction\",\"target\":[\"https:\/\/www.uqac.ca\/uqactualites\/2014\/02\/26\/ledition-2014-de-la-semaine-des-sciences-humaines-vise-juste\/\"]}]},{\"@type\":\"ImageObject\",\"inLanguage\":\"fr-CA\",\"@id\":\"https:\/\/www.uqac.ca\/uqactualites\/2014\/02\/26\/ledition-2014-de-la-semaine-des-sciences-humaines-vise-juste\/#primaryimage\",\"url\":\"https:\/\/www.uqac.ca\/uqactualites\/wp-content\/uploads\/2014\/02\/GRAF-SemaineScHumUQACTUALITE-H14-12.jpg\",\"contentUrl\":\"https:\/\/www.uqac.ca\/uqactualites\/wp-content\/uploads\/2014\/02\/GRAF-SemaineScHumUQACTUALITE-H14-12.jpg\",\"width\":621,\"height\":301},{\"@type\":\"BreadcrumbList\",\"@id\":\"https:\/\/www.uqac.ca\/uqactualites\/2014\/02\/26\/ledition-2014-de-la-semaine-des-sciences-humaines-vise-juste\/#breadcrumb\",\"itemListElement\":[{\"@type\":\"ListItem\",\"position\":1,\"name\":\"Home\",\"item\":\"https:\/\/www.uqac.ca\/uqactualites\/\"},{\"@type\":\"ListItem\",\"position\":2,\"name\":\"L\u2019\u00e9dition 2014 de la Semaine des sciences humaines vise juste\"}]},{\"@type\":\"WebSite\",\"@id\":\"https:\/\/www.uqac.ca\/uqactualites\/#website\",\"url\":\"https:\/\/www.uqac.ca\/uqactualites\/\",\"name\":\"UQACtualit\u00e9s\",\"description\":\"Le portail des nouvelles de l&#039;UQAC\",\"potentialAction\":[{\"@type\":\"SearchAction\",\"target\":{\"@type\":\"EntryPoint\",\"urlTemplate\":\"https:\/\/www.uqac.ca\/uqactualites\/?s={search_term_string}\"},\"query-input\":{\"@type\":\"PropertyValueSpecification\",\"valueRequired\":true,\"valueName\":\"search_term_string\"}}],\"inLanguage\":\"fr-CA\"},{\"@type\":\"Person\",\"@id\":\"https:\/\/www.uqac.ca\/uqactualites\/#\/schema\/person\/366c45a0c4f0e677b41b4af5886e2018\",\"name\":\"Service des communications et des relations publiques\",\"image\":{\"@type\":\"ImageObject\",\"inLanguage\":\"fr-CA\",\"@id\":\"https:\/\/www.uqac.ca\/uqactualites\/#\/schema\/person\/image\/\",\"url\":\"https:\/\/secure.gravatar.com\/avatar\/20fbbda8a292f59f2d3461a5b999c00b?s=96&d=mm&r=g\",\"contentUrl\":\"https:\/\/secure.gravatar.com\/avatar\/20fbbda8a292f59f2d3461a5b999c00b?s=96&d=mm&r=g\",\"caption\":\"Service des communications et des relations publiques\"},\"url\":\"https:\/\/www.uqac.ca\/uqactualites\/author\/bap\/\"}]}<\/script>\r\n<!-- \/ Yoast SEO plugin. -->","yoast_head_json":{"title":"L\u2019\u00e9dition 2014 de la Semaine des sciences humaines vise juste - UQACtualit\u00e9s","robots":{"index":"index","follow":"follow","max-snippet":"max-snippet:-1","max-image-preview":"max-image-preview:large","max-video-preview":"max-video-preview:-1"},"canonical":"https:\/\/www.uqac.ca\/uqactualites\/2014\/02\/26\/ledition-2014-de-la-semaine-des-sciences-humaines-vise-juste\/","og_locale":"fr_CA","og_type":"article","og_title":"L\u2019\u00e9dition 2014 de la Semaine des sciences humaines vise juste - UQACtualit\u00e9s","og_description":"C\u2019est du 17 au 21 f\u00e9vrier derniers qu\u2019avait lieu \u00e0 l\u2019UQAC l\u2019\u00e9dition\u00a02014 de la Semaine des sciences humaines, pr\u00e9sent\u00e9e sous le th\u00e8me \u00ab\u00a0L\u2019ici, l\u2019ailleurs et l\u2019autrefois\u00a0\u00bb. Le Module des sciences humaines invitait la communaut\u00e9 universitaire et le grand public \u00e0 assister gratuitement aux conf\u00e9rences et activit\u00e9s propos\u00e9es dans le cadre de l\u2019\u00e9v\u00e9nement. La g\u00e9ographie, la [&hellip;]","og_url":"https:\/\/www.uqac.ca\/uqactualites\/2014\/02\/26\/ledition-2014-de-la-semaine-des-sciences-humaines-vise-juste\/","og_site_name":"UQACtualit\u00e9s","article_published_time":"2014-02-26T13:53:18+00:00","og_image":[{"width":621,"height":301,"url":"https:\/\/www.uqac.ca\/uqactualites\/wp-content\/uploads\/2014\/02\/GRAF-SemaineScHumUQACTUALITE-H14-12.jpg","type":"image\/jpeg"}],"author":"Service des communications et des relations publiques","twitter_card":"summary_large_image","twitter_misc":{"\u00c9crit par":"Service des communications et des relations publiques","Estimation du temps de lecture":"1 minute"},"schema":{"@context":"https:\/\/schema.org","@graph":[{"@type":"WebPage","@id":"https:\/\/www.uqac.ca\/uqactualites\/2014\/02\/26\/ledition-2014-de-la-semaine-des-sciences-humaines-vise-juste\/","url":"https:\/\/www.uqac.ca\/uqactualites\/2014\/02\/26\/ledition-2014-de-la-semaine-des-sciences-humaines-vise-juste\/","name":"L\u2019\u00e9dition 2014 de la Semaine des sciences humaines vise juste - UQACtualit\u00e9s","isPartOf":{"@id":"https:\/\/www.uqac.ca\/uqactualites\/#website"},"primaryImageOfPage":{"@id":"https:\/\/www.uqac.ca\/uqactualites\/2014\/02\/26\/ledition-2014-de-la-semaine-des-sciences-humaines-vise-juste\/#primaryimage"},"image":{"@id":"https:\/\/www.uqac.ca\/uqactualites\/2014\/02\/26\/ledition-2014-de-la-semaine-des-sciences-humaines-vise-juste\/#primaryimage"},"thumbnailUrl":"https:\/\/www.uqac.ca\/uqactualites\/wp-content\/uploads\/2014\/02\/GRAF-SemaineScHumUQACTUALITE-H14-12.jpg","datePublished":"2014-02-26T13:53:18+00:00","dateModified":"2014-02-26T13:53:18+00:00","author":{"@id":"https:\/\/www.uqac.ca\/uqactualites\/#\/schema\/person\/366c45a0c4f0e677b41b4af5886e2018"},"breadcrumb":{"@id":"https:\/\/www.uqac.ca\/uqactualites\/2014\/02\/26\/ledition-2014-de-la-semaine-des-sciences-humaines-vise-juste\/#breadcrumb"},"inLanguage":"fr-CA","potentialAction":[{"@type":"ReadAction","target":["https:\/\/www.uqac.ca\/uqactualites\/2014\/02\/26\/ledition-2014-de-la-semaine-des-sciences-humaines-vise-juste\/"]}]},{"@type":"ImageObject","inLanguage":"fr-CA","@id":"https:\/\/www.uqac.ca\/uqactualites\/2014\/02\/26\/ledition-2014-de-la-semaine-des-sciences-humaines-vise-juste\/#primaryimage","url":"https:\/\/www.uqac.ca\/uqactualites\/wp-content\/uploads\/2014\/02\/GRAF-SemaineScHumUQACTUALITE-H14-12.jpg","contentUrl":"https:\/\/www.uqac.ca\/uqactualites\/wp-content\/uploads\/2014\/02\/GRAF-SemaineScHumUQACTUALITE-H14-12.jpg","width":621,"height":301},{"@type":"BreadcrumbList","@id":"https:\/\/www.uqac.ca\/uqactualites\/2014\/02\/26\/ledition-2014-de-la-semaine-des-sciences-humaines-vise-juste\/#breadcrumb","itemListElement":[{"@type":"ListItem","position":1,"name":"Home","item":"https:\/\/www.uqac.ca\/uqactualites\/"},{"@type":"ListItem","position":2,"name":"L\u2019\u00e9dition 2014 de la Semaine des sciences humaines vise juste"}]},{"@type":"WebSite","@id":"https:\/\/www.uqac.ca\/uqactualites\/#website","url":"https:\/\/www.uqac.ca\/uqactualites\/","name":"UQACtualit\u00e9s","description":"Le portail des nouvelles de l&#039;UQAC","potentialAction":[{"@type":"SearchAction","target":{"@type":"EntryPoint","urlTemplate":"https:\/\/www.uqac.ca\/uqactualites\/?s={search_term_string}"},"query-input":{"@type":"PropertyValueSpecification","valueRequired":true,"valueName":"search_term_string"}}],"inLanguage":"fr-CA"},{"@type":"Person","@id":"https:\/\/www.uqac.ca\/uqactualites\/#\/schema\/person\/366c45a0c4f0e677b41b4af5886e2018","name":"Service des communications et des relations publiques","image":{"@type":"ImageObject","inLanguage":"fr-CA","@id":"https:\/\/www.uqac.ca\/uqactualites\/#\/schema\/person\/image\/","url":"https:\/\/secure.gravatar.com\/avatar\/20fbbda8a292f59f2d3461a5b999c00b?s=96&d=mm&r=g","contentUrl":"https:\/\/secure.gravatar.com\/avatar\/20fbbda8a292f59f2d3461a5b999c00b?s=96&d=mm&r=g","caption":"Service des communications et des relations publiques"},"url":"https:\/\/www.uqac.ca\/uqactualites\/author\/bap\/"}]}},"_links":{"self":[{"href":"https:\/\/www.uqac.ca\/uqactualites\/wp-json\/wp\/v2\/posts\/27126"}],"collection":[{"href":"https:\/\/www.uqac.ca\/uqactualites\/wp-json\/wp\/v2\/posts"}],"about":[{"href":"https:\/\/www.uqac.ca\/uqactualites\/wp-json\/wp\/v2\/types\/post"}],"author":[{"embeddable":true,"href":"https:\/\/www.uqac.ca\/uqactualites\/wp-json\/wp\/v2\/users\/5"}],"replies":[{"embeddable":true,"href":"https:\/\/www.uqac.ca\/uqactualites\/wp-json\/wp\/v2\/comments?post=27126"}],"version-history":[{"count":0,"href":"https:\/\/www.uqac.ca\/uqactualites\/wp-json\/wp\/v2\/posts\/27126\/revisions"}],"wp:featuredmedia":[{"embeddable":true,"href":"https:\/\/www.uqac.ca\/uqactualites\/wp-json\/wp\/v2\/media\/27127"}],"wp:attachment":[{"href":"https:\/\/www.uqac.ca\/uqactualites\/wp-json\/wp\/v2\/media?parent=27126"}],"wp:term":[{"taxonomy":"category","embeddable":true,"href":"https:\/\/www.uqac.ca\/uqactualites\/wp-json\/wp\/v2\/categories?post=27126"},{"taxonomy":"post_tag","embeddable":true,"href":"https:\/\/www.uqac.ca\/uqactualites\/wp-json\/wp\/v2\/tags?post=27126"}],"curies":[{"name":"wp","href":"https:\/\/api.w.org\/{rel}","templated":true}]}}