{"id":27205,"date":"2014-03-04T14:35:29","date_gmt":"2014-03-04T19:35:29","guid":{"rendered":"http:\/\/uqactualite.odev.ca\/?p=27205"},"modified":"2014-03-04T14:35:29","modified_gmt":"2014-03-04T19:35:29","slug":"tracer-son-chemin-une-bande-dessinee-sur-la-vie-du-dr-stanley-vollant-voit-le-jour","status":"publish","type":"post","link":"https:\/\/www.uqac.ca\/uqactualites\/2014\/03\/04\/tracer-son-chemin-une-bande-dessinee-sur-la-vie-du-dr-stanley-vollant-voit-le-jour\/","title":{"rendered":"Tracer son chemin : une bande dessin\u00e9e sur la vie du Dr Stanley Vollant voit le jour"},"content":{"rendered":"<p style=\"text-align: right\"><strong>COMMUNIQU\u00c9<\/strong><br \/>\n<strong>Pour diffusion imm\u00e9diate<\/strong><\/p>\n<p style=\"text-align: justify\"><b>Saguenay, le 4 mars 2014 <\/b>\u2013 Ce mercredi 5 mars \u00e0 17\u00a0h \u00e0 l\u2019H\u00f4tel Le Montagnais, le Centre des Premi\u00e8res Nations Nikanite de l\u2019UQAC proc\u00e9dera au lancement d\u2019une bande dessin\u00e9e portant sur le parcours du Dr Stanley Vollant. C\u2019est dans le cadre du Colloque sur la pers\u00e9v\u00e9rance et la r\u00e9ussite scolaires chez les Premiers Peuples qu\u2019aura lieu le lancement, alors que le Dr Vollant sera pr\u00e9sent pour signer des d\u00e9dicaces.<\/p>\n<p style=\"text-align: justify\">La bande dessin\u00e9e <i>Tracer son chemin<\/i>, premier tome r\u00e9alis\u00e9 dans le cadre du projet <i>Innu Meshkenu<\/i>, pr\u00e9sente le parcours du Dr Stanley Vollant de la petite enfance \u00e0 la vie d\u2019adulte. En qu\u00eate d\u2019un projet mobilisateur pour tous les membres des communaut\u00e9s autochtones, il amor\u00e7ait en 2010 la marche <i>Innu Meshkenu<\/i>. Ainsi parti \u00e0 la rencontre des jeunes, il esp\u00e9rait les inciter \u00e0\u00a0\u00eatre fiers de leur culture, \u00e0 pers\u00e9v\u00e9rer dans leurs projets d\u2019avenir et \u00e0 adopter de saines habitudes de vie. C\u2019est ce message que le Dr Vollant veut transmettre avec <i>Tracer son chemin<\/i>\u00a0: en partageant ses propres exp\u00e9riences de vie, sans cacher les difficult\u00e9s rencontr\u00e9es tout au long de son parcours, il souhaite encourager les jeunes de toutes les communaut\u00e9s \u00e0 croire en leurs r\u00eaves et \u00e0 construire leur avenir.<\/p>\n<p style=\"text-align: justify\">Illustr\u00e9e par l\u2019artiste Laurence Lemieux, la bande dessin\u00e9e de 62 pages r\u00e9jouira petits et grands. <i>Tracer son chemin<\/i> s\u2019adresse \u00e0 un large public, mais porte une attention particuli\u00e8re \u00e0 tous les jeunes qui sont en \u00e2ge de faire des choix d\u2019avenir\u00a0: les \u00e9l\u00e8ves du secondaire sont donc particuli\u00e8rement cibl\u00e9s. Les professeures Christine Couture et Catherine Duquette du D\u00e9partement des sciences de l\u2019\u00e9ducation de l\u2019UQAC ont quant \u00e0 elles \u00e9labor\u00e9 un guide de l\u2019enseignant bas\u00e9 sur le programme de formation de l\u2019\u00e9cole qu\u00e9b\u00e9coise du minist\u00e8re de l\u2019\u00c9ducation, du Loisir et du Sport (MELS). Ce guide permettra aux intervenants scolaires de niveau secondaire d\u2019utiliser la bande dessin\u00e9e en tant qu\u2019outil p\u00e9dagogique. Le Dr Vollant tient par ailleurs \u00e0 remercier le MELS pour sa participation financi\u00e8re dans ce projet de bande dessin\u00e9e \u00e9ducative.<\/p>\n<p style=\"text-align: justify\">Le Dr Vollant a travers\u00e9 jusqu\u2019ici une trentaine de communaut\u00e9s autochtones et rencontr\u00e9 plus de 25\u00a0000 personnes. Le projet <i>Innu Meshkenu<\/i> est une initiative du Centre des Premi\u00e8res Nations Nikanite de l\u2019Universit\u00e9 du Qu\u00e9bec \u00e0 Chicoutimi. Plusieurs organisations soutiennent le projet <i>Innu Meshkenu<\/i>, dont Qu\u00e9bec en forme, le minist\u00e8re de la Sant\u00e9 et des Services sociaux du Qu\u00e9bec, le minist\u00e8re de l\u2019\u00c9ducation, du Loisir et du Sport du Qu\u00e9bec, Sant\u00e9 Canada, la Fondation J. Armand Bombardier et la Fondation RBA. Pour de plus amples informations sur le projet <i>Innu Meshkenu <\/i>ou pour faire un don, visitez le <span style=\"text-decoration: underline;color: #5a7411\"><a href=\"http:\/\/www.innu-meshkenu.com\" target=\"_blank\" rel=\"noopener\"><span style=\"color: #5a7411;text-decoration: underline\"><b>www.innu-meshkenu.com<\/b><\/span><\/a><\/span>.<\/p>\n<p style=\"text-align: center\" align=\"center\">&#8211; 30 &#8211;<\/p>\n<p style=\"text-align: justify\" align=\"center\"><strong>Source :<\/strong><br \/>\nJos\u00e9e Bourassa, agente d\u2019information<br \/>\nBureau des affaires publiques<br \/>\nUniversit\u00e9 du Qu\u00e9bec \u00e0 Chicoutimi<br \/>\n418 545-5011, poste 2274\u00a0 \u25aa\u00a0<span style=\"color: #5a7411\"><a href=\"mailto:josee_bourassa@uqac.ca\"><span style=\"color: #5a7411\">josee_bourassa@uqac.ca<\/span><\/a><\/span><\/p>\n<p style=\"text-align: justify\" align=\"center\"><strong>Renseignements :<\/strong><br \/>\nJean-Charles Fortin, coordonnateur projet <em>Innu Meshkenu<\/em><br \/>\nCentre des Premi\u00e8res Nations Nikanite<br \/>\nUniversit\u00e9 du Qu\u00e9bec \u00e0 Chicoutimi<br \/>\n418 545-5011, poste 2416\u00a0 \u25aa\u00a0<span style=\"color: #5a7411\"><a href=\"mailto:innu.meshkenu@uqac.ca\"><span style=\"color: #5a7411\">innu.meshkenu@uqac.ca<\/span><\/a><\/span><\/p>\n","protected":false},"excerpt":{"rendered":"<p>COMMUNIQU\u00c9 Pour diffusion imm\u00e9diate Saguenay, le 4 mars 2014 \u2013 Ce mercredi 5 mars \u00e0 17\u00a0h \u00e0 l\u2019H\u00f4tel Le Montagnais, le Centre des Premi\u00e8res Nations Nikanite de l\u2019UQAC proc\u00e9dera au lancement d\u2019une bande dessin\u00e9e portant sur le parcours du Dr Stanley Vollant. C\u2019est dans le cadre du Colloque sur la pers\u00e9v\u00e9rance et la r\u00e9ussite scolaires [&hellip;]<\/p>\n","protected":false},"author":5,"featured_media":26967,"comment_status":"open","ping_status":"open","sticky":false,"template":"","format":"standard","meta":{"footnotes":""},"categories":[2772],"tags":[1185,1186,105,1187,151,1188,1189],"yoast_head":"<!-- This site is optimized with the Yoast SEO plugin v24.2 - https:\/\/yoast.com\/wordpress\/plugins\/seo\/ -->\r\n<title>Tracer son chemin : une bande dessin\u00e9e sur la vie du Dr Stanley Vollant voit le jour - UQACtualit\u00e9s<\/title>\r\n<meta name=\"robots\" content=\"index, follow, max-snippet:-1, max-image-preview:large, max-video-preview:-1\" \/>\r\n<link rel=\"canonical\" href=\"https:\/\/www.uqac.ca\/uqactualites\/2014\/03\/04\/tracer-son-chemin-une-bande-dessinee-sur-la-vie-du-dr-stanley-vollant-voit-le-jour\/\" \/>\r\n<meta property=\"og:locale\" content=\"fr_CA\" \/>\r\n<meta property=\"og:type\" content=\"article\" \/>\r\n<meta property=\"og:title\" content=\"Tracer son chemin : une bande dessin\u00e9e sur la vie du Dr Stanley Vollant voit le jour - UQACtualit\u00e9s\" \/>\r\n<meta property=\"og:description\" content=\"COMMUNIQU\u00c9 Pour diffusion imm\u00e9diate Saguenay, le 4 mars 2014 \u2013 Ce mercredi 5 mars \u00e0 17\u00a0h \u00e0 l\u2019H\u00f4tel Le Montagnais, le Centre des Premi\u00e8res Nations Nikanite de l\u2019UQAC proc\u00e9dera au lancement d\u2019une bande dessin\u00e9e portant sur le parcours du Dr Stanley Vollant. C\u2019est dans le cadre du Colloque sur la pers\u00e9v\u00e9rance et la r\u00e9ussite scolaires [&hellip;]\" \/>\r\n<meta property=\"og:url\" content=\"https:\/\/www.uqac.ca\/uqactualites\/2014\/03\/04\/tracer-son-chemin-une-bande-dessinee-sur-la-vie-du-dr-stanley-vollant-voit-le-jour\/\" \/>\r\n<meta property=\"og:site_name\" content=\"UQACtualit\u00e9s\" \/>\r\n<meta property=\"article:published_time\" content=\"2014-03-04T19:35:29+00:00\" \/>\r\n<meta property=\"og:image\" content=\"https:\/\/www.uqac.ca\/uqactualites\/wp-content\/uploads\/2014\/02\/En-tete_CPNN.jpg\" \/>\r\n\t<meta property=\"og:image:width\" content=\"620\" \/>\r\n\t<meta property=\"og:image:height\" content=\"300\" \/>\r\n\t<meta property=\"og:image:type\" content=\"image\/jpeg\" \/>\r\n<meta name=\"author\" content=\"Service des communications et des relations publiques\" \/>\r\n<meta name=\"twitter:card\" content=\"summary_large_image\" \/>\r\n<meta name=\"twitter:label1\" content=\"\u00c9crit par\" \/>\n\t<meta name=\"twitter:data1\" content=\"Service des communications et des relations publiques\" \/>\n\t<meta name=\"twitter:label2\" content=\"Estimation du temps de lecture\" \/>\n\t<meta name=\"twitter:data2\" content=\"3 minutes\" \/>\r\n<script type=\"application\/ld+json\" class=\"yoast-schema-graph\">{\"@context\":\"https:\/\/schema.org\",\"@graph\":[{\"@type\":\"WebPage\",\"@id\":\"https:\/\/www.uqac.ca\/uqactualites\/2014\/03\/04\/tracer-son-chemin-une-bande-dessinee-sur-la-vie-du-dr-stanley-vollant-voit-le-jour\/\",\"url\":\"https:\/\/www.uqac.ca\/uqactualites\/2014\/03\/04\/tracer-son-chemin-une-bande-dessinee-sur-la-vie-du-dr-stanley-vollant-voit-le-jour\/\",\"name\":\"Tracer son chemin : une bande dessin\u00e9e sur la vie du Dr Stanley Vollant voit le jour - UQACtualit\u00e9s\",\"isPartOf\":{\"@id\":\"https:\/\/www.uqac.ca\/uqactualites\/#website\"},\"primaryImageOfPage\":{\"@id\":\"https:\/\/www.uqac.ca\/uqactualites\/2014\/03\/04\/tracer-son-chemin-une-bande-dessinee-sur-la-vie-du-dr-stanley-vollant-voit-le-jour\/#primaryimage\"},\"image\":{\"@id\":\"https:\/\/www.uqac.ca\/uqactualites\/2014\/03\/04\/tracer-son-chemin-une-bande-dessinee-sur-la-vie-du-dr-stanley-vollant-voit-le-jour\/#primaryimage\"},\"thumbnailUrl\":\"https:\/\/www.uqac.ca\/uqactualites\/wp-content\/uploads\/2014\/02\/En-tete_CPNN.jpg\",\"datePublished\":\"2014-03-04T19:35:29+00:00\",\"dateModified\":\"2014-03-04T19:35:29+00:00\",\"author\":{\"@id\":\"https:\/\/www.uqac.ca\/uqactualites\/#\/schema\/person\/366c45a0c4f0e677b41b4af5886e2018\"},\"breadcrumb\":{\"@id\":\"https:\/\/www.uqac.ca\/uqactualites\/2014\/03\/04\/tracer-son-chemin-une-bande-dessinee-sur-la-vie-du-dr-stanley-vollant-voit-le-jour\/#breadcrumb\"},\"inLanguage\":\"fr-CA\",\"potentialAction\":[{\"@type\":\"ReadAction\",\"target\":[\"https:\/\/www.uqac.ca\/uqactualites\/2014\/03\/04\/tracer-son-chemin-une-bande-dessinee-sur-la-vie-du-dr-stanley-vollant-voit-le-jour\/\"]}]},{\"@type\":\"ImageObject\",\"inLanguage\":\"fr-CA\",\"@id\":\"https:\/\/www.uqac.ca\/uqactualites\/2014\/03\/04\/tracer-son-chemin-une-bande-dessinee-sur-la-vie-du-dr-stanley-vollant-voit-le-jour\/#primaryimage\",\"url\":\"https:\/\/www.uqac.ca\/uqactualites\/wp-content\/uploads\/2014\/02\/En-tete_CPNN.jpg\",\"contentUrl\":\"https:\/\/www.uqac.ca\/uqactualites\/wp-content\/uploads\/2014\/02\/En-tete_CPNN.jpg\",\"width\":620,\"height\":300},{\"@type\":\"BreadcrumbList\",\"@id\":\"https:\/\/www.uqac.ca\/uqactualites\/2014\/03\/04\/tracer-son-chemin-une-bande-dessinee-sur-la-vie-du-dr-stanley-vollant-voit-le-jour\/#breadcrumb\",\"itemListElement\":[{\"@type\":\"ListItem\",\"position\":1,\"name\":\"Home\",\"item\":\"https:\/\/www.uqac.ca\/uqactualites\/\"},{\"@type\":\"ListItem\",\"position\":2,\"name\":\"Tracer son chemin : une bande dessin\u00e9e sur la vie du Dr Stanley Vollant voit le jour\"}]},{\"@type\":\"WebSite\",\"@id\":\"https:\/\/www.uqac.ca\/uqactualites\/#website\",\"url\":\"https:\/\/www.uqac.ca\/uqactualites\/\",\"name\":\"UQACtualit\u00e9s\",\"description\":\"Le portail des nouvelles de l&#039;UQAC\",\"potentialAction\":[{\"@type\":\"SearchAction\",\"target\":{\"@type\":\"EntryPoint\",\"urlTemplate\":\"https:\/\/www.uqac.ca\/uqactualites\/?s={search_term_string}\"},\"query-input\":{\"@type\":\"PropertyValueSpecification\",\"valueRequired\":true,\"valueName\":\"search_term_string\"}}],\"inLanguage\":\"fr-CA\"},{\"@type\":\"Person\",\"@id\":\"https:\/\/www.uqac.ca\/uqactualites\/#\/schema\/person\/366c45a0c4f0e677b41b4af5886e2018\",\"name\":\"Service des communications et des relations publiques\",\"image\":{\"@type\":\"ImageObject\",\"inLanguage\":\"fr-CA\",\"@id\":\"https:\/\/www.uqac.ca\/uqactualites\/#\/schema\/person\/image\/\",\"url\":\"https:\/\/secure.gravatar.com\/avatar\/20fbbda8a292f59f2d3461a5b999c00b?s=96&d=mm&r=g\",\"contentUrl\":\"https:\/\/secure.gravatar.com\/avatar\/20fbbda8a292f59f2d3461a5b999c00b?s=96&d=mm&r=g\",\"caption\":\"Service des communications et des relations publiques\"},\"url\":\"https:\/\/www.uqac.ca\/uqactualites\/author\/bap\/\"}]}<\/script>\r\n<!-- \/ Yoast SEO plugin. -->","yoast_head_json":{"title":"Tracer son chemin : une bande dessin\u00e9e sur la vie du Dr Stanley Vollant voit le jour - UQACtualit\u00e9s","robots":{"index":"index","follow":"follow","max-snippet":"max-snippet:-1","max-image-preview":"max-image-preview:large","max-video-preview":"max-video-preview:-1"},"canonical":"https:\/\/www.uqac.ca\/uqactualites\/2014\/03\/04\/tracer-son-chemin-une-bande-dessinee-sur-la-vie-du-dr-stanley-vollant-voit-le-jour\/","og_locale":"fr_CA","og_type":"article","og_title":"Tracer son chemin : une bande dessin\u00e9e sur la vie du Dr Stanley Vollant voit le jour - UQACtualit\u00e9s","og_description":"COMMUNIQU\u00c9 Pour diffusion imm\u00e9diate Saguenay, le 4 mars 2014 \u2013 Ce mercredi 5 mars \u00e0 17\u00a0h \u00e0 l\u2019H\u00f4tel Le Montagnais, le Centre des Premi\u00e8res Nations Nikanite de l\u2019UQAC proc\u00e9dera au lancement d\u2019une bande dessin\u00e9e portant sur le parcours du Dr Stanley Vollant. C\u2019est dans le cadre du Colloque sur la pers\u00e9v\u00e9rance et la r\u00e9ussite scolaires [&hellip;]","og_url":"https:\/\/www.uqac.ca\/uqactualites\/2014\/03\/04\/tracer-son-chemin-une-bande-dessinee-sur-la-vie-du-dr-stanley-vollant-voit-le-jour\/","og_site_name":"UQACtualit\u00e9s","article_published_time":"2014-03-04T19:35:29+00:00","og_image":[{"width":620,"height":300,"url":"https:\/\/www.uqac.ca\/uqactualites\/wp-content\/uploads\/2014\/02\/En-tete_CPNN.jpg","type":"image\/jpeg"}],"author":"Service des communications et des relations publiques","twitter_card":"summary_large_image","twitter_misc":{"\u00c9crit par":"Service des communications et des relations publiques","Estimation du temps de lecture":"3 minutes"},"schema":{"@context":"https:\/\/schema.org","@graph":[{"@type":"WebPage","@id":"https:\/\/www.uqac.ca\/uqactualites\/2014\/03\/04\/tracer-son-chemin-une-bande-dessinee-sur-la-vie-du-dr-stanley-vollant-voit-le-jour\/","url":"https:\/\/www.uqac.ca\/uqactualites\/2014\/03\/04\/tracer-son-chemin-une-bande-dessinee-sur-la-vie-du-dr-stanley-vollant-voit-le-jour\/","name":"Tracer son chemin : une bande dessin\u00e9e sur la vie du Dr Stanley Vollant voit le jour - UQACtualit\u00e9s","isPartOf":{"@id":"https:\/\/www.uqac.ca\/uqactualites\/#website"},"primaryImageOfPage":{"@id":"https:\/\/www.uqac.ca\/uqactualites\/2014\/03\/04\/tracer-son-chemin-une-bande-dessinee-sur-la-vie-du-dr-stanley-vollant-voit-le-jour\/#primaryimage"},"image":{"@id":"https:\/\/www.uqac.ca\/uqactualites\/2014\/03\/04\/tracer-son-chemin-une-bande-dessinee-sur-la-vie-du-dr-stanley-vollant-voit-le-jour\/#primaryimage"},"thumbnailUrl":"https:\/\/www.uqac.ca\/uqactualites\/wp-content\/uploads\/2014\/02\/En-tete_CPNN.jpg","datePublished":"2014-03-04T19:35:29+00:00","dateModified":"2014-03-04T19:35:29+00:00","author":{"@id":"https:\/\/www.uqac.ca\/uqactualites\/#\/schema\/person\/366c45a0c4f0e677b41b4af5886e2018"},"breadcrumb":{"@id":"https:\/\/www.uqac.ca\/uqactualites\/2014\/03\/04\/tracer-son-chemin-une-bande-dessinee-sur-la-vie-du-dr-stanley-vollant-voit-le-jour\/#breadcrumb"},"inLanguage":"fr-CA","potentialAction":[{"@type":"ReadAction","target":["https:\/\/www.uqac.ca\/uqactualites\/2014\/03\/04\/tracer-son-chemin-une-bande-dessinee-sur-la-vie-du-dr-stanley-vollant-voit-le-jour\/"]}]},{"@type":"ImageObject","inLanguage":"fr-CA","@id":"https:\/\/www.uqac.ca\/uqactualites\/2014\/03\/04\/tracer-son-chemin-une-bande-dessinee-sur-la-vie-du-dr-stanley-vollant-voit-le-jour\/#primaryimage","url":"https:\/\/www.uqac.ca\/uqactualites\/wp-content\/uploads\/2014\/02\/En-tete_CPNN.jpg","contentUrl":"https:\/\/www.uqac.ca\/uqactualites\/wp-content\/uploads\/2014\/02\/En-tete_CPNN.jpg","width":620,"height":300},{"@type":"BreadcrumbList","@id":"https:\/\/www.uqac.ca\/uqactualites\/2014\/03\/04\/tracer-son-chemin-une-bande-dessinee-sur-la-vie-du-dr-stanley-vollant-voit-le-jour\/#breadcrumb","itemListElement":[{"@type":"ListItem","position":1,"name":"Home","item":"https:\/\/www.uqac.ca\/uqactualites\/"},{"@type":"ListItem","position":2,"name":"Tracer son chemin : une bande dessin\u00e9e sur la vie du Dr Stanley Vollant voit le jour"}]},{"@type":"WebSite","@id":"https:\/\/www.uqac.ca\/uqactualites\/#website","url":"https:\/\/www.uqac.ca\/uqactualites\/","name":"UQACtualit\u00e9s","description":"Le portail des nouvelles de l&#039;UQAC","potentialAction":[{"@type":"SearchAction","target":{"@type":"EntryPoint","urlTemplate":"https:\/\/www.uqac.ca\/uqactualites\/?s={search_term_string}"},"query-input":{"@type":"PropertyValueSpecification","valueRequired":true,"valueName":"search_term_string"}}],"inLanguage":"fr-CA"},{"@type":"Person","@id":"https:\/\/www.uqac.ca\/uqactualites\/#\/schema\/person\/366c45a0c4f0e677b41b4af5886e2018","name":"Service des communications et des relations publiques","image":{"@type":"ImageObject","inLanguage":"fr-CA","@id":"https:\/\/www.uqac.ca\/uqactualites\/#\/schema\/person\/image\/","url":"https:\/\/secure.gravatar.com\/avatar\/20fbbda8a292f59f2d3461a5b999c00b?s=96&d=mm&r=g","contentUrl":"https:\/\/secure.gravatar.com\/avatar\/20fbbda8a292f59f2d3461a5b999c00b?s=96&d=mm&r=g","caption":"Service des communications et des relations publiques"},"url":"https:\/\/www.uqac.ca\/uqactualites\/author\/bap\/"}]}},"_links":{"self":[{"href":"https:\/\/www.uqac.ca\/uqactualites\/wp-json\/wp\/v2\/posts\/27205"}],"collection":[{"href":"https:\/\/www.uqac.ca\/uqactualites\/wp-json\/wp\/v2\/posts"}],"about":[{"href":"https:\/\/www.uqac.ca\/uqactualites\/wp-json\/wp\/v2\/types\/post"}],"author":[{"embeddable":true,"href":"https:\/\/www.uqac.ca\/uqactualites\/wp-json\/wp\/v2\/users\/5"}],"replies":[{"embeddable":true,"href":"https:\/\/www.uqac.ca\/uqactualites\/wp-json\/wp\/v2\/comments?post=27205"}],"version-history":[{"count":0,"href":"https:\/\/www.uqac.ca\/uqactualites\/wp-json\/wp\/v2\/posts\/27205\/revisions"}],"wp:featuredmedia":[{"embeddable":true,"href":"https:\/\/www.uqac.ca\/uqactualites\/wp-json\/wp\/v2\/media\/26967"}],"wp:attachment":[{"href":"https:\/\/www.uqac.ca\/uqactualites\/wp-json\/wp\/v2\/media?parent=27205"}],"wp:term":[{"taxonomy":"category","embeddable":true,"href":"https:\/\/www.uqac.ca\/uqactualites\/wp-json\/wp\/v2\/categories?post=27205"},{"taxonomy":"post_tag","embeddable":true,"href":"https:\/\/www.uqac.ca\/uqactualites\/wp-json\/wp\/v2\/tags?post=27205"}],"curies":[{"name":"wp","href":"https:\/\/api.w.org\/{rel}","templated":true}]}}