{"id":27223,"date":"2014-03-07T09:29:56","date_gmt":"2014-03-07T14:29:56","guid":{"rendered":"http:\/\/uqactualite.odev.ca\/?p=27223"},"modified":"2014-03-07T09:29:56","modified_gmt":"2014-03-07T14:29:56","slug":"la-galerie-loeuvre-de-lautre-presente-lexposition-upload-ton-ame","status":"publish","type":"post","link":"https:\/\/www.uqac.ca\/uqactualites\/2014\/03\/07\/la-galerie-loeuvre-de-lautre-presente-lexposition-upload-ton-ame\/","title":{"rendered":"La galerie L\u2019\u0152uvre de l\u2019autre pr\u00e9sente l\u2019exposition Upload ton \u00e2me"},"content":{"rendered":"<p style=\"text-align: justify\">La communaut\u00e9 universitaire est invit\u00e9e \u00e0 visiter l\u2019exposition <i>Upload ton \u00e2me<\/i>, de l\u2019artiste Pierre Tremblay-Th\u00e9riault\u00a0:<b><\/b><\/p>\n<p style=\"text-align: center\" align=\"center\"><span style=\"color: #5a7411\"><b>Du 12 au 26 mars 2014<\/b><\/span><br \/>\n<span style=\"color: #5a7411\"> Galerie L\u2019\u0152uvre de l\u2019autre (Pavillon des arts)<\/span><br \/>\n<i>Le vernissage aura lieu le mercredi 12 mars 2014 \u00e0 17\u00a0h<br \/>\ndans le cadre du 36<sup>e<\/sup> anniversaire du D\u00e9partement des arts et lettres de l\u2019UQAC.<\/i><\/p>\n<p style=\"text-align: justify\">Pour plus de d\u00e9tails sur l\u2019exposition et sur l\u2019artiste, consultez le <span style=\"text-decoration: underline\"><span style=\"color: #5a7411\"><a href=\"http:\/\/lagaleriedeluqac.blogspot.ca\/\" target=\"_blank\" rel=\"noopener\"><span style=\"color: #5a7411;text-decoration: underline\"><b>site Web de la galerie L\u2019\u0152uvre de l\u2019autre<\/b><\/span><\/a><\/span><\/span>.<\/p>\n<p style=\"text-align: justify\">\n<b>Renseignements\u00a0:<br \/>\n<\/b>Nathalie Villeneuve, coordonnatrice<br \/>\nLa galerie L\u2019\u0152uvre\u00a0de l\u2019autre, le centre d\u2019exposition de l\u2019UQAC<br \/>\nUniversit\u00e9 du Qu\u00e9bec \u00e0 Chicoutimi<br \/>\n418 545-5011, poste\u00a04718\u00a0 \u25aa\u00a0 <span style=\"color: #5a7411\"><a href=\"mailto:nathalie_villeneuve@uqac.ca\"><span style=\"color: #5a7411\">nathalie_villeneuve@uqac.ca<\/span><\/a><\/span><\/p>\n","protected":false},"excerpt":{"rendered":"<p>La communaut\u00e9 universitaire est invit\u00e9e \u00e0 visiter l\u2019exposition Upload ton \u00e2me, de l\u2019artiste Pierre Tremblay-Th\u00e9riault\u00a0: Du 12 au 26 mars 2014 Galerie L\u2019\u0152uvre de l\u2019autre (Pavillon des arts) Le vernissage aura lieu le mercredi 12 mars 2014 \u00e0 17\u00a0h dans le cadre du 36e anniversaire du D\u00e9partement des arts et lettres de l\u2019UQAC. Pour plus [&hellip;]<\/p>\n","protected":false},"author":5,"featured_media":20989,"comment_status":"open","ping_status":"open","sticky":false,"template":"","format":"standard","meta":{"footnotes":""},"categories":[2772],"tags":[1194,1011,152,286,1014,1016,1195],"yoast_head":"<!-- This site is optimized with the Yoast SEO plugin v24.2 - https:\/\/yoast.com\/wordpress\/plugins\/seo\/ -->\r\n<title>La galerie L\u2019\u0152uvre de l\u2019autre pr\u00e9sente l\u2019exposition Upload ton \u00e2me - UQACtualit\u00e9s<\/title>\r\n<meta name=\"robots\" content=\"index, follow, max-snippet:-1, max-image-preview:large, max-video-preview:-1\" \/>\r\n<link rel=\"canonical\" href=\"https:\/\/www.uqac.ca\/uqactualites\/2014\/03\/07\/la-galerie-loeuvre-de-lautre-presente-lexposition-upload-ton-ame\/\" \/>\r\n<meta property=\"og:locale\" content=\"fr_CA\" \/>\r\n<meta property=\"og:type\" content=\"article\" \/>\r\n<meta property=\"og:title\" content=\"La galerie L\u2019\u0152uvre de l\u2019autre pr\u00e9sente l\u2019exposition Upload ton \u00e2me - UQACtualit\u00e9s\" \/>\r\n<meta property=\"og:description\" content=\"La communaut\u00e9 universitaire est invit\u00e9e \u00e0 visiter l\u2019exposition Upload ton \u00e2me, de l\u2019artiste Pierre Tremblay-Th\u00e9riault\u00a0: Du 12 au 26 mars 2014 Galerie L\u2019\u0152uvre de l\u2019autre (Pavillon des arts) Le vernissage aura lieu le mercredi 12 mars 2014 \u00e0 17\u00a0h dans le cadre du 36e anniversaire du D\u00e9partement des arts et lettres de l\u2019UQAC. Pour plus [&hellip;]\" \/>\r\n<meta property=\"og:url\" content=\"https:\/\/www.uqac.ca\/uqactualites\/2014\/03\/07\/la-galerie-loeuvre-de-lautre-presente-lexposition-upload-ton-ame\/\" \/>\r\n<meta property=\"og:site_name\" content=\"UQACtualit\u00e9s\" \/>\r\n<meta property=\"article:published_time\" content=\"2014-03-07T14:29:56+00:00\" \/>\r\n<meta property=\"og:image\" content=\"https:\/\/www.uqac.ca\/uqactualites\/wp-content\/uploads\/2012\/05\/avis-laCommunaut-.jpg\" \/>\r\n\t<meta property=\"og:image:width\" content=\"620\" \/>\r\n\t<meta property=\"og:image:height\" content=\"300\" \/>\r\n\t<meta property=\"og:image:type\" content=\"image\/jpeg\" \/>\r\n<meta name=\"author\" content=\"Service des communications et des relations publiques\" \/>\r\n<meta name=\"twitter:card\" content=\"summary_large_image\" \/>\r\n<meta name=\"twitter:label1\" content=\"\u00c9crit par\" \/>\n\t<meta name=\"twitter:data1\" content=\"Service des communications et des relations publiques\" \/>\n\t<meta name=\"twitter:label2\" content=\"Estimation du temps de lecture\" \/>\n\t<meta name=\"twitter:data2\" content=\"1 minute\" \/>\r\n<script type=\"application\/ld+json\" class=\"yoast-schema-graph\">{\"@context\":\"https:\/\/schema.org\",\"@graph\":[{\"@type\":\"WebPage\",\"@id\":\"https:\/\/www.uqac.ca\/uqactualites\/2014\/03\/07\/la-galerie-loeuvre-de-lautre-presente-lexposition-upload-ton-ame\/\",\"url\":\"https:\/\/www.uqac.ca\/uqactualites\/2014\/03\/07\/la-galerie-loeuvre-de-lautre-presente-lexposition-upload-ton-ame\/\",\"name\":\"La galerie L\u2019\u0152uvre de l\u2019autre pr\u00e9sente l\u2019exposition Upload ton \u00e2me - UQACtualit\u00e9s\",\"isPartOf\":{\"@id\":\"https:\/\/www.uqac.ca\/uqactualites\/#website\"},\"primaryImageOfPage\":{\"@id\":\"https:\/\/www.uqac.ca\/uqactualites\/2014\/03\/07\/la-galerie-loeuvre-de-lautre-presente-lexposition-upload-ton-ame\/#primaryimage\"},\"image\":{\"@id\":\"https:\/\/www.uqac.ca\/uqactualites\/2014\/03\/07\/la-galerie-loeuvre-de-lautre-presente-lexposition-upload-ton-ame\/#primaryimage\"},\"thumbnailUrl\":\"https:\/\/www.uqac.ca\/uqactualites\/wp-content\/uploads\/2012\/05\/avis-laCommunaut-.jpg\",\"datePublished\":\"2014-03-07T14:29:56+00:00\",\"dateModified\":\"2014-03-07T14:29:56+00:00\",\"author\":{\"@id\":\"https:\/\/www.uqac.ca\/uqactualites\/#\/schema\/person\/366c45a0c4f0e677b41b4af5886e2018\"},\"breadcrumb\":{\"@id\":\"https:\/\/www.uqac.ca\/uqactualites\/2014\/03\/07\/la-galerie-loeuvre-de-lautre-presente-lexposition-upload-ton-ame\/#breadcrumb\"},\"inLanguage\":\"fr-CA\",\"potentialAction\":[{\"@type\":\"ReadAction\",\"target\":[\"https:\/\/www.uqac.ca\/uqactualites\/2014\/03\/07\/la-galerie-loeuvre-de-lautre-presente-lexposition-upload-ton-ame\/\"]}]},{\"@type\":\"ImageObject\",\"inLanguage\":\"fr-CA\",\"@id\":\"https:\/\/www.uqac.ca\/uqactualites\/2014\/03\/07\/la-galerie-loeuvre-de-lautre-presente-lexposition-upload-ton-ame\/#primaryimage\",\"url\":\"https:\/\/www.uqac.ca\/uqactualites\/wp-content\/uploads\/2012\/05\/avis-laCommunaut-.jpg\",\"contentUrl\":\"https:\/\/www.uqac.ca\/uqactualites\/wp-content\/uploads\/2012\/05\/avis-laCommunaut-.jpg\",\"width\":620,\"height\":300},{\"@type\":\"BreadcrumbList\",\"@id\":\"https:\/\/www.uqac.ca\/uqactualites\/2014\/03\/07\/la-galerie-loeuvre-de-lautre-presente-lexposition-upload-ton-ame\/#breadcrumb\",\"itemListElement\":[{\"@type\":\"ListItem\",\"position\":1,\"name\":\"Home\",\"item\":\"https:\/\/www.uqac.ca\/uqactualites\/\"},{\"@type\":\"ListItem\",\"position\":2,\"name\":\"La galerie L\u2019\u0152uvre de l\u2019autre pr\u00e9sente l\u2019exposition Upload ton \u00e2me\"}]},{\"@type\":\"WebSite\",\"@id\":\"https:\/\/www.uqac.ca\/uqactualites\/#website\",\"url\":\"https:\/\/www.uqac.ca\/uqactualites\/\",\"name\":\"UQACtualit\u00e9s\",\"description\":\"Le portail des nouvelles de l&#039;UQAC\",\"potentialAction\":[{\"@type\":\"SearchAction\",\"target\":{\"@type\":\"EntryPoint\",\"urlTemplate\":\"https:\/\/www.uqac.ca\/uqactualites\/?s={search_term_string}\"},\"query-input\":{\"@type\":\"PropertyValueSpecification\",\"valueRequired\":true,\"valueName\":\"search_term_string\"}}],\"inLanguage\":\"fr-CA\"},{\"@type\":\"Person\",\"@id\":\"https:\/\/www.uqac.ca\/uqactualites\/#\/schema\/person\/366c45a0c4f0e677b41b4af5886e2018\",\"name\":\"Service des communications et des relations publiques\",\"image\":{\"@type\":\"ImageObject\",\"inLanguage\":\"fr-CA\",\"@id\":\"https:\/\/www.uqac.ca\/uqactualites\/#\/schema\/person\/image\/\",\"url\":\"https:\/\/secure.gravatar.com\/avatar\/20fbbda8a292f59f2d3461a5b999c00b?s=96&d=mm&r=g\",\"contentUrl\":\"https:\/\/secure.gravatar.com\/avatar\/20fbbda8a292f59f2d3461a5b999c00b?s=96&d=mm&r=g\",\"caption\":\"Service des communications et des relations publiques\"},\"url\":\"https:\/\/www.uqac.ca\/uqactualites\/author\/bap\/\"}]}<\/script>\r\n<!-- \/ Yoast SEO plugin. -->","yoast_head_json":{"title":"La galerie L\u2019\u0152uvre de l\u2019autre pr\u00e9sente l\u2019exposition Upload ton \u00e2me - UQACtualit\u00e9s","robots":{"index":"index","follow":"follow","max-snippet":"max-snippet:-1","max-image-preview":"max-image-preview:large","max-video-preview":"max-video-preview:-1"},"canonical":"https:\/\/www.uqac.ca\/uqactualites\/2014\/03\/07\/la-galerie-loeuvre-de-lautre-presente-lexposition-upload-ton-ame\/","og_locale":"fr_CA","og_type":"article","og_title":"La galerie L\u2019\u0152uvre de l\u2019autre pr\u00e9sente l\u2019exposition Upload ton \u00e2me - UQACtualit\u00e9s","og_description":"La communaut\u00e9 universitaire est invit\u00e9e \u00e0 visiter l\u2019exposition Upload ton \u00e2me, de l\u2019artiste Pierre Tremblay-Th\u00e9riault\u00a0: Du 12 au 26 mars 2014 Galerie L\u2019\u0152uvre de l\u2019autre (Pavillon des arts) Le vernissage aura lieu le mercredi 12 mars 2014 \u00e0 17\u00a0h dans le cadre du 36e anniversaire du D\u00e9partement des arts et lettres de l\u2019UQAC. Pour plus [&hellip;]","og_url":"https:\/\/www.uqac.ca\/uqactualites\/2014\/03\/07\/la-galerie-loeuvre-de-lautre-presente-lexposition-upload-ton-ame\/","og_site_name":"UQACtualit\u00e9s","article_published_time":"2014-03-07T14:29:56+00:00","og_image":[{"width":620,"height":300,"url":"https:\/\/www.uqac.ca\/uqactualites\/wp-content\/uploads\/2012\/05\/avis-laCommunaut-.jpg","type":"image\/jpeg"}],"author":"Service des communications et des relations publiques","twitter_card":"summary_large_image","twitter_misc":{"\u00c9crit par":"Service des communications et des relations publiques","Estimation du temps de lecture":"1 minute"},"schema":{"@context":"https:\/\/schema.org","@graph":[{"@type":"WebPage","@id":"https:\/\/www.uqac.ca\/uqactualites\/2014\/03\/07\/la-galerie-loeuvre-de-lautre-presente-lexposition-upload-ton-ame\/","url":"https:\/\/www.uqac.ca\/uqactualites\/2014\/03\/07\/la-galerie-loeuvre-de-lautre-presente-lexposition-upload-ton-ame\/","name":"La galerie L\u2019\u0152uvre de l\u2019autre pr\u00e9sente l\u2019exposition Upload ton \u00e2me - UQACtualit\u00e9s","isPartOf":{"@id":"https:\/\/www.uqac.ca\/uqactualites\/#website"},"primaryImageOfPage":{"@id":"https:\/\/www.uqac.ca\/uqactualites\/2014\/03\/07\/la-galerie-loeuvre-de-lautre-presente-lexposition-upload-ton-ame\/#primaryimage"},"image":{"@id":"https:\/\/www.uqac.ca\/uqactualites\/2014\/03\/07\/la-galerie-loeuvre-de-lautre-presente-lexposition-upload-ton-ame\/#primaryimage"},"thumbnailUrl":"https:\/\/www.uqac.ca\/uqactualites\/wp-content\/uploads\/2012\/05\/avis-laCommunaut-.jpg","datePublished":"2014-03-07T14:29:56+00:00","dateModified":"2014-03-07T14:29:56+00:00","author":{"@id":"https:\/\/www.uqac.ca\/uqactualites\/#\/schema\/person\/366c45a0c4f0e677b41b4af5886e2018"},"breadcrumb":{"@id":"https:\/\/www.uqac.ca\/uqactualites\/2014\/03\/07\/la-galerie-loeuvre-de-lautre-presente-lexposition-upload-ton-ame\/#breadcrumb"},"inLanguage":"fr-CA","potentialAction":[{"@type":"ReadAction","target":["https:\/\/www.uqac.ca\/uqactualites\/2014\/03\/07\/la-galerie-loeuvre-de-lautre-presente-lexposition-upload-ton-ame\/"]}]},{"@type":"ImageObject","inLanguage":"fr-CA","@id":"https:\/\/www.uqac.ca\/uqactualites\/2014\/03\/07\/la-galerie-loeuvre-de-lautre-presente-lexposition-upload-ton-ame\/#primaryimage","url":"https:\/\/www.uqac.ca\/uqactualites\/wp-content\/uploads\/2012\/05\/avis-laCommunaut-.jpg","contentUrl":"https:\/\/www.uqac.ca\/uqactualites\/wp-content\/uploads\/2012\/05\/avis-laCommunaut-.jpg","width":620,"height":300},{"@type":"BreadcrumbList","@id":"https:\/\/www.uqac.ca\/uqactualites\/2014\/03\/07\/la-galerie-loeuvre-de-lautre-presente-lexposition-upload-ton-ame\/#breadcrumb","itemListElement":[{"@type":"ListItem","position":1,"name":"Home","item":"https:\/\/www.uqac.ca\/uqactualites\/"},{"@type":"ListItem","position":2,"name":"La galerie L\u2019\u0152uvre de l\u2019autre pr\u00e9sente l\u2019exposition Upload ton \u00e2me"}]},{"@type":"WebSite","@id":"https:\/\/www.uqac.ca\/uqactualites\/#website","url":"https:\/\/www.uqac.ca\/uqactualites\/","name":"UQACtualit\u00e9s","description":"Le portail des nouvelles de l&#039;UQAC","potentialAction":[{"@type":"SearchAction","target":{"@type":"EntryPoint","urlTemplate":"https:\/\/www.uqac.ca\/uqactualites\/?s={search_term_string}"},"query-input":{"@type":"PropertyValueSpecification","valueRequired":true,"valueName":"search_term_string"}}],"inLanguage":"fr-CA"},{"@type":"Person","@id":"https:\/\/www.uqac.ca\/uqactualites\/#\/schema\/person\/366c45a0c4f0e677b41b4af5886e2018","name":"Service des communications et des relations publiques","image":{"@type":"ImageObject","inLanguage":"fr-CA","@id":"https:\/\/www.uqac.ca\/uqactualites\/#\/schema\/person\/image\/","url":"https:\/\/secure.gravatar.com\/avatar\/20fbbda8a292f59f2d3461a5b999c00b?s=96&d=mm&r=g","contentUrl":"https:\/\/secure.gravatar.com\/avatar\/20fbbda8a292f59f2d3461a5b999c00b?s=96&d=mm&r=g","caption":"Service des communications et des relations publiques"},"url":"https:\/\/www.uqac.ca\/uqactualites\/author\/bap\/"}]}},"_links":{"self":[{"href":"https:\/\/www.uqac.ca\/uqactualites\/wp-json\/wp\/v2\/posts\/27223"}],"collection":[{"href":"https:\/\/www.uqac.ca\/uqactualites\/wp-json\/wp\/v2\/posts"}],"about":[{"href":"https:\/\/www.uqac.ca\/uqactualites\/wp-json\/wp\/v2\/types\/post"}],"author":[{"embeddable":true,"href":"https:\/\/www.uqac.ca\/uqactualites\/wp-json\/wp\/v2\/users\/5"}],"replies":[{"embeddable":true,"href":"https:\/\/www.uqac.ca\/uqactualites\/wp-json\/wp\/v2\/comments?post=27223"}],"version-history":[{"count":0,"href":"https:\/\/www.uqac.ca\/uqactualites\/wp-json\/wp\/v2\/posts\/27223\/revisions"}],"wp:featuredmedia":[{"embeddable":true,"href":"https:\/\/www.uqac.ca\/uqactualites\/wp-json\/wp\/v2\/media\/20989"}],"wp:attachment":[{"href":"https:\/\/www.uqac.ca\/uqactualites\/wp-json\/wp\/v2\/media?parent=27223"}],"wp:term":[{"taxonomy":"category","embeddable":true,"href":"https:\/\/www.uqac.ca\/uqactualites\/wp-json\/wp\/v2\/categories?post=27223"},{"taxonomy":"post_tag","embeddable":true,"href":"https:\/\/www.uqac.ca\/uqactualites\/wp-json\/wp\/v2\/tags?post=27223"}],"curies":[{"name":"wp","href":"https:\/\/api.w.org\/{rel}","templated":true}]}}