{"id":27332,"date":"2014-03-19T10:32:25","date_gmt":"2014-03-19T14:32:25","guid":{"rendered":"http:\/\/uqactualite.odev.ca\/?p=27332"},"modified":"2014-03-19T10:32:25","modified_gmt":"2014-03-19T14:32:25","slug":"27332-2","status":"publish","type":"post","link":"https:\/\/www.uqac.ca\/uqactualites\/2014\/03\/19\/27332-2\/","title":{"rendered":"Invitation \u00e0 l&rsquo;inauguration officielle du Studio de cr\u00e9ation en arts num\u00e9riques (SCAN)"},"content":{"rendered":"<p style=\"text-align: justify\">Membres de la presse, vous \u00eates invit\u00e9s \u00e0 assister \u00e0 l\u2019inauguration officielle du Studio de cr\u00e9ation en arts num\u00e9riques (SCAN) de l\u2019UQAC\u00a0:<\/p>\n<p style=\"text-align: center\" align=\"center\"><span style=\"color: #5a7411\">\u00a0<b>Jeudi 20 mars 2014\u00a0 <\/b><b>\u25aa<\/b><b>\u00a0 \u00c0 compter de 14\u00a0h<br \/>\n<\/b>Studio de cr\u00e9ation en arts num\u00e9riques (local P0-1070)<\/span><b><br \/>\n<\/b>(Pavillon principal \u00a0\u25aa\u00a0 Universit\u00e9 du Qu\u00e9bec \u00e0 Chicoutimi)<\/p>\n<p style=\"text-align: center\"><span style=\"color: #5a7411\">Conf\u00e9rence de Micha\u00ebl La Chance,<\/span><br \/>\n<span style=\"color: #5a7411\">directeur du D\u00e9partement des arts et lettres de l\u2019UQAC<\/span><\/p>\n<p style=\"text-align: center\" align=\"center\"><span style=\"color: #5a7411\">Atelier de cr\u00e9ation sonore\u00a0avec Philippe-Aubert Gauthier<\/span><\/p>\n<p style=\"text-align: center\" align=\"center\"><span style=\"color: #5a7411\">Lancement en formule \u00ab\u00a05 \u00e0 7\u00a0\u00bb<\/span><br \/>\n<span style=\"color: #5a7411\">suivi d\u2019une performance du duo montr\u00e9alais PurForm<\/span><\/p>\n<p style=\"text-align: center\" align=\"center\"><b>\u00a0Consultez la programmation compl\u00e8te au<br \/>\n<span style=\"text-decoration: underline;color: #5a7411\"><a href=\"http:\/\/www.uqac.ca\/scan\" target=\"_blank\" rel=\"noopener\"><span style=\"color: #5a7411;text-decoration: underline\">www.uqac.ca\/scan<\/span><\/a><\/span><\/b><\/p>\n<p style=\"text-align: justify\"><b>Source\u00a0:<br \/>\n<\/b>Jean Wauthier, directeur<br \/>\nBureau des affaires publiques<br \/>\nUniversit\u00e9 du Qu\u00e9bec \u00e0 Chicoutimi<br \/>\n418\u00a0545-5011, poste\u00a05006\u00a0 \u25aa\u00a0 <span style=\"color: #5a7411\"><a href=\"mailto:jean.wauthier@uqac.ca\"><span style=\"color: #5a7411\">jean.wauthier@uqac.ca<\/span><\/a><\/span><\/p>\n<p style=\"text-align: justify\"><strong>Renseignements :<\/strong><\/p>\n<p style=\"text-align: justify\">James Partaik, professeur<br \/>\nD\u00e9partement des arts et lettres<br \/>\nUniversit\u00e9 du Qu\u00e9bec \u00e0 Chicoutimi<br \/>\n418 545-5011, poste 2427\u00a0 \u25aa\u00a0 <span style=\"color: #5a7411\"><a href=\"mailto:james_partaik@uqac.ca\"><span style=\"color: #5a7411\">james_partaik@uqac.ca<\/span><\/a><\/span><\/p>\n<p style=\"text-align: justify\">Constanza Camelo-Suarez, professeure<br \/>\nD\u00e9partement des arts et lettres<br \/>\nUniversit\u00e9 du Qu\u00e9bec \u00e0 Chicoutimi<br \/>\n418 545-5011, poste 5255\u00a0 \u25aa\u00a0 <span style=\"color: #5a7411\"><a href=\"mailto:ccamelo@uqac.ca\"><span style=\"color: #5a7411\">ccamelo@uqac.ca<\/span><\/a><\/span><\/p>\n<p style=\"text-align: justify\">\n","protected":false},"excerpt":{"rendered":"<p>Membres de la presse, vous \u00eates invit\u00e9s \u00e0 assister \u00e0 l\u2019inauguration officielle du Studio de cr\u00e9ation en arts num\u00e9riques (SCAN) de l\u2019UQAC\u00a0: \u00a0Jeudi 20 mars 2014\u00a0 \u25aa\u00a0 \u00c0 compter de 14\u00a0h Studio de cr\u00e9ation en arts num\u00e9riques (local P0-1070) (Pavillon principal \u00a0\u25aa\u00a0 Universit\u00e9 du Qu\u00e9bec \u00e0 Chicoutimi) Conf\u00e9rence de Micha\u00ebl La Chance, directeur du D\u00e9partement [&hellip;]<\/p>\n","protected":false},"author":5,"featured_media":23893,"comment_status":"open","ping_status":"open","sticky":false,"template":"","format":"standard","meta":{"footnotes":""},"categories":[2772],"tags":[509,1248,152,900,75,1209,1238,1239],"yoast_head":"<!-- This site is optimized with the Yoast SEO plugin v24.2 - https:\/\/yoast.com\/wordpress\/plugins\/seo\/ -->\r\n<title>Invitation \u00e0 l&#039;inauguration officielle du Studio de cr\u00e9ation en arts num\u00e9riques (SCAN) - UQACtualit\u00e9s<\/title>\r\n<meta name=\"robots\" content=\"index, follow, max-snippet:-1, max-image-preview:large, max-video-preview:-1\" \/>\r\n<link rel=\"canonical\" href=\"https:\/\/www.uqac.ca\/uqactualites\/2014\/03\/19\/27332-2\/\" \/>\r\n<meta property=\"og:locale\" content=\"fr_CA\" \/>\r\n<meta property=\"og:type\" content=\"article\" \/>\r\n<meta property=\"og:title\" content=\"Invitation \u00e0 l&#039;inauguration officielle du Studio de cr\u00e9ation en arts num\u00e9riques (SCAN) - UQACtualit\u00e9s\" \/>\r\n<meta property=\"og:description\" content=\"Membres de la presse, vous \u00eates invit\u00e9s \u00e0 assister \u00e0 l\u2019inauguration officielle du Studio de cr\u00e9ation en arts num\u00e9riques (SCAN) de l\u2019UQAC\u00a0: \u00a0Jeudi 20 mars 2014\u00a0 \u25aa\u00a0 \u00c0 compter de 14\u00a0h Studio de cr\u00e9ation en arts num\u00e9riques (local P0-1070) (Pavillon principal \u00a0\u25aa\u00a0 Universit\u00e9 du Qu\u00e9bec \u00e0 Chicoutimi) Conf\u00e9rence de Micha\u00ebl La Chance, directeur du D\u00e9partement [&hellip;]\" \/>\r\n<meta property=\"og:url\" content=\"https:\/\/www.uqac.ca\/uqactualites\/2014\/03\/19\/27332-2\/\" \/>\r\n<meta property=\"og:site_name\" content=\"UQACtualit\u00e9s\" \/>\r\n<meta property=\"article:published_time\" content=\"2014-03-19T14:32:25+00:00\" \/>\r\n<meta property=\"og:image\" content=\"https:\/\/www.uqac.ca\/uqactualites\/wp-content\/uploads\/2013\/04\/Invitation.jpg\" \/>\r\n\t<meta property=\"og:image:width\" content=\"620\" \/>\r\n\t<meta property=\"og:image:height\" content=\"300\" \/>\r\n\t<meta property=\"og:image:type\" content=\"image\/jpeg\" \/>\r\n<meta name=\"author\" content=\"Service des communications et des relations publiques\" \/>\r\n<meta name=\"twitter:card\" content=\"summary_large_image\" \/>\r\n<meta name=\"twitter:label1\" content=\"\u00c9crit par\" \/>\n\t<meta name=\"twitter:data1\" content=\"Service des communications et des relations publiques\" \/>\n\t<meta name=\"twitter:label2\" content=\"Estimation du temps de lecture\" \/>\n\t<meta name=\"twitter:data2\" content=\"1 minute\" \/>\r\n<script type=\"application\/ld+json\" class=\"yoast-schema-graph\">{\"@context\":\"https:\/\/schema.org\",\"@graph\":[{\"@type\":\"WebPage\",\"@id\":\"https:\/\/www.uqac.ca\/uqactualites\/2014\/03\/19\/27332-2\/\",\"url\":\"https:\/\/www.uqac.ca\/uqactualites\/2014\/03\/19\/27332-2\/\",\"name\":\"Invitation \u00e0 l'inauguration officielle du Studio de cr\u00e9ation en arts num\u00e9riques (SCAN) - UQACtualit\u00e9s\",\"isPartOf\":{\"@id\":\"https:\/\/www.uqac.ca\/uqactualites\/#website\"},\"primaryImageOfPage\":{\"@id\":\"https:\/\/www.uqac.ca\/uqactualites\/2014\/03\/19\/27332-2\/#primaryimage\"},\"image\":{\"@id\":\"https:\/\/www.uqac.ca\/uqactualites\/2014\/03\/19\/27332-2\/#primaryimage\"},\"thumbnailUrl\":\"https:\/\/www.uqac.ca\/uqactualites\/wp-content\/uploads\/2013\/04\/Invitation.jpg\",\"datePublished\":\"2014-03-19T14:32:25+00:00\",\"dateModified\":\"2014-03-19T14:32:25+00:00\",\"author\":{\"@id\":\"https:\/\/www.uqac.ca\/uqactualites\/#\/schema\/person\/366c45a0c4f0e677b41b4af5886e2018\"},\"breadcrumb\":{\"@id\":\"https:\/\/www.uqac.ca\/uqactualites\/2014\/03\/19\/27332-2\/#breadcrumb\"},\"inLanguage\":\"fr-CA\",\"potentialAction\":[{\"@type\":\"ReadAction\",\"target\":[\"https:\/\/www.uqac.ca\/uqactualites\/2014\/03\/19\/27332-2\/\"]}]},{\"@type\":\"ImageObject\",\"inLanguage\":\"fr-CA\",\"@id\":\"https:\/\/www.uqac.ca\/uqactualites\/2014\/03\/19\/27332-2\/#primaryimage\",\"url\":\"https:\/\/www.uqac.ca\/uqactualites\/wp-content\/uploads\/2013\/04\/Invitation.jpg\",\"contentUrl\":\"https:\/\/www.uqac.ca\/uqactualites\/wp-content\/uploads\/2013\/04\/Invitation.jpg\",\"width\":620,\"height\":300},{\"@type\":\"BreadcrumbList\",\"@id\":\"https:\/\/www.uqac.ca\/uqactualites\/2014\/03\/19\/27332-2\/#breadcrumb\",\"itemListElement\":[{\"@type\":\"ListItem\",\"position\":1,\"name\":\"Home\",\"item\":\"https:\/\/www.uqac.ca\/uqactualites\/\"},{\"@type\":\"ListItem\",\"position\":2,\"name\":\"Invitation \u00e0 l&rsquo;inauguration officielle du Studio de cr\u00e9ation en arts num\u00e9riques (SCAN)\"}]},{\"@type\":\"WebSite\",\"@id\":\"https:\/\/www.uqac.ca\/uqactualites\/#website\",\"url\":\"https:\/\/www.uqac.ca\/uqactualites\/\",\"name\":\"UQACtualit\u00e9s\",\"description\":\"Le portail des nouvelles de l&#039;UQAC\",\"potentialAction\":[{\"@type\":\"SearchAction\",\"target\":{\"@type\":\"EntryPoint\",\"urlTemplate\":\"https:\/\/www.uqac.ca\/uqactualites\/?s={search_term_string}\"},\"query-input\":{\"@type\":\"PropertyValueSpecification\",\"valueRequired\":true,\"valueName\":\"search_term_string\"}}],\"inLanguage\":\"fr-CA\"},{\"@type\":\"Person\",\"@id\":\"https:\/\/www.uqac.ca\/uqactualites\/#\/schema\/person\/366c45a0c4f0e677b41b4af5886e2018\",\"name\":\"Service des communications et des relations publiques\",\"image\":{\"@type\":\"ImageObject\",\"inLanguage\":\"fr-CA\",\"@id\":\"https:\/\/www.uqac.ca\/uqactualites\/#\/schema\/person\/image\/\",\"url\":\"https:\/\/secure.gravatar.com\/avatar\/20fbbda8a292f59f2d3461a5b999c00b?s=96&d=mm&r=g\",\"contentUrl\":\"https:\/\/secure.gravatar.com\/avatar\/20fbbda8a292f59f2d3461a5b999c00b?s=96&d=mm&r=g\",\"caption\":\"Service des communications et des relations publiques\"},\"url\":\"https:\/\/www.uqac.ca\/uqactualites\/author\/bap\/\"}]}<\/script>\r\n<!-- \/ Yoast SEO plugin. -->","yoast_head_json":{"title":"Invitation \u00e0 l'inauguration officielle du Studio de cr\u00e9ation en arts num\u00e9riques (SCAN) - UQACtualit\u00e9s","robots":{"index":"index","follow":"follow","max-snippet":"max-snippet:-1","max-image-preview":"max-image-preview:large","max-video-preview":"max-video-preview:-1"},"canonical":"https:\/\/www.uqac.ca\/uqactualites\/2014\/03\/19\/27332-2\/","og_locale":"fr_CA","og_type":"article","og_title":"Invitation \u00e0 l'inauguration officielle du Studio de cr\u00e9ation en arts num\u00e9riques (SCAN) - UQACtualit\u00e9s","og_description":"Membres de la presse, vous \u00eates invit\u00e9s \u00e0 assister \u00e0 l\u2019inauguration officielle du Studio de cr\u00e9ation en arts num\u00e9riques (SCAN) de l\u2019UQAC\u00a0: \u00a0Jeudi 20 mars 2014\u00a0 \u25aa\u00a0 \u00c0 compter de 14\u00a0h Studio de cr\u00e9ation en arts num\u00e9riques (local P0-1070) (Pavillon principal \u00a0\u25aa\u00a0 Universit\u00e9 du Qu\u00e9bec \u00e0 Chicoutimi) Conf\u00e9rence de Micha\u00ebl La Chance, directeur du D\u00e9partement [&hellip;]","og_url":"https:\/\/www.uqac.ca\/uqactualites\/2014\/03\/19\/27332-2\/","og_site_name":"UQACtualit\u00e9s","article_published_time":"2014-03-19T14:32:25+00:00","og_image":[{"width":620,"height":300,"url":"https:\/\/www.uqac.ca\/uqactualites\/wp-content\/uploads\/2013\/04\/Invitation.jpg","type":"image\/jpeg"}],"author":"Service des communications et des relations publiques","twitter_card":"summary_large_image","twitter_misc":{"\u00c9crit par":"Service des communications et des relations publiques","Estimation du temps de lecture":"1 minute"},"schema":{"@context":"https:\/\/schema.org","@graph":[{"@type":"WebPage","@id":"https:\/\/www.uqac.ca\/uqactualites\/2014\/03\/19\/27332-2\/","url":"https:\/\/www.uqac.ca\/uqactualites\/2014\/03\/19\/27332-2\/","name":"Invitation \u00e0 l'inauguration officielle du Studio de cr\u00e9ation en arts num\u00e9riques (SCAN) - UQACtualit\u00e9s","isPartOf":{"@id":"https:\/\/www.uqac.ca\/uqactualites\/#website"},"primaryImageOfPage":{"@id":"https:\/\/www.uqac.ca\/uqactualites\/2014\/03\/19\/27332-2\/#primaryimage"},"image":{"@id":"https:\/\/www.uqac.ca\/uqactualites\/2014\/03\/19\/27332-2\/#primaryimage"},"thumbnailUrl":"https:\/\/www.uqac.ca\/uqactualites\/wp-content\/uploads\/2013\/04\/Invitation.jpg","datePublished":"2014-03-19T14:32:25+00:00","dateModified":"2014-03-19T14:32:25+00:00","author":{"@id":"https:\/\/www.uqac.ca\/uqactualites\/#\/schema\/person\/366c45a0c4f0e677b41b4af5886e2018"},"breadcrumb":{"@id":"https:\/\/www.uqac.ca\/uqactualites\/2014\/03\/19\/27332-2\/#breadcrumb"},"inLanguage":"fr-CA","potentialAction":[{"@type":"ReadAction","target":["https:\/\/www.uqac.ca\/uqactualites\/2014\/03\/19\/27332-2\/"]}]},{"@type":"ImageObject","inLanguage":"fr-CA","@id":"https:\/\/www.uqac.ca\/uqactualites\/2014\/03\/19\/27332-2\/#primaryimage","url":"https:\/\/www.uqac.ca\/uqactualites\/wp-content\/uploads\/2013\/04\/Invitation.jpg","contentUrl":"https:\/\/www.uqac.ca\/uqactualites\/wp-content\/uploads\/2013\/04\/Invitation.jpg","width":620,"height":300},{"@type":"BreadcrumbList","@id":"https:\/\/www.uqac.ca\/uqactualites\/2014\/03\/19\/27332-2\/#breadcrumb","itemListElement":[{"@type":"ListItem","position":1,"name":"Home","item":"https:\/\/www.uqac.ca\/uqactualites\/"},{"@type":"ListItem","position":2,"name":"Invitation \u00e0 l&rsquo;inauguration officielle du Studio de cr\u00e9ation en arts num\u00e9riques (SCAN)"}]},{"@type":"WebSite","@id":"https:\/\/www.uqac.ca\/uqactualites\/#website","url":"https:\/\/www.uqac.ca\/uqactualites\/","name":"UQACtualit\u00e9s","description":"Le portail des nouvelles de l&#039;UQAC","potentialAction":[{"@type":"SearchAction","target":{"@type":"EntryPoint","urlTemplate":"https:\/\/www.uqac.ca\/uqactualites\/?s={search_term_string}"},"query-input":{"@type":"PropertyValueSpecification","valueRequired":true,"valueName":"search_term_string"}}],"inLanguage":"fr-CA"},{"@type":"Person","@id":"https:\/\/www.uqac.ca\/uqactualites\/#\/schema\/person\/366c45a0c4f0e677b41b4af5886e2018","name":"Service des communications et des relations publiques","image":{"@type":"ImageObject","inLanguage":"fr-CA","@id":"https:\/\/www.uqac.ca\/uqactualites\/#\/schema\/person\/image\/","url":"https:\/\/secure.gravatar.com\/avatar\/20fbbda8a292f59f2d3461a5b999c00b?s=96&d=mm&r=g","contentUrl":"https:\/\/secure.gravatar.com\/avatar\/20fbbda8a292f59f2d3461a5b999c00b?s=96&d=mm&r=g","caption":"Service des communications et des relations publiques"},"url":"https:\/\/www.uqac.ca\/uqactualites\/author\/bap\/"}]}},"_links":{"self":[{"href":"https:\/\/www.uqac.ca\/uqactualites\/wp-json\/wp\/v2\/posts\/27332"}],"collection":[{"href":"https:\/\/www.uqac.ca\/uqactualites\/wp-json\/wp\/v2\/posts"}],"about":[{"href":"https:\/\/www.uqac.ca\/uqactualites\/wp-json\/wp\/v2\/types\/post"}],"author":[{"embeddable":true,"href":"https:\/\/www.uqac.ca\/uqactualites\/wp-json\/wp\/v2\/users\/5"}],"replies":[{"embeddable":true,"href":"https:\/\/www.uqac.ca\/uqactualites\/wp-json\/wp\/v2\/comments?post=27332"}],"version-history":[{"count":0,"href":"https:\/\/www.uqac.ca\/uqactualites\/wp-json\/wp\/v2\/posts\/27332\/revisions"}],"wp:featuredmedia":[{"embeddable":true,"href":"https:\/\/www.uqac.ca\/uqactualites\/wp-json\/wp\/v2\/media\/23893"}],"wp:attachment":[{"href":"https:\/\/www.uqac.ca\/uqactualites\/wp-json\/wp\/v2\/media?parent=27332"}],"wp:term":[{"taxonomy":"category","embeddable":true,"href":"https:\/\/www.uqac.ca\/uqactualites\/wp-json\/wp\/v2\/categories?post=27332"},{"taxonomy":"post_tag","embeddable":true,"href":"https:\/\/www.uqac.ca\/uqactualites\/wp-json\/wp\/v2\/tags?post=27332"}],"curies":[{"name":"wp","href":"https:\/\/api.w.org\/{rel}","templated":true}]}}