{"id":27421,"date":"2014-03-27T09:23:07","date_gmt":"2014-03-27T13:23:07","guid":{"rendered":"http:\/\/uqactualite.odev.ca\/?p=27421"},"modified":"2014-03-27T09:23:07","modified_gmt":"2014-03-27T13:23:07","slug":"herve-stecq-representera-luqac-a-la-finale-provinciale-du-concours-ma-these-en-180-secondes","status":"publish","type":"post","link":"https:\/\/www.uqac.ca\/uqactualites\/2014\/03\/27\/herve-stecq-representera-luqac-a-la-finale-provinciale-du-concours-ma-these-en-180-secondes\/","title":{"rendered":"Herv\u00e9 Stecq repr\u00e9sentera l\u2019UQAC \u00e0 la finale provinciale du concours \u00ab Ma th\u00e8se en 180 secondes \u00bb"},"content":{"rendered":"<p style=\"text-align: justify\">\u00c9tudiant de l\u2019UQAC au <span style=\"color: #5a7411\"><a href=\"http:\/\/programmes.uqac.ca\/3770\" target=\"_blank\" rel=\"noopener\"><span style=\"color: #5a7411\">doctorat en d\u00e9veloppement r\u00e9gional<\/span><\/a><\/span>, Herv\u00e9 Stecq agira \u00e0 titre de repr\u00e9sentant de l\u2019UQAC lors de la finale provinciale du concours \u00ab Ma th\u00e8se en 180 secondes \u00bb. Pr\u00e9sent\u00e9 par l\u2019Association francophone pour le savoir (Acfas), l\u2019\u00e9v\u00e9nement aura lieu en mai prochain \u00e0 l\u2019Universit\u00e9 Concordia dans le cadre du 82<sup>e<\/sup> Congr\u00e8s de l\u2019Acfas. Herv\u00e9 se joindra ainsi \u00e0 des \u00e9tudiants provenant de tous les coins du Qu\u00e9bec venus pr\u00e9senter leur sujet de recherche doctorale en trois minutes tapantes.<\/p>\n<p style=\"text-align: justify\">C\u2019est lors d\u2019une pr\u00e9sentation tenue le mercredi 26 mars dernier \u00e0 l\u2019UQAC que le candidat a pu r\u00e9aliser sa premi\u00e8re prestation de 180 secondes devant public. Pour l\u2019occasion, une \u00e9quipe de consultants form\u00e9e de Jorge Frozzini, professeur au D\u00e9partement des arts et lettres, et de Martin Larose, coordonnateur au D\u00e9canat des \u00e9tudes, a \u00e9t\u00e9 d\u00e9p\u00each\u00e9e\u00a0: ces derniers ont pu offrir \u00e0 chaud des commentaires sur la performance d\u2019Herv\u00e9, qui lui permettront assur\u00e9ment d\u2019\u00e9pater le public et le jury lors de la finale provinciale.<\/p>\n<p style=\"text-align: justify\">Bonne chance!<\/p>\n<p style=\"text-align: justify\">\n<span style=\"color: #808080\">________________________________________________________________________________________<\/span><\/p>\n<p style=\"text-align: justify\"><span style=\"color: #808080\"><b>Photo\u00a0:<\/b> Jorge Frozzini, professeur au D\u00e9partement des arts et lettres, Herv\u00e9 Stecq, \u00e9tudiant et repr\u00e9sentant de l\u2019UQAC \u00e0 la finale provinciale du concours \u00ab Ma th\u00e8se en 180 secondes \u00bb, et Martin Larose, coordonnateur au D\u00e9canat des \u00e9tudes<\/span><br \/>\n<span style=\"color: #808080\"><b>Photographe\u00a0:<\/b> Denis Blackburn, UQAC<\/span><br \/>\n<span style=\"color: #808080\"> ________________________________________________________________________________________<\/span><\/p>\n","protected":false},"excerpt":{"rendered":"<p>\u00c9tudiant de l\u2019UQAC au doctorat en d\u00e9veloppement r\u00e9gional, Herv\u00e9 Stecq agira \u00e0 titre de repr\u00e9sentant de l\u2019UQAC lors de la finale provinciale du concours \u00ab Ma th\u00e8se en 180 secondes \u00bb. Pr\u00e9sent\u00e9 par l\u2019Association francophone pour le savoir (Acfas), l\u2019\u00e9v\u00e9nement aura lieu en mai prochain \u00e0 l\u2019Universit\u00e9 Concordia dans le cadre du 82e Congr\u00e8s de [&hellip;]<\/p>\n","protected":false},"author":5,"featured_media":27422,"comment_status":"open","ping_status":"open","sticky":false,"template":"","format":"standard","meta":{"footnotes":""},"categories":[2,61],"tags":[364,494,1059,67,1045,77,366,294],"yoast_head":"<!-- This site is optimized with the Yoast SEO plugin v24.2 - https:\/\/yoast.com\/wordpress\/plugins\/seo\/ -->\r\n<title>Herv\u00e9 Stecq repr\u00e9sentera l\u2019UQAC \u00e0 la finale provinciale du concours \u00ab Ma th\u00e8se en 180 secondes \u00bb - UQACtualit\u00e9s<\/title>\r\n<meta name=\"robots\" content=\"index, follow, max-snippet:-1, max-image-preview:large, max-video-preview:-1\" \/>\r\n<link rel=\"canonical\" href=\"https:\/\/www.uqac.ca\/uqactualites\/2014\/03\/27\/herve-stecq-representera-luqac-a-la-finale-provinciale-du-concours-ma-these-en-180-secondes\/\" \/>\r\n<meta property=\"og:locale\" content=\"fr_CA\" \/>\r\n<meta property=\"og:type\" content=\"article\" \/>\r\n<meta property=\"og:title\" content=\"Herv\u00e9 Stecq repr\u00e9sentera l\u2019UQAC \u00e0 la finale provinciale du concours \u00ab Ma th\u00e8se en 180 secondes \u00bb - UQACtualit\u00e9s\" \/>\r\n<meta property=\"og:description\" content=\"\u00c9tudiant de l\u2019UQAC au doctorat en d\u00e9veloppement r\u00e9gional, Herv\u00e9 Stecq agira \u00e0 titre de repr\u00e9sentant de l\u2019UQAC lors de la finale provinciale du concours \u00ab Ma th\u00e8se en 180 secondes \u00bb. Pr\u00e9sent\u00e9 par l\u2019Association francophone pour le savoir (Acfas), l\u2019\u00e9v\u00e9nement aura lieu en mai prochain \u00e0 l\u2019Universit\u00e9 Concordia dans le cadre du 82e Congr\u00e8s de [&hellip;]\" \/>\r\n<meta property=\"og:url\" content=\"https:\/\/www.uqac.ca\/uqactualites\/2014\/03\/27\/herve-stecq-representera-luqac-a-la-finale-provinciale-du-concours-ma-these-en-180-secondes\/\" \/>\r\n<meta property=\"og:site_name\" content=\"UQACtualit\u00e9s\" \/>\r\n<meta property=\"article:published_time\" content=\"2014-03-27T13:23:07+00:00\" \/>\r\n<meta property=\"og:image\" content=\"https:\/\/www.uqac.ca\/uqactualites\/wp-content\/uploads\/2014\/03\/MT180S-Web-\u00a9Denis-Blackburn.jpg\" \/>\r\n\t<meta property=\"og:image:width\" content=\"620\" \/>\r\n\t<meta property=\"og:image:height\" content=\"300\" \/>\r\n\t<meta property=\"og:image:type\" content=\"image\/jpeg\" \/>\r\n<meta name=\"author\" content=\"Service des communications et des relations publiques\" \/>\r\n<meta name=\"twitter:card\" content=\"summary_large_image\" \/>\r\n<meta name=\"twitter:label1\" content=\"\u00c9crit par\" \/>\n\t<meta name=\"twitter:data1\" content=\"Service des communications et des relations publiques\" \/>\n\t<meta name=\"twitter:label2\" content=\"Estimation du temps de lecture\" \/>\n\t<meta name=\"twitter:data2\" content=\"1 minute\" \/>\r\n<script type=\"application\/ld+json\" class=\"yoast-schema-graph\">{\"@context\":\"https:\/\/schema.org\",\"@graph\":[{\"@type\":\"WebPage\",\"@id\":\"https:\/\/www.uqac.ca\/uqactualites\/2014\/03\/27\/herve-stecq-representera-luqac-a-la-finale-provinciale-du-concours-ma-these-en-180-secondes\/\",\"url\":\"https:\/\/www.uqac.ca\/uqactualites\/2014\/03\/27\/herve-stecq-representera-luqac-a-la-finale-provinciale-du-concours-ma-these-en-180-secondes\/\",\"name\":\"Herv\u00e9 Stecq repr\u00e9sentera l\u2019UQAC \u00e0 la finale provinciale du concours \u00ab Ma th\u00e8se en 180 secondes \u00bb - UQACtualit\u00e9s\",\"isPartOf\":{\"@id\":\"https:\/\/www.uqac.ca\/uqactualites\/#website\"},\"primaryImageOfPage\":{\"@id\":\"https:\/\/www.uqac.ca\/uqactualites\/2014\/03\/27\/herve-stecq-representera-luqac-a-la-finale-provinciale-du-concours-ma-these-en-180-secondes\/#primaryimage\"},\"image\":{\"@id\":\"https:\/\/www.uqac.ca\/uqactualites\/2014\/03\/27\/herve-stecq-representera-luqac-a-la-finale-provinciale-du-concours-ma-these-en-180-secondes\/#primaryimage\"},\"thumbnailUrl\":\"https:\/\/www.uqac.ca\/uqactualites\/wp-content\/uploads\/2014\/03\/MT180S-Web-\u00a9Denis-Blackburn.jpg\",\"datePublished\":\"2014-03-27T13:23:07+00:00\",\"dateModified\":\"2014-03-27T13:23:07+00:00\",\"author\":{\"@id\":\"https:\/\/www.uqac.ca\/uqactualites\/#\/schema\/person\/366c45a0c4f0e677b41b4af5886e2018\"},\"breadcrumb\":{\"@id\":\"https:\/\/www.uqac.ca\/uqactualites\/2014\/03\/27\/herve-stecq-representera-luqac-a-la-finale-provinciale-du-concours-ma-these-en-180-secondes\/#breadcrumb\"},\"inLanguage\":\"fr-CA\",\"potentialAction\":[{\"@type\":\"ReadAction\",\"target\":[\"https:\/\/www.uqac.ca\/uqactualites\/2014\/03\/27\/herve-stecq-representera-luqac-a-la-finale-provinciale-du-concours-ma-these-en-180-secondes\/\"]}]},{\"@type\":\"ImageObject\",\"inLanguage\":\"fr-CA\",\"@id\":\"https:\/\/www.uqac.ca\/uqactualites\/2014\/03\/27\/herve-stecq-representera-luqac-a-la-finale-provinciale-du-concours-ma-these-en-180-secondes\/#primaryimage\",\"url\":\"https:\/\/www.uqac.ca\/uqactualites\/wp-content\/uploads\/2014\/03\/MT180S-Web-\u00a9Denis-Blackburn.jpg\",\"contentUrl\":\"https:\/\/www.uqac.ca\/uqactualites\/wp-content\/uploads\/2014\/03\/MT180S-Web-\u00a9Denis-Blackburn.jpg\",\"width\":620,\"height\":300},{\"@type\":\"BreadcrumbList\",\"@id\":\"https:\/\/www.uqac.ca\/uqactualites\/2014\/03\/27\/herve-stecq-representera-luqac-a-la-finale-provinciale-du-concours-ma-these-en-180-secondes\/#breadcrumb\",\"itemListElement\":[{\"@type\":\"ListItem\",\"position\":1,\"name\":\"Home\",\"item\":\"https:\/\/www.uqac.ca\/uqactualites\/\"},{\"@type\":\"ListItem\",\"position\":2,\"name\":\"Herv\u00e9 Stecq repr\u00e9sentera l\u2019UQAC \u00e0 la finale provinciale du concours \u00ab Ma th\u00e8se en 180 secondes \u00bb\"}]},{\"@type\":\"WebSite\",\"@id\":\"https:\/\/www.uqac.ca\/uqactualites\/#website\",\"url\":\"https:\/\/www.uqac.ca\/uqactualites\/\",\"name\":\"UQACtualit\u00e9s\",\"description\":\"Le portail des nouvelles de l&#039;UQAC\",\"potentialAction\":[{\"@type\":\"SearchAction\",\"target\":{\"@type\":\"EntryPoint\",\"urlTemplate\":\"https:\/\/www.uqac.ca\/uqactualites\/?s={search_term_string}\"},\"query-input\":{\"@type\":\"PropertyValueSpecification\",\"valueRequired\":true,\"valueName\":\"search_term_string\"}}],\"inLanguage\":\"fr-CA\"},{\"@type\":\"Person\",\"@id\":\"https:\/\/www.uqac.ca\/uqactualites\/#\/schema\/person\/366c45a0c4f0e677b41b4af5886e2018\",\"name\":\"Service des communications et des relations publiques\",\"image\":{\"@type\":\"ImageObject\",\"inLanguage\":\"fr-CA\",\"@id\":\"https:\/\/www.uqac.ca\/uqactualites\/#\/schema\/person\/image\/\",\"url\":\"https:\/\/secure.gravatar.com\/avatar\/20fbbda8a292f59f2d3461a5b999c00b?s=96&d=mm&r=g\",\"contentUrl\":\"https:\/\/secure.gravatar.com\/avatar\/20fbbda8a292f59f2d3461a5b999c00b?s=96&d=mm&r=g\",\"caption\":\"Service des communications et des relations publiques\"},\"url\":\"https:\/\/www.uqac.ca\/uqactualites\/author\/bap\/\"}]}<\/script>\r\n<!-- \/ Yoast SEO plugin. -->","yoast_head_json":{"title":"Herv\u00e9 Stecq repr\u00e9sentera l\u2019UQAC \u00e0 la finale provinciale du concours \u00ab Ma th\u00e8se en 180 secondes \u00bb - UQACtualit\u00e9s","robots":{"index":"index","follow":"follow","max-snippet":"max-snippet:-1","max-image-preview":"max-image-preview:large","max-video-preview":"max-video-preview:-1"},"canonical":"https:\/\/www.uqac.ca\/uqactualites\/2014\/03\/27\/herve-stecq-representera-luqac-a-la-finale-provinciale-du-concours-ma-these-en-180-secondes\/","og_locale":"fr_CA","og_type":"article","og_title":"Herv\u00e9 Stecq repr\u00e9sentera l\u2019UQAC \u00e0 la finale provinciale du concours \u00ab Ma th\u00e8se en 180 secondes \u00bb - UQACtualit\u00e9s","og_description":"\u00c9tudiant de l\u2019UQAC au doctorat en d\u00e9veloppement r\u00e9gional, Herv\u00e9 Stecq agira \u00e0 titre de repr\u00e9sentant de l\u2019UQAC lors de la finale provinciale du concours \u00ab Ma th\u00e8se en 180 secondes \u00bb. Pr\u00e9sent\u00e9 par l\u2019Association francophone pour le savoir (Acfas), l\u2019\u00e9v\u00e9nement aura lieu en mai prochain \u00e0 l\u2019Universit\u00e9 Concordia dans le cadre du 82e Congr\u00e8s de [&hellip;]","og_url":"https:\/\/www.uqac.ca\/uqactualites\/2014\/03\/27\/herve-stecq-representera-luqac-a-la-finale-provinciale-du-concours-ma-these-en-180-secondes\/","og_site_name":"UQACtualit\u00e9s","article_published_time":"2014-03-27T13:23:07+00:00","og_image":[{"width":620,"height":300,"url":"https:\/\/www.uqac.ca\/uqactualites\/wp-content\/uploads\/2014\/03\/MT180S-Web-\u00a9Denis-Blackburn.jpg","type":"image\/jpeg"}],"author":"Service des communications et des relations publiques","twitter_card":"summary_large_image","twitter_misc":{"\u00c9crit par":"Service des communications et des relations publiques","Estimation du temps de lecture":"1 minute"},"schema":{"@context":"https:\/\/schema.org","@graph":[{"@type":"WebPage","@id":"https:\/\/www.uqac.ca\/uqactualites\/2014\/03\/27\/herve-stecq-representera-luqac-a-la-finale-provinciale-du-concours-ma-these-en-180-secondes\/","url":"https:\/\/www.uqac.ca\/uqactualites\/2014\/03\/27\/herve-stecq-representera-luqac-a-la-finale-provinciale-du-concours-ma-these-en-180-secondes\/","name":"Herv\u00e9 Stecq repr\u00e9sentera l\u2019UQAC \u00e0 la finale provinciale du concours \u00ab Ma th\u00e8se en 180 secondes \u00bb - UQACtualit\u00e9s","isPartOf":{"@id":"https:\/\/www.uqac.ca\/uqactualites\/#website"},"primaryImageOfPage":{"@id":"https:\/\/www.uqac.ca\/uqactualites\/2014\/03\/27\/herve-stecq-representera-luqac-a-la-finale-provinciale-du-concours-ma-these-en-180-secondes\/#primaryimage"},"image":{"@id":"https:\/\/www.uqac.ca\/uqactualites\/2014\/03\/27\/herve-stecq-representera-luqac-a-la-finale-provinciale-du-concours-ma-these-en-180-secondes\/#primaryimage"},"thumbnailUrl":"https:\/\/www.uqac.ca\/uqactualites\/wp-content\/uploads\/2014\/03\/MT180S-Web-\u00a9Denis-Blackburn.jpg","datePublished":"2014-03-27T13:23:07+00:00","dateModified":"2014-03-27T13:23:07+00:00","author":{"@id":"https:\/\/www.uqac.ca\/uqactualites\/#\/schema\/person\/366c45a0c4f0e677b41b4af5886e2018"},"breadcrumb":{"@id":"https:\/\/www.uqac.ca\/uqactualites\/2014\/03\/27\/herve-stecq-representera-luqac-a-la-finale-provinciale-du-concours-ma-these-en-180-secondes\/#breadcrumb"},"inLanguage":"fr-CA","potentialAction":[{"@type":"ReadAction","target":["https:\/\/www.uqac.ca\/uqactualites\/2014\/03\/27\/herve-stecq-representera-luqac-a-la-finale-provinciale-du-concours-ma-these-en-180-secondes\/"]}]},{"@type":"ImageObject","inLanguage":"fr-CA","@id":"https:\/\/www.uqac.ca\/uqactualites\/2014\/03\/27\/herve-stecq-representera-luqac-a-la-finale-provinciale-du-concours-ma-these-en-180-secondes\/#primaryimage","url":"https:\/\/www.uqac.ca\/uqactualites\/wp-content\/uploads\/2014\/03\/MT180S-Web-\u00a9Denis-Blackburn.jpg","contentUrl":"https:\/\/www.uqac.ca\/uqactualites\/wp-content\/uploads\/2014\/03\/MT180S-Web-\u00a9Denis-Blackburn.jpg","width":620,"height":300},{"@type":"BreadcrumbList","@id":"https:\/\/www.uqac.ca\/uqactualites\/2014\/03\/27\/herve-stecq-representera-luqac-a-la-finale-provinciale-du-concours-ma-these-en-180-secondes\/#breadcrumb","itemListElement":[{"@type":"ListItem","position":1,"name":"Home","item":"https:\/\/www.uqac.ca\/uqactualites\/"},{"@type":"ListItem","position":2,"name":"Herv\u00e9 Stecq repr\u00e9sentera l\u2019UQAC \u00e0 la finale provinciale du concours \u00ab Ma th\u00e8se en 180 secondes \u00bb"}]},{"@type":"WebSite","@id":"https:\/\/www.uqac.ca\/uqactualites\/#website","url":"https:\/\/www.uqac.ca\/uqactualites\/","name":"UQACtualit\u00e9s","description":"Le portail des nouvelles de l&#039;UQAC","potentialAction":[{"@type":"SearchAction","target":{"@type":"EntryPoint","urlTemplate":"https:\/\/www.uqac.ca\/uqactualites\/?s={search_term_string}"},"query-input":{"@type":"PropertyValueSpecification","valueRequired":true,"valueName":"search_term_string"}}],"inLanguage":"fr-CA"},{"@type":"Person","@id":"https:\/\/www.uqac.ca\/uqactualites\/#\/schema\/person\/366c45a0c4f0e677b41b4af5886e2018","name":"Service des communications et des relations publiques","image":{"@type":"ImageObject","inLanguage":"fr-CA","@id":"https:\/\/www.uqac.ca\/uqactualites\/#\/schema\/person\/image\/","url":"https:\/\/secure.gravatar.com\/avatar\/20fbbda8a292f59f2d3461a5b999c00b?s=96&d=mm&r=g","contentUrl":"https:\/\/secure.gravatar.com\/avatar\/20fbbda8a292f59f2d3461a5b999c00b?s=96&d=mm&r=g","caption":"Service des communications et des relations publiques"},"url":"https:\/\/www.uqac.ca\/uqactualites\/author\/bap\/"}]}},"_links":{"self":[{"href":"https:\/\/www.uqac.ca\/uqactualites\/wp-json\/wp\/v2\/posts\/27421"}],"collection":[{"href":"https:\/\/www.uqac.ca\/uqactualites\/wp-json\/wp\/v2\/posts"}],"about":[{"href":"https:\/\/www.uqac.ca\/uqactualites\/wp-json\/wp\/v2\/types\/post"}],"author":[{"embeddable":true,"href":"https:\/\/www.uqac.ca\/uqactualites\/wp-json\/wp\/v2\/users\/5"}],"replies":[{"embeddable":true,"href":"https:\/\/www.uqac.ca\/uqactualites\/wp-json\/wp\/v2\/comments?post=27421"}],"version-history":[{"count":0,"href":"https:\/\/www.uqac.ca\/uqactualites\/wp-json\/wp\/v2\/posts\/27421\/revisions"}],"wp:featuredmedia":[{"embeddable":true,"href":"https:\/\/www.uqac.ca\/uqactualites\/wp-json\/wp\/v2\/media\/27422"}],"wp:attachment":[{"href":"https:\/\/www.uqac.ca\/uqactualites\/wp-json\/wp\/v2\/media?parent=27421"}],"wp:term":[{"taxonomy":"category","embeddable":true,"href":"https:\/\/www.uqac.ca\/uqactualites\/wp-json\/wp\/v2\/categories?post=27421"},{"taxonomy":"post_tag","embeddable":true,"href":"https:\/\/www.uqac.ca\/uqactualites\/wp-json\/wp\/v2\/tags?post=27421"}],"curies":[{"name":"wp","href":"https:\/\/api.w.org\/{rel}","templated":true}]}}