{"id":27427,"date":"2014-03-27T14:15:33","date_gmt":"2014-03-27T18:15:33","guid":{"rendered":"http:\/\/uqactualite.odev.ca\/?p=27427"},"modified":"2014-03-27T14:15:33","modified_gmt":"2014-03-27T18:15:33","slug":"luqac-accueille-un-colloque-international-sur-la-dramaturgie-sonore-au-theatre-2","status":"publish","type":"post","link":"https:\/\/www.uqac.ca\/uqactualites\/2014\/03\/27\/luqac-accueille-un-colloque-international-sur-la-dramaturgie-sonore-au-theatre-2\/","title":{"rendered":"L\u2019UQAC accueille un colloque international sur la dramaturgie sonore au th\u00e9\u00e2tre"},"content":{"rendered":"<p style=\"text-align: justify\">La Chaire de recherche du Canada en cr\u00e9ation pour une dramaturgie sonore au th\u00e9\u00e2tre pr\u00e9sentait les 21 et 22 mars derniers un colloque international \u00e0 l\u2019occasion duquel plusieurs chercheurs et cr\u00e9ateurs du milieu universitaire ainsi que plusieurs professionnels de diff\u00e9rents pays (Canada, France, Bosnie) \u00e9taient pr\u00e9sents. Communications scientifiques, d\u00e9monstrations pratiques, performances, concert et exposition \u00e9taient au programme de ces deux journ\u00e9es pr\u00e9sent\u00e9es sous le th\u00e8me \u00ab\u00a0Du dispositif sonore au renouvellement de la pratique sc\u00e9nique\u00a0\u00bb.<\/p>\n<p style=\"text-align: justify\">Fond\u00e9e en 2010 et dirig\u00e9e par Jean-Paul Qu\u00e9innec, la Chaire de recherche questionne les fonctions et la pratique du son au th\u00e9\u00e2tre. En mettant en relation \u00e9criture sonore et \u00e9criture dramatique, Qu\u00e9innec et son \u00e9quipe cherchent \u00e0 concevoir une nouvelle dramaturgie sonore au th\u00e9\u00e2tre. En recevant des experts des domaines du th\u00e9\u00e2tre et du son, ce colloque \u00e9tait l\u2019occasion d\u2019approfondir des questionnements et de mettre en place un espace d\u2019\u00e9change de savoirs et d\u2019exp\u00e9riences sur les nouvelles pratiques sonores qui participent activement au renouvellement de la sc\u00e8ne th\u00e9\u00e2trale et interdisciplinaire.<\/p>\n<p style=\"text-align: justify\">Ce colloque a \u00e9t\u00e9 financ\u00e9 par la Chaire de recherche du Canada en cr\u00e9ation pour une dramaturgie sonore au th\u00e9\u00e2tre, le Fonds de recherche du Qu\u00e9bec \u2013 Soci\u00e9t\u00e9 et culture (FRQSC), le Centre interuniversitaire d\u2019\u00e9tudes sur les lettres, les arts et les traditions (CELAT), le Laboratoire des nouvelles technologies de l\u2019image, du son et de la sc\u00e8ne (LANTISS), l\u2019Universit\u00e9 Laval et l\u2019Universit\u00e9 de Montr\u00e9al\u2013Centre de recherches interm\u00e9diales sur les arts, les lettres et les techniques (CRIalt). Il a \u00e9t\u00e9 organis\u00e9 en partenariat avec la Soci\u00e9t\u00e9 qu\u00e9b\u00e9coise d&rsquo;\u00e9tudes th\u00e9\u00e2trales (SQET) et le Studio de cr\u00e9ation en arts num\u00e9riques (SCAN).<\/p>\n<p style=\"text-align: justify\"><b><br \/>\nSources\u00a0:<\/b><\/p>\n<p style=\"text-align: justify\">Jean-Paul Qu\u00e9innec, professeur<br \/>\nD\u00e9partement des arts et lettres<br \/>\nUniversit\u00e9 du Qu\u00e9bec \u00e0 Chicoutimi<br \/>\n418 550-0161\u00a0 \u25aa\u00a0 <span style=\"color: #5a7411\"><a href=\"mailto:jean-paul_queinnec@uqac.ca\"><span style=\"color: #5a7411\">jean-paul_queinnec@uqac.ca<\/span><\/a><\/span><\/p>\n<p style=\"text-align: justify\">Bureau des affaires publiques<br \/>\nUniversit\u00e9 du Qu\u00e9bec \u00e0 Chicoutimi<br \/>\n418\u00a0545-5011, poste\u00a02350\u00a0 \u25aa\u00a0 <span style=\"color: #5a7411\"><a href=\"mailto:affaires_publiques@uqac.ca\"><span style=\"color: #5a7411\">affaires_publiques@uqac.ca<\/span><\/a><\/span><\/p>\n<p style=\"text-align: justify\"><span style=\"color: #808080\">________________________________________________________________________________________<\/span><\/p>\n<p style=\"text-align: justify\"><span style=\"color: #808080\"><b>Photo\u00a0:<\/b> Anne-Marie Ouellet, \u00e9tudiante de l\u2019UQAC et membre du comit\u00e9 organisateur du colloque, et Constanza Camelo-Suarez, professeure au D\u00e9partement des arts et lettres de l\u2019UQAC<\/span><br \/>\n<span style=\"color: #808080\"><b>Photographe\u00a0:<\/b> Charlotte Moreau de La Fuente<\/span><br \/>\n<span style=\"color: #808080\">________________________________________________________________________________________<\/span><\/p>\n","protected":false},"excerpt":{"rendered":"<p>La Chaire de recherche du Canada en cr\u00e9ation pour une dramaturgie sonore au th\u00e9\u00e2tre pr\u00e9sentait les 21 et 22 mars derniers un colloque international \u00e0 l\u2019occasion duquel plusieurs chercheurs et cr\u00e9ateurs du milieu universitaire ainsi que plusieurs professionnels de diff\u00e9rents pays (Canada, France, Bosnie) \u00e9taient pr\u00e9sents. Communications scientifiques, d\u00e9monstrations pratiques, performances, concert et exposition \u00e9taient [&hellip;]<\/p>\n","protected":false},"author":5,"featured_media":27428,"comment_status":"open","ping_status":"open","sticky":false,"template":"","format":"standard","meta":{"footnotes":""},"categories":[2,61],"tags":[101,152,1215,350,1281,205],"yoast_head":"<!-- This site is optimized with the Yoast SEO plugin v24.2 - https:\/\/yoast.com\/wordpress\/plugins\/seo\/ -->\r\n<title>L\u2019UQAC accueille un colloque international sur la dramaturgie sonore au th\u00e9\u00e2tre - UQACtualit\u00e9s<\/title>\r\n<meta name=\"robots\" content=\"index, follow, max-snippet:-1, max-image-preview:large, max-video-preview:-1\" \/>\r\n<link rel=\"canonical\" href=\"https:\/\/www.uqac.ca\/uqactualites\/2014\/03\/27\/luqac-accueille-un-colloque-international-sur-la-dramaturgie-sonore-au-theatre-2\/\" \/>\r\n<meta property=\"og:locale\" content=\"fr_CA\" \/>\r\n<meta property=\"og:type\" content=\"article\" \/>\r\n<meta property=\"og:title\" content=\"L\u2019UQAC accueille un colloque international sur la dramaturgie sonore au th\u00e9\u00e2tre - UQACtualit\u00e9s\" \/>\r\n<meta property=\"og:description\" content=\"La Chaire de recherche du Canada en cr\u00e9ation pour une dramaturgie sonore au th\u00e9\u00e2tre pr\u00e9sentait les 21 et 22 mars derniers un colloque international \u00e0 l\u2019occasion duquel plusieurs chercheurs et cr\u00e9ateurs du milieu universitaire ainsi que plusieurs professionnels de diff\u00e9rents pays (Canada, France, Bosnie) \u00e9taient pr\u00e9sents. Communications scientifiques, d\u00e9monstrations pratiques, performances, concert et exposition \u00e9taient [&hellip;]\" \/>\r\n<meta property=\"og:url\" content=\"https:\/\/www.uqac.ca\/uqactualites\/2014\/03\/27\/luqac-accueille-un-colloque-international-sur-la-dramaturgie-sonore-au-theatre-2\/\" \/>\r\n<meta property=\"og:site_name\" content=\"UQACtualit\u00e9s\" \/>\r\n<meta property=\"article:published_time\" content=\"2014-03-27T18:15:33+00:00\" \/>\r\n<meta property=\"og:image\" content=\"https:\/\/www.uqac.ca\/uqactualites\/wp-content\/uploads\/2014\/03\/Colloque-sonorisation-Web-\u00a9Charlotte-Moreau-de-La-Fuente.jpg\" \/>\r\n\t<meta property=\"og:image:width\" content=\"620\" \/>\r\n\t<meta property=\"og:image:height\" content=\"300\" \/>\r\n\t<meta property=\"og:image:type\" content=\"image\/jpeg\" \/>\r\n<meta name=\"author\" content=\"Service des communications et des relations publiques\" \/>\r\n<meta name=\"twitter:card\" content=\"summary_large_image\" \/>\r\n<meta name=\"twitter:label1\" content=\"\u00c9crit par\" \/>\n\t<meta name=\"twitter:data1\" content=\"Service des communications et des relations publiques\" \/>\n\t<meta name=\"twitter:label2\" content=\"Estimation du temps de lecture\" \/>\n\t<meta name=\"twitter:data2\" content=\"2 minutes\" \/>\r\n<script type=\"application\/ld+json\" class=\"yoast-schema-graph\">{\"@context\":\"https:\/\/schema.org\",\"@graph\":[{\"@type\":\"WebPage\",\"@id\":\"https:\/\/www.uqac.ca\/uqactualites\/2014\/03\/27\/luqac-accueille-un-colloque-international-sur-la-dramaturgie-sonore-au-theatre-2\/\",\"url\":\"https:\/\/www.uqac.ca\/uqactualites\/2014\/03\/27\/luqac-accueille-un-colloque-international-sur-la-dramaturgie-sonore-au-theatre-2\/\",\"name\":\"L\u2019UQAC accueille un colloque international sur la dramaturgie sonore au th\u00e9\u00e2tre - UQACtualit\u00e9s\",\"isPartOf\":{\"@id\":\"https:\/\/www.uqac.ca\/uqactualites\/#website\"},\"primaryImageOfPage\":{\"@id\":\"https:\/\/www.uqac.ca\/uqactualites\/2014\/03\/27\/luqac-accueille-un-colloque-international-sur-la-dramaturgie-sonore-au-theatre-2\/#primaryimage\"},\"image\":{\"@id\":\"https:\/\/www.uqac.ca\/uqactualites\/2014\/03\/27\/luqac-accueille-un-colloque-international-sur-la-dramaturgie-sonore-au-theatre-2\/#primaryimage\"},\"thumbnailUrl\":\"https:\/\/www.uqac.ca\/uqactualites\/wp-content\/uploads\/2014\/03\/Colloque-sonorisation-Web-\u00a9Charlotte-Moreau-de-La-Fuente.jpg\",\"datePublished\":\"2014-03-27T18:15:33+00:00\",\"dateModified\":\"2014-03-27T18:15:33+00:00\",\"author\":{\"@id\":\"https:\/\/www.uqac.ca\/uqactualites\/#\/schema\/person\/366c45a0c4f0e677b41b4af5886e2018\"},\"breadcrumb\":{\"@id\":\"https:\/\/www.uqac.ca\/uqactualites\/2014\/03\/27\/luqac-accueille-un-colloque-international-sur-la-dramaturgie-sonore-au-theatre-2\/#breadcrumb\"},\"inLanguage\":\"fr-CA\",\"potentialAction\":[{\"@type\":\"ReadAction\",\"target\":[\"https:\/\/www.uqac.ca\/uqactualites\/2014\/03\/27\/luqac-accueille-un-colloque-international-sur-la-dramaturgie-sonore-au-theatre-2\/\"]}]},{\"@type\":\"ImageObject\",\"inLanguage\":\"fr-CA\",\"@id\":\"https:\/\/www.uqac.ca\/uqactualites\/2014\/03\/27\/luqac-accueille-un-colloque-international-sur-la-dramaturgie-sonore-au-theatre-2\/#primaryimage\",\"url\":\"https:\/\/www.uqac.ca\/uqactualites\/wp-content\/uploads\/2014\/03\/Colloque-sonorisation-Web-\u00a9Charlotte-Moreau-de-La-Fuente.jpg\",\"contentUrl\":\"https:\/\/www.uqac.ca\/uqactualites\/wp-content\/uploads\/2014\/03\/Colloque-sonorisation-Web-\u00a9Charlotte-Moreau-de-La-Fuente.jpg\",\"width\":620,\"height\":300},{\"@type\":\"BreadcrumbList\",\"@id\":\"https:\/\/www.uqac.ca\/uqactualites\/2014\/03\/27\/luqac-accueille-un-colloque-international-sur-la-dramaturgie-sonore-au-theatre-2\/#breadcrumb\",\"itemListElement\":[{\"@type\":\"ListItem\",\"position\":1,\"name\":\"Home\",\"item\":\"https:\/\/www.uqac.ca\/uqactualites\/\"},{\"@type\":\"ListItem\",\"position\":2,\"name\":\"L\u2019UQAC accueille un colloque international sur la dramaturgie sonore au th\u00e9\u00e2tre\"}]},{\"@type\":\"WebSite\",\"@id\":\"https:\/\/www.uqac.ca\/uqactualites\/#website\",\"url\":\"https:\/\/www.uqac.ca\/uqactualites\/\",\"name\":\"UQACtualit\u00e9s\",\"description\":\"Le portail des nouvelles de l&#039;UQAC\",\"potentialAction\":[{\"@type\":\"SearchAction\",\"target\":{\"@type\":\"EntryPoint\",\"urlTemplate\":\"https:\/\/www.uqac.ca\/uqactualites\/?s={search_term_string}\"},\"query-input\":{\"@type\":\"PropertyValueSpecification\",\"valueRequired\":true,\"valueName\":\"search_term_string\"}}],\"inLanguage\":\"fr-CA\"},{\"@type\":\"Person\",\"@id\":\"https:\/\/www.uqac.ca\/uqactualites\/#\/schema\/person\/366c45a0c4f0e677b41b4af5886e2018\",\"name\":\"Service des communications et des relations publiques\",\"image\":{\"@type\":\"ImageObject\",\"inLanguage\":\"fr-CA\",\"@id\":\"https:\/\/www.uqac.ca\/uqactualites\/#\/schema\/person\/image\/\",\"url\":\"https:\/\/secure.gravatar.com\/avatar\/20fbbda8a292f59f2d3461a5b999c00b?s=96&d=mm&r=g\",\"contentUrl\":\"https:\/\/secure.gravatar.com\/avatar\/20fbbda8a292f59f2d3461a5b999c00b?s=96&d=mm&r=g\",\"caption\":\"Service des communications et des relations publiques\"},\"url\":\"https:\/\/www.uqac.ca\/uqactualites\/author\/bap\/\"}]}<\/script>\r\n<!-- \/ Yoast SEO plugin. -->","yoast_head_json":{"title":"L\u2019UQAC accueille un colloque international sur la dramaturgie sonore au th\u00e9\u00e2tre - UQACtualit\u00e9s","robots":{"index":"index","follow":"follow","max-snippet":"max-snippet:-1","max-image-preview":"max-image-preview:large","max-video-preview":"max-video-preview:-1"},"canonical":"https:\/\/www.uqac.ca\/uqactualites\/2014\/03\/27\/luqac-accueille-un-colloque-international-sur-la-dramaturgie-sonore-au-theatre-2\/","og_locale":"fr_CA","og_type":"article","og_title":"L\u2019UQAC accueille un colloque international sur la dramaturgie sonore au th\u00e9\u00e2tre - UQACtualit\u00e9s","og_description":"La Chaire de recherche du Canada en cr\u00e9ation pour une dramaturgie sonore au th\u00e9\u00e2tre pr\u00e9sentait les 21 et 22 mars derniers un colloque international \u00e0 l\u2019occasion duquel plusieurs chercheurs et cr\u00e9ateurs du milieu universitaire ainsi que plusieurs professionnels de diff\u00e9rents pays (Canada, France, Bosnie) \u00e9taient pr\u00e9sents. Communications scientifiques, d\u00e9monstrations pratiques, performances, concert et exposition \u00e9taient [&hellip;]","og_url":"https:\/\/www.uqac.ca\/uqactualites\/2014\/03\/27\/luqac-accueille-un-colloque-international-sur-la-dramaturgie-sonore-au-theatre-2\/","og_site_name":"UQACtualit\u00e9s","article_published_time":"2014-03-27T18:15:33+00:00","og_image":[{"width":620,"height":300,"url":"https:\/\/www.uqac.ca\/uqactualites\/wp-content\/uploads\/2014\/03\/Colloque-sonorisation-Web-\u00a9Charlotte-Moreau-de-La-Fuente.jpg","type":"image\/jpeg"}],"author":"Service des communications et des relations publiques","twitter_card":"summary_large_image","twitter_misc":{"\u00c9crit par":"Service des communications et des relations publiques","Estimation du temps de lecture":"2 minutes"},"schema":{"@context":"https:\/\/schema.org","@graph":[{"@type":"WebPage","@id":"https:\/\/www.uqac.ca\/uqactualites\/2014\/03\/27\/luqac-accueille-un-colloque-international-sur-la-dramaturgie-sonore-au-theatre-2\/","url":"https:\/\/www.uqac.ca\/uqactualites\/2014\/03\/27\/luqac-accueille-un-colloque-international-sur-la-dramaturgie-sonore-au-theatre-2\/","name":"L\u2019UQAC accueille un colloque international sur la dramaturgie sonore au th\u00e9\u00e2tre - UQACtualit\u00e9s","isPartOf":{"@id":"https:\/\/www.uqac.ca\/uqactualites\/#website"},"primaryImageOfPage":{"@id":"https:\/\/www.uqac.ca\/uqactualites\/2014\/03\/27\/luqac-accueille-un-colloque-international-sur-la-dramaturgie-sonore-au-theatre-2\/#primaryimage"},"image":{"@id":"https:\/\/www.uqac.ca\/uqactualites\/2014\/03\/27\/luqac-accueille-un-colloque-international-sur-la-dramaturgie-sonore-au-theatre-2\/#primaryimage"},"thumbnailUrl":"https:\/\/www.uqac.ca\/uqactualites\/wp-content\/uploads\/2014\/03\/Colloque-sonorisation-Web-\u00a9Charlotte-Moreau-de-La-Fuente.jpg","datePublished":"2014-03-27T18:15:33+00:00","dateModified":"2014-03-27T18:15:33+00:00","author":{"@id":"https:\/\/www.uqac.ca\/uqactualites\/#\/schema\/person\/366c45a0c4f0e677b41b4af5886e2018"},"breadcrumb":{"@id":"https:\/\/www.uqac.ca\/uqactualites\/2014\/03\/27\/luqac-accueille-un-colloque-international-sur-la-dramaturgie-sonore-au-theatre-2\/#breadcrumb"},"inLanguage":"fr-CA","potentialAction":[{"@type":"ReadAction","target":["https:\/\/www.uqac.ca\/uqactualites\/2014\/03\/27\/luqac-accueille-un-colloque-international-sur-la-dramaturgie-sonore-au-theatre-2\/"]}]},{"@type":"ImageObject","inLanguage":"fr-CA","@id":"https:\/\/www.uqac.ca\/uqactualites\/2014\/03\/27\/luqac-accueille-un-colloque-international-sur-la-dramaturgie-sonore-au-theatre-2\/#primaryimage","url":"https:\/\/www.uqac.ca\/uqactualites\/wp-content\/uploads\/2014\/03\/Colloque-sonorisation-Web-\u00a9Charlotte-Moreau-de-La-Fuente.jpg","contentUrl":"https:\/\/www.uqac.ca\/uqactualites\/wp-content\/uploads\/2014\/03\/Colloque-sonorisation-Web-\u00a9Charlotte-Moreau-de-La-Fuente.jpg","width":620,"height":300},{"@type":"BreadcrumbList","@id":"https:\/\/www.uqac.ca\/uqactualites\/2014\/03\/27\/luqac-accueille-un-colloque-international-sur-la-dramaturgie-sonore-au-theatre-2\/#breadcrumb","itemListElement":[{"@type":"ListItem","position":1,"name":"Home","item":"https:\/\/www.uqac.ca\/uqactualites\/"},{"@type":"ListItem","position":2,"name":"L\u2019UQAC accueille un colloque international sur la dramaturgie sonore au th\u00e9\u00e2tre"}]},{"@type":"WebSite","@id":"https:\/\/www.uqac.ca\/uqactualites\/#website","url":"https:\/\/www.uqac.ca\/uqactualites\/","name":"UQACtualit\u00e9s","description":"Le portail des nouvelles de l&#039;UQAC","potentialAction":[{"@type":"SearchAction","target":{"@type":"EntryPoint","urlTemplate":"https:\/\/www.uqac.ca\/uqactualites\/?s={search_term_string}"},"query-input":{"@type":"PropertyValueSpecification","valueRequired":true,"valueName":"search_term_string"}}],"inLanguage":"fr-CA"},{"@type":"Person","@id":"https:\/\/www.uqac.ca\/uqactualites\/#\/schema\/person\/366c45a0c4f0e677b41b4af5886e2018","name":"Service des communications et des relations publiques","image":{"@type":"ImageObject","inLanguage":"fr-CA","@id":"https:\/\/www.uqac.ca\/uqactualites\/#\/schema\/person\/image\/","url":"https:\/\/secure.gravatar.com\/avatar\/20fbbda8a292f59f2d3461a5b999c00b?s=96&d=mm&r=g","contentUrl":"https:\/\/secure.gravatar.com\/avatar\/20fbbda8a292f59f2d3461a5b999c00b?s=96&d=mm&r=g","caption":"Service des communications et des relations publiques"},"url":"https:\/\/www.uqac.ca\/uqactualites\/author\/bap\/"}]}},"_links":{"self":[{"href":"https:\/\/www.uqac.ca\/uqactualites\/wp-json\/wp\/v2\/posts\/27427"}],"collection":[{"href":"https:\/\/www.uqac.ca\/uqactualites\/wp-json\/wp\/v2\/posts"}],"about":[{"href":"https:\/\/www.uqac.ca\/uqactualites\/wp-json\/wp\/v2\/types\/post"}],"author":[{"embeddable":true,"href":"https:\/\/www.uqac.ca\/uqactualites\/wp-json\/wp\/v2\/users\/5"}],"replies":[{"embeddable":true,"href":"https:\/\/www.uqac.ca\/uqactualites\/wp-json\/wp\/v2\/comments?post=27427"}],"version-history":[{"count":0,"href":"https:\/\/www.uqac.ca\/uqactualites\/wp-json\/wp\/v2\/posts\/27427\/revisions"}],"wp:featuredmedia":[{"embeddable":true,"href":"https:\/\/www.uqac.ca\/uqactualites\/wp-json\/wp\/v2\/media\/27428"}],"wp:attachment":[{"href":"https:\/\/www.uqac.ca\/uqactualites\/wp-json\/wp\/v2\/media?parent=27427"}],"wp:term":[{"taxonomy":"category","embeddable":true,"href":"https:\/\/www.uqac.ca\/uqactualites\/wp-json\/wp\/v2\/categories?post=27427"},{"taxonomy":"post_tag","embeddable":true,"href":"https:\/\/www.uqac.ca\/uqactualites\/wp-json\/wp\/v2\/tags?post=27427"}],"curies":[{"name":"wp","href":"https:\/\/api.w.org\/{rel}","templated":true}]}}