{"id":27460,"date":"2014-03-31T11:56:57","date_gmt":"2014-03-31T15:56:57","guid":{"rendered":"http:\/\/uqactualite.odev.ca\/?p=27460"},"modified":"2014-03-31T11:56:57","modified_gmt":"2014-03-31T15:56:57","slug":"mise-a-jour-du-manuel-de-gestion-de-luqac-6","status":"publish","type":"post","link":"https:\/\/www.uqac.ca\/uqactualites\/2014\/03\/31\/mise-a-jour-du-manuel-de-gestion-de-luqac-6\/","title":{"rendered":"Mise \u00e0 jour du Manuel de gestion de l\u2019UQAC"},"content":{"rendered":"<p style=\"text-align: justify\">Le Vice-rectorat aux affaires \u00e9tudiantes et secr\u00e9tariat g\u00e9n\u00e9ral vous informe que le Manuel de gestion de l\u2019UQAC a \u00e9t\u00e9 mis \u00e0 jour. Voici les documents qui en font l\u2019objet.<\/p>\n<ul style=\"text-align: justify\">\n<li><b>Politique relative \u00e0 la planification institutionnelle<br \/>\n<\/b>\u00bb Veuillez prendre note que ce document a b\u00e9n\u00e9fici\u00e9 de modifications mineures<\/li>\n<\/ul>\n<ul style=\"text-align: justify\">\n<li>\u00a0<b>Politique de placement<br \/>\n<\/b>\u00bb Veuillez prendre note que ce document a b\u00e9n\u00e9fici\u00e9 de modifications mineures<\/li>\n<\/ul>\n<ul style=\"text-align: justify\">\n<li><b>Proc\u00e9dure relative \u00e0 l\u2019\u00e9valuation de la qualit\u00e9 des enseignements au premier cycle<br \/>\n<\/b>\u00bb Veuillez prendre note que ce document a b\u00e9n\u00e9fici\u00e9 de modifications mineures<\/li>\n<\/ul>\n<ul style=\"text-align: justify\">\n<li><b>Politique d\u2019\u00e9thique de la recherche avec des \u00eatres humains<br \/>\n<\/b>\u00bb Veuillez prendre note que ce document a b\u00e9n\u00e9fici\u00e9 de modifications mineures<\/li>\n<\/ul>\n<ul style=\"text-align: justify\">\n<li><b>Proc\u00e9dure en mati\u00e8re de remboursement des frais de d\u00e9m\u00e9nagement<br \/>\n<\/b>\u00bb Veuillez prendre note que ce document a b\u00e9n\u00e9fici\u00e9 d\u2019une refonte majeure et porte d\u00e9sormais le titre de\u00a0Proc\u00e9dure en mati\u00e8re de soutien aux frais de d\u00e9m\u00e9nagement<\/li>\n<\/ul>\n<ul style=\"text-align: justify\">\n<li><b>Proc\u00e9dure concernant le remboursement des frais de d\u00e9placement et de s\u00e9jour<br \/>\n<\/b>\u00bb Veuillez prendre note que l\u2019annexe\u00a05 a \u00e9t\u00e9 mise \u00e0 jour<\/li>\n<\/ul>\n<ul style=\"text-align: justify\">\n<li><b>Proc\u00e9dure en mati\u00e8re d\u2019acquisition ou de location de biens et de services<br \/>\n<\/b>\u00bb Veuillez prendre note que ce document a b\u00e9n\u00e9fici\u00e9 d\u2019une refonte majeure et porte d\u00e9sormais le titre de\u00a0Proc\u00e9dure relative \u00e0 l\u2019attribution de contrats et \u00e0 la gestion contractuelle<\/li>\n<\/ul>\n<ul style=\"text-align: justify\">\n<li><b>Politique relative \u00e0 l\u2019utilisation et \u00e0 la protection des animaux \u00e0 l\u2019Universit\u00e9 du Qu\u00e9bec \u00e0 Chicoutimi<br \/>\n<\/b>\u00bb Veuillez prendre note que ce document a fait l\u2019objet de modifications majeures<\/li>\n<\/ul>\n<p style=\"text-align: justify\"><span style=\"color: #5a7411\"><a href=\"http:\/\/www.uqac.ca\/direction_services\/secretariat_general\/manuel\/index.pdf\" target=\"_blank\" rel=\"noopener\"><span style=\"color: #5a7411\"><b>Consultez en ligne le Manuel de gestion.<\/b><\/span><\/a><\/span><\/p>\n<p style=\"text-align: justify\"><b><br \/>\nRenseignements\u00a0:<br \/>\n<\/b>Marie-Jos\u00e9e Dup\u00e9r\u00e9, technicienne juridique<br \/>\nVice-rectorat aux affaires \u00e9tudiantes et secr\u00e9tariat g\u00e9n\u00e9ral<br \/>\nUniversit\u00e9 du Qu\u00e9bec \u00e0 Chicoutimi<br \/>\n418 545-5011, poste\u00a03208\u00a0 \u25aa\u00a0 <span style=\"color: #5a7411\"><a href=\"mailto:marie-josee_dupere@uqac.ca\"><span style=\"color: #5a7411\">marie-josee_dupere@uqac.ca<\/span><\/a><\/span><\/p>\n","protected":false},"excerpt":{"rendered":"<p>Le Vice-rectorat aux affaires \u00e9tudiantes et secr\u00e9tariat g\u00e9n\u00e9ral vous informe que le Manuel de gestion de l\u2019UQAC a \u00e9t\u00e9 mis \u00e0 jour. Voici les documents qui en font l\u2019objet. Politique relative \u00e0 la planification institutionnelle \u00bb Veuillez prendre note que ce document a b\u00e9n\u00e9fici\u00e9 de modifications mineures \u00a0Politique de placement \u00bb Veuillez prendre note que [&hellip;]<\/p>\n","protected":false},"author":5,"featured_media":20987,"comment_status":"open","ping_status":"open","sticky":false,"template":"","format":"standard","meta":{"footnotes":""},"categories":[2772],"tags":[466,1292,615,1293,1294],"yoast_head":"<!-- This site is optimized with the Yoast SEO plugin v24.2 - https:\/\/yoast.com\/wordpress\/plugins\/seo\/ -->\r\n<title>Mise \u00e0 jour du Manuel de gestion de l\u2019UQAC - UQACtualit\u00e9s<\/title>\r\n<meta name=\"robots\" content=\"index, follow, max-snippet:-1, max-image-preview:large, max-video-preview:-1\" \/>\r\n<link rel=\"canonical\" href=\"https:\/\/www.uqac.ca\/uqactualites\/2014\/03\/31\/mise-a-jour-du-manuel-de-gestion-de-luqac-6\/\" \/>\r\n<meta property=\"og:locale\" content=\"fr_CA\" \/>\r\n<meta property=\"og:type\" content=\"article\" \/>\r\n<meta property=\"og:title\" content=\"Mise \u00e0 jour du Manuel de gestion de l\u2019UQAC - UQACtualit\u00e9s\" \/>\r\n<meta property=\"og:description\" content=\"Le Vice-rectorat aux affaires \u00e9tudiantes et secr\u00e9tariat g\u00e9n\u00e9ral vous informe que le Manuel de gestion de l\u2019UQAC a \u00e9t\u00e9 mis \u00e0 jour. Voici les documents qui en font l\u2019objet. Politique relative \u00e0 la planification institutionnelle \u00bb Veuillez prendre note que ce document a b\u00e9n\u00e9fici\u00e9 de modifications mineures \u00a0Politique de placement \u00bb Veuillez prendre note que [&hellip;]\" \/>\r\n<meta property=\"og:url\" content=\"https:\/\/www.uqac.ca\/uqactualites\/2014\/03\/31\/mise-a-jour-du-manuel-de-gestion-de-luqac-6\/\" \/>\r\n<meta property=\"og:site_name\" content=\"UQACtualit\u00e9s\" \/>\r\n<meta property=\"article:published_time\" content=\"2014-03-31T15:56:57+00:00\" \/>\r\n<meta property=\"og:image\" content=\"https:\/\/www.uqac.ca\/uqactualites\/wp-content\/uploads\/2012\/05\/avis-important.jpg\" \/>\r\n\t<meta property=\"og:image:width\" content=\"620\" \/>\r\n\t<meta property=\"og:image:height\" content=\"300\" \/>\r\n\t<meta property=\"og:image:type\" content=\"image\/jpeg\" \/>\r\n<meta name=\"author\" content=\"Service des communications et des relations publiques\" \/>\r\n<meta name=\"twitter:card\" content=\"summary_large_image\" \/>\r\n<meta name=\"twitter:label1\" content=\"\u00c9crit par\" \/>\n\t<meta name=\"twitter:data1\" content=\"Service des communications et des relations publiques\" \/>\n\t<meta name=\"twitter:label2\" content=\"Estimation du temps de lecture\" \/>\n\t<meta name=\"twitter:data2\" content=\"1 minute\" \/>\r\n<script type=\"application\/ld+json\" class=\"yoast-schema-graph\">{\"@context\":\"https:\/\/schema.org\",\"@graph\":[{\"@type\":\"WebPage\",\"@id\":\"https:\/\/www.uqac.ca\/uqactualites\/2014\/03\/31\/mise-a-jour-du-manuel-de-gestion-de-luqac-6\/\",\"url\":\"https:\/\/www.uqac.ca\/uqactualites\/2014\/03\/31\/mise-a-jour-du-manuel-de-gestion-de-luqac-6\/\",\"name\":\"Mise \u00e0 jour du Manuel de gestion de l\u2019UQAC - UQACtualit\u00e9s\",\"isPartOf\":{\"@id\":\"https:\/\/www.uqac.ca\/uqactualites\/#website\"},\"primaryImageOfPage\":{\"@id\":\"https:\/\/www.uqac.ca\/uqactualites\/2014\/03\/31\/mise-a-jour-du-manuel-de-gestion-de-luqac-6\/#primaryimage\"},\"image\":{\"@id\":\"https:\/\/www.uqac.ca\/uqactualites\/2014\/03\/31\/mise-a-jour-du-manuel-de-gestion-de-luqac-6\/#primaryimage\"},\"thumbnailUrl\":\"https:\/\/www.uqac.ca\/uqactualites\/wp-content\/uploads\/2012\/05\/avis-important.jpg\",\"datePublished\":\"2014-03-31T15:56:57+00:00\",\"dateModified\":\"2014-03-31T15:56:57+00:00\",\"author\":{\"@id\":\"https:\/\/www.uqac.ca\/uqactualites\/#\/schema\/person\/366c45a0c4f0e677b41b4af5886e2018\"},\"breadcrumb\":{\"@id\":\"https:\/\/www.uqac.ca\/uqactualites\/2014\/03\/31\/mise-a-jour-du-manuel-de-gestion-de-luqac-6\/#breadcrumb\"},\"inLanguage\":\"fr-CA\",\"potentialAction\":[{\"@type\":\"ReadAction\",\"target\":[\"https:\/\/www.uqac.ca\/uqactualites\/2014\/03\/31\/mise-a-jour-du-manuel-de-gestion-de-luqac-6\/\"]}]},{\"@type\":\"ImageObject\",\"inLanguage\":\"fr-CA\",\"@id\":\"https:\/\/www.uqac.ca\/uqactualites\/2014\/03\/31\/mise-a-jour-du-manuel-de-gestion-de-luqac-6\/#primaryimage\",\"url\":\"https:\/\/www.uqac.ca\/uqactualites\/wp-content\/uploads\/2012\/05\/avis-important.jpg\",\"contentUrl\":\"https:\/\/www.uqac.ca\/uqactualites\/wp-content\/uploads\/2012\/05\/avis-important.jpg\",\"width\":620,\"height\":300},{\"@type\":\"BreadcrumbList\",\"@id\":\"https:\/\/www.uqac.ca\/uqactualites\/2014\/03\/31\/mise-a-jour-du-manuel-de-gestion-de-luqac-6\/#breadcrumb\",\"itemListElement\":[{\"@type\":\"ListItem\",\"position\":1,\"name\":\"Home\",\"item\":\"https:\/\/www.uqac.ca\/uqactualites\/\"},{\"@type\":\"ListItem\",\"position\":2,\"name\":\"Mise \u00e0 jour du Manuel de gestion de l\u2019UQAC\"}]},{\"@type\":\"WebSite\",\"@id\":\"https:\/\/www.uqac.ca\/uqactualites\/#website\",\"url\":\"https:\/\/www.uqac.ca\/uqactualites\/\",\"name\":\"UQACtualit\u00e9s\",\"description\":\"Le portail des nouvelles de l&#039;UQAC\",\"potentialAction\":[{\"@type\":\"SearchAction\",\"target\":{\"@type\":\"EntryPoint\",\"urlTemplate\":\"https:\/\/www.uqac.ca\/uqactualites\/?s={search_term_string}\"},\"query-input\":{\"@type\":\"PropertyValueSpecification\",\"valueRequired\":true,\"valueName\":\"search_term_string\"}}],\"inLanguage\":\"fr-CA\"},{\"@type\":\"Person\",\"@id\":\"https:\/\/www.uqac.ca\/uqactualites\/#\/schema\/person\/366c45a0c4f0e677b41b4af5886e2018\",\"name\":\"Service des communications et des relations publiques\",\"image\":{\"@type\":\"ImageObject\",\"inLanguage\":\"fr-CA\",\"@id\":\"https:\/\/www.uqac.ca\/uqactualites\/#\/schema\/person\/image\/\",\"url\":\"https:\/\/secure.gravatar.com\/avatar\/20fbbda8a292f59f2d3461a5b999c00b?s=96&d=mm&r=g\",\"contentUrl\":\"https:\/\/secure.gravatar.com\/avatar\/20fbbda8a292f59f2d3461a5b999c00b?s=96&d=mm&r=g\",\"caption\":\"Service des communications et des relations publiques\"},\"url\":\"https:\/\/www.uqac.ca\/uqactualites\/author\/bap\/\"}]}<\/script>\r\n<!-- \/ Yoast SEO plugin. -->","yoast_head_json":{"title":"Mise \u00e0 jour du Manuel de gestion de l\u2019UQAC - UQACtualit\u00e9s","robots":{"index":"index","follow":"follow","max-snippet":"max-snippet:-1","max-image-preview":"max-image-preview:large","max-video-preview":"max-video-preview:-1"},"canonical":"https:\/\/www.uqac.ca\/uqactualites\/2014\/03\/31\/mise-a-jour-du-manuel-de-gestion-de-luqac-6\/","og_locale":"fr_CA","og_type":"article","og_title":"Mise \u00e0 jour du Manuel de gestion de l\u2019UQAC - UQACtualit\u00e9s","og_description":"Le Vice-rectorat aux affaires \u00e9tudiantes et secr\u00e9tariat g\u00e9n\u00e9ral vous informe que le Manuel de gestion de l\u2019UQAC a \u00e9t\u00e9 mis \u00e0 jour. Voici les documents qui en font l\u2019objet. Politique relative \u00e0 la planification institutionnelle \u00bb Veuillez prendre note que ce document a b\u00e9n\u00e9fici\u00e9 de modifications mineures \u00a0Politique de placement \u00bb Veuillez prendre note que [&hellip;]","og_url":"https:\/\/www.uqac.ca\/uqactualites\/2014\/03\/31\/mise-a-jour-du-manuel-de-gestion-de-luqac-6\/","og_site_name":"UQACtualit\u00e9s","article_published_time":"2014-03-31T15:56:57+00:00","og_image":[{"width":620,"height":300,"url":"https:\/\/www.uqac.ca\/uqactualites\/wp-content\/uploads\/2012\/05\/avis-important.jpg","type":"image\/jpeg"}],"author":"Service des communications et des relations publiques","twitter_card":"summary_large_image","twitter_misc":{"\u00c9crit par":"Service des communications et des relations publiques","Estimation du temps de lecture":"1 minute"},"schema":{"@context":"https:\/\/schema.org","@graph":[{"@type":"WebPage","@id":"https:\/\/www.uqac.ca\/uqactualites\/2014\/03\/31\/mise-a-jour-du-manuel-de-gestion-de-luqac-6\/","url":"https:\/\/www.uqac.ca\/uqactualites\/2014\/03\/31\/mise-a-jour-du-manuel-de-gestion-de-luqac-6\/","name":"Mise \u00e0 jour du Manuel de gestion de l\u2019UQAC - UQACtualit\u00e9s","isPartOf":{"@id":"https:\/\/www.uqac.ca\/uqactualites\/#website"},"primaryImageOfPage":{"@id":"https:\/\/www.uqac.ca\/uqactualites\/2014\/03\/31\/mise-a-jour-du-manuel-de-gestion-de-luqac-6\/#primaryimage"},"image":{"@id":"https:\/\/www.uqac.ca\/uqactualites\/2014\/03\/31\/mise-a-jour-du-manuel-de-gestion-de-luqac-6\/#primaryimage"},"thumbnailUrl":"https:\/\/www.uqac.ca\/uqactualites\/wp-content\/uploads\/2012\/05\/avis-important.jpg","datePublished":"2014-03-31T15:56:57+00:00","dateModified":"2014-03-31T15:56:57+00:00","author":{"@id":"https:\/\/www.uqac.ca\/uqactualites\/#\/schema\/person\/366c45a0c4f0e677b41b4af5886e2018"},"breadcrumb":{"@id":"https:\/\/www.uqac.ca\/uqactualites\/2014\/03\/31\/mise-a-jour-du-manuel-de-gestion-de-luqac-6\/#breadcrumb"},"inLanguage":"fr-CA","potentialAction":[{"@type":"ReadAction","target":["https:\/\/www.uqac.ca\/uqactualites\/2014\/03\/31\/mise-a-jour-du-manuel-de-gestion-de-luqac-6\/"]}]},{"@type":"ImageObject","inLanguage":"fr-CA","@id":"https:\/\/www.uqac.ca\/uqactualites\/2014\/03\/31\/mise-a-jour-du-manuel-de-gestion-de-luqac-6\/#primaryimage","url":"https:\/\/www.uqac.ca\/uqactualites\/wp-content\/uploads\/2012\/05\/avis-important.jpg","contentUrl":"https:\/\/www.uqac.ca\/uqactualites\/wp-content\/uploads\/2012\/05\/avis-important.jpg","width":620,"height":300},{"@type":"BreadcrumbList","@id":"https:\/\/www.uqac.ca\/uqactualites\/2014\/03\/31\/mise-a-jour-du-manuel-de-gestion-de-luqac-6\/#breadcrumb","itemListElement":[{"@type":"ListItem","position":1,"name":"Home","item":"https:\/\/www.uqac.ca\/uqactualites\/"},{"@type":"ListItem","position":2,"name":"Mise \u00e0 jour du Manuel de gestion de l\u2019UQAC"}]},{"@type":"WebSite","@id":"https:\/\/www.uqac.ca\/uqactualites\/#website","url":"https:\/\/www.uqac.ca\/uqactualites\/","name":"UQACtualit\u00e9s","description":"Le portail des nouvelles de l&#039;UQAC","potentialAction":[{"@type":"SearchAction","target":{"@type":"EntryPoint","urlTemplate":"https:\/\/www.uqac.ca\/uqactualites\/?s={search_term_string}"},"query-input":{"@type":"PropertyValueSpecification","valueRequired":true,"valueName":"search_term_string"}}],"inLanguage":"fr-CA"},{"@type":"Person","@id":"https:\/\/www.uqac.ca\/uqactualites\/#\/schema\/person\/366c45a0c4f0e677b41b4af5886e2018","name":"Service des communications et des relations publiques","image":{"@type":"ImageObject","inLanguage":"fr-CA","@id":"https:\/\/www.uqac.ca\/uqactualites\/#\/schema\/person\/image\/","url":"https:\/\/secure.gravatar.com\/avatar\/20fbbda8a292f59f2d3461a5b999c00b?s=96&d=mm&r=g","contentUrl":"https:\/\/secure.gravatar.com\/avatar\/20fbbda8a292f59f2d3461a5b999c00b?s=96&d=mm&r=g","caption":"Service des communications et des relations publiques"},"url":"https:\/\/www.uqac.ca\/uqactualites\/author\/bap\/"}]}},"_links":{"self":[{"href":"https:\/\/www.uqac.ca\/uqactualites\/wp-json\/wp\/v2\/posts\/27460"}],"collection":[{"href":"https:\/\/www.uqac.ca\/uqactualites\/wp-json\/wp\/v2\/posts"}],"about":[{"href":"https:\/\/www.uqac.ca\/uqactualites\/wp-json\/wp\/v2\/types\/post"}],"author":[{"embeddable":true,"href":"https:\/\/www.uqac.ca\/uqactualites\/wp-json\/wp\/v2\/users\/5"}],"replies":[{"embeddable":true,"href":"https:\/\/www.uqac.ca\/uqactualites\/wp-json\/wp\/v2\/comments?post=27460"}],"version-history":[{"count":0,"href":"https:\/\/www.uqac.ca\/uqactualites\/wp-json\/wp\/v2\/posts\/27460\/revisions"}],"wp:featuredmedia":[{"embeddable":true,"href":"https:\/\/www.uqac.ca\/uqactualites\/wp-json\/wp\/v2\/media\/20987"}],"wp:attachment":[{"href":"https:\/\/www.uqac.ca\/uqactualites\/wp-json\/wp\/v2\/media?parent=27460"}],"wp:term":[{"taxonomy":"category","embeddable":true,"href":"https:\/\/www.uqac.ca\/uqactualites\/wp-json\/wp\/v2\/categories?post=27460"},{"taxonomy":"post_tag","embeddable":true,"href":"https:\/\/www.uqac.ca\/uqactualites\/wp-json\/wp\/v2\/tags?post=27460"}],"curies":[{"name":"wp","href":"https:\/\/api.w.org\/{rel}","templated":true}]}}