{"id":27462,"date":"2014-03-31T15:04:03","date_gmt":"2014-03-31T19:04:03","guid":{"rendered":"http:\/\/uqactualite.odev.ca\/?p=27462"},"modified":"2014-03-31T15:04:03","modified_gmt":"2014-03-31T19:04:03","slug":"marie-christine-boucher-etudiante-au-dess-et-a-la-maitrise-en-sciences-infirmieres-soins-de-premiere-ligne","status":"publish","type":"post","link":"https:\/\/www.uqac.ca\/uqactualites\/2014\/03\/31\/marie-christine-boucher-etudiante-au-dess-et-a-la-maitrise-en-sciences-infirmieres-soins-de-premiere-ligne\/","title":{"rendered":"Marie-Christine Boucher, \u00e9tudiante au DESS et \u00e0 la ma\u00eetrise en sciences infirmi\u00e8res (soins de premi\u00e8re ligne)"},"content":{"rendered":"<p style=\"text-align: justify\"><b>Pourquoi avoir choisi de poursuivre \u00e0 la ma\u00eetrise?<br \/>\n<\/b>Parce qu\u2019ICI, c\u2019est possible! La <span style=\"color: #5a7411\"><a href=\"http:\/\/programmes.uqac.ca\/3299\" target=\"_blank\" rel=\"noopener\"><span style=\"color: #5a7411\">formation d\u2019infirmi\u00e8re praticienne en soins de premi\u00e8re ligne<\/span><\/a><\/span> m\u2019a toujours attir\u00e9e. J\u2019ai pris la d\u00e9cision de m\u2019y inscrire parce qu\u2019elle s\u2019offre maintenant en r\u00e9gion. Le perfectionnement en sciences infirmi\u00e8res est tr\u00e8s int\u00e9ressant et les apprentissages en sciences m\u00e9dicales sont extr\u00eamement valorisants et riches pour ma future pratique infirmi\u00e8re. D\u00e9j\u00e0, j\u2019ai d\u00e9velopp\u00e9 un esprit critique et une grande capacit\u00e9 de synth\u00e8se. Ce sera probablement l\u2019une des plus belles choses que je vais accomplir dans ma vie apr\u00e8s ma fille.<\/p>\n<p style=\"text-align: justify\"><b>Quels sont vos objectifs professionnels?<br \/>\n<\/b>Mon r\u00eave serait de cr\u00e9er une clinique d\u2019infirmi\u00e8res praticiennes en soins de premi\u00e8re ligne au Saguenay et d\u2019y travailler en \u00e9quipe interdisciplinaire. Offrir \u00e0 la population la possibilit\u00e9 d\u2019avoir les bons soins dispens\u00e9s par les bonnes personnes au bon moment, c\u2019est mon objectif professionnel.<\/p>\n<p style=\"text-align: justify\"><b>Quels sont vos projets en cours?<br \/>\n<\/b>C\u2019est certain que mes \u00e9tudes occupent beaucoup de mon temps, mais il ne faut pas s\u2019oublier. J\u2019essaie de poursuivre mes activit\u00e9s personnelles\u00a0:<\/p>\n<ul style=\"text-align: justify\">\n<li>Cofondatrice et danseuse \u00e0 l\u2019\u00e9cole de danse Saguenay Swing<\/li>\n<li>Auteure-compositrice-interpr\u00e8te pour la formation Joli Jolie<\/li>\n<li>Coordonnatrice clinique au programme de traumatologie du CSSS de Chicoutimi<\/li>\n<li>Organisatrice du 8<sup>e<\/sup> congr\u00e8s en traumatologie et en soins critiques en novembre 2015\u00a0: \u00ab\u00a0Le trauma de A \u00e0 Z. Des recommandations \u00e0 suivre \u00e0 la lettre!\u00a0\u00bb<\/li>\n<\/ul>\n","protected":false},"excerpt":{"rendered":"<p>Pourquoi avoir choisi de poursuivre \u00e0 la ma\u00eetrise? Parce qu\u2019ICI, c\u2019est possible! La formation d\u2019infirmi\u00e8re praticienne en soins de premi\u00e8re ligne m\u2019a toujours attir\u00e9e. J\u2019ai pris la d\u00e9cision de m\u2019y inscrire parce qu\u2019elle s\u2019offre maintenant en r\u00e9gion. Le perfectionnement en sciences infirmi\u00e8res est tr\u00e8s int\u00e9ressant et les apprentissages en sciences m\u00e9dicales sont extr\u00eamement valorisants et [&hellip;]<\/p>\n","protected":false},"author":5,"featured_media":27463,"comment_status":"open","ping_status":"open","sticky":false,"template":"","format":"standard","meta":{"footnotes":""},"categories":[248],"tags":[1004,23,1295,468,297],"yoast_head":"<!-- This site is optimized with the Yoast SEO plugin v24.2 - https:\/\/yoast.com\/wordpress\/plugins\/seo\/ -->\r\n<title>Marie-Christine Boucher, \u00e9tudiante au DESS et \u00e0 la ma\u00eetrise en sciences infirmi\u00e8res (soins de premi\u00e8re ligne) - UQACtualit\u00e9s<\/title>\r\n<meta name=\"robots\" content=\"index, follow, max-snippet:-1, max-image-preview:large, max-video-preview:-1\" \/>\r\n<link rel=\"canonical\" href=\"https:\/\/www.uqac.ca\/uqactualites\/2014\/03\/31\/marie-christine-boucher-etudiante-au-dess-et-a-la-maitrise-en-sciences-infirmieres-soins-de-premiere-ligne\/\" \/>\r\n<meta property=\"og:locale\" content=\"fr_CA\" \/>\r\n<meta property=\"og:type\" content=\"article\" \/>\r\n<meta property=\"og:title\" content=\"Marie-Christine Boucher, \u00e9tudiante au DESS et \u00e0 la ma\u00eetrise en sciences infirmi\u00e8res (soins de premi\u00e8re ligne) - UQACtualit\u00e9s\" \/>\r\n<meta property=\"og:description\" content=\"Pourquoi avoir choisi de poursuivre \u00e0 la ma\u00eetrise? Parce qu\u2019ICI, c\u2019est possible! La formation d\u2019infirmi\u00e8re praticienne en soins de premi\u00e8re ligne m\u2019a toujours attir\u00e9e. J\u2019ai pris la d\u00e9cision de m\u2019y inscrire parce qu\u2019elle s\u2019offre maintenant en r\u00e9gion. Le perfectionnement en sciences infirmi\u00e8res est tr\u00e8s int\u00e9ressant et les apprentissages en sciences m\u00e9dicales sont extr\u00eamement valorisants et [&hellip;]\" \/>\r\n<meta property=\"og:url\" content=\"https:\/\/www.uqac.ca\/uqactualites\/2014\/03\/31\/marie-christine-boucher-etudiante-au-dess-et-a-la-maitrise-en-sciences-infirmieres-soins-de-premiere-ligne\/\" \/>\r\n<meta property=\"og:site_name\" content=\"UQACtualit\u00e9s\" \/>\r\n<meta property=\"article:published_time\" content=\"2014-03-31T19:04:03+00:00\" \/>\r\n<meta property=\"og:image\" content=\"https:\/\/www.uqac.ca\/uqactualites\/wp-content\/uploads\/2014\/03\/GRAFuqactualit\u00e9-PortraiMCBoucher-H14-2.jpg\" \/>\r\n\t<meta property=\"og:image:width\" content=\"672\" \/>\r\n\t<meta property=\"og:image:height\" content=\"395\" \/>\r\n\t<meta property=\"og:image:type\" content=\"image\/jpeg\" \/>\r\n<meta name=\"author\" content=\"Service des communications et des relations publiques\" \/>\r\n<meta name=\"twitter:card\" content=\"summary_large_image\" \/>\r\n<meta name=\"twitter:label1\" content=\"\u00c9crit par\" \/>\n\t<meta name=\"twitter:data1\" content=\"Service des communications et des relations publiques\" \/>\n\t<meta name=\"twitter:label2\" content=\"Estimation du temps de lecture\" \/>\n\t<meta name=\"twitter:data2\" content=\"1 minute\" \/>\r\n<script type=\"application\/ld+json\" class=\"yoast-schema-graph\">{\"@context\":\"https:\/\/schema.org\",\"@graph\":[{\"@type\":\"WebPage\",\"@id\":\"https:\/\/www.uqac.ca\/uqactualites\/2014\/03\/31\/marie-christine-boucher-etudiante-au-dess-et-a-la-maitrise-en-sciences-infirmieres-soins-de-premiere-ligne\/\",\"url\":\"https:\/\/www.uqac.ca\/uqactualites\/2014\/03\/31\/marie-christine-boucher-etudiante-au-dess-et-a-la-maitrise-en-sciences-infirmieres-soins-de-premiere-ligne\/\",\"name\":\"Marie-Christine Boucher, \u00e9tudiante au DESS et \u00e0 la ma\u00eetrise en sciences infirmi\u00e8res (soins de premi\u00e8re ligne) - UQACtualit\u00e9s\",\"isPartOf\":{\"@id\":\"https:\/\/www.uqac.ca\/uqactualites\/#website\"},\"primaryImageOfPage\":{\"@id\":\"https:\/\/www.uqac.ca\/uqactualites\/2014\/03\/31\/marie-christine-boucher-etudiante-au-dess-et-a-la-maitrise-en-sciences-infirmieres-soins-de-premiere-ligne\/#primaryimage\"},\"image\":{\"@id\":\"https:\/\/www.uqac.ca\/uqactualites\/2014\/03\/31\/marie-christine-boucher-etudiante-au-dess-et-a-la-maitrise-en-sciences-infirmieres-soins-de-premiere-ligne\/#primaryimage\"},\"thumbnailUrl\":\"https:\/\/www.uqac.ca\/uqactualites\/wp-content\/uploads\/2014\/03\/GRAFuqactualit\u00e9-PortraiMCBoucher-H14-2.jpg\",\"datePublished\":\"2014-03-31T19:04:03+00:00\",\"dateModified\":\"2014-03-31T19:04:03+00:00\",\"author\":{\"@id\":\"https:\/\/www.uqac.ca\/uqactualites\/#\/schema\/person\/366c45a0c4f0e677b41b4af5886e2018\"},\"breadcrumb\":{\"@id\":\"https:\/\/www.uqac.ca\/uqactualites\/2014\/03\/31\/marie-christine-boucher-etudiante-au-dess-et-a-la-maitrise-en-sciences-infirmieres-soins-de-premiere-ligne\/#breadcrumb\"},\"inLanguage\":\"fr-CA\",\"potentialAction\":[{\"@type\":\"ReadAction\",\"target\":[\"https:\/\/www.uqac.ca\/uqactualites\/2014\/03\/31\/marie-christine-boucher-etudiante-au-dess-et-a-la-maitrise-en-sciences-infirmieres-soins-de-premiere-ligne\/\"]}]},{\"@type\":\"ImageObject\",\"inLanguage\":\"fr-CA\",\"@id\":\"https:\/\/www.uqac.ca\/uqactualites\/2014\/03\/31\/marie-christine-boucher-etudiante-au-dess-et-a-la-maitrise-en-sciences-infirmieres-soins-de-premiere-ligne\/#primaryimage\",\"url\":\"https:\/\/www.uqac.ca\/uqactualites\/wp-content\/uploads\/2014\/03\/GRAFuqactualit\u00e9-PortraiMCBoucher-H14-2.jpg\",\"contentUrl\":\"https:\/\/www.uqac.ca\/uqactualites\/wp-content\/uploads\/2014\/03\/GRAFuqactualit\u00e9-PortraiMCBoucher-H14-2.jpg\",\"width\":672,\"height\":395},{\"@type\":\"BreadcrumbList\",\"@id\":\"https:\/\/www.uqac.ca\/uqactualites\/2014\/03\/31\/marie-christine-boucher-etudiante-au-dess-et-a-la-maitrise-en-sciences-infirmieres-soins-de-premiere-ligne\/#breadcrumb\",\"itemListElement\":[{\"@type\":\"ListItem\",\"position\":1,\"name\":\"Home\",\"item\":\"https:\/\/www.uqac.ca\/uqactualites\/\"},{\"@type\":\"ListItem\",\"position\":2,\"name\":\"Marie-Christine Boucher, \u00e9tudiante au DESS et \u00e0 la ma\u00eetrise en sciences infirmi\u00e8res (soins de premi\u00e8re ligne)\"}]},{\"@type\":\"WebSite\",\"@id\":\"https:\/\/www.uqac.ca\/uqactualites\/#website\",\"url\":\"https:\/\/www.uqac.ca\/uqactualites\/\",\"name\":\"UQACtualit\u00e9s\",\"description\":\"Le portail des nouvelles de l&#039;UQAC\",\"potentialAction\":[{\"@type\":\"SearchAction\",\"target\":{\"@type\":\"EntryPoint\",\"urlTemplate\":\"https:\/\/www.uqac.ca\/uqactualites\/?s={search_term_string}\"},\"query-input\":{\"@type\":\"PropertyValueSpecification\",\"valueRequired\":true,\"valueName\":\"search_term_string\"}}],\"inLanguage\":\"fr-CA\"},{\"@type\":\"Person\",\"@id\":\"https:\/\/www.uqac.ca\/uqactualites\/#\/schema\/person\/366c45a0c4f0e677b41b4af5886e2018\",\"name\":\"Service des communications et des relations publiques\",\"image\":{\"@type\":\"ImageObject\",\"inLanguage\":\"fr-CA\",\"@id\":\"https:\/\/www.uqac.ca\/uqactualites\/#\/schema\/person\/image\/\",\"url\":\"https:\/\/secure.gravatar.com\/avatar\/20fbbda8a292f59f2d3461a5b999c00b?s=96&d=mm&r=g\",\"contentUrl\":\"https:\/\/secure.gravatar.com\/avatar\/20fbbda8a292f59f2d3461a5b999c00b?s=96&d=mm&r=g\",\"caption\":\"Service des communications et des relations publiques\"},\"url\":\"https:\/\/www.uqac.ca\/uqactualites\/author\/bap\/\"}]}<\/script>\r\n<!-- \/ Yoast SEO plugin. -->","yoast_head_json":{"title":"Marie-Christine Boucher, \u00e9tudiante au DESS et \u00e0 la ma\u00eetrise en sciences infirmi\u00e8res (soins de premi\u00e8re ligne) - UQACtualit\u00e9s","robots":{"index":"index","follow":"follow","max-snippet":"max-snippet:-1","max-image-preview":"max-image-preview:large","max-video-preview":"max-video-preview:-1"},"canonical":"https:\/\/www.uqac.ca\/uqactualites\/2014\/03\/31\/marie-christine-boucher-etudiante-au-dess-et-a-la-maitrise-en-sciences-infirmieres-soins-de-premiere-ligne\/","og_locale":"fr_CA","og_type":"article","og_title":"Marie-Christine Boucher, \u00e9tudiante au DESS et \u00e0 la ma\u00eetrise en sciences infirmi\u00e8res (soins de premi\u00e8re ligne) - UQACtualit\u00e9s","og_description":"Pourquoi avoir choisi de poursuivre \u00e0 la ma\u00eetrise? Parce qu\u2019ICI, c\u2019est possible! La formation d\u2019infirmi\u00e8re praticienne en soins de premi\u00e8re ligne m\u2019a toujours attir\u00e9e. J\u2019ai pris la d\u00e9cision de m\u2019y inscrire parce qu\u2019elle s\u2019offre maintenant en r\u00e9gion. Le perfectionnement en sciences infirmi\u00e8res est tr\u00e8s int\u00e9ressant et les apprentissages en sciences m\u00e9dicales sont extr\u00eamement valorisants et [&hellip;]","og_url":"https:\/\/www.uqac.ca\/uqactualites\/2014\/03\/31\/marie-christine-boucher-etudiante-au-dess-et-a-la-maitrise-en-sciences-infirmieres-soins-de-premiere-ligne\/","og_site_name":"UQACtualit\u00e9s","article_published_time":"2014-03-31T19:04:03+00:00","og_image":[{"width":672,"height":395,"url":"https:\/\/www.uqac.ca\/uqactualites\/wp-content\/uploads\/2014\/03\/GRAFuqactualit\u00e9-PortraiMCBoucher-H14-2.jpg","type":"image\/jpeg"}],"author":"Service des communications et des relations publiques","twitter_card":"summary_large_image","twitter_misc":{"\u00c9crit par":"Service des communications et des relations publiques","Estimation du temps de lecture":"1 minute"},"schema":{"@context":"https:\/\/schema.org","@graph":[{"@type":"WebPage","@id":"https:\/\/www.uqac.ca\/uqactualites\/2014\/03\/31\/marie-christine-boucher-etudiante-au-dess-et-a-la-maitrise-en-sciences-infirmieres-soins-de-premiere-ligne\/","url":"https:\/\/www.uqac.ca\/uqactualites\/2014\/03\/31\/marie-christine-boucher-etudiante-au-dess-et-a-la-maitrise-en-sciences-infirmieres-soins-de-premiere-ligne\/","name":"Marie-Christine Boucher, \u00e9tudiante au DESS et \u00e0 la ma\u00eetrise en sciences infirmi\u00e8res (soins de premi\u00e8re ligne) - UQACtualit\u00e9s","isPartOf":{"@id":"https:\/\/www.uqac.ca\/uqactualites\/#website"},"primaryImageOfPage":{"@id":"https:\/\/www.uqac.ca\/uqactualites\/2014\/03\/31\/marie-christine-boucher-etudiante-au-dess-et-a-la-maitrise-en-sciences-infirmieres-soins-de-premiere-ligne\/#primaryimage"},"image":{"@id":"https:\/\/www.uqac.ca\/uqactualites\/2014\/03\/31\/marie-christine-boucher-etudiante-au-dess-et-a-la-maitrise-en-sciences-infirmieres-soins-de-premiere-ligne\/#primaryimage"},"thumbnailUrl":"https:\/\/www.uqac.ca\/uqactualites\/wp-content\/uploads\/2014\/03\/GRAFuqactualit\u00e9-PortraiMCBoucher-H14-2.jpg","datePublished":"2014-03-31T19:04:03+00:00","dateModified":"2014-03-31T19:04:03+00:00","author":{"@id":"https:\/\/www.uqac.ca\/uqactualites\/#\/schema\/person\/366c45a0c4f0e677b41b4af5886e2018"},"breadcrumb":{"@id":"https:\/\/www.uqac.ca\/uqactualites\/2014\/03\/31\/marie-christine-boucher-etudiante-au-dess-et-a-la-maitrise-en-sciences-infirmieres-soins-de-premiere-ligne\/#breadcrumb"},"inLanguage":"fr-CA","potentialAction":[{"@type":"ReadAction","target":["https:\/\/www.uqac.ca\/uqactualites\/2014\/03\/31\/marie-christine-boucher-etudiante-au-dess-et-a-la-maitrise-en-sciences-infirmieres-soins-de-premiere-ligne\/"]}]},{"@type":"ImageObject","inLanguage":"fr-CA","@id":"https:\/\/www.uqac.ca\/uqactualites\/2014\/03\/31\/marie-christine-boucher-etudiante-au-dess-et-a-la-maitrise-en-sciences-infirmieres-soins-de-premiere-ligne\/#primaryimage","url":"https:\/\/www.uqac.ca\/uqactualites\/wp-content\/uploads\/2014\/03\/GRAFuqactualit\u00e9-PortraiMCBoucher-H14-2.jpg","contentUrl":"https:\/\/www.uqac.ca\/uqactualites\/wp-content\/uploads\/2014\/03\/GRAFuqactualit\u00e9-PortraiMCBoucher-H14-2.jpg","width":672,"height":395},{"@type":"BreadcrumbList","@id":"https:\/\/www.uqac.ca\/uqactualites\/2014\/03\/31\/marie-christine-boucher-etudiante-au-dess-et-a-la-maitrise-en-sciences-infirmieres-soins-de-premiere-ligne\/#breadcrumb","itemListElement":[{"@type":"ListItem","position":1,"name":"Home","item":"https:\/\/www.uqac.ca\/uqactualites\/"},{"@type":"ListItem","position":2,"name":"Marie-Christine Boucher, \u00e9tudiante au DESS et \u00e0 la ma\u00eetrise en sciences infirmi\u00e8res (soins de premi\u00e8re ligne)"}]},{"@type":"WebSite","@id":"https:\/\/www.uqac.ca\/uqactualites\/#website","url":"https:\/\/www.uqac.ca\/uqactualites\/","name":"UQACtualit\u00e9s","description":"Le portail des nouvelles de l&#039;UQAC","potentialAction":[{"@type":"SearchAction","target":{"@type":"EntryPoint","urlTemplate":"https:\/\/www.uqac.ca\/uqactualites\/?s={search_term_string}"},"query-input":{"@type":"PropertyValueSpecification","valueRequired":true,"valueName":"search_term_string"}}],"inLanguage":"fr-CA"},{"@type":"Person","@id":"https:\/\/www.uqac.ca\/uqactualites\/#\/schema\/person\/366c45a0c4f0e677b41b4af5886e2018","name":"Service des communications et des relations publiques","image":{"@type":"ImageObject","inLanguage":"fr-CA","@id":"https:\/\/www.uqac.ca\/uqactualites\/#\/schema\/person\/image\/","url":"https:\/\/secure.gravatar.com\/avatar\/20fbbda8a292f59f2d3461a5b999c00b?s=96&d=mm&r=g","contentUrl":"https:\/\/secure.gravatar.com\/avatar\/20fbbda8a292f59f2d3461a5b999c00b?s=96&d=mm&r=g","caption":"Service des communications et des relations publiques"},"url":"https:\/\/www.uqac.ca\/uqactualites\/author\/bap\/"}]}},"_links":{"self":[{"href":"https:\/\/www.uqac.ca\/uqactualites\/wp-json\/wp\/v2\/posts\/27462"}],"collection":[{"href":"https:\/\/www.uqac.ca\/uqactualites\/wp-json\/wp\/v2\/posts"}],"about":[{"href":"https:\/\/www.uqac.ca\/uqactualites\/wp-json\/wp\/v2\/types\/post"}],"author":[{"embeddable":true,"href":"https:\/\/www.uqac.ca\/uqactualites\/wp-json\/wp\/v2\/users\/5"}],"replies":[{"embeddable":true,"href":"https:\/\/www.uqac.ca\/uqactualites\/wp-json\/wp\/v2\/comments?post=27462"}],"version-history":[{"count":0,"href":"https:\/\/www.uqac.ca\/uqactualites\/wp-json\/wp\/v2\/posts\/27462\/revisions"}],"wp:featuredmedia":[{"embeddable":true,"href":"https:\/\/www.uqac.ca\/uqactualites\/wp-json\/wp\/v2\/media\/27463"}],"wp:attachment":[{"href":"https:\/\/www.uqac.ca\/uqactualites\/wp-json\/wp\/v2\/media?parent=27462"}],"wp:term":[{"taxonomy":"category","embeddable":true,"href":"https:\/\/www.uqac.ca\/uqactualites\/wp-json\/wp\/v2\/categories?post=27462"},{"taxonomy":"post_tag","embeddable":true,"href":"https:\/\/www.uqac.ca\/uqactualites\/wp-json\/wp\/v2\/tags?post=27462"}],"curies":[{"name":"wp","href":"https:\/\/api.w.org\/{rel}","templated":true}]}}