{"id":27558,"date":"2014-04-15T15:27:09","date_gmt":"2014-04-15T19:27:09","guid":{"rendered":"http:\/\/uqactualite.odev.ca\/?p=27558"},"modified":"2014-04-15T15:27:09","modified_gmt":"2014-04-15T19:27:09","slug":"3e-journee-dechanges-du-lemgp","status":"publish","type":"post","link":"https:\/\/www.uqac.ca\/uqactualites\/2014\/04\/15\/3e-journee-dechanges-du-lemgp\/","title":{"rendered":"3e Journ\u00e9e d\u2019\u00e9changes du LemGP"},"content":{"rendered":"<p style=\"text-align: justify\">Le Laboratoire d\u2019\u00e9tudes multidisciplinaires en gestion de projet (<b>LemGP<\/b>) invite la communaut\u00e9 universitaire \u00e0 participer \u00e0 sa <span style=\"text-decoration: underline\"><strong><span style=\"color: #5b7411\"><a href=\"http:\/\/uqactualite.odev.ca\/wp-admin\/post.php?post=27567&amp;action=edit\" target=\"_blank\" rel=\"noopener\"><span style=\"color: #5b7411;text-decoration: underline\">3<sup>e<\/sup> Journ\u00e9e d\u2019\u00e9changes<\/span><\/a><\/span><\/strong><\/span>, ayant pour th\u00e8me \u00ab\u00a0Vers une meilleure approche des parties prenantes\u00a0\u00bb\u00a0:<\/p>\n<p style=\"text-align: center\" align=\"center\"><span style=\"color: #5b7411\"><b>Jeudi 24 avril 2014<br \/>\n9 h \u00e0 11 h 30\u00a0 <\/b><b>\u25aa<\/b><b>\u00a0 13 h \u00e0 16 h 30<br \/>\n<\/b>Salon Andr\u00e9 Desgagn\u00e9 (local H1-1110)<\/span><\/p>\n<p style=\"text-align: justify\"><b>Conf\u00e9rences<\/b><\/p>\n<ul style=\"text-align: justify\">\n<li>9 h\u00a0: Pr\u00e9sentation des th\u00e8ses d\u2019\u00e9tudiants au doctorat et \u00e0 la ma\u00eetrise de gestion de projet<\/li>\n<li>13 h\u00a0: Conf\u00e9rences donn\u00e9es par des professeurs et professionnels<\/li>\n<\/ul>\n<p style=\"text-align: justify\"><b>Invit\u00e9s<\/b><\/p>\n<ul style=\"text-align: justify\">\n<li>Jeanne Simard, professeure titulaire au D\u00e9partement des sciences \u00e9conomiques et administratives de l\u2019UQAC<\/li>\n<li>Ian Gailer, directeur g\u00e9n\u00e9ral du Festival REGARD sur le court m\u00e9trage<\/li>\n<li>Fr\u00e9deric Guay, directeur de la production du Festival REGARD sur le court m\u00e9trage<\/li>\n<li>Abraham Hollander, professeur titulaire \u00e0 l\u2019Universit\u00e9 de Montr\u00e9al<\/li>\n<\/ul>\n<p style=\"text-align: justify\">L\u2019\u00e9v\u00e9nement est gratuit. Confirmez votre pr\u00e9sence aupr\u00e8s de Julien Bousquet (418 545-5011, poste\u00a05664 ou <span style=\"color: #5b7411\"><a href=\"mailto:julien_bousquet@uqac.ca\"><span style=\"color: #5b7411\">julien_bousquet@uqac.ca<\/span><\/a><\/span>).<\/p>\n<p style=\"text-align: justify\">Au plaisir de vous recevoir!<\/p>\n<p style=\"text-align: justify\"><b><br \/>\nRenseignements et confirmations de pr\u00e9sence\u00a0:<\/b><br \/>\nJulien Bousquet, professeur et directeur de la ma\u00eetrise en gestion de projet<br \/>\nD\u00e9partement des sciences \u00e9conomiques et administratives<br \/>\nUniversit\u00e9 du Qu\u00e9bec \u00e0 Chicoutimi<br \/>\n418 545-5011, poste\u00a05664\u00a0 \u25aa\u00a0 <span style=\"color: #5b7411\"><a href=\"mailto:julien_bousquet@uqac.ca\"><span style=\"color: #5b7411\">julien_bousquet@uqac.ca<\/span><\/a><\/span><\/p>\n","protected":false},"excerpt":{"rendered":"<p>Le Laboratoire d\u2019\u00e9tudes multidisciplinaires en gestion de projet (LemGP) invite la communaut\u00e9 universitaire \u00e0 participer \u00e0 sa 3e Journ\u00e9e d\u2019\u00e9changes, ayant pour th\u00e8me \u00ab\u00a0Vers une meilleure approche des parties prenantes\u00a0\u00bb\u00a0: Jeudi 24 avril 2014 9 h \u00e0 11 h 30\u00a0 \u25aa\u00a0 13 h \u00e0 16 h 30 Salon Andr\u00e9 Desgagn\u00e9 (local H1-1110) Conf\u00e9rences 9 h\u00a0: [&hellip;]<\/p>\n","protected":false},"author":5,"featured_media":20989,"comment_status":"open","ping_status":"open","sticky":false,"template":"","format":"standard","meta":{"footnotes":""},"categories":[2772],"tags":[8,1347,466,1348,1349,469],"yoast_head":"<!-- This site is optimized with the Yoast SEO plugin v24.2 - https:\/\/yoast.com\/wordpress\/plugins\/seo\/ -->\r\n<title>3e Journ\u00e9e d\u2019\u00e9changes du LemGP - UQACtualit\u00e9s<\/title>\r\n<meta name=\"robots\" content=\"index, follow, max-snippet:-1, max-image-preview:large, max-video-preview:-1\" \/>\r\n<link rel=\"canonical\" href=\"https:\/\/www.uqac.ca\/uqactualites\/2014\/04\/15\/3e-journee-dechanges-du-lemgp\/\" \/>\r\n<meta property=\"og:locale\" content=\"fr_CA\" \/>\r\n<meta property=\"og:type\" content=\"article\" \/>\r\n<meta property=\"og:title\" content=\"3e Journ\u00e9e d\u2019\u00e9changes du LemGP - UQACtualit\u00e9s\" \/>\r\n<meta property=\"og:description\" content=\"Le Laboratoire d\u2019\u00e9tudes multidisciplinaires en gestion de projet (LemGP) invite la communaut\u00e9 universitaire \u00e0 participer \u00e0 sa 3e Journ\u00e9e d\u2019\u00e9changes, ayant pour th\u00e8me \u00ab\u00a0Vers une meilleure approche des parties prenantes\u00a0\u00bb\u00a0: Jeudi 24 avril 2014 9 h \u00e0 11 h 30\u00a0 \u25aa\u00a0 13 h \u00e0 16 h 30 Salon Andr\u00e9 Desgagn\u00e9 (local H1-1110) Conf\u00e9rences 9 h\u00a0: [&hellip;]\" \/>\r\n<meta property=\"og:url\" content=\"https:\/\/www.uqac.ca\/uqactualites\/2014\/04\/15\/3e-journee-dechanges-du-lemgp\/\" \/>\r\n<meta property=\"og:site_name\" content=\"UQACtualit\u00e9s\" \/>\r\n<meta property=\"article:published_time\" content=\"2014-04-15T19:27:09+00:00\" \/>\r\n<meta property=\"og:image\" content=\"https:\/\/www.uqac.ca\/uqactualites\/wp-content\/uploads\/2012\/05\/avis-laCommunaut-.jpg\" \/>\r\n\t<meta property=\"og:image:width\" content=\"620\" \/>\r\n\t<meta property=\"og:image:height\" content=\"300\" \/>\r\n\t<meta property=\"og:image:type\" content=\"image\/jpeg\" \/>\r\n<meta name=\"author\" content=\"Service des communications et des relations publiques\" \/>\r\n<meta name=\"twitter:card\" content=\"summary_large_image\" \/>\r\n<meta name=\"twitter:label1\" content=\"\u00c9crit par\" \/>\n\t<meta name=\"twitter:data1\" content=\"Service des communications et des relations publiques\" \/>\n\t<meta name=\"twitter:label2\" content=\"Estimation du temps de lecture\" \/>\n\t<meta name=\"twitter:data2\" content=\"1 minute\" \/>\r\n<script type=\"application\/ld+json\" class=\"yoast-schema-graph\">{\"@context\":\"https:\/\/schema.org\",\"@graph\":[{\"@type\":\"WebPage\",\"@id\":\"https:\/\/www.uqac.ca\/uqactualites\/2014\/04\/15\/3e-journee-dechanges-du-lemgp\/\",\"url\":\"https:\/\/www.uqac.ca\/uqactualites\/2014\/04\/15\/3e-journee-dechanges-du-lemgp\/\",\"name\":\"3e Journ\u00e9e d\u2019\u00e9changes du LemGP - UQACtualit\u00e9s\",\"isPartOf\":{\"@id\":\"https:\/\/www.uqac.ca\/uqactualites\/#website\"},\"primaryImageOfPage\":{\"@id\":\"https:\/\/www.uqac.ca\/uqactualites\/2014\/04\/15\/3e-journee-dechanges-du-lemgp\/#primaryimage\"},\"image\":{\"@id\":\"https:\/\/www.uqac.ca\/uqactualites\/2014\/04\/15\/3e-journee-dechanges-du-lemgp\/#primaryimage\"},\"thumbnailUrl\":\"https:\/\/www.uqac.ca\/uqactualites\/wp-content\/uploads\/2012\/05\/avis-laCommunaut-.jpg\",\"datePublished\":\"2014-04-15T19:27:09+00:00\",\"dateModified\":\"2014-04-15T19:27:09+00:00\",\"author\":{\"@id\":\"https:\/\/www.uqac.ca\/uqactualites\/#\/schema\/person\/366c45a0c4f0e677b41b4af5886e2018\"},\"breadcrumb\":{\"@id\":\"https:\/\/www.uqac.ca\/uqactualites\/2014\/04\/15\/3e-journee-dechanges-du-lemgp\/#breadcrumb\"},\"inLanguage\":\"fr-CA\",\"potentialAction\":[{\"@type\":\"ReadAction\",\"target\":[\"https:\/\/www.uqac.ca\/uqactualites\/2014\/04\/15\/3e-journee-dechanges-du-lemgp\/\"]}]},{\"@type\":\"ImageObject\",\"inLanguage\":\"fr-CA\",\"@id\":\"https:\/\/www.uqac.ca\/uqactualites\/2014\/04\/15\/3e-journee-dechanges-du-lemgp\/#primaryimage\",\"url\":\"https:\/\/www.uqac.ca\/uqactualites\/wp-content\/uploads\/2012\/05\/avis-laCommunaut-.jpg\",\"contentUrl\":\"https:\/\/www.uqac.ca\/uqactualites\/wp-content\/uploads\/2012\/05\/avis-laCommunaut-.jpg\",\"width\":620,\"height\":300},{\"@type\":\"BreadcrumbList\",\"@id\":\"https:\/\/www.uqac.ca\/uqactualites\/2014\/04\/15\/3e-journee-dechanges-du-lemgp\/#breadcrumb\",\"itemListElement\":[{\"@type\":\"ListItem\",\"position\":1,\"name\":\"Home\",\"item\":\"https:\/\/www.uqac.ca\/uqactualites\/\"},{\"@type\":\"ListItem\",\"position\":2,\"name\":\"3e Journ\u00e9e d\u2019\u00e9changes du LemGP\"}]},{\"@type\":\"WebSite\",\"@id\":\"https:\/\/www.uqac.ca\/uqactualites\/#website\",\"url\":\"https:\/\/www.uqac.ca\/uqactualites\/\",\"name\":\"UQACtualit\u00e9s\",\"description\":\"Le portail des nouvelles de l&#039;UQAC\",\"potentialAction\":[{\"@type\":\"SearchAction\",\"target\":{\"@type\":\"EntryPoint\",\"urlTemplate\":\"https:\/\/www.uqac.ca\/uqactualites\/?s={search_term_string}\"},\"query-input\":{\"@type\":\"PropertyValueSpecification\",\"valueRequired\":true,\"valueName\":\"search_term_string\"}}],\"inLanguage\":\"fr-CA\"},{\"@type\":\"Person\",\"@id\":\"https:\/\/www.uqac.ca\/uqactualites\/#\/schema\/person\/366c45a0c4f0e677b41b4af5886e2018\",\"name\":\"Service des communications et des relations publiques\",\"image\":{\"@type\":\"ImageObject\",\"inLanguage\":\"fr-CA\",\"@id\":\"https:\/\/www.uqac.ca\/uqactualites\/#\/schema\/person\/image\/\",\"url\":\"https:\/\/secure.gravatar.com\/avatar\/20fbbda8a292f59f2d3461a5b999c00b?s=96&d=mm&r=g\",\"contentUrl\":\"https:\/\/secure.gravatar.com\/avatar\/20fbbda8a292f59f2d3461a5b999c00b?s=96&d=mm&r=g\",\"caption\":\"Service des communications et des relations publiques\"},\"url\":\"https:\/\/www.uqac.ca\/uqactualites\/author\/bap\/\"}]}<\/script>\r\n<!-- \/ Yoast SEO plugin. -->","yoast_head_json":{"title":"3e Journ\u00e9e d\u2019\u00e9changes du LemGP - UQACtualit\u00e9s","robots":{"index":"index","follow":"follow","max-snippet":"max-snippet:-1","max-image-preview":"max-image-preview:large","max-video-preview":"max-video-preview:-1"},"canonical":"https:\/\/www.uqac.ca\/uqactualites\/2014\/04\/15\/3e-journee-dechanges-du-lemgp\/","og_locale":"fr_CA","og_type":"article","og_title":"3e Journ\u00e9e d\u2019\u00e9changes du LemGP - UQACtualit\u00e9s","og_description":"Le Laboratoire d\u2019\u00e9tudes multidisciplinaires en gestion de projet (LemGP) invite la communaut\u00e9 universitaire \u00e0 participer \u00e0 sa 3e Journ\u00e9e d\u2019\u00e9changes, ayant pour th\u00e8me \u00ab\u00a0Vers une meilleure approche des parties prenantes\u00a0\u00bb\u00a0: Jeudi 24 avril 2014 9 h \u00e0 11 h 30\u00a0 \u25aa\u00a0 13 h \u00e0 16 h 30 Salon Andr\u00e9 Desgagn\u00e9 (local H1-1110) Conf\u00e9rences 9 h\u00a0: [&hellip;]","og_url":"https:\/\/www.uqac.ca\/uqactualites\/2014\/04\/15\/3e-journee-dechanges-du-lemgp\/","og_site_name":"UQACtualit\u00e9s","article_published_time":"2014-04-15T19:27:09+00:00","og_image":[{"width":620,"height":300,"url":"https:\/\/www.uqac.ca\/uqactualites\/wp-content\/uploads\/2012\/05\/avis-laCommunaut-.jpg","type":"image\/jpeg"}],"author":"Service des communications et des relations publiques","twitter_card":"summary_large_image","twitter_misc":{"\u00c9crit par":"Service des communications et des relations publiques","Estimation du temps de lecture":"1 minute"},"schema":{"@context":"https:\/\/schema.org","@graph":[{"@type":"WebPage","@id":"https:\/\/www.uqac.ca\/uqactualites\/2014\/04\/15\/3e-journee-dechanges-du-lemgp\/","url":"https:\/\/www.uqac.ca\/uqactualites\/2014\/04\/15\/3e-journee-dechanges-du-lemgp\/","name":"3e Journ\u00e9e d\u2019\u00e9changes du LemGP - UQACtualit\u00e9s","isPartOf":{"@id":"https:\/\/www.uqac.ca\/uqactualites\/#website"},"primaryImageOfPage":{"@id":"https:\/\/www.uqac.ca\/uqactualites\/2014\/04\/15\/3e-journee-dechanges-du-lemgp\/#primaryimage"},"image":{"@id":"https:\/\/www.uqac.ca\/uqactualites\/2014\/04\/15\/3e-journee-dechanges-du-lemgp\/#primaryimage"},"thumbnailUrl":"https:\/\/www.uqac.ca\/uqactualites\/wp-content\/uploads\/2012\/05\/avis-laCommunaut-.jpg","datePublished":"2014-04-15T19:27:09+00:00","dateModified":"2014-04-15T19:27:09+00:00","author":{"@id":"https:\/\/www.uqac.ca\/uqactualites\/#\/schema\/person\/366c45a0c4f0e677b41b4af5886e2018"},"breadcrumb":{"@id":"https:\/\/www.uqac.ca\/uqactualites\/2014\/04\/15\/3e-journee-dechanges-du-lemgp\/#breadcrumb"},"inLanguage":"fr-CA","potentialAction":[{"@type":"ReadAction","target":["https:\/\/www.uqac.ca\/uqactualites\/2014\/04\/15\/3e-journee-dechanges-du-lemgp\/"]}]},{"@type":"ImageObject","inLanguage":"fr-CA","@id":"https:\/\/www.uqac.ca\/uqactualites\/2014\/04\/15\/3e-journee-dechanges-du-lemgp\/#primaryimage","url":"https:\/\/www.uqac.ca\/uqactualites\/wp-content\/uploads\/2012\/05\/avis-laCommunaut-.jpg","contentUrl":"https:\/\/www.uqac.ca\/uqactualites\/wp-content\/uploads\/2012\/05\/avis-laCommunaut-.jpg","width":620,"height":300},{"@type":"BreadcrumbList","@id":"https:\/\/www.uqac.ca\/uqactualites\/2014\/04\/15\/3e-journee-dechanges-du-lemgp\/#breadcrumb","itemListElement":[{"@type":"ListItem","position":1,"name":"Home","item":"https:\/\/www.uqac.ca\/uqactualites\/"},{"@type":"ListItem","position":2,"name":"3e Journ\u00e9e d\u2019\u00e9changes du LemGP"}]},{"@type":"WebSite","@id":"https:\/\/www.uqac.ca\/uqactualites\/#website","url":"https:\/\/www.uqac.ca\/uqactualites\/","name":"UQACtualit\u00e9s","description":"Le portail des nouvelles de l&#039;UQAC","potentialAction":[{"@type":"SearchAction","target":{"@type":"EntryPoint","urlTemplate":"https:\/\/www.uqac.ca\/uqactualites\/?s={search_term_string}"},"query-input":{"@type":"PropertyValueSpecification","valueRequired":true,"valueName":"search_term_string"}}],"inLanguage":"fr-CA"},{"@type":"Person","@id":"https:\/\/www.uqac.ca\/uqactualites\/#\/schema\/person\/366c45a0c4f0e677b41b4af5886e2018","name":"Service des communications et des relations publiques","image":{"@type":"ImageObject","inLanguage":"fr-CA","@id":"https:\/\/www.uqac.ca\/uqactualites\/#\/schema\/person\/image\/","url":"https:\/\/secure.gravatar.com\/avatar\/20fbbda8a292f59f2d3461a5b999c00b?s=96&d=mm&r=g","contentUrl":"https:\/\/secure.gravatar.com\/avatar\/20fbbda8a292f59f2d3461a5b999c00b?s=96&d=mm&r=g","caption":"Service des communications et des relations publiques"},"url":"https:\/\/www.uqac.ca\/uqactualites\/author\/bap\/"}]}},"_links":{"self":[{"href":"https:\/\/www.uqac.ca\/uqactualites\/wp-json\/wp\/v2\/posts\/27558"}],"collection":[{"href":"https:\/\/www.uqac.ca\/uqactualites\/wp-json\/wp\/v2\/posts"}],"about":[{"href":"https:\/\/www.uqac.ca\/uqactualites\/wp-json\/wp\/v2\/types\/post"}],"author":[{"embeddable":true,"href":"https:\/\/www.uqac.ca\/uqactualites\/wp-json\/wp\/v2\/users\/5"}],"replies":[{"embeddable":true,"href":"https:\/\/www.uqac.ca\/uqactualites\/wp-json\/wp\/v2\/comments?post=27558"}],"version-history":[{"count":0,"href":"https:\/\/www.uqac.ca\/uqactualites\/wp-json\/wp\/v2\/posts\/27558\/revisions"}],"wp:featuredmedia":[{"embeddable":true,"href":"https:\/\/www.uqac.ca\/uqactualites\/wp-json\/wp\/v2\/media\/20989"}],"wp:attachment":[{"href":"https:\/\/www.uqac.ca\/uqactualites\/wp-json\/wp\/v2\/media?parent=27558"}],"wp:term":[{"taxonomy":"category","embeddable":true,"href":"https:\/\/www.uqac.ca\/uqactualites\/wp-json\/wp\/v2\/categories?post=27558"},{"taxonomy":"post_tag","embeddable":true,"href":"https:\/\/www.uqac.ca\/uqactualites\/wp-json\/wp\/v2\/tags?post=27558"}],"curies":[{"name":"wp","href":"https:\/\/api.w.org\/{rel}","templated":true}]}}