{"id":27570,"date":"2014-04-16T11:26:12","date_gmt":"2014-04-16T15:26:12","guid":{"rendered":"http:\/\/uqactualite.odev.ca\/?p=27570"},"modified":"2014-04-16T11:26:12","modified_gmt":"2014-04-16T15:26:12","slug":"gala-de-limplication-2013-2014-lengagement-socioculturel-des-etudiants-souligne","status":"publish","type":"post","link":"https:\/\/www.uqac.ca\/uqactualites\/2014\/04\/16\/gala-de-limplication-2013-2014-lengagement-socioculturel-des-etudiants-souligne\/","title":{"rendered":"Gala de l\u2019implication 2013-2014 : L\u2019engagement socioculturel des \u00e9tudiants soulign\u00e9"},"content":{"rendered":"<p style=\"text-align: justify\">C\u2019est le samedi 5 avril dernier qu\u2019\u00e9tait pr\u00e9sent\u00e9e l\u2019\u00e9dition 2013-2014 du Gala de l\u2019implication, mis sur pied par les Services aux \u00e9tudiants et le MAGE-UQAC. L\u2019\u00e9v\u00e9nement visait \u00e0 souligner l\u2019engagement socioculturel des \u00e9tudiants de l\u2019Universit\u00e9.<\/p>\n<p style=\"text-align: justify\">Voici les gagnants du Gala de l\u2019implication 2013-2014.<\/p>\n<ul style=\"text-align: justify\">\n<li><b>Cat\u00e9gorie \u00ab Association \u00e9tudiante de l\u2019ann\u00e9e \u00bb<br \/>\n<\/b>Association \u00e9tudiante en psychologie<br \/>\n<a href=\"http:\/\/www.uqac.ca\/wp-content\/uploads\/2014\/04\/Association-\u00e9tudiante-de-l\u2019ann\u00e9e-Web-\u00a9Samuel-Taillon.jpg\"><img loading=\"lazy\" decoding=\"async\" class=\"alignnone size-full wp-image-27571\" alt=\"Association \u00e9tudiante de l\u2019ann\u00e9e (Web) - \u00a9Samuel Taillon\" src=\"http:\/\/www.uqac.ca\/wp-content\/uploads\/2014\/04\/Association-\u00e9tudiante-de-l\u2019ann\u00e9e-Web-\u00a9Samuel-Taillon.jpg\" width=\"620\" height=\"300\" srcset=\"https:\/\/www.uqac.ca\/uqactualites\/wp-content\/uploads\/2014\/04\/Association-\u00e9tudiante-de-l\u2019ann\u00e9e-Web-\u00a9Samuel-Taillon.jpg 620w, https:\/\/www.uqac.ca\/uqactualites\/wp-content\/uploads\/2014\/04\/Association-\u00e9tudiante-de-l\u2019ann\u00e9e-Web-\u00a9Samuel-Taillon-300x145.jpg 300w\" sizes=\"(max-width: 620px) 100vw, 620px\" \/><\/a><span style=\"color: #808080\">Fr\u00e9d\u00e9rique Simard-Fortin, v.-p. aux affaires \u00e9tudiantes du MAGE-UQAC, Janik Desbiens, Marie-Pier Dufour, Laetitia Larouche, Alexia Tanguay-Lecompte, Colin Routhier, Jean-Michel Lapointe, Kevin Brassard, Vanessa Desmeules et Julie Tremblay, \u00e9tudiants, et Patrice S\u00e9guin, responsable de la Vie \u00e9tudiante (Services aux \u00e9tudiants)<\/span><br \/>\n<span style=\"color: #808080\"><span style=\"color: #808080\">Absente sur la photo\u00a0: Kathya Martel<\/span><\/span>&nbsp;<\/li>\n<\/ul>\n<ul>\n<li><b>Cat\u00e9gorie \u00ab\u00a0D\u00e9couverte de l\u2019ann\u00e9e \u00bb<br \/>\n<\/b>\u00c8ve Germain<br \/>\n<a href=\"http:\/\/www.uqac.ca\/wp-content\/uploads\/2014\/04\/D\u00e9couverte-de-l\u2019ann\u00e9e-Web-\u00a9Samuel-Taillon.jpg\"><img loading=\"lazy\" decoding=\"async\" class=\"alignnone size-full wp-image-27572\" alt=\"D\u00e9couverte de l\u2019ann\u00e9e (Web) - \u00a9Samuel Taillon\" src=\"http:\/\/www.uqac.ca\/wp-content\/uploads\/2014\/04\/D\u00e9couverte-de-l\u2019ann\u00e9e-Web-\u00a9Samuel-Taillon.jpg\" width=\"620\" height=\"300\" srcset=\"https:\/\/www.uqac.ca\/uqactualites\/wp-content\/uploads\/2014\/04\/D\u00e9couverte-de-l\u2019ann\u00e9e-Web-\u00a9Samuel-Taillon.jpg 620w, https:\/\/www.uqac.ca\/uqactualites\/wp-content\/uploads\/2014\/04\/D\u00e9couverte-de-l\u2019ann\u00e9e-Web-\u00a9Samuel-Taillon-300x145.jpg 300w\" sizes=\"(max-width: 620px) 100vw, 620px\" \/><\/a><span style=\"color: #808080\"><span style=\"color: #808080\">Fr\u00e9d\u00e9rique Simard-Fortin, v.-p. aux affaires \u00e9tudiantes du MAGE-UQAC, \u00c8ve Germain, \u00e9tudiante, et Patrice S\u00e9guin, responsable de la Vie \u00e9tudiante (Services aux \u00e9tudiants)<\/span><\/span>&nbsp;<\/li>\n<\/ul>\n<ul>\n<li><b>Cat\u00e9gorie \u00ab\u00a0Groupe d\u2019int\u00e9r\u00eat par excellence\u00a0\u00bb<br \/>\n<\/b>Snowski INUK<br \/>\n<a href=\"http:\/\/www.uqac.ca\/wp-content\/uploads\/2014\/04\/Groupe-d\u2019int\u00e9r\u00eat-par-excellence-Web-\u00a9Samuel-Taillon.jpg\"><img loading=\"lazy\" decoding=\"async\" class=\"alignnone size-full wp-image-27574\" alt=\"Groupe d\u2019int\u00e9r\u00eat par excellence (Web) - \u00a9Samuel Taillon\" src=\"http:\/\/www.uqac.ca\/wp-content\/uploads\/2014\/04\/Groupe-d\u2019int\u00e9r\u00eat-par-excellence-Web-\u00a9Samuel-Taillon.jpg\" width=\"620\" height=\"300\" srcset=\"https:\/\/www.uqac.ca\/uqactualites\/wp-content\/uploads\/2014\/04\/Groupe-d\u2019int\u00e9r\u00eat-par-excellence-Web-\u00a9Samuel-Taillon.jpg 620w, https:\/\/www.uqac.ca\/uqactualites\/wp-content\/uploads\/2014\/04\/Groupe-d\u2019int\u00e9r\u00eat-par-excellence-Web-\u00a9Samuel-Taillon-300x145.jpg 300w\" sizes=\"(max-width: 620px) 100vw, 620px\" \/><\/a><span style=\"color: #808080\"><span style=\"color: #808080\">Fr\u00e9d\u00e9rique Simard-Fortin, v.-p. aux affaires \u00e9tudiantes du MAGE-UQAC, Chlo\u00e9 Blum, Maxime Pinson et Patrick Phaneuf, \u00e9tudiants, et Patrice S\u00e9guin, responsable de la Vie \u00e9tudiante (Services aux \u00e9tudiants)<\/span><\/span>&nbsp;<\/li>\n<\/ul>\n<ul>\n<li><b>Cat\u00e9gorie \u00ab\u00a0Projet de l\u2019ann\u00e9e\u00a0\u00bb<br \/>\n<\/b>UQAC SnowJam 2014<br \/>\n<a href=\"http:\/\/www.uqac.ca\/wp-content\/uploads\/2014\/04\/Projet-de-l\u2019ann\u00e9e-Web-\u00a9Samuel-Taillon1.jpg\"><img loading=\"lazy\" decoding=\"async\" class=\"alignnone size-full wp-image-27575\" alt=\"Projet de l\u2019ann\u00e9e (Web) - \u00a9Samuel Taillon\" src=\"http:\/\/www.uqac.ca\/wp-content\/uploads\/2014\/04\/Projet-de-l\u2019ann\u00e9e-Web-\u00a9Samuel-Taillon1.jpg\" width=\"620\" height=\"300\" srcset=\"https:\/\/www.uqac.ca\/uqactualites\/wp-content\/uploads\/2014\/04\/Projet-de-l\u2019ann\u00e9e-Web-\u00a9Samuel-Taillon1.jpg 620w, https:\/\/www.uqac.ca\/uqactualites\/wp-content\/uploads\/2014\/04\/Projet-de-l\u2019ann\u00e9e-Web-\u00a9Samuel-Taillon1-300x145.jpg 300w\" sizes=\"(max-width: 620px) 100vw, 620px\" \/><\/a><span style=\"color: #808080\"><span style=\"color: #808080\">Fr\u00e9d\u00e9rique Simard-Fortin, v.-p. aux affaires \u00e9tudiantes du MAGE-UQAC, Jocelyn Tremblay, \u00e9tudiant, et Patrice S\u00e9guin, responsable de la Vie \u00e9tudiante (Services aux \u00e9tudiants)<\/span><\/span>&nbsp;<\/li>\n<\/ul>\n<ul>\n<li><b>Cat\u00e9gorie \u00ab\u00a0Personnalit\u00e9 de l\u2019ann\u00e9e\u00a0\u00bb<br \/>\n<\/b>Allexe Boivin Mercier<br \/>\n<a href=\"http:\/\/www.uqac.ca\/wp-content\/uploads\/2014\/04\/Personnalit\u00e9-de-l\u2019ann\u00e9e-Web-\u00a9Samuel-Taillon.jpg\"><img loading=\"lazy\" decoding=\"async\" class=\"alignnone size-full wp-image-27576\" alt=\"Personnalit\u00e9 de l\u2019ann\u00e9e (Web) - \u00a9Samuel Taillon\" src=\"http:\/\/www.uqac.ca\/wp-content\/uploads\/2014\/04\/Personnalit\u00e9-de-l\u2019ann\u00e9e-Web-\u00a9Samuel-Taillon.jpg\" width=\"620\" height=\"300\" srcset=\"https:\/\/www.uqac.ca\/uqactualites\/wp-content\/uploads\/2014\/04\/Personnalit\u00e9-de-l\u2019ann\u00e9e-Web-\u00a9Samuel-Taillon.jpg 620w, https:\/\/www.uqac.ca\/uqactualites\/wp-content\/uploads\/2014\/04\/Personnalit\u00e9-de-l\u2019ann\u00e9e-Web-\u00a9Samuel-Taillon-300x145.jpg 300w\" sizes=\"(max-width: 620px) 100vw, 620px\" \/><\/a><span style=\"color: #808080\"><span style=\"color: #808080\">Fr\u00e9d\u00e9rique Simard-Fortin, v.-p. aux affaires \u00e9tudiantes du MAGE-UQAC, Allexe Boivin Mercier, \u00e9tudiante, et Patrice S\u00e9guin, responsable de la Vie \u00e9tudiante (Services aux \u00e9tudiants)<\/span><\/span>&nbsp;<\/li>\n<\/ul>\n<p style=\"text-align: justify\">Toutes nos f\u00e9licitations!<\/p>\n<p style=\"text-align: justify\"><b><br \/>\nSources\u00a0:<\/b><\/p>\n<p style=\"text-align: justify\">Patrice S\u00e9guin, responsable de la Vie \u00e9tudiante<br \/>\nServices aux \u00e9tudiants<br \/>\nUniversit\u00e9 du Qu\u00e9bec \u00e0 Chicoutimi<br \/>\n418 545-5011 poste\u00a02014\u00a0 \u25aa\u00a0 <span style=\"color: #5b7411\"><a href=\"mailto:patrice_seguin@uqac.ca\"><span style=\"color: #5b7411\">patrice_seguin@uqac.ca<\/span><\/a><\/span><\/p>\n<p style=\"text-align: justify\">Bureau des affaires publiques<br \/>\nUniversit\u00e9 du Qu\u00e9bec \u00e0 Chicoutimi<br \/>\n418\u00a0545-5011, poste\u00a02350\u00a0 \u25aa\u00a0 <span style=\"color: #5b7411\"><a href=\"mailto:affaires_publiques@uqac.ca\"><span style=\"color: #5b7411\">affaires_publiques@uqac.ca<\/span><\/a><\/span><\/p>\n<p style=\"text-align: justify\"><b><br \/>\n<span style=\"color: #808080\">________________________________________________________________________________________<\/span><\/b><\/p>\n<p style=\"text-align: justify\"><span style=\"color: #808080\"><b>Photo \u00e0 la une\u00a0:<\/b> Fr\u00e9d\u00e9rique Simard-Fortin, v.-p. aux affaires \u00e9tudiantes du MAGE-UQAC, Allexe Boivin Mercier, \u00e9tudiante et gagnante du prix \u00ab Personnalit\u00e9 de l\u2019ann\u00e9e \u00bb, et Patrice S\u00e9guin, responsable de la Vie \u00e9tudiante (Services aux \u00e9tudiants)<\/span><br \/>\n<span style=\"color: #808080\"><b>Photographe (toutes les photos)\u00a0:<\/b> Samuel Taillon<\/span><br \/>\n<span style=\"color: #808080\"><b>________________________________________________________________________________________<\/b><\/span><\/p>\n","protected":false},"excerpt":{"rendered":"<p>C\u2019est le samedi 5 avril dernier qu\u2019\u00e9tait pr\u00e9sent\u00e9e l\u2019\u00e9dition 2013-2014 du Gala de l\u2019implication, mis sur pied par les Services aux \u00e9tudiants et le MAGE-UQAC. L\u2019\u00e9v\u00e9nement visait \u00e0 souligner l\u2019engagement socioculturel des \u00e9tudiants de l\u2019Universit\u00e9. Voici les gagnants du Gala de l\u2019implication 2013-2014. Cat\u00e9gorie \u00ab Association \u00e9tudiante de l\u2019ann\u00e9e \u00bb Association \u00e9tudiante en psychologie Fr\u00e9d\u00e9rique [&hellip;]<\/p>\n","protected":false},"author":5,"featured_media":27576,"comment_status":"open","ping_status":"open","sticky":false,"template":"","format":"standard","meta":{"footnotes":""},"categories":[2,61,9],"tags":[564,474,1352,636,958,1006],"yoast_head":"<!-- This site is optimized with the Yoast SEO plugin v24.2 - https:\/\/yoast.com\/wordpress\/plugins\/seo\/ -->\r\n<title>Gala de l\u2019implication 2013-2014 : L\u2019engagement socioculturel des \u00e9tudiants soulign\u00e9 - UQACtualit\u00e9s<\/title>\r\n<meta name=\"robots\" content=\"index, follow, max-snippet:-1, max-image-preview:large, max-video-preview:-1\" \/>\r\n<link rel=\"canonical\" href=\"https:\/\/www.uqac.ca\/uqactualites\/2014\/04\/16\/gala-de-limplication-2013-2014-lengagement-socioculturel-des-etudiants-souligne\/\" \/>\r\n<meta property=\"og:locale\" content=\"fr_CA\" \/>\r\n<meta property=\"og:type\" content=\"article\" \/>\r\n<meta property=\"og:title\" content=\"Gala de l\u2019implication 2013-2014 : L\u2019engagement socioculturel des \u00e9tudiants soulign\u00e9 - UQACtualit\u00e9s\" \/>\r\n<meta property=\"og:description\" content=\"C\u2019est le samedi 5 avril dernier qu\u2019\u00e9tait pr\u00e9sent\u00e9e l\u2019\u00e9dition 2013-2014 du Gala de l\u2019implication, mis sur pied par les Services aux \u00e9tudiants et le MAGE-UQAC. L\u2019\u00e9v\u00e9nement visait \u00e0 souligner l\u2019engagement socioculturel des \u00e9tudiants de l\u2019Universit\u00e9. Voici les gagnants du Gala de l\u2019implication 2013-2014. Cat\u00e9gorie \u00ab Association \u00e9tudiante de l\u2019ann\u00e9e \u00bb Association \u00e9tudiante en psychologie Fr\u00e9d\u00e9rique [&hellip;]\" \/>\r\n<meta property=\"og:url\" content=\"https:\/\/www.uqac.ca\/uqactualites\/2014\/04\/16\/gala-de-limplication-2013-2014-lengagement-socioculturel-des-etudiants-souligne\/\" \/>\r\n<meta property=\"og:site_name\" content=\"UQACtualit\u00e9s\" \/>\r\n<meta property=\"article:published_time\" content=\"2014-04-16T15:26:12+00:00\" \/>\r\n<meta property=\"og:image\" content=\"https:\/\/www.uqac.ca\/uqactualites\/wp-content\/uploads\/2014\/04\/Personnalit\u00e9-de-l\u2019ann\u00e9e-Web-\u00a9Samuel-Taillon.jpg\" \/>\r\n\t<meta property=\"og:image:width\" content=\"620\" \/>\r\n\t<meta property=\"og:image:height\" content=\"300\" \/>\r\n\t<meta property=\"og:image:type\" content=\"image\/jpeg\" \/>\r\n<meta name=\"author\" content=\"Service des communications et des relations publiques\" \/>\r\n<meta name=\"twitter:card\" content=\"summary_large_image\" \/>\r\n<meta name=\"twitter:label1\" content=\"\u00c9crit par\" \/>\n\t<meta name=\"twitter:data1\" content=\"Service des communications et des relations publiques\" \/>\n\t<meta name=\"twitter:label2\" content=\"Estimation du temps de lecture\" \/>\n\t<meta name=\"twitter:data2\" content=\"2 minutes\" \/>\r\n<script type=\"application\/ld+json\" class=\"yoast-schema-graph\">{\"@context\":\"https:\/\/schema.org\",\"@graph\":[{\"@type\":\"WebPage\",\"@id\":\"https:\/\/www.uqac.ca\/uqactualites\/2014\/04\/16\/gala-de-limplication-2013-2014-lengagement-socioculturel-des-etudiants-souligne\/\",\"url\":\"https:\/\/www.uqac.ca\/uqactualites\/2014\/04\/16\/gala-de-limplication-2013-2014-lengagement-socioculturel-des-etudiants-souligne\/\",\"name\":\"Gala de l\u2019implication 2013-2014 : L\u2019engagement socioculturel des \u00e9tudiants soulign\u00e9 - UQACtualit\u00e9s\",\"isPartOf\":{\"@id\":\"https:\/\/www.uqac.ca\/uqactualites\/#website\"},\"primaryImageOfPage\":{\"@id\":\"https:\/\/www.uqac.ca\/uqactualites\/2014\/04\/16\/gala-de-limplication-2013-2014-lengagement-socioculturel-des-etudiants-souligne\/#primaryimage\"},\"image\":{\"@id\":\"https:\/\/www.uqac.ca\/uqactualites\/2014\/04\/16\/gala-de-limplication-2013-2014-lengagement-socioculturel-des-etudiants-souligne\/#primaryimage\"},\"thumbnailUrl\":\"https:\/\/www.uqac.ca\/uqactualites\/wp-content\/uploads\/2014\/04\/Personnalit\u00e9-de-l\u2019ann\u00e9e-Web-\u00a9Samuel-Taillon.jpg\",\"datePublished\":\"2014-04-16T15:26:12+00:00\",\"dateModified\":\"2014-04-16T15:26:12+00:00\",\"author\":{\"@id\":\"https:\/\/www.uqac.ca\/uqactualites\/#\/schema\/person\/366c45a0c4f0e677b41b4af5886e2018\"},\"breadcrumb\":{\"@id\":\"https:\/\/www.uqac.ca\/uqactualites\/2014\/04\/16\/gala-de-limplication-2013-2014-lengagement-socioculturel-des-etudiants-souligne\/#breadcrumb\"},\"inLanguage\":\"fr-CA\",\"potentialAction\":[{\"@type\":\"ReadAction\",\"target\":[\"https:\/\/www.uqac.ca\/uqactualites\/2014\/04\/16\/gala-de-limplication-2013-2014-lengagement-socioculturel-des-etudiants-souligne\/\"]}]},{\"@type\":\"ImageObject\",\"inLanguage\":\"fr-CA\",\"@id\":\"https:\/\/www.uqac.ca\/uqactualites\/2014\/04\/16\/gala-de-limplication-2013-2014-lengagement-socioculturel-des-etudiants-souligne\/#primaryimage\",\"url\":\"https:\/\/www.uqac.ca\/uqactualites\/wp-content\/uploads\/2014\/04\/Personnalit\u00e9-de-l\u2019ann\u00e9e-Web-\u00a9Samuel-Taillon.jpg\",\"contentUrl\":\"https:\/\/www.uqac.ca\/uqactualites\/wp-content\/uploads\/2014\/04\/Personnalit\u00e9-de-l\u2019ann\u00e9e-Web-\u00a9Samuel-Taillon.jpg\",\"width\":620,\"height\":300},{\"@type\":\"BreadcrumbList\",\"@id\":\"https:\/\/www.uqac.ca\/uqactualites\/2014\/04\/16\/gala-de-limplication-2013-2014-lengagement-socioculturel-des-etudiants-souligne\/#breadcrumb\",\"itemListElement\":[{\"@type\":\"ListItem\",\"position\":1,\"name\":\"Home\",\"item\":\"https:\/\/www.uqac.ca\/uqactualites\/\"},{\"@type\":\"ListItem\",\"position\":2,\"name\":\"Gala de l\u2019implication 2013-2014 : L\u2019engagement socioculturel des \u00e9tudiants soulign\u00e9\"}]},{\"@type\":\"WebSite\",\"@id\":\"https:\/\/www.uqac.ca\/uqactualites\/#website\",\"url\":\"https:\/\/www.uqac.ca\/uqactualites\/\",\"name\":\"UQACtualit\u00e9s\",\"description\":\"Le portail des nouvelles de l&#039;UQAC\",\"potentialAction\":[{\"@type\":\"SearchAction\",\"target\":{\"@type\":\"EntryPoint\",\"urlTemplate\":\"https:\/\/www.uqac.ca\/uqactualites\/?s={search_term_string}\"},\"query-input\":{\"@type\":\"PropertyValueSpecification\",\"valueRequired\":true,\"valueName\":\"search_term_string\"}}],\"inLanguage\":\"fr-CA\"},{\"@type\":\"Person\",\"@id\":\"https:\/\/www.uqac.ca\/uqactualites\/#\/schema\/person\/366c45a0c4f0e677b41b4af5886e2018\",\"name\":\"Service des communications et des relations publiques\",\"image\":{\"@type\":\"ImageObject\",\"inLanguage\":\"fr-CA\",\"@id\":\"https:\/\/www.uqac.ca\/uqactualites\/#\/schema\/person\/image\/\",\"url\":\"https:\/\/secure.gravatar.com\/avatar\/20fbbda8a292f59f2d3461a5b999c00b?s=96&d=mm&r=g\",\"contentUrl\":\"https:\/\/secure.gravatar.com\/avatar\/20fbbda8a292f59f2d3461a5b999c00b?s=96&d=mm&r=g\",\"caption\":\"Service des communications et des relations publiques\"},\"url\":\"https:\/\/www.uqac.ca\/uqactualites\/author\/bap\/\"}]}<\/script>\r\n<!-- \/ Yoast SEO plugin. -->","yoast_head_json":{"title":"Gala de l\u2019implication 2013-2014 : L\u2019engagement socioculturel des \u00e9tudiants soulign\u00e9 - UQACtualit\u00e9s","robots":{"index":"index","follow":"follow","max-snippet":"max-snippet:-1","max-image-preview":"max-image-preview:large","max-video-preview":"max-video-preview:-1"},"canonical":"https:\/\/www.uqac.ca\/uqactualites\/2014\/04\/16\/gala-de-limplication-2013-2014-lengagement-socioculturel-des-etudiants-souligne\/","og_locale":"fr_CA","og_type":"article","og_title":"Gala de l\u2019implication 2013-2014 : L\u2019engagement socioculturel des \u00e9tudiants soulign\u00e9 - UQACtualit\u00e9s","og_description":"C\u2019est le samedi 5 avril dernier qu\u2019\u00e9tait pr\u00e9sent\u00e9e l\u2019\u00e9dition 2013-2014 du Gala de l\u2019implication, mis sur pied par les Services aux \u00e9tudiants et le MAGE-UQAC. L\u2019\u00e9v\u00e9nement visait \u00e0 souligner l\u2019engagement socioculturel des \u00e9tudiants de l\u2019Universit\u00e9. Voici les gagnants du Gala de l\u2019implication 2013-2014. Cat\u00e9gorie \u00ab Association \u00e9tudiante de l\u2019ann\u00e9e \u00bb Association \u00e9tudiante en psychologie Fr\u00e9d\u00e9rique [&hellip;]","og_url":"https:\/\/www.uqac.ca\/uqactualites\/2014\/04\/16\/gala-de-limplication-2013-2014-lengagement-socioculturel-des-etudiants-souligne\/","og_site_name":"UQACtualit\u00e9s","article_published_time":"2014-04-16T15:26:12+00:00","og_image":[{"width":620,"height":300,"url":"https:\/\/www.uqac.ca\/uqactualites\/wp-content\/uploads\/2014\/04\/Personnalit\u00e9-de-l\u2019ann\u00e9e-Web-\u00a9Samuel-Taillon.jpg","type":"image\/jpeg"}],"author":"Service des communications et des relations publiques","twitter_card":"summary_large_image","twitter_misc":{"\u00c9crit par":"Service des communications et des relations publiques","Estimation du temps de lecture":"2 minutes"},"schema":{"@context":"https:\/\/schema.org","@graph":[{"@type":"WebPage","@id":"https:\/\/www.uqac.ca\/uqactualites\/2014\/04\/16\/gala-de-limplication-2013-2014-lengagement-socioculturel-des-etudiants-souligne\/","url":"https:\/\/www.uqac.ca\/uqactualites\/2014\/04\/16\/gala-de-limplication-2013-2014-lengagement-socioculturel-des-etudiants-souligne\/","name":"Gala de l\u2019implication 2013-2014 : L\u2019engagement socioculturel des \u00e9tudiants soulign\u00e9 - UQACtualit\u00e9s","isPartOf":{"@id":"https:\/\/www.uqac.ca\/uqactualites\/#website"},"primaryImageOfPage":{"@id":"https:\/\/www.uqac.ca\/uqactualites\/2014\/04\/16\/gala-de-limplication-2013-2014-lengagement-socioculturel-des-etudiants-souligne\/#primaryimage"},"image":{"@id":"https:\/\/www.uqac.ca\/uqactualites\/2014\/04\/16\/gala-de-limplication-2013-2014-lengagement-socioculturel-des-etudiants-souligne\/#primaryimage"},"thumbnailUrl":"https:\/\/www.uqac.ca\/uqactualites\/wp-content\/uploads\/2014\/04\/Personnalit\u00e9-de-l\u2019ann\u00e9e-Web-\u00a9Samuel-Taillon.jpg","datePublished":"2014-04-16T15:26:12+00:00","dateModified":"2014-04-16T15:26:12+00:00","author":{"@id":"https:\/\/www.uqac.ca\/uqactualites\/#\/schema\/person\/366c45a0c4f0e677b41b4af5886e2018"},"breadcrumb":{"@id":"https:\/\/www.uqac.ca\/uqactualites\/2014\/04\/16\/gala-de-limplication-2013-2014-lengagement-socioculturel-des-etudiants-souligne\/#breadcrumb"},"inLanguage":"fr-CA","potentialAction":[{"@type":"ReadAction","target":["https:\/\/www.uqac.ca\/uqactualites\/2014\/04\/16\/gala-de-limplication-2013-2014-lengagement-socioculturel-des-etudiants-souligne\/"]}]},{"@type":"ImageObject","inLanguage":"fr-CA","@id":"https:\/\/www.uqac.ca\/uqactualites\/2014\/04\/16\/gala-de-limplication-2013-2014-lengagement-socioculturel-des-etudiants-souligne\/#primaryimage","url":"https:\/\/www.uqac.ca\/uqactualites\/wp-content\/uploads\/2014\/04\/Personnalit\u00e9-de-l\u2019ann\u00e9e-Web-\u00a9Samuel-Taillon.jpg","contentUrl":"https:\/\/www.uqac.ca\/uqactualites\/wp-content\/uploads\/2014\/04\/Personnalit\u00e9-de-l\u2019ann\u00e9e-Web-\u00a9Samuel-Taillon.jpg","width":620,"height":300},{"@type":"BreadcrumbList","@id":"https:\/\/www.uqac.ca\/uqactualites\/2014\/04\/16\/gala-de-limplication-2013-2014-lengagement-socioculturel-des-etudiants-souligne\/#breadcrumb","itemListElement":[{"@type":"ListItem","position":1,"name":"Home","item":"https:\/\/www.uqac.ca\/uqactualites\/"},{"@type":"ListItem","position":2,"name":"Gala de l\u2019implication 2013-2014 : L\u2019engagement socioculturel des \u00e9tudiants soulign\u00e9"}]},{"@type":"WebSite","@id":"https:\/\/www.uqac.ca\/uqactualites\/#website","url":"https:\/\/www.uqac.ca\/uqactualites\/","name":"UQACtualit\u00e9s","description":"Le portail des nouvelles de l&#039;UQAC","potentialAction":[{"@type":"SearchAction","target":{"@type":"EntryPoint","urlTemplate":"https:\/\/www.uqac.ca\/uqactualites\/?s={search_term_string}"},"query-input":{"@type":"PropertyValueSpecification","valueRequired":true,"valueName":"search_term_string"}}],"inLanguage":"fr-CA"},{"@type":"Person","@id":"https:\/\/www.uqac.ca\/uqactualites\/#\/schema\/person\/366c45a0c4f0e677b41b4af5886e2018","name":"Service des communications et des relations publiques","image":{"@type":"ImageObject","inLanguage":"fr-CA","@id":"https:\/\/www.uqac.ca\/uqactualites\/#\/schema\/person\/image\/","url":"https:\/\/secure.gravatar.com\/avatar\/20fbbda8a292f59f2d3461a5b999c00b?s=96&d=mm&r=g","contentUrl":"https:\/\/secure.gravatar.com\/avatar\/20fbbda8a292f59f2d3461a5b999c00b?s=96&d=mm&r=g","caption":"Service des communications et des relations publiques"},"url":"https:\/\/www.uqac.ca\/uqactualites\/author\/bap\/"}]}},"_links":{"self":[{"href":"https:\/\/www.uqac.ca\/uqactualites\/wp-json\/wp\/v2\/posts\/27570"}],"collection":[{"href":"https:\/\/www.uqac.ca\/uqactualites\/wp-json\/wp\/v2\/posts"}],"about":[{"href":"https:\/\/www.uqac.ca\/uqactualites\/wp-json\/wp\/v2\/types\/post"}],"author":[{"embeddable":true,"href":"https:\/\/www.uqac.ca\/uqactualites\/wp-json\/wp\/v2\/users\/5"}],"replies":[{"embeddable":true,"href":"https:\/\/www.uqac.ca\/uqactualites\/wp-json\/wp\/v2\/comments?post=27570"}],"version-history":[{"count":0,"href":"https:\/\/www.uqac.ca\/uqactualites\/wp-json\/wp\/v2\/posts\/27570\/revisions"}],"wp:featuredmedia":[{"embeddable":true,"href":"https:\/\/www.uqac.ca\/uqactualites\/wp-json\/wp\/v2\/media\/27576"}],"wp:attachment":[{"href":"https:\/\/www.uqac.ca\/uqactualites\/wp-json\/wp\/v2\/media?parent=27570"}],"wp:term":[{"taxonomy":"category","embeddable":true,"href":"https:\/\/www.uqac.ca\/uqactualites\/wp-json\/wp\/v2\/categories?post=27570"},{"taxonomy":"post_tag","embeddable":true,"href":"https:\/\/www.uqac.ca\/uqactualites\/wp-json\/wp\/v2\/tags?post=27570"}],"curies":[{"name":"wp","href":"https:\/\/api.w.org\/{rel}","templated":true}]}}