{"id":27613,"date":"2014-04-23T13:29:29","date_gmt":"2014-04-23T17:29:29","guid":{"rendered":"http:\/\/uqactualite.odev.ca\/?p=27613"},"modified":"2014-04-23T13:29:29","modified_gmt":"2014-04-23T17:29:29","slug":"invitation-collation-des-grades-2014","status":"publish","type":"post","link":"https:\/\/www.uqac.ca\/uqactualites\/2014\/04\/23\/invitation-collation-des-grades-2014\/","title":{"rendered":"Invitation &#8211; Collation des grades 2014"},"content":{"rendered":"<p style=\"text-align: justify\">Monsieur Martin Gauthier, recteur de l\u2019Universit\u00e9 du Qu\u00e9bec \u00e0 Chicoutimi, a le plaisir de vous inviter \u00e0 la Collation des grades :<\/p>\n<p style=\"text-align: center\" align=\"center\"><span style=\"color: #5b7411\"><b>Collation des grades\u00a02014<br \/>\nSamedi 26 avril 2014\u00a0 <\/b><b>\u25aa<\/b><b>\u00a0 C\u00e9r\u00e9monies \u00e0 9\u00a0h\u00a030 et \u00e0 15\u00a0h<br \/>\n<\/b>Pavillon sportif de l\u2019UQAC<\/span><\/p>\n<p>Venez souligner avec nous l\u2019excellence de nos \u00e9tudiants!<\/p>\n<p><span style=\"color: #808080\"><b>________________________________________________________________________________________<\/b><\/span><\/p>\n<p><span style=\"color: #808080\"><b>\u00c0 noter<\/b><\/span><br \/>\n<span style=\"color: #808080\"> Les micros sans fil seront interdits dans la salle lors des c\u00e9r\u00e9monies.<\/span><br \/>\n<span style=\"color: #808080\"> Les journalistes qui d\u00e9sirent assister \u00e0 la Collation des grades doivent confirmer leur pr\u00e9sence aupr\u00e8s de Jean Wauthier (<span style=\"color: #5b7411\"><a href=\"mailto:jean.wauthier@uqac.ca\"><span style=\"color: #5b7411\">jean.wauthier@uqac.ca<\/span><\/a><\/span> ou 418\u00a0545-5011, poste\u00a05006). Ils devront \u00e9galement se pr\u00e9senter \u00e0 l&rsquo;accueil du Pavillon sportif lors de leur arriv\u00e9e afin de signaler leur pr\u00e9sence.<\/span><br \/>\n<span style=\"color: #808080\"> <b>________________________________________________________________________________________<\/b><\/span><\/p>\n<p style=\"text-align: justify\"><b>\u00a0<\/b><\/p>\n<p style=\"text-align: justify\"><b>Renseignements, demandes d\u2019entrevues et confirmations de pr\u00e9sence\u00a0:<\/b><br \/>\nJean Wauthier, directeur<br \/>\nBureau des affaires publiques<br \/>\nUniversit\u00e9 du Qu\u00e9bec \u00e0 Chicoutimi<br \/>\n418 545-5011, poste\u00a05006\u00a0 \u25aa\u00a0 <span style=\"color: #5b7411\"><a href=\"mailto:jean.wauthier@uqac.ca\"><span style=\"color: #5b7411\">jean.wauthier@uqac.ca<\/span><\/a><\/span><\/p>\n","protected":false},"excerpt":{"rendered":"<p>Monsieur Martin Gauthier, recteur de l\u2019Universit\u00e9 du Qu\u00e9bec \u00e0 Chicoutimi, a le plaisir de vous inviter \u00e0 la Collation des grades : Collation des grades\u00a02014 Samedi 26 avril 2014\u00a0 \u25aa\u00a0 C\u00e9r\u00e9monies \u00e0 9\u00a0h\u00a030 et \u00e0 15\u00a0h Pavillon sportif de l\u2019UQAC Venez souligner avec nous l\u2019excellence de nos \u00e9tudiants! ________________________________________________________________________________________ \u00c0 noter Les micros sans fil [&hellip;]<\/p>\n","protected":false},"author":5,"featured_media":23893,"comment_status":"open","ping_status":"open","sticky":false,"template":"","format":"standard","meta":{"footnotes":""},"categories":[2772],"tags":[95,405,407],"yoast_head":"<!-- This site is optimized with the Yoast SEO plugin v24.2 - https:\/\/yoast.com\/wordpress\/plugins\/seo\/ -->\r\n<title>Invitation - Collation des grades 2014 - UQACtualit\u00e9s<\/title>\r\n<meta name=\"robots\" content=\"index, follow, max-snippet:-1, max-image-preview:large, max-video-preview:-1\" \/>\r\n<link rel=\"canonical\" href=\"https:\/\/www.uqac.ca\/uqactualites\/2014\/04\/23\/invitation-collation-des-grades-2014\/\" \/>\r\n<meta property=\"og:locale\" content=\"fr_CA\" \/>\r\n<meta property=\"og:type\" content=\"article\" \/>\r\n<meta property=\"og:title\" content=\"Invitation - Collation des grades 2014 - UQACtualit\u00e9s\" \/>\r\n<meta property=\"og:description\" content=\"Monsieur Martin Gauthier, recteur de l\u2019Universit\u00e9 du Qu\u00e9bec \u00e0 Chicoutimi, a le plaisir de vous inviter \u00e0 la Collation des grades : Collation des grades\u00a02014 Samedi 26 avril 2014\u00a0 \u25aa\u00a0 C\u00e9r\u00e9monies \u00e0 9\u00a0h\u00a030 et \u00e0 15\u00a0h Pavillon sportif de l\u2019UQAC Venez souligner avec nous l\u2019excellence de nos \u00e9tudiants! ________________________________________________________________________________________ \u00c0 noter Les micros sans fil [&hellip;]\" \/>\r\n<meta property=\"og:url\" content=\"https:\/\/www.uqac.ca\/uqactualites\/2014\/04\/23\/invitation-collation-des-grades-2014\/\" \/>\r\n<meta property=\"og:site_name\" content=\"UQACtualit\u00e9s\" \/>\r\n<meta property=\"article:published_time\" content=\"2014-04-23T17:29:29+00:00\" \/>\r\n<meta property=\"og:image\" content=\"https:\/\/www.uqac.ca\/uqactualites\/wp-content\/uploads\/2013\/04\/Invitation.jpg\" \/>\r\n\t<meta property=\"og:image:width\" content=\"620\" \/>\r\n\t<meta property=\"og:image:height\" content=\"300\" \/>\r\n\t<meta property=\"og:image:type\" content=\"image\/jpeg\" \/>\r\n<meta name=\"author\" content=\"Service des communications et des relations publiques\" \/>\r\n<meta name=\"twitter:card\" content=\"summary_large_image\" \/>\r\n<meta name=\"twitter:label1\" content=\"\u00c9crit par\" \/>\n\t<meta name=\"twitter:data1\" content=\"Service des communications et des relations publiques\" \/>\n\t<meta name=\"twitter:label2\" content=\"Estimation du temps de lecture\" \/>\n\t<meta name=\"twitter:data2\" content=\"1 minute\" \/>\r\n<script type=\"application\/ld+json\" class=\"yoast-schema-graph\">{\"@context\":\"https:\/\/schema.org\",\"@graph\":[{\"@type\":\"WebPage\",\"@id\":\"https:\/\/www.uqac.ca\/uqactualites\/2014\/04\/23\/invitation-collation-des-grades-2014\/\",\"url\":\"https:\/\/www.uqac.ca\/uqactualites\/2014\/04\/23\/invitation-collation-des-grades-2014\/\",\"name\":\"Invitation - Collation des grades 2014 - UQACtualit\u00e9s\",\"isPartOf\":{\"@id\":\"https:\/\/www.uqac.ca\/uqactualites\/#website\"},\"primaryImageOfPage\":{\"@id\":\"https:\/\/www.uqac.ca\/uqactualites\/2014\/04\/23\/invitation-collation-des-grades-2014\/#primaryimage\"},\"image\":{\"@id\":\"https:\/\/www.uqac.ca\/uqactualites\/2014\/04\/23\/invitation-collation-des-grades-2014\/#primaryimage\"},\"thumbnailUrl\":\"https:\/\/www.uqac.ca\/uqactualites\/wp-content\/uploads\/2013\/04\/Invitation.jpg\",\"datePublished\":\"2014-04-23T17:29:29+00:00\",\"dateModified\":\"2014-04-23T17:29:29+00:00\",\"author\":{\"@id\":\"https:\/\/www.uqac.ca\/uqactualites\/#\/schema\/person\/366c45a0c4f0e677b41b4af5886e2018\"},\"breadcrumb\":{\"@id\":\"https:\/\/www.uqac.ca\/uqactualites\/2014\/04\/23\/invitation-collation-des-grades-2014\/#breadcrumb\"},\"inLanguage\":\"fr-CA\",\"potentialAction\":[{\"@type\":\"ReadAction\",\"target\":[\"https:\/\/www.uqac.ca\/uqactualites\/2014\/04\/23\/invitation-collation-des-grades-2014\/\"]}]},{\"@type\":\"ImageObject\",\"inLanguage\":\"fr-CA\",\"@id\":\"https:\/\/www.uqac.ca\/uqactualites\/2014\/04\/23\/invitation-collation-des-grades-2014\/#primaryimage\",\"url\":\"https:\/\/www.uqac.ca\/uqactualites\/wp-content\/uploads\/2013\/04\/Invitation.jpg\",\"contentUrl\":\"https:\/\/www.uqac.ca\/uqactualites\/wp-content\/uploads\/2013\/04\/Invitation.jpg\",\"width\":620,\"height\":300},{\"@type\":\"BreadcrumbList\",\"@id\":\"https:\/\/www.uqac.ca\/uqactualites\/2014\/04\/23\/invitation-collation-des-grades-2014\/#breadcrumb\",\"itemListElement\":[{\"@type\":\"ListItem\",\"position\":1,\"name\":\"Home\",\"item\":\"https:\/\/www.uqac.ca\/uqactualites\/\"},{\"@type\":\"ListItem\",\"position\":2,\"name\":\"Invitation &#8211; Collation des grades 2014\"}]},{\"@type\":\"WebSite\",\"@id\":\"https:\/\/www.uqac.ca\/uqactualites\/#website\",\"url\":\"https:\/\/www.uqac.ca\/uqactualites\/\",\"name\":\"UQACtualit\u00e9s\",\"description\":\"Le portail des nouvelles de l&#039;UQAC\",\"potentialAction\":[{\"@type\":\"SearchAction\",\"target\":{\"@type\":\"EntryPoint\",\"urlTemplate\":\"https:\/\/www.uqac.ca\/uqactualites\/?s={search_term_string}\"},\"query-input\":{\"@type\":\"PropertyValueSpecification\",\"valueRequired\":true,\"valueName\":\"search_term_string\"}}],\"inLanguage\":\"fr-CA\"},{\"@type\":\"Person\",\"@id\":\"https:\/\/www.uqac.ca\/uqactualites\/#\/schema\/person\/366c45a0c4f0e677b41b4af5886e2018\",\"name\":\"Service des communications et des relations publiques\",\"image\":{\"@type\":\"ImageObject\",\"inLanguage\":\"fr-CA\",\"@id\":\"https:\/\/www.uqac.ca\/uqactualites\/#\/schema\/person\/image\/\",\"url\":\"https:\/\/secure.gravatar.com\/avatar\/20fbbda8a292f59f2d3461a5b999c00b?s=96&d=mm&r=g\",\"contentUrl\":\"https:\/\/secure.gravatar.com\/avatar\/20fbbda8a292f59f2d3461a5b999c00b?s=96&d=mm&r=g\",\"caption\":\"Service des communications et des relations publiques\"},\"url\":\"https:\/\/www.uqac.ca\/uqactualites\/author\/bap\/\"}]}<\/script>\r\n<!-- \/ Yoast SEO plugin. -->","yoast_head_json":{"title":"Invitation - Collation des grades 2014 - UQACtualit\u00e9s","robots":{"index":"index","follow":"follow","max-snippet":"max-snippet:-1","max-image-preview":"max-image-preview:large","max-video-preview":"max-video-preview:-1"},"canonical":"https:\/\/www.uqac.ca\/uqactualites\/2014\/04\/23\/invitation-collation-des-grades-2014\/","og_locale":"fr_CA","og_type":"article","og_title":"Invitation - Collation des grades 2014 - UQACtualit\u00e9s","og_description":"Monsieur Martin Gauthier, recteur de l\u2019Universit\u00e9 du Qu\u00e9bec \u00e0 Chicoutimi, a le plaisir de vous inviter \u00e0 la Collation des grades : Collation des grades\u00a02014 Samedi 26 avril 2014\u00a0 \u25aa\u00a0 C\u00e9r\u00e9monies \u00e0 9\u00a0h\u00a030 et \u00e0 15\u00a0h Pavillon sportif de l\u2019UQAC Venez souligner avec nous l\u2019excellence de nos \u00e9tudiants! ________________________________________________________________________________________ \u00c0 noter Les micros sans fil [&hellip;]","og_url":"https:\/\/www.uqac.ca\/uqactualites\/2014\/04\/23\/invitation-collation-des-grades-2014\/","og_site_name":"UQACtualit\u00e9s","article_published_time":"2014-04-23T17:29:29+00:00","og_image":[{"width":620,"height":300,"url":"https:\/\/www.uqac.ca\/uqactualites\/wp-content\/uploads\/2013\/04\/Invitation.jpg","type":"image\/jpeg"}],"author":"Service des communications et des relations publiques","twitter_card":"summary_large_image","twitter_misc":{"\u00c9crit par":"Service des communications et des relations publiques","Estimation du temps de lecture":"1 minute"},"schema":{"@context":"https:\/\/schema.org","@graph":[{"@type":"WebPage","@id":"https:\/\/www.uqac.ca\/uqactualites\/2014\/04\/23\/invitation-collation-des-grades-2014\/","url":"https:\/\/www.uqac.ca\/uqactualites\/2014\/04\/23\/invitation-collation-des-grades-2014\/","name":"Invitation - Collation des grades 2014 - UQACtualit\u00e9s","isPartOf":{"@id":"https:\/\/www.uqac.ca\/uqactualites\/#website"},"primaryImageOfPage":{"@id":"https:\/\/www.uqac.ca\/uqactualites\/2014\/04\/23\/invitation-collation-des-grades-2014\/#primaryimage"},"image":{"@id":"https:\/\/www.uqac.ca\/uqactualites\/2014\/04\/23\/invitation-collation-des-grades-2014\/#primaryimage"},"thumbnailUrl":"https:\/\/www.uqac.ca\/uqactualites\/wp-content\/uploads\/2013\/04\/Invitation.jpg","datePublished":"2014-04-23T17:29:29+00:00","dateModified":"2014-04-23T17:29:29+00:00","author":{"@id":"https:\/\/www.uqac.ca\/uqactualites\/#\/schema\/person\/366c45a0c4f0e677b41b4af5886e2018"},"breadcrumb":{"@id":"https:\/\/www.uqac.ca\/uqactualites\/2014\/04\/23\/invitation-collation-des-grades-2014\/#breadcrumb"},"inLanguage":"fr-CA","potentialAction":[{"@type":"ReadAction","target":["https:\/\/www.uqac.ca\/uqactualites\/2014\/04\/23\/invitation-collation-des-grades-2014\/"]}]},{"@type":"ImageObject","inLanguage":"fr-CA","@id":"https:\/\/www.uqac.ca\/uqactualites\/2014\/04\/23\/invitation-collation-des-grades-2014\/#primaryimage","url":"https:\/\/www.uqac.ca\/uqactualites\/wp-content\/uploads\/2013\/04\/Invitation.jpg","contentUrl":"https:\/\/www.uqac.ca\/uqactualites\/wp-content\/uploads\/2013\/04\/Invitation.jpg","width":620,"height":300},{"@type":"BreadcrumbList","@id":"https:\/\/www.uqac.ca\/uqactualites\/2014\/04\/23\/invitation-collation-des-grades-2014\/#breadcrumb","itemListElement":[{"@type":"ListItem","position":1,"name":"Home","item":"https:\/\/www.uqac.ca\/uqactualites\/"},{"@type":"ListItem","position":2,"name":"Invitation &#8211; Collation des grades 2014"}]},{"@type":"WebSite","@id":"https:\/\/www.uqac.ca\/uqactualites\/#website","url":"https:\/\/www.uqac.ca\/uqactualites\/","name":"UQACtualit\u00e9s","description":"Le portail des nouvelles de l&#039;UQAC","potentialAction":[{"@type":"SearchAction","target":{"@type":"EntryPoint","urlTemplate":"https:\/\/www.uqac.ca\/uqactualites\/?s={search_term_string}"},"query-input":{"@type":"PropertyValueSpecification","valueRequired":true,"valueName":"search_term_string"}}],"inLanguage":"fr-CA"},{"@type":"Person","@id":"https:\/\/www.uqac.ca\/uqactualites\/#\/schema\/person\/366c45a0c4f0e677b41b4af5886e2018","name":"Service des communications et des relations publiques","image":{"@type":"ImageObject","inLanguage":"fr-CA","@id":"https:\/\/www.uqac.ca\/uqactualites\/#\/schema\/person\/image\/","url":"https:\/\/secure.gravatar.com\/avatar\/20fbbda8a292f59f2d3461a5b999c00b?s=96&d=mm&r=g","contentUrl":"https:\/\/secure.gravatar.com\/avatar\/20fbbda8a292f59f2d3461a5b999c00b?s=96&d=mm&r=g","caption":"Service des communications et des relations publiques"},"url":"https:\/\/www.uqac.ca\/uqactualites\/author\/bap\/"}]}},"_links":{"self":[{"href":"https:\/\/www.uqac.ca\/uqactualites\/wp-json\/wp\/v2\/posts\/27613"}],"collection":[{"href":"https:\/\/www.uqac.ca\/uqactualites\/wp-json\/wp\/v2\/posts"}],"about":[{"href":"https:\/\/www.uqac.ca\/uqactualites\/wp-json\/wp\/v2\/types\/post"}],"author":[{"embeddable":true,"href":"https:\/\/www.uqac.ca\/uqactualites\/wp-json\/wp\/v2\/users\/5"}],"replies":[{"embeddable":true,"href":"https:\/\/www.uqac.ca\/uqactualites\/wp-json\/wp\/v2\/comments?post=27613"}],"version-history":[{"count":0,"href":"https:\/\/www.uqac.ca\/uqactualites\/wp-json\/wp\/v2\/posts\/27613\/revisions"}],"wp:featuredmedia":[{"embeddable":true,"href":"https:\/\/www.uqac.ca\/uqactualites\/wp-json\/wp\/v2\/media\/23893"}],"wp:attachment":[{"href":"https:\/\/www.uqac.ca\/uqactualites\/wp-json\/wp\/v2\/media?parent=27613"}],"wp:term":[{"taxonomy":"category","embeddable":true,"href":"https:\/\/www.uqac.ca\/uqactualites\/wp-json\/wp\/v2\/categories?post=27613"},{"taxonomy":"post_tag","embeddable":true,"href":"https:\/\/www.uqac.ca\/uqactualites\/wp-json\/wp\/v2\/tags?post=27613"}],"curies":[{"name":"wp","href":"https:\/\/api.w.org\/{rel}","templated":true}]}}