{"id":27628,"date":"2014-04-24T09:51:55","date_gmt":"2014-04-24T13:51:55","guid":{"rendered":"http:\/\/uqactualite.odev.ca\/?p=27628"},"modified":"2014-04-24T09:51:55","modified_gmt":"2014-04-24T13:51:55","slug":"projet-femir-dix-stagiaires-recoivent-leur-attestation","status":"publish","type":"post","link":"https:\/\/www.uqac.ca\/uqactualites\/2014\/04\/24\/projet-femir-dix-stagiaires-recoivent-leur-attestation\/","title":{"rendered":"Projet F\u00c9MiR : Dix stagiaires re\u00e7oivent leur attestation"},"content":{"rendered":"<p style=\"text-align: justify\">Le jeudi 10 avril dernier avait lieu \u00e0 l\u2019UQAC la remise des attestations de stage F\u00c9MiR \u00e0 dix stagiaires de 4<sup>e<\/sup> ann\u00e9e du <span style=\"color: #5b7411\"><a href=\"http:\/\/programmes.uqac.ca\/7992\" target=\"_blank\" rel=\"noopener\"><span style=\"color: #5b7411\">baccalaur\u00e9at en \u00e9ducation pr\u00e9scolaire et en enseignement primaire<\/span><\/a><\/span> ayant effectu\u00e9 leur dernier stage de douze semaines en milieu \u00e0 risque. Huit \u00e9coles de trois commissions scolaires de la r\u00e9gion du Saguenay\u2212Lac-Saint-Jean ont b\u00e9n\u00e9fici\u00e9 de la pr\u00e9sence de ces stagiaires port\u00e9s par des projets de philosophie pour enfant et de collaboration \u00e9cole-famille. Dix enseignantes associ\u00e9es \u0153uvrant dans des \u00e9coles accueillant une majorit\u00e9 d\u2019\u00e9l\u00e8ves issus des milieux \u00e0 risque o\u00f9 la pauvret\u00e9 culturelle, sociale ou \u00e9conomique pr\u00e9vaut les ont guid\u00e9s pendant leur stage.<\/p>\n<p style=\"text-align: justify\">Cette cohorte de stagiaires a fait l\u2019objet de formations compl\u00e9mentaires pr\u00e9paratoires de la part de Nicole Tremblay, professeure au D\u00e9partement des sciences de l\u2019\u00e9ducation et chercheuse principale du projet <i>Formation en enseignement en collaboration avec les \u00e9coles en milieu \u00e0 risque<\/i> (F\u00c9MiR), ainsi que d\u2019\u00c9tienne Bouchard, \u00e9tudiant \u00e0 la <span style=\"color: #5b7411\"><a href=\"http:\/\/programmes.uqac.ca\/3414\" target=\"_blank\" rel=\"noopener\"><span style=\"color: #5b7411\">ma\u00eetrise en \u00e9ducation<\/span><\/a><\/span>. Ces deux personnes ont \u00e9galement agi comme superviseurs universitaires aupr\u00e8s des stagiaires. Le directeur du Module d&rsquo;\u00e9ducation au pr\u00e9scolaire et d&rsquo;enseignement au primaire, Roberto Gauthier, a remis les attestations aux futurs enseignants en les f\u00e9licitant pour leur engagement.<\/p>\n<p style=\"text-align: justify\"><b><br \/>\nSources\u00a0:<\/b><\/p>\n<p style=\"text-align: justify\">Nicole Tremblay, professeure<br \/>\nD\u00e9partement des sciences de l\u2019\u00e9ducation<br \/>\nUniversit\u00e9 du Qu\u00e9bec \u00e0 Chicoutimi<br \/>\n418 545-5011, poste\u00a04310\u00a0 \u25aa\u00a0 <span style=\"color: #5b7411\"><a href=\"mailto:nicole_tremblay@uqac.ca\"><span style=\"color: #5b7411\">nicole_tremblay@uqac.ca<\/span><\/a><\/span><\/p>\n<p style=\"text-align: justify\">Bureau des affaires publiques<br \/>\nUniversit\u00e9 du Qu\u00e9bec \u00e0 Chicoutimi<br \/>\n418\u00a0545-5011, poste\u00a02350\u00a0 \u25aa\u00a0 <span style=\"color: #5b7411\"><a href=\"mailto:affaires_publiques@uqac.ca\"><span style=\"color: #5b7411\">affaires_publiques@uqac.ca<\/span><\/a><\/span><b><\/b><\/p>\n<p style=\"text-align: justify\"><b><b><br \/>\n<\/b><\/b><span style=\"color: #808080\"><b>________________________________________________________________________________________<\/b><\/span><\/p>\n<p style=\"text-align: justify\"><span style=\"color: #808080\"><b>Photo\u00a0:<\/b> Neuf des dix stagiaires accompagn\u00e9s d\u2019\u00c9tienne Bouchard, \u00e9tudiant \u00e0 la ma\u00eetrise en \u00e9ducation, de Roberto Gauthier, directeur du Module d\u2019\u00e9ducation au pr\u00e9scolaire et d\u2019enseignement au primaire, et de Nicole Tremblay, professeure-chercheuse au D\u00e9partement des sciences de l\u2019\u00e9ducation<\/span><br \/>\n<span style=\"color: #808080\"><b>Photographe\u00a0:<\/b> Denis Blackburn, UQAC<\/span><br \/>\n<span style=\"color: #808080\"><b>________________________________________________________________________________________<\/b><\/span><\/p>\n","protected":false},"excerpt":{"rendered":"<p>Le jeudi 10 avril dernier avait lieu \u00e0 l\u2019UQAC la remise des attestations de stage F\u00c9MiR \u00e0 dix stagiaires de 4e ann\u00e9e du baccalaur\u00e9at en \u00e9ducation pr\u00e9scolaire et en enseignement primaire ayant effectu\u00e9 leur dernier stage de douze semaines en milieu \u00e0 risque. Huit \u00e9coles de trois commissions scolaires de la r\u00e9gion du Saguenay\u2212Lac-Saint-Jean ont [&hellip;]<\/p>\n","protected":false},"author":5,"featured_media":27629,"comment_status":"open","ping_status":"open","sticky":false,"template":"","format":"standard","meta":{"footnotes":""},"categories":[2],"tags":[798,5,123,102,800,1177,1372,1373,1374,1375,50],"yoast_head":"<!-- This site is optimized with the Yoast SEO plugin v24.2 - https:\/\/yoast.com\/wordpress\/plugins\/seo\/ -->\r\n<title>Projet F\u00c9MiR : Dix stagiaires re\u00e7oivent leur attestation - UQACtualit\u00e9s<\/title>\r\n<meta name=\"robots\" content=\"index, follow, max-snippet:-1, max-image-preview:large, max-video-preview:-1\" \/>\r\n<link rel=\"canonical\" href=\"https:\/\/www.uqac.ca\/uqactualites\/2014\/04\/24\/projet-femir-dix-stagiaires-recoivent-leur-attestation\/\" \/>\r\n<meta property=\"og:locale\" content=\"fr_CA\" \/>\r\n<meta property=\"og:type\" content=\"article\" \/>\r\n<meta property=\"og:title\" content=\"Projet F\u00c9MiR : Dix stagiaires re\u00e7oivent leur attestation - UQACtualit\u00e9s\" \/>\r\n<meta property=\"og:description\" content=\"Le jeudi 10 avril dernier avait lieu \u00e0 l\u2019UQAC la remise des attestations de stage F\u00c9MiR \u00e0 dix stagiaires de 4e ann\u00e9e du baccalaur\u00e9at en \u00e9ducation pr\u00e9scolaire et en enseignement primaire ayant effectu\u00e9 leur dernier stage de douze semaines en milieu \u00e0 risque. Huit \u00e9coles de trois commissions scolaires de la r\u00e9gion du Saguenay\u2212Lac-Saint-Jean ont [&hellip;]\" \/>\r\n<meta property=\"og:url\" content=\"https:\/\/www.uqac.ca\/uqactualites\/2014\/04\/24\/projet-femir-dix-stagiaires-recoivent-leur-attestation\/\" \/>\r\n<meta property=\"og:site_name\" content=\"UQACtualit\u00e9s\" \/>\r\n<meta property=\"article:published_time\" content=\"2014-04-24T13:51:55+00:00\" \/>\r\n<meta property=\"og:image\" content=\"https:\/\/www.uqac.ca\/uqactualites\/wp-content\/uploads\/2014\/04\/Attestation-F\u00c9MiR-Web-\u00a9Denis-Blackburn.jpg\" \/>\r\n\t<meta property=\"og:image:width\" content=\"620\" \/>\r\n\t<meta property=\"og:image:height\" content=\"300\" \/>\r\n\t<meta property=\"og:image:type\" content=\"image\/jpeg\" \/>\r\n<meta name=\"author\" content=\"Service des communications et des relations publiques\" \/>\r\n<meta name=\"twitter:card\" content=\"summary_large_image\" \/>\r\n<meta name=\"twitter:label1\" content=\"\u00c9crit par\" \/>\n\t<meta name=\"twitter:data1\" content=\"Service des communications et des relations publiques\" \/>\n\t<meta name=\"twitter:label2\" content=\"Estimation du temps de lecture\" \/>\n\t<meta name=\"twitter:data2\" content=\"2 minutes\" \/>\r\n<script type=\"application\/ld+json\" class=\"yoast-schema-graph\">{\"@context\":\"https:\/\/schema.org\",\"@graph\":[{\"@type\":\"WebPage\",\"@id\":\"https:\/\/www.uqac.ca\/uqactualites\/2014\/04\/24\/projet-femir-dix-stagiaires-recoivent-leur-attestation\/\",\"url\":\"https:\/\/www.uqac.ca\/uqactualites\/2014\/04\/24\/projet-femir-dix-stagiaires-recoivent-leur-attestation\/\",\"name\":\"Projet F\u00c9MiR : Dix stagiaires re\u00e7oivent leur attestation - UQACtualit\u00e9s\",\"isPartOf\":{\"@id\":\"https:\/\/www.uqac.ca\/uqactualites\/#website\"},\"primaryImageOfPage\":{\"@id\":\"https:\/\/www.uqac.ca\/uqactualites\/2014\/04\/24\/projet-femir-dix-stagiaires-recoivent-leur-attestation\/#primaryimage\"},\"image\":{\"@id\":\"https:\/\/www.uqac.ca\/uqactualites\/2014\/04\/24\/projet-femir-dix-stagiaires-recoivent-leur-attestation\/#primaryimage\"},\"thumbnailUrl\":\"https:\/\/www.uqac.ca\/uqactualites\/wp-content\/uploads\/2014\/04\/Attestation-F\u00c9MiR-Web-\u00a9Denis-Blackburn.jpg\",\"datePublished\":\"2014-04-24T13:51:55+00:00\",\"dateModified\":\"2014-04-24T13:51:55+00:00\",\"author\":{\"@id\":\"https:\/\/www.uqac.ca\/uqactualites\/#\/schema\/person\/366c45a0c4f0e677b41b4af5886e2018\"},\"breadcrumb\":{\"@id\":\"https:\/\/www.uqac.ca\/uqactualites\/2014\/04\/24\/projet-femir-dix-stagiaires-recoivent-leur-attestation\/#breadcrumb\"},\"inLanguage\":\"fr-CA\",\"potentialAction\":[{\"@type\":\"ReadAction\",\"target\":[\"https:\/\/www.uqac.ca\/uqactualites\/2014\/04\/24\/projet-femir-dix-stagiaires-recoivent-leur-attestation\/\"]}]},{\"@type\":\"ImageObject\",\"inLanguage\":\"fr-CA\",\"@id\":\"https:\/\/www.uqac.ca\/uqactualites\/2014\/04\/24\/projet-femir-dix-stagiaires-recoivent-leur-attestation\/#primaryimage\",\"url\":\"https:\/\/www.uqac.ca\/uqactualites\/wp-content\/uploads\/2014\/04\/Attestation-F\u00c9MiR-Web-\u00a9Denis-Blackburn.jpg\",\"contentUrl\":\"https:\/\/www.uqac.ca\/uqactualites\/wp-content\/uploads\/2014\/04\/Attestation-F\u00c9MiR-Web-\u00a9Denis-Blackburn.jpg\",\"width\":620,\"height\":300},{\"@type\":\"BreadcrumbList\",\"@id\":\"https:\/\/www.uqac.ca\/uqactualites\/2014\/04\/24\/projet-femir-dix-stagiaires-recoivent-leur-attestation\/#breadcrumb\",\"itemListElement\":[{\"@type\":\"ListItem\",\"position\":1,\"name\":\"Home\",\"item\":\"https:\/\/www.uqac.ca\/uqactualites\/\"},{\"@type\":\"ListItem\",\"position\":2,\"name\":\"Projet F\u00c9MiR : Dix stagiaires re\u00e7oivent leur attestation\"}]},{\"@type\":\"WebSite\",\"@id\":\"https:\/\/www.uqac.ca\/uqactualites\/#website\",\"url\":\"https:\/\/www.uqac.ca\/uqactualites\/\",\"name\":\"UQACtualit\u00e9s\",\"description\":\"Le portail des nouvelles de l&#039;UQAC\",\"potentialAction\":[{\"@type\":\"SearchAction\",\"target\":{\"@type\":\"EntryPoint\",\"urlTemplate\":\"https:\/\/www.uqac.ca\/uqactualites\/?s={search_term_string}\"},\"query-input\":{\"@type\":\"PropertyValueSpecification\",\"valueRequired\":true,\"valueName\":\"search_term_string\"}}],\"inLanguage\":\"fr-CA\"},{\"@type\":\"Person\",\"@id\":\"https:\/\/www.uqac.ca\/uqactualites\/#\/schema\/person\/366c45a0c4f0e677b41b4af5886e2018\",\"name\":\"Service des communications et des relations publiques\",\"image\":{\"@type\":\"ImageObject\",\"inLanguage\":\"fr-CA\",\"@id\":\"https:\/\/www.uqac.ca\/uqactualites\/#\/schema\/person\/image\/\",\"url\":\"https:\/\/secure.gravatar.com\/avatar\/20fbbda8a292f59f2d3461a5b999c00b?s=96&d=mm&r=g\",\"contentUrl\":\"https:\/\/secure.gravatar.com\/avatar\/20fbbda8a292f59f2d3461a5b999c00b?s=96&d=mm&r=g\",\"caption\":\"Service des communications et des relations publiques\"},\"url\":\"https:\/\/www.uqac.ca\/uqactualites\/author\/bap\/\"}]}<\/script>\r\n<!-- \/ Yoast SEO plugin. -->","yoast_head_json":{"title":"Projet F\u00c9MiR : Dix stagiaires re\u00e7oivent leur attestation - UQACtualit\u00e9s","robots":{"index":"index","follow":"follow","max-snippet":"max-snippet:-1","max-image-preview":"max-image-preview:large","max-video-preview":"max-video-preview:-1"},"canonical":"https:\/\/www.uqac.ca\/uqactualites\/2014\/04\/24\/projet-femir-dix-stagiaires-recoivent-leur-attestation\/","og_locale":"fr_CA","og_type":"article","og_title":"Projet F\u00c9MiR : Dix stagiaires re\u00e7oivent leur attestation - UQACtualit\u00e9s","og_description":"Le jeudi 10 avril dernier avait lieu \u00e0 l\u2019UQAC la remise des attestations de stage F\u00c9MiR \u00e0 dix stagiaires de 4e ann\u00e9e du baccalaur\u00e9at en \u00e9ducation pr\u00e9scolaire et en enseignement primaire ayant effectu\u00e9 leur dernier stage de douze semaines en milieu \u00e0 risque. Huit \u00e9coles de trois commissions scolaires de la r\u00e9gion du Saguenay\u2212Lac-Saint-Jean ont [&hellip;]","og_url":"https:\/\/www.uqac.ca\/uqactualites\/2014\/04\/24\/projet-femir-dix-stagiaires-recoivent-leur-attestation\/","og_site_name":"UQACtualit\u00e9s","article_published_time":"2014-04-24T13:51:55+00:00","og_image":[{"width":620,"height":300,"url":"https:\/\/www.uqac.ca\/uqactualites\/wp-content\/uploads\/2014\/04\/Attestation-F\u00c9MiR-Web-\u00a9Denis-Blackburn.jpg","type":"image\/jpeg"}],"author":"Service des communications et des relations publiques","twitter_card":"summary_large_image","twitter_misc":{"\u00c9crit par":"Service des communications et des relations publiques","Estimation du temps de lecture":"2 minutes"},"schema":{"@context":"https:\/\/schema.org","@graph":[{"@type":"WebPage","@id":"https:\/\/www.uqac.ca\/uqactualites\/2014\/04\/24\/projet-femir-dix-stagiaires-recoivent-leur-attestation\/","url":"https:\/\/www.uqac.ca\/uqactualites\/2014\/04\/24\/projet-femir-dix-stagiaires-recoivent-leur-attestation\/","name":"Projet F\u00c9MiR : Dix stagiaires re\u00e7oivent leur attestation - UQACtualit\u00e9s","isPartOf":{"@id":"https:\/\/www.uqac.ca\/uqactualites\/#website"},"primaryImageOfPage":{"@id":"https:\/\/www.uqac.ca\/uqactualites\/2014\/04\/24\/projet-femir-dix-stagiaires-recoivent-leur-attestation\/#primaryimage"},"image":{"@id":"https:\/\/www.uqac.ca\/uqactualites\/2014\/04\/24\/projet-femir-dix-stagiaires-recoivent-leur-attestation\/#primaryimage"},"thumbnailUrl":"https:\/\/www.uqac.ca\/uqactualites\/wp-content\/uploads\/2014\/04\/Attestation-F\u00c9MiR-Web-\u00a9Denis-Blackburn.jpg","datePublished":"2014-04-24T13:51:55+00:00","dateModified":"2014-04-24T13:51:55+00:00","author":{"@id":"https:\/\/www.uqac.ca\/uqactualites\/#\/schema\/person\/366c45a0c4f0e677b41b4af5886e2018"},"breadcrumb":{"@id":"https:\/\/www.uqac.ca\/uqactualites\/2014\/04\/24\/projet-femir-dix-stagiaires-recoivent-leur-attestation\/#breadcrumb"},"inLanguage":"fr-CA","potentialAction":[{"@type":"ReadAction","target":["https:\/\/www.uqac.ca\/uqactualites\/2014\/04\/24\/projet-femir-dix-stagiaires-recoivent-leur-attestation\/"]}]},{"@type":"ImageObject","inLanguage":"fr-CA","@id":"https:\/\/www.uqac.ca\/uqactualites\/2014\/04\/24\/projet-femir-dix-stagiaires-recoivent-leur-attestation\/#primaryimage","url":"https:\/\/www.uqac.ca\/uqactualites\/wp-content\/uploads\/2014\/04\/Attestation-F\u00c9MiR-Web-\u00a9Denis-Blackburn.jpg","contentUrl":"https:\/\/www.uqac.ca\/uqactualites\/wp-content\/uploads\/2014\/04\/Attestation-F\u00c9MiR-Web-\u00a9Denis-Blackburn.jpg","width":620,"height":300},{"@type":"BreadcrumbList","@id":"https:\/\/www.uqac.ca\/uqactualites\/2014\/04\/24\/projet-femir-dix-stagiaires-recoivent-leur-attestation\/#breadcrumb","itemListElement":[{"@type":"ListItem","position":1,"name":"Home","item":"https:\/\/www.uqac.ca\/uqactualites\/"},{"@type":"ListItem","position":2,"name":"Projet F\u00c9MiR : Dix stagiaires re\u00e7oivent leur attestation"}]},{"@type":"WebSite","@id":"https:\/\/www.uqac.ca\/uqactualites\/#website","url":"https:\/\/www.uqac.ca\/uqactualites\/","name":"UQACtualit\u00e9s","description":"Le portail des nouvelles de l&#039;UQAC","potentialAction":[{"@type":"SearchAction","target":{"@type":"EntryPoint","urlTemplate":"https:\/\/www.uqac.ca\/uqactualites\/?s={search_term_string}"},"query-input":{"@type":"PropertyValueSpecification","valueRequired":true,"valueName":"search_term_string"}}],"inLanguage":"fr-CA"},{"@type":"Person","@id":"https:\/\/www.uqac.ca\/uqactualites\/#\/schema\/person\/366c45a0c4f0e677b41b4af5886e2018","name":"Service des communications et des relations publiques","image":{"@type":"ImageObject","inLanguage":"fr-CA","@id":"https:\/\/www.uqac.ca\/uqactualites\/#\/schema\/person\/image\/","url":"https:\/\/secure.gravatar.com\/avatar\/20fbbda8a292f59f2d3461a5b999c00b?s=96&d=mm&r=g","contentUrl":"https:\/\/secure.gravatar.com\/avatar\/20fbbda8a292f59f2d3461a5b999c00b?s=96&d=mm&r=g","caption":"Service des communications et des relations publiques"},"url":"https:\/\/www.uqac.ca\/uqactualites\/author\/bap\/"}]}},"_links":{"self":[{"href":"https:\/\/www.uqac.ca\/uqactualites\/wp-json\/wp\/v2\/posts\/27628"}],"collection":[{"href":"https:\/\/www.uqac.ca\/uqactualites\/wp-json\/wp\/v2\/posts"}],"about":[{"href":"https:\/\/www.uqac.ca\/uqactualites\/wp-json\/wp\/v2\/types\/post"}],"author":[{"embeddable":true,"href":"https:\/\/www.uqac.ca\/uqactualites\/wp-json\/wp\/v2\/users\/5"}],"replies":[{"embeddable":true,"href":"https:\/\/www.uqac.ca\/uqactualites\/wp-json\/wp\/v2\/comments?post=27628"}],"version-history":[{"count":0,"href":"https:\/\/www.uqac.ca\/uqactualites\/wp-json\/wp\/v2\/posts\/27628\/revisions"}],"wp:featuredmedia":[{"embeddable":true,"href":"https:\/\/www.uqac.ca\/uqactualites\/wp-json\/wp\/v2\/media\/27629"}],"wp:attachment":[{"href":"https:\/\/www.uqac.ca\/uqactualites\/wp-json\/wp\/v2\/media?parent=27628"}],"wp:term":[{"taxonomy":"category","embeddable":true,"href":"https:\/\/www.uqac.ca\/uqactualites\/wp-json\/wp\/v2\/categories?post=27628"},{"taxonomy":"post_tag","embeddable":true,"href":"https:\/\/www.uqac.ca\/uqactualites\/wp-json\/wp\/v2\/tags?post=27628"}],"curies":[{"name":"wp","href":"https:\/\/api.w.org\/{rel}","templated":true}]}}