{"id":27655,"date":"2014-04-28T14:42:37","date_gmt":"2014-04-28T18:42:37","guid":{"rendered":"http:\/\/uqactualite.odev.ca\/?p=27655"},"modified":"2014-04-28T14:42:37","modified_gmt":"2014-04-28T18:42:37","slug":"deux-nouvelles-publications-pour-francois-ouellet-2","status":"publish","type":"post","link":"https:\/\/www.uqac.ca\/uqactualites\/2014\/04\/28\/deux-nouvelles-publications-pour-francois-ouellet-2\/","title":{"rendered":"Deux nouvelles publications pour Fran\u00e7ois Ouellet"},"content":{"rendered":"<p style=\"text-align: justify\">L\u2019ann\u00e9e 2014 marque une p\u00e9riode fort occup\u00e9e pour Fran\u00e7ois Ouellet, qui a derni\u00e8rement particip\u00e9 \u00e0 la mise au jour de deux publications. Notons que celui qui est professeur titulaire au D\u00e9partement des arts et lettres (DAL) de l\u2019UQAC et aussi d\u00e9tenteur de la Chaire de recherche du Canada sur le roman moderne a publi\u00e9 pas moins de sept ouvrages depuis l\u2019automne dernier.<\/p>\n<p style=\"text-align: justify\">L\u2019ouvrage <i>Romans exhum\u00e9s (1910-1960) \u2013 Contribution \u00e0 l&rsquo;histoire litt\u00e9raire du vingti\u00e8me si\u00e8cle<\/i> s\u2019int\u00e9resse \u00e0 des romanciers de la p\u00e9riode\u00a01910-1960 qui n\u2019ont pas \u00e9t\u00e9 r\u00e9\u00e9dit\u00e9s ou sinon tr\u00e8s discr\u00e8tement, et ce, quel que soit le succ\u00e8s obtenu de leur vivant. Son objectif est de contribuer \u00e0 une histoire du roman au 20<sup>e<\/sup> si\u00e8cle, mais en marge des grands courants.<br \/>\n<b><i>Source\u00a0: Pr\u00e9sentation de l\u2019\u00e9diteur<\/i><\/b><\/p>\n<div style=\"text-align: justify\">\n<p><b><i>\u00a0\u00a0\u00a0\u00a0<span style=\"color: #808080\"> Romans exhum\u00e9s (1910-1960) \u2013 Contribution \u00e0 l&rsquo;histoire litt\u00e9raire du vingti\u00e8me si\u00e8cle<\/span><br \/>\n<\/i><\/b><span style=\"color: #808080\">\u00a0\u00a0\u00a0\u00a0 Textes r\u00e9unis par Bruno Curatolo, Fran\u00e7ois Ouellet et Paul Renard<\/span><br \/>\n<span style=\"color: #808080\">\u00a0\u00a0\u00a0\u00a0 \u00c9ditions universitaires de Dijon, collection \u00ab\u00a0\u00c9critures\u00a0\u00bb, mars 2014, 194 pages<\/span><br \/>\n<span style=\"color: #808080\">\u00a0\u00a0\u00a0\u00a0 ISBN\u00a0: 978-2-36441-082-4<\/span><\/p>\n<\/div>\n<p style=\"text-align: justify\">\nLe volume d\u2019\u00e9t\u00e9 2013 de la revue <i>\u00c9tudes litt\u00e9raires<\/i>, publi\u00e9 r\u00e9cemment par le D\u00e9partement des litt\u00e9ratures de l\u2019Universit\u00e9 Laval (Qu\u00e9bec) et coordonn\u00e9 par Fran\u00e7ois Ouellet et V\u00e9ronique Trottier (doctorante en lettres au DAL), pr\u00e9sente une s\u00e9rie d\u2019articles sur les romanciers populistes. On y propose des \u00e9tudes sur les \u0153uvres des fondateurs du populisme, Andr\u00e9 Th\u00e9rive et L\u00e9on Lemonnier, ainsi que sur le travail de sept autres auteurs de ce mouvement litt\u00e9raire m\u00e9connu des ann\u00e9es 1930.<br \/>\n\u00bb Consultez en ligne le <span style=\"color: #5b7411\"><a href=\"http:\/\/www.etudes-litteraires.ulaval.ca\/populisme-pas-mort-autour-du-manifeste-du-roman-populisme-1930-de-leon-lemonnier\/\" target=\"_blank\" rel=\"noopener\"><span style=\"color: #5b7411\"><b>communiqu\u00e9<\/b><\/span><\/a><\/span> de l\u2019\u00e9diteur.<\/p>\n<div style=\"text-align: justify\">\n<p><b><i>\u00a0\u00a0\u00a0\u00a0 <span style=\"color: #808080\">Populisme pas mort. Autour du <\/span><\/i><\/b><span style=\"color: #808080\"><b>\u00ab\u00a0Manifeste du roman populiste\u00a0\u00bb<i> (1930) de L\u00e9on Lemonnier<br \/>\n<\/i><\/b>\u00a0\u00a0\u00a0\u00a0 Sous la direction de Fran\u00e7ois Ouellet et V\u00e9ronique Trottier<\/span><br \/>\n<span style=\"color: #808080\">\u00a0\u00a0\u00a0\u00a0 Revue<i> \u00c9tudes litt\u00e9raires<\/i>, volume\u00a044,2, \u00e9t\u00e9\u00a02013<\/span><\/p>\n<\/div>\n","protected":false},"excerpt":{"rendered":"<p>L\u2019ann\u00e9e 2014 marque une p\u00e9riode fort occup\u00e9e pour Fran\u00e7ois Ouellet, qui a derni\u00e8rement particip\u00e9 \u00e0 la mise au jour de deux publications. Notons que celui qui est professeur titulaire au D\u00e9partement des arts et lettres (DAL) de l\u2019UQAC et aussi d\u00e9tenteur de la Chaire de recherche du Canada sur le roman moderne a publi\u00e9 pas [&hellip;]<\/p>\n","protected":false},"author":5,"featured_media":27656,"comment_status":"open","ping_status":"open","sticky":false,"template":"","format":"standard","meta":{"footnotes":""},"categories":[2,25],"tags":[1386,152,270,80,271,252,41,92],"yoast_head":"<!-- This site is optimized with the Yoast SEO plugin v24.2 - https:\/\/yoast.com\/wordpress\/plugins\/seo\/ -->\r\n<title>Deux nouvelles publications pour Fran\u00e7ois Ouellet - UQACtualit\u00e9s<\/title>\r\n<meta name=\"robots\" content=\"index, follow, max-snippet:-1, max-image-preview:large, max-video-preview:-1\" \/>\r\n<link rel=\"canonical\" href=\"https:\/\/www.uqac.ca\/uqactualites\/2014\/04\/28\/deux-nouvelles-publications-pour-francois-ouellet-2\/\" \/>\r\n<meta property=\"og:locale\" content=\"fr_CA\" \/>\r\n<meta property=\"og:type\" content=\"article\" \/>\r\n<meta property=\"og:title\" content=\"Deux nouvelles publications pour Fran\u00e7ois Ouellet - UQACtualit\u00e9s\" \/>\r\n<meta property=\"og:description\" content=\"L\u2019ann\u00e9e 2014 marque une p\u00e9riode fort occup\u00e9e pour Fran\u00e7ois Ouellet, qui a derni\u00e8rement particip\u00e9 \u00e0 la mise au jour de deux publications. Notons que celui qui est professeur titulaire au D\u00e9partement des arts et lettres (DAL) de l\u2019UQAC et aussi d\u00e9tenteur de la Chaire de recherche du Canada sur le roman moderne a publi\u00e9 pas [&hellip;]\" \/>\r\n<meta property=\"og:url\" content=\"https:\/\/www.uqac.ca\/uqactualites\/2014\/04\/28\/deux-nouvelles-publications-pour-francois-ouellet-2\/\" \/>\r\n<meta property=\"og:site_name\" content=\"UQACtualit\u00e9s\" \/>\r\n<meta property=\"article:published_time\" content=\"2014-04-28T18:42:37+00:00\" \/>\r\n<meta property=\"og:image\" content=\"https:\/\/www.uqac.ca\/uqactualites\/wp-content\/uploads\/2014\/04\/Romans-exhum\u00e9s-Web.jpg\" \/>\r\n\t<meta property=\"og:image:width\" content=\"672\" \/>\r\n\t<meta property=\"og:image:height\" content=\"300\" \/>\r\n\t<meta property=\"og:image:type\" content=\"image\/jpeg\" \/>\r\n<meta name=\"author\" content=\"Service des communications et des relations publiques\" \/>\r\n<meta name=\"twitter:card\" content=\"summary_large_image\" \/>\r\n<meta name=\"twitter:label1\" content=\"\u00c9crit par\" \/>\n\t<meta name=\"twitter:data1\" content=\"Service des communications et des relations publiques\" \/>\n\t<meta name=\"twitter:label2\" content=\"Estimation du temps de lecture\" \/>\n\t<meta name=\"twitter:data2\" content=\"2 minutes\" \/>\r\n<script type=\"application\/ld+json\" class=\"yoast-schema-graph\">{\"@context\":\"https:\/\/schema.org\",\"@graph\":[{\"@type\":\"WebPage\",\"@id\":\"https:\/\/www.uqac.ca\/uqactualites\/2014\/04\/28\/deux-nouvelles-publications-pour-francois-ouellet-2\/\",\"url\":\"https:\/\/www.uqac.ca\/uqactualites\/2014\/04\/28\/deux-nouvelles-publications-pour-francois-ouellet-2\/\",\"name\":\"Deux nouvelles publications pour Fran\u00e7ois Ouellet - UQACtualit\u00e9s\",\"isPartOf\":{\"@id\":\"https:\/\/www.uqac.ca\/uqactualites\/#website\"},\"primaryImageOfPage\":{\"@id\":\"https:\/\/www.uqac.ca\/uqactualites\/2014\/04\/28\/deux-nouvelles-publications-pour-francois-ouellet-2\/#primaryimage\"},\"image\":{\"@id\":\"https:\/\/www.uqac.ca\/uqactualites\/2014\/04\/28\/deux-nouvelles-publications-pour-francois-ouellet-2\/#primaryimage\"},\"thumbnailUrl\":\"https:\/\/www.uqac.ca\/uqactualites\/wp-content\/uploads\/2014\/04\/Romans-exhum\u00e9s-Web.jpg\",\"datePublished\":\"2014-04-28T18:42:37+00:00\",\"dateModified\":\"2014-04-28T18:42:37+00:00\",\"author\":{\"@id\":\"https:\/\/www.uqac.ca\/uqactualites\/#\/schema\/person\/366c45a0c4f0e677b41b4af5886e2018\"},\"breadcrumb\":{\"@id\":\"https:\/\/www.uqac.ca\/uqactualites\/2014\/04\/28\/deux-nouvelles-publications-pour-francois-ouellet-2\/#breadcrumb\"},\"inLanguage\":\"fr-CA\",\"potentialAction\":[{\"@type\":\"ReadAction\",\"target\":[\"https:\/\/www.uqac.ca\/uqactualites\/2014\/04\/28\/deux-nouvelles-publications-pour-francois-ouellet-2\/\"]}]},{\"@type\":\"ImageObject\",\"inLanguage\":\"fr-CA\",\"@id\":\"https:\/\/www.uqac.ca\/uqactualites\/2014\/04\/28\/deux-nouvelles-publications-pour-francois-ouellet-2\/#primaryimage\",\"url\":\"https:\/\/www.uqac.ca\/uqactualites\/wp-content\/uploads\/2014\/04\/Romans-exhum\u00e9s-Web.jpg\",\"contentUrl\":\"https:\/\/www.uqac.ca\/uqactualites\/wp-content\/uploads\/2014\/04\/Romans-exhum\u00e9s-Web.jpg\",\"width\":672,\"height\":300},{\"@type\":\"BreadcrumbList\",\"@id\":\"https:\/\/www.uqac.ca\/uqactualites\/2014\/04\/28\/deux-nouvelles-publications-pour-francois-ouellet-2\/#breadcrumb\",\"itemListElement\":[{\"@type\":\"ListItem\",\"position\":1,\"name\":\"Home\",\"item\":\"https:\/\/www.uqac.ca\/uqactualites\/\"},{\"@type\":\"ListItem\",\"position\":2,\"name\":\"Deux nouvelles publications pour Fran\u00e7ois Ouellet\"}]},{\"@type\":\"WebSite\",\"@id\":\"https:\/\/www.uqac.ca\/uqactualites\/#website\",\"url\":\"https:\/\/www.uqac.ca\/uqactualites\/\",\"name\":\"UQACtualit\u00e9s\",\"description\":\"Le portail des nouvelles de l&#039;UQAC\",\"potentialAction\":[{\"@type\":\"SearchAction\",\"target\":{\"@type\":\"EntryPoint\",\"urlTemplate\":\"https:\/\/www.uqac.ca\/uqactualites\/?s={search_term_string}\"},\"query-input\":{\"@type\":\"PropertyValueSpecification\",\"valueRequired\":true,\"valueName\":\"search_term_string\"}}],\"inLanguage\":\"fr-CA\"},{\"@type\":\"Person\",\"@id\":\"https:\/\/www.uqac.ca\/uqactualites\/#\/schema\/person\/366c45a0c4f0e677b41b4af5886e2018\",\"name\":\"Service des communications et des relations publiques\",\"image\":{\"@type\":\"ImageObject\",\"inLanguage\":\"fr-CA\",\"@id\":\"https:\/\/www.uqac.ca\/uqactualites\/#\/schema\/person\/image\/\",\"url\":\"https:\/\/secure.gravatar.com\/avatar\/20fbbda8a292f59f2d3461a5b999c00b?s=96&d=mm&r=g\",\"contentUrl\":\"https:\/\/secure.gravatar.com\/avatar\/20fbbda8a292f59f2d3461a5b999c00b?s=96&d=mm&r=g\",\"caption\":\"Service des communications et des relations publiques\"},\"url\":\"https:\/\/www.uqac.ca\/uqactualites\/author\/bap\/\"}]}<\/script>\r\n<!-- \/ Yoast SEO plugin. -->","yoast_head_json":{"title":"Deux nouvelles publications pour Fran\u00e7ois Ouellet - UQACtualit\u00e9s","robots":{"index":"index","follow":"follow","max-snippet":"max-snippet:-1","max-image-preview":"max-image-preview:large","max-video-preview":"max-video-preview:-1"},"canonical":"https:\/\/www.uqac.ca\/uqactualites\/2014\/04\/28\/deux-nouvelles-publications-pour-francois-ouellet-2\/","og_locale":"fr_CA","og_type":"article","og_title":"Deux nouvelles publications pour Fran\u00e7ois Ouellet - UQACtualit\u00e9s","og_description":"L\u2019ann\u00e9e 2014 marque une p\u00e9riode fort occup\u00e9e pour Fran\u00e7ois Ouellet, qui a derni\u00e8rement particip\u00e9 \u00e0 la mise au jour de deux publications. Notons que celui qui est professeur titulaire au D\u00e9partement des arts et lettres (DAL) de l\u2019UQAC et aussi d\u00e9tenteur de la Chaire de recherche du Canada sur le roman moderne a publi\u00e9 pas [&hellip;]","og_url":"https:\/\/www.uqac.ca\/uqactualites\/2014\/04\/28\/deux-nouvelles-publications-pour-francois-ouellet-2\/","og_site_name":"UQACtualit\u00e9s","article_published_time":"2014-04-28T18:42:37+00:00","og_image":[{"width":672,"height":300,"url":"https:\/\/www.uqac.ca\/uqactualites\/wp-content\/uploads\/2014\/04\/Romans-exhum\u00e9s-Web.jpg","type":"image\/jpeg"}],"author":"Service des communications et des relations publiques","twitter_card":"summary_large_image","twitter_misc":{"\u00c9crit par":"Service des communications et des relations publiques","Estimation du temps de lecture":"2 minutes"},"schema":{"@context":"https:\/\/schema.org","@graph":[{"@type":"WebPage","@id":"https:\/\/www.uqac.ca\/uqactualites\/2014\/04\/28\/deux-nouvelles-publications-pour-francois-ouellet-2\/","url":"https:\/\/www.uqac.ca\/uqactualites\/2014\/04\/28\/deux-nouvelles-publications-pour-francois-ouellet-2\/","name":"Deux nouvelles publications pour Fran\u00e7ois Ouellet - UQACtualit\u00e9s","isPartOf":{"@id":"https:\/\/www.uqac.ca\/uqactualites\/#website"},"primaryImageOfPage":{"@id":"https:\/\/www.uqac.ca\/uqactualites\/2014\/04\/28\/deux-nouvelles-publications-pour-francois-ouellet-2\/#primaryimage"},"image":{"@id":"https:\/\/www.uqac.ca\/uqactualites\/2014\/04\/28\/deux-nouvelles-publications-pour-francois-ouellet-2\/#primaryimage"},"thumbnailUrl":"https:\/\/www.uqac.ca\/uqactualites\/wp-content\/uploads\/2014\/04\/Romans-exhum\u00e9s-Web.jpg","datePublished":"2014-04-28T18:42:37+00:00","dateModified":"2014-04-28T18:42:37+00:00","author":{"@id":"https:\/\/www.uqac.ca\/uqactualites\/#\/schema\/person\/366c45a0c4f0e677b41b4af5886e2018"},"breadcrumb":{"@id":"https:\/\/www.uqac.ca\/uqactualites\/2014\/04\/28\/deux-nouvelles-publications-pour-francois-ouellet-2\/#breadcrumb"},"inLanguage":"fr-CA","potentialAction":[{"@type":"ReadAction","target":["https:\/\/www.uqac.ca\/uqactualites\/2014\/04\/28\/deux-nouvelles-publications-pour-francois-ouellet-2\/"]}]},{"@type":"ImageObject","inLanguage":"fr-CA","@id":"https:\/\/www.uqac.ca\/uqactualites\/2014\/04\/28\/deux-nouvelles-publications-pour-francois-ouellet-2\/#primaryimage","url":"https:\/\/www.uqac.ca\/uqactualites\/wp-content\/uploads\/2014\/04\/Romans-exhum\u00e9s-Web.jpg","contentUrl":"https:\/\/www.uqac.ca\/uqactualites\/wp-content\/uploads\/2014\/04\/Romans-exhum\u00e9s-Web.jpg","width":672,"height":300},{"@type":"BreadcrumbList","@id":"https:\/\/www.uqac.ca\/uqactualites\/2014\/04\/28\/deux-nouvelles-publications-pour-francois-ouellet-2\/#breadcrumb","itemListElement":[{"@type":"ListItem","position":1,"name":"Home","item":"https:\/\/www.uqac.ca\/uqactualites\/"},{"@type":"ListItem","position":2,"name":"Deux nouvelles publications pour Fran\u00e7ois Ouellet"}]},{"@type":"WebSite","@id":"https:\/\/www.uqac.ca\/uqactualites\/#website","url":"https:\/\/www.uqac.ca\/uqactualites\/","name":"UQACtualit\u00e9s","description":"Le portail des nouvelles de l&#039;UQAC","potentialAction":[{"@type":"SearchAction","target":{"@type":"EntryPoint","urlTemplate":"https:\/\/www.uqac.ca\/uqactualites\/?s={search_term_string}"},"query-input":{"@type":"PropertyValueSpecification","valueRequired":true,"valueName":"search_term_string"}}],"inLanguage":"fr-CA"},{"@type":"Person","@id":"https:\/\/www.uqac.ca\/uqactualites\/#\/schema\/person\/366c45a0c4f0e677b41b4af5886e2018","name":"Service des communications et des relations publiques","image":{"@type":"ImageObject","inLanguage":"fr-CA","@id":"https:\/\/www.uqac.ca\/uqactualites\/#\/schema\/person\/image\/","url":"https:\/\/secure.gravatar.com\/avatar\/20fbbda8a292f59f2d3461a5b999c00b?s=96&d=mm&r=g","contentUrl":"https:\/\/secure.gravatar.com\/avatar\/20fbbda8a292f59f2d3461a5b999c00b?s=96&d=mm&r=g","caption":"Service des communications et des relations publiques"},"url":"https:\/\/www.uqac.ca\/uqactualites\/author\/bap\/"}]}},"_links":{"self":[{"href":"https:\/\/www.uqac.ca\/uqactualites\/wp-json\/wp\/v2\/posts\/27655"}],"collection":[{"href":"https:\/\/www.uqac.ca\/uqactualites\/wp-json\/wp\/v2\/posts"}],"about":[{"href":"https:\/\/www.uqac.ca\/uqactualites\/wp-json\/wp\/v2\/types\/post"}],"author":[{"embeddable":true,"href":"https:\/\/www.uqac.ca\/uqactualites\/wp-json\/wp\/v2\/users\/5"}],"replies":[{"embeddable":true,"href":"https:\/\/www.uqac.ca\/uqactualites\/wp-json\/wp\/v2\/comments?post=27655"}],"version-history":[{"count":0,"href":"https:\/\/www.uqac.ca\/uqactualites\/wp-json\/wp\/v2\/posts\/27655\/revisions"}],"wp:featuredmedia":[{"embeddable":true,"href":"https:\/\/www.uqac.ca\/uqactualites\/wp-json\/wp\/v2\/media\/27656"}],"wp:attachment":[{"href":"https:\/\/www.uqac.ca\/uqactualites\/wp-json\/wp\/v2\/media?parent=27655"}],"wp:term":[{"taxonomy":"category","embeddable":true,"href":"https:\/\/www.uqac.ca\/uqactualites\/wp-json\/wp\/v2\/categories?post=27655"},{"taxonomy":"post_tag","embeddable":true,"href":"https:\/\/www.uqac.ca\/uqactualites\/wp-json\/wp\/v2\/tags?post=27655"}],"curies":[{"name":"wp","href":"https:\/\/api.w.org\/{rel}","templated":true}]}}