{"id":27658,"date":"2014-04-28T14:57:30","date_gmt":"2014-04-28T18:57:30","guid":{"rendered":"http:\/\/uqactualite.odev.ca\/?p=27658"},"modified":"2014-04-28T14:57:30","modified_gmt":"2014-04-28T18:57:30","slug":"luqac-celebre-le-succes-de-ses-etudiants-a-loccasion-de-la-collation-des-grades-2014-2","status":"publish","type":"post","link":"https:\/\/www.uqac.ca\/uqactualites\/2014\/04\/28\/luqac-celebre-le-succes-de-ses-etudiants-a-loccasion-de-la-collation-des-grades-2014-2\/","title":{"rendered":"L\u2019UQAC c\u00e9l\u00e8bre le succ\u00e8s de ses \u00e9tudiants \u00e0 l\u2019occasion de la Collation des grades 2014"},"content":{"rendered":"<p style=\"text-align: justify\">C\u2019est le samedi 26 avril dernier qu\u2019avait lieu la Collation des grades\u00a02014, \u00e0 l\u2019occasion de laquelle pr\u00e8s de 1\u00a0250 finissants de l\u2019UQAC recevaient l\u2019attestation soulignant la fin de leurs \u00e9tudes. Deux c\u00e9r\u00e9monies \u00e9taient propos\u00e9es aux \u00e9tudiants issus de tous les cycles, alors qu\u2019\u00e9taient r\u00e9unis parents et amis au Pavillon sportif de l\u2019UQAC pour vivre avec eux ce moment inoubliable.<\/p>\n<p style=\"text-align: justify\">Pas moins de 1\u00a0234 attestations de fin d\u2019\u00e9tudes ont \u00e9t\u00e9 d\u00e9livr\u00e9es \u00e0 l\u2019occasion de cette Collation des grades\u00a02014\u00a0: 1 034 ont \u00e9t\u00e9 remises aux nouveaux bacheliers, 170 aux ma\u00eetres et 30 aux docteurs. C\u2019est d\u2019ailleurs en compagnie d\u2019ambassadeurs dipl\u00f4m\u00e9s de l\u2019UQAC que les \u00e9tudiants ont d\u00e9fil\u00e9 sur sc\u00e8ne, o\u00f9 ils ont re\u00e7u leur attestation des mains du recteur, Martin Gauthier.<\/p>\n<p style=\"text-align: justify\">\u00c9tudiantes et \u00e9tudiants, votre Universit\u00e9 joint sa voix \u00e0 celle de vos proches pour vous offrir ses plus sinc\u00e8res f\u00e9licitations. Vous aussi, soyez fiers de votre succ\u00e8s!<\/p>\n<p style=\"text-align: justify\">\n<span style=\"color: #808080\"><b>________________________________________________________________________________________<\/b><\/span><\/p>\n<p style=\"text-align: justify\"><span style=\"color: #808080\"><b>Photographe\u00a0:<\/b> Denis Blackburn, UQAC<\/span><br \/>\n<span style=\"color: #808080\"> <b>________________________________________________________________________________________<\/b><\/span><\/p>\n","protected":false},"excerpt":{"rendered":"<p>C\u2019est le samedi 26 avril dernier qu\u2019avait lieu la Collation des grades\u00a02014, \u00e0 l\u2019occasion de laquelle pr\u00e8s de 1\u00a0250 finissants de l\u2019UQAC recevaient l\u2019attestation soulignant la fin de leurs \u00e9tudes. Deux c\u00e9r\u00e9monies \u00e9taient propos\u00e9es aux \u00e9tudiants issus de tous les cycles, alors qu\u2019\u00e9taient r\u00e9unis parents et amis au Pavillon sportif de l\u2019UQAC pour vivre avec [&hellip;]<\/p>\n","protected":false},"author":5,"featured_media":27659,"comment_status":"open","ping_status":"open","sticky":false,"template":"","format":"standard","meta":{"footnotes":""},"categories":[2,61],"tags":[987,798,212,405,406,1387,407],"yoast_head":"<!-- This site is optimized with the Yoast SEO plugin v24.2 - https:\/\/yoast.com\/wordpress\/plugins\/seo\/ -->\r\n<title>L\u2019UQAC c\u00e9l\u00e8bre le succ\u00e8s de ses \u00e9tudiants \u00e0 l\u2019occasion de la Collation des grades 2014 - UQACtualit\u00e9s<\/title>\r\n<meta name=\"robots\" content=\"index, follow, max-snippet:-1, max-image-preview:large, max-video-preview:-1\" \/>\r\n<link rel=\"canonical\" href=\"https:\/\/www.uqac.ca\/uqactualites\/2014\/04\/28\/luqac-celebre-le-succes-de-ses-etudiants-a-loccasion-de-la-collation-des-grades-2014-2\/\" \/>\r\n<meta property=\"og:locale\" content=\"fr_CA\" \/>\r\n<meta property=\"og:type\" content=\"article\" \/>\r\n<meta property=\"og:title\" content=\"L\u2019UQAC c\u00e9l\u00e8bre le succ\u00e8s de ses \u00e9tudiants \u00e0 l\u2019occasion de la Collation des grades 2014 - UQACtualit\u00e9s\" \/>\r\n<meta property=\"og:description\" content=\"C\u2019est le samedi 26 avril dernier qu\u2019avait lieu la Collation des grades\u00a02014, \u00e0 l\u2019occasion de laquelle pr\u00e8s de 1\u00a0250 finissants de l\u2019UQAC recevaient l\u2019attestation soulignant la fin de leurs \u00e9tudes. Deux c\u00e9r\u00e9monies \u00e9taient propos\u00e9es aux \u00e9tudiants issus de tous les cycles, alors qu\u2019\u00e9taient r\u00e9unis parents et amis au Pavillon sportif de l\u2019UQAC pour vivre avec [&hellip;]\" \/>\r\n<meta property=\"og:url\" content=\"https:\/\/www.uqac.ca\/uqactualites\/2014\/04\/28\/luqac-celebre-le-succes-de-ses-etudiants-a-loccasion-de-la-collation-des-grades-2014-2\/\" \/>\r\n<meta property=\"og:site_name\" content=\"UQACtualit\u00e9s\" \/>\r\n<meta property=\"article:published_time\" content=\"2014-04-28T18:57:30+00:00\" \/>\r\n<meta property=\"og:image\" content=\"https:\/\/www.uqac.ca\/uqactualites\/wp-content\/uploads\/2014\/04\/CDG-2014-Web-\u00a9Denis-Blackburn.jpg\" \/>\r\n\t<meta property=\"og:image:width\" content=\"620\" \/>\r\n\t<meta property=\"og:image:height\" content=\"300\" \/>\r\n\t<meta property=\"og:image:type\" content=\"image\/jpeg\" \/>\r\n<meta name=\"author\" content=\"Service des communications et des relations publiques\" \/>\r\n<meta name=\"twitter:card\" content=\"summary_large_image\" \/>\r\n<meta name=\"twitter:label1\" content=\"\u00c9crit par\" \/>\n\t<meta name=\"twitter:data1\" content=\"Service des communications et des relations publiques\" \/>\n\t<meta name=\"twitter:label2\" content=\"Estimation du temps de lecture\" \/>\n\t<meta name=\"twitter:data2\" content=\"1 minute\" \/>\r\n<script type=\"application\/ld+json\" class=\"yoast-schema-graph\">{\"@context\":\"https:\/\/schema.org\",\"@graph\":[{\"@type\":\"WebPage\",\"@id\":\"https:\/\/www.uqac.ca\/uqactualites\/2014\/04\/28\/luqac-celebre-le-succes-de-ses-etudiants-a-loccasion-de-la-collation-des-grades-2014-2\/\",\"url\":\"https:\/\/www.uqac.ca\/uqactualites\/2014\/04\/28\/luqac-celebre-le-succes-de-ses-etudiants-a-loccasion-de-la-collation-des-grades-2014-2\/\",\"name\":\"L\u2019UQAC c\u00e9l\u00e8bre le succ\u00e8s de ses \u00e9tudiants \u00e0 l\u2019occasion de la Collation des grades 2014 - UQACtualit\u00e9s\",\"isPartOf\":{\"@id\":\"https:\/\/www.uqac.ca\/uqactualites\/#website\"},\"primaryImageOfPage\":{\"@id\":\"https:\/\/www.uqac.ca\/uqactualites\/2014\/04\/28\/luqac-celebre-le-succes-de-ses-etudiants-a-loccasion-de-la-collation-des-grades-2014-2\/#primaryimage\"},\"image\":{\"@id\":\"https:\/\/www.uqac.ca\/uqactualites\/2014\/04\/28\/luqac-celebre-le-succes-de-ses-etudiants-a-loccasion-de-la-collation-des-grades-2014-2\/#primaryimage\"},\"thumbnailUrl\":\"https:\/\/www.uqac.ca\/uqactualites\/wp-content\/uploads\/2014\/04\/CDG-2014-Web-\u00a9Denis-Blackburn.jpg\",\"datePublished\":\"2014-04-28T18:57:30+00:00\",\"dateModified\":\"2014-04-28T18:57:30+00:00\",\"author\":{\"@id\":\"https:\/\/www.uqac.ca\/uqactualites\/#\/schema\/person\/366c45a0c4f0e677b41b4af5886e2018\"},\"breadcrumb\":{\"@id\":\"https:\/\/www.uqac.ca\/uqactualites\/2014\/04\/28\/luqac-celebre-le-succes-de-ses-etudiants-a-loccasion-de-la-collation-des-grades-2014-2\/#breadcrumb\"},\"inLanguage\":\"fr-CA\",\"potentialAction\":[{\"@type\":\"ReadAction\",\"target\":[\"https:\/\/www.uqac.ca\/uqactualites\/2014\/04\/28\/luqac-celebre-le-succes-de-ses-etudiants-a-loccasion-de-la-collation-des-grades-2014-2\/\"]}]},{\"@type\":\"ImageObject\",\"inLanguage\":\"fr-CA\",\"@id\":\"https:\/\/www.uqac.ca\/uqactualites\/2014\/04\/28\/luqac-celebre-le-succes-de-ses-etudiants-a-loccasion-de-la-collation-des-grades-2014-2\/#primaryimage\",\"url\":\"https:\/\/www.uqac.ca\/uqactualites\/wp-content\/uploads\/2014\/04\/CDG-2014-Web-\u00a9Denis-Blackburn.jpg\",\"contentUrl\":\"https:\/\/www.uqac.ca\/uqactualites\/wp-content\/uploads\/2014\/04\/CDG-2014-Web-\u00a9Denis-Blackburn.jpg\",\"width\":620,\"height\":300},{\"@type\":\"BreadcrumbList\",\"@id\":\"https:\/\/www.uqac.ca\/uqactualites\/2014\/04\/28\/luqac-celebre-le-succes-de-ses-etudiants-a-loccasion-de-la-collation-des-grades-2014-2\/#breadcrumb\",\"itemListElement\":[{\"@type\":\"ListItem\",\"position\":1,\"name\":\"Home\",\"item\":\"https:\/\/www.uqac.ca\/uqactualites\/\"},{\"@type\":\"ListItem\",\"position\":2,\"name\":\"L\u2019UQAC c\u00e9l\u00e8bre le succ\u00e8s de ses \u00e9tudiants \u00e0 l\u2019occasion de la Collation des grades 2014\"}]},{\"@type\":\"WebSite\",\"@id\":\"https:\/\/www.uqac.ca\/uqactualites\/#website\",\"url\":\"https:\/\/www.uqac.ca\/uqactualites\/\",\"name\":\"UQACtualit\u00e9s\",\"description\":\"Le portail des nouvelles de l&#039;UQAC\",\"potentialAction\":[{\"@type\":\"SearchAction\",\"target\":{\"@type\":\"EntryPoint\",\"urlTemplate\":\"https:\/\/www.uqac.ca\/uqactualites\/?s={search_term_string}\"},\"query-input\":{\"@type\":\"PropertyValueSpecification\",\"valueRequired\":true,\"valueName\":\"search_term_string\"}}],\"inLanguage\":\"fr-CA\"},{\"@type\":\"Person\",\"@id\":\"https:\/\/www.uqac.ca\/uqactualites\/#\/schema\/person\/366c45a0c4f0e677b41b4af5886e2018\",\"name\":\"Service des communications et des relations publiques\",\"image\":{\"@type\":\"ImageObject\",\"inLanguage\":\"fr-CA\",\"@id\":\"https:\/\/www.uqac.ca\/uqactualites\/#\/schema\/person\/image\/\",\"url\":\"https:\/\/secure.gravatar.com\/avatar\/20fbbda8a292f59f2d3461a5b999c00b?s=96&d=mm&r=g\",\"contentUrl\":\"https:\/\/secure.gravatar.com\/avatar\/20fbbda8a292f59f2d3461a5b999c00b?s=96&d=mm&r=g\",\"caption\":\"Service des communications et des relations publiques\"},\"url\":\"https:\/\/www.uqac.ca\/uqactualites\/author\/bap\/\"}]}<\/script>\r\n<!-- \/ Yoast SEO plugin. -->","yoast_head_json":{"title":"L\u2019UQAC c\u00e9l\u00e8bre le succ\u00e8s de ses \u00e9tudiants \u00e0 l\u2019occasion de la Collation des grades 2014 - UQACtualit\u00e9s","robots":{"index":"index","follow":"follow","max-snippet":"max-snippet:-1","max-image-preview":"max-image-preview:large","max-video-preview":"max-video-preview:-1"},"canonical":"https:\/\/www.uqac.ca\/uqactualites\/2014\/04\/28\/luqac-celebre-le-succes-de-ses-etudiants-a-loccasion-de-la-collation-des-grades-2014-2\/","og_locale":"fr_CA","og_type":"article","og_title":"L\u2019UQAC c\u00e9l\u00e8bre le succ\u00e8s de ses \u00e9tudiants \u00e0 l\u2019occasion de la Collation des grades 2014 - UQACtualit\u00e9s","og_description":"C\u2019est le samedi 26 avril dernier qu\u2019avait lieu la Collation des grades\u00a02014, \u00e0 l\u2019occasion de laquelle pr\u00e8s de 1\u00a0250 finissants de l\u2019UQAC recevaient l\u2019attestation soulignant la fin de leurs \u00e9tudes. Deux c\u00e9r\u00e9monies \u00e9taient propos\u00e9es aux \u00e9tudiants issus de tous les cycles, alors qu\u2019\u00e9taient r\u00e9unis parents et amis au Pavillon sportif de l\u2019UQAC pour vivre avec [&hellip;]","og_url":"https:\/\/www.uqac.ca\/uqactualites\/2014\/04\/28\/luqac-celebre-le-succes-de-ses-etudiants-a-loccasion-de-la-collation-des-grades-2014-2\/","og_site_name":"UQACtualit\u00e9s","article_published_time":"2014-04-28T18:57:30+00:00","og_image":[{"width":620,"height":300,"url":"https:\/\/www.uqac.ca\/uqactualites\/wp-content\/uploads\/2014\/04\/CDG-2014-Web-\u00a9Denis-Blackburn.jpg","type":"image\/jpeg"}],"author":"Service des communications et des relations publiques","twitter_card":"summary_large_image","twitter_misc":{"\u00c9crit par":"Service des communications et des relations publiques","Estimation du temps de lecture":"1 minute"},"schema":{"@context":"https:\/\/schema.org","@graph":[{"@type":"WebPage","@id":"https:\/\/www.uqac.ca\/uqactualites\/2014\/04\/28\/luqac-celebre-le-succes-de-ses-etudiants-a-loccasion-de-la-collation-des-grades-2014-2\/","url":"https:\/\/www.uqac.ca\/uqactualites\/2014\/04\/28\/luqac-celebre-le-succes-de-ses-etudiants-a-loccasion-de-la-collation-des-grades-2014-2\/","name":"L\u2019UQAC c\u00e9l\u00e8bre le succ\u00e8s de ses \u00e9tudiants \u00e0 l\u2019occasion de la Collation des grades 2014 - UQACtualit\u00e9s","isPartOf":{"@id":"https:\/\/www.uqac.ca\/uqactualites\/#website"},"primaryImageOfPage":{"@id":"https:\/\/www.uqac.ca\/uqactualites\/2014\/04\/28\/luqac-celebre-le-succes-de-ses-etudiants-a-loccasion-de-la-collation-des-grades-2014-2\/#primaryimage"},"image":{"@id":"https:\/\/www.uqac.ca\/uqactualites\/2014\/04\/28\/luqac-celebre-le-succes-de-ses-etudiants-a-loccasion-de-la-collation-des-grades-2014-2\/#primaryimage"},"thumbnailUrl":"https:\/\/www.uqac.ca\/uqactualites\/wp-content\/uploads\/2014\/04\/CDG-2014-Web-\u00a9Denis-Blackburn.jpg","datePublished":"2014-04-28T18:57:30+00:00","dateModified":"2014-04-28T18:57:30+00:00","author":{"@id":"https:\/\/www.uqac.ca\/uqactualites\/#\/schema\/person\/366c45a0c4f0e677b41b4af5886e2018"},"breadcrumb":{"@id":"https:\/\/www.uqac.ca\/uqactualites\/2014\/04\/28\/luqac-celebre-le-succes-de-ses-etudiants-a-loccasion-de-la-collation-des-grades-2014-2\/#breadcrumb"},"inLanguage":"fr-CA","potentialAction":[{"@type":"ReadAction","target":["https:\/\/www.uqac.ca\/uqactualites\/2014\/04\/28\/luqac-celebre-le-succes-de-ses-etudiants-a-loccasion-de-la-collation-des-grades-2014-2\/"]}]},{"@type":"ImageObject","inLanguage":"fr-CA","@id":"https:\/\/www.uqac.ca\/uqactualites\/2014\/04\/28\/luqac-celebre-le-succes-de-ses-etudiants-a-loccasion-de-la-collation-des-grades-2014-2\/#primaryimage","url":"https:\/\/www.uqac.ca\/uqactualites\/wp-content\/uploads\/2014\/04\/CDG-2014-Web-\u00a9Denis-Blackburn.jpg","contentUrl":"https:\/\/www.uqac.ca\/uqactualites\/wp-content\/uploads\/2014\/04\/CDG-2014-Web-\u00a9Denis-Blackburn.jpg","width":620,"height":300},{"@type":"BreadcrumbList","@id":"https:\/\/www.uqac.ca\/uqactualites\/2014\/04\/28\/luqac-celebre-le-succes-de-ses-etudiants-a-loccasion-de-la-collation-des-grades-2014-2\/#breadcrumb","itemListElement":[{"@type":"ListItem","position":1,"name":"Home","item":"https:\/\/www.uqac.ca\/uqactualites\/"},{"@type":"ListItem","position":2,"name":"L\u2019UQAC c\u00e9l\u00e8bre le succ\u00e8s de ses \u00e9tudiants \u00e0 l\u2019occasion de la Collation des grades 2014"}]},{"@type":"WebSite","@id":"https:\/\/www.uqac.ca\/uqactualites\/#website","url":"https:\/\/www.uqac.ca\/uqactualites\/","name":"UQACtualit\u00e9s","description":"Le portail des nouvelles de l&#039;UQAC","potentialAction":[{"@type":"SearchAction","target":{"@type":"EntryPoint","urlTemplate":"https:\/\/www.uqac.ca\/uqactualites\/?s={search_term_string}"},"query-input":{"@type":"PropertyValueSpecification","valueRequired":true,"valueName":"search_term_string"}}],"inLanguage":"fr-CA"},{"@type":"Person","@id":"https:\/\/www.uqac.ca\/uqactualites\/#\/schema\/person\/366c45a0c4f0e677b41b4af5886e2018","name":"Service des communications et des relations publiques","image":{"@type":"ImageObject","inLanguage":"fr-CA","@id":"https:\/\/www.uqac.ca\/uqactualites\/#\/schema\/person\/image\/","url":"https:\/\/secure.gravatar.com\/avatar\/20fbbda8a292f59f2d3461a5b999c00b?s=96&d=mm&r=g","contentUrl":"https:\/\/secure.gravatar.com\/avatar\/20fbbda8a292f59f2d3461a5b999c00b?s=96&d=mm&r=g","caption":"Service des communications et des relations publiques"},"url":"https:\/\/www.uqac.ca\/uqactualites\/author\/bap\/"}]}},"_links":{"self":[{"href":"https:\/\/www.uqac.ca\/uqactualites\/wp-json\/wp\/v2\/posts\/27658"}],"collection":[{"href":"https:\/\/www.uqac.ca\/uqactualites\/wp-json\/wp\/v2\/posts"}],"about":[{"href":"https:\/\/www.uqac.ca\/uqactualites\/wp-json\/wp\/v2\/types\/post"}],"author":[{"embeddable":true,"href":"https:\/\/www.uqac.ca\/uqactualites\/wp-json\/wp\/v2\/users\/5"}],"replies":[{"embeddable":true,"href":"https:\/\/www.uqac.ca\/uqactualites\/wp-json\/wp\/v2\/comments?post=27658"}],"version-history":[{"count":0,"href":"https:\/\/www.uqac.ca\/uqactualites\/wp-json\/wp\/v2\/posts\/27658\/revisions"}],"wp:featuredmedia":[{"embeddable":true,"href":"https:\/\/www.uqac.ca\/uqactualites\/wp-json\/wp\/v2\/media\/27659"}],"wp:attachment":[{"href":"https:\/\/www.uqac.ca\/uqactualites\/wp-json\/wp\/v2\/media?parent=27658"}],"wp:term":[{"taxonomy":"category","embeddable":true,"href":"https:\/\/www.uqac.ca\/uqactualites\/wp-json\/wp\/v2\/categories?post=27658"},{"taxonomy":"post_tag","embeddable":true,"href":"https:\/\/www.uqac.ca\/uqactualites\/wp-json\/wp\/v2\/tags?post=27658"}],"curies":[{"name":"wp","href":"https:\/\/api.w.org\/{rel}","templated":true}]}}