{"id":27723,"date":"2014-05-08T08:15:43","date_gmt":"2014-05-08T12:15:43","guid":{"rendered":"http:\/\/uqactualite.odev.ca\/?p=27723"},"modified":"2014-05-08T08:15:43","modified_gmt":"2014-05-08T12:15:43","slug":"ete-2014-lecole-de-langue-francaise-et-de-culture-quebecoise-accueille-une-toute-nouvelle-cohorte-detudiants","status":"publish","type":"post","link":"https:\/\/www.uqac.ca\/uqactualites\/2014\/05\/08\/ete-2014-lecole-de-langue-francaise-et-de-culture-quebecoise-accueille-une-toute-nouvelle-cohorte-detudiants\/","title":{"rendered":"\u00c9t\u00e9 2014 : L\u2019\u00c9cole de langue fran\u00e7aise et de culture qu\u00e9b\u00e9coise accueille une toute nouvelle cohorte d\u2019\u00e9tudiants"},"content":{"rendered":"<p style=\"text-align: justify\">L\u2019\u00c9cole de langue fran\u00e7aise et de culture qu\u00e9b\u00e9coise, qui c\u00e9l\u00e8bre cette ann\u00e9e ses 40 ans d\u2019existence, accueillera pendant la saison estivale deux nouvelles cohortes totalisant pr\u00e8s de 450 \u00e9tudiants universitaires. Vous aurez le privil\u00e8ge et le plaisir de les c\u00f4toyer \u00e0 partir du 12 mai prochain. N\u2019h\u00e9sitez pas \u00e0 bavarder avec eux, \u00e0 les encourager et \u00e0 rendre leur s\u00e9jour inoubliable. Ce sont d\u2019actuels et de futurs ambassadeurs du fran\u00e7ais, de l\u2019Universit\u00e9 et de notre belle r\u00e9gion partout \u00e0 l\u2019\u00e9tranger.<\/p>\n<p style=\"text-align: justify\">Comme chaque ann\u00e9e, nous vous invitons \u00e0 vous adresser \u00e0 nos \u00e9tudiants en fran\u00e7ais. De cette fa\u00e7on, vous nous aiderez \u00e0 maintenir notre premi\u00e8re place en tant que meilleure \u00e9cole de langue au Canada selon le Conseil des ministres de l\u2019\u00c9ducation du Canada (CMEC). Merci de nous aider!<\/p>\n<p style=\"text-align: justify\"><b><br \/>\nRenseignements\u00a0:<\/b><br \/>\nPhilippe C\u00f4t\u00e9, coordonnateur int\u00e9rimaire<br \/>\n\u00c9cole de langue fran\u00e7aise et de culture qu\u00e9b\u00e9coise<br \/>\nUniversit\u00e9 du Qu\u00e9bec \u00e0 Chicoutimi<br \/>\n418 545-5011, poste\u00a02184\u00a0 \u25aa\u00a0 <span style=\"color: #5b7411\"><a href=\"mailto:philippe_cote@uqac.ca\"><span style=\"color: #5b7411\">philippe_cote@uqac.ca<\/span><\/a><\/span><\/p>\n","protected":false},"excerpt":{"rendered":"<p>L\u2019\u00c9cole de langue fran\u00e7aise et de culture qu\u00e9b\u00e9coise, qui c\u00e9l\u00e8bre cette ann\u00e9e ses 40 ans d\u2019existence, accueillera pendant la saison estivale deux nouvelles cohortes totalisant pr\u00e8s de 450 \u00e9tudiants universitaires. Vous aurez le privil\u00e8ge et le plaisir de les c\u00f4toyer \u00e0 partir du 12 mai prochain. N\u2019h\u00e9sitez pas \u00e0 bavarder avec eux, \u00e0 les encourager [&hellip;]<\/p>\n","protected":false},"author":5,"featured_media":20989,"comment_status":"open","ping_status":"open","sticky":false,"template":"","format":"standard","meta":{"footnotes":""},"categories":[2772],"tags":[987,1418,1226,1227,1228,1419,518,1231],"yoast_head":"<!-- This site is optimized with the Yoast SEO plugin v24.2 - https:\/\/yoast.com\/wordpress\/plugins\/seo\/ -->\r\n<title>\u00c9t\u00e9 2014 : L\u2019\u00c9cole de langue fran\u00e7aise et de culture qu\u00e9b\u00e9coise accueille une toute nouvelle cohorte d\u2019\u00e9tudiants - UQACtualit\u00e9s<\/title>\r\n<meta name=\"robots\" content=\"index, follow, max-snippet:-1, max-image-preview:large, max-video-preview:-1\" \/>\r\n<link rel=\"canonical\" href=\"https:\/\/www.uqac.ca\/uqactualites\/2014\/05\/08\/ete-2014-lecole-de-langue-francaise-et-de-culture-quebecoise-accueille-une-toute-nouvelle-cohorte-detudiants\/\" \/>\r\n<meta property=\"og:locale\" content=\"fr_CA\" \/>\r\n<meta property=\"og:type\" content=\"article\" \/>\r\n<meta property=\"og:title\" content=\"\u00c9t\u00e9 2014 : L\u2019\u00c9cole de langue fran\u00e7aise et de culture qu\u00e9b\u00e9coise accueille une toute nouvelle cohorte d\u2019\u00e9tudiants - UQACtualit\u00e9s\" \/>\r\n<meta property=\"og:description\" content=\"L\u2019\u00c9cole de langue fran\u00e7aise et de culture qu\u00e9b\u00e9coise, qui c\u00e9l\u00e8bre cette ann\u00e9e ses 40 ans d\u2019existence, accueillera pendant la saison estivale deux nouvelles cohortes totalisant pr\u00e8s de 450 \u00e9tudiants universitaires. Vous aurez le privil\u00e8ge et le plaisir de les c\u00f4toyer \u00e0 partir du 12 mai prochain. N\u2019h\u00e9sitez pas \u00e0 bavarder avec eux, \u00e0 les encourager [&hellip;]\" \/>\r\n<meta property=\"og:url\" content=\"https:\/\/www.uqac.ca\/uqactualites\/2014\/05\/08\/ete-2014-lecole-de-langue-francaise-et-de-culture-quebecoise-accueille-une-toute-nouvelle-cohorte-detudiants\/\" \/>\r\n<meta property=\"og:site_name\" content=\"UQACtualit\u00e9s\" \/>\r\n<meta property=\"article:published_time\" content=\"2014-05-08T12:15:43+00:00\" \/>\r\n<meta property=\"og:image\" content=\"https:\/\/www.uqac.ca\/uqactualites\/wp-content\/uploads\/2012\/05\/avis-laCommunaut-.jpg\" \/>\r\n\t<meta property=\"og:image:width\" content=\"620\" \/>\r\n\t<meta property=\"og:image:height\" content=\"300\" \/>\r\n\t<meta property=\"og:image:type\" content=\"image\/jpeg\" \/>\r\n<meta name=\"author\" content=\"Service des communications et des relations publiques\" \/>\r\n<meta name=\"twitter:card\" content=\"summary_large_image\" \/>\r\n<meta name=\"twitter:label1\" content=\"\u00c9crit par\" \/>\n\t<meta name=\"twitter:data1\" content=\"Service des communications et des relations publiques\" \/>\n\t<meta name=\"twitter:label2\" content=\"Estimation du temps de lecture\" \/>\n\t<meta name=\"twitter:data2\" content=\"1 minute\" \/>\r\n<script type=\"application\/ld+json\" class=\"yoast-schema-graph\">{\"@context\":\"https:\/\/schema.org\",\"@graph\":[{\"@type\":\"WebPage\",\"@id\":\"https:\/\/www.uqac.ca\/uqactualites\/2014\/05\/08\/ete-2014-lecole-de-langue-francaise-et-de-culture-quebecoise-accueille-une-toute-nouvelle-cohorte-detudiants\/\",\"url\":\"https:\/\/www.uqac.ca\/uqactualites\/2014\/05\/08\/ete-2014-lecole-de-langue-francaise-et-de-culture-quebecoise-accueille-une-toute-nouvelle-cohorte-detudiants\/\",\"name\":\"\u00c9t\u00e9 2014 : L\u2019\u00c9cole de langue fran\u00e7aise et de culture qu\u00e9b\u00e9coise accueille une toute nouvelle cohorte d\u2019\u00e9tudiants - UQACtualit\u00e9s\",\"isPartOf\":{\"@id\":\"https:\/\/www.uqac.ca\/uqactualites\/#website\"},\"primaryImageOfPage\":{\"@id\":\"https:\/\/www.uqac.ca\/uqactualites\/2014\/05\/08\/ete-2014-lecole-de-langue-francaise-et-de-culture-quebecoise-accueille-une-toute-nouvelle-cohorte-detudiants\/#primaryimage\"},\"image\":{\"@id\":\"https:\/\/www.uqac.ca\/uqactualites\/2014\/05\/08\/ete-2014-lecole-de-langue-francaise-et-de-culture-quebecoise-accueille-une-toute-nouvelle-cohorte-detudiants\/#primaryimage\"},\"thumbnailUrl\":\"https:\/\/www.uqac.ca\/uqactualites\/wp-content\/uploads\/2012\/05\/avis-laCommunaut-.jpg\",\"datePublished\":\"2014-05-08T12:15:43+00:00\",\"dateModified\":\"2014-05-08T12:15:43+00:00\",\"author\":{\"@id\":\"https:\/\/www.uqac.ca\/uqactualites\/#\/schema\/person\/366c45a0c4f0e677b41b4af5886e2018\"},\"breadcrumb\":{\"@id\":\"https:\/\/www.uqac.ca\/uqactualites\/2014\/05\/08\/ete-2014-lecole-de-langue-francaise-et-de-culture-quebecoise-accueille-une-toute-nouvelle-cohorte-detudiants\/#breadcrumb\"},\"inLanguage\":\"fr-CA\",\"potentialAction\":[{\"@type\":\"ReadAction\",\"target\":[\"https:\/\/www.uqac.ca\/uqactualites\/2014\/05\/08\/ete-2014-lecole-de-langue-francaise-et-de-culture-quebecoise-accueille-une-toute-nouvelle-cohorte-detudiants\/\"]}]},{\"@type\":\"ImageObject\",\"inLanguage\":\"fr-CA\",\"@id\":\"https:\/\/www.uqac.ca\/uqactualites\/2014\/05\/08\/ete-2014-lecole-de-langue-francaise-et-de-culture-quebecoise-accueille-une-toute-nouvelle-cohorte-detudiants\/#primaryimage\",\"url\":\"https:\/\/www.uqac.ca\/uqactualites\/wp-content\/uploads\/2012\/05\/avis-laCommunaut-.jpg\",\"contentUrl\":\"https:\/\/www.uqac.ca\/uqactualites\/wp-content\/uploads\/2012\/05\/avis-laCommunaut-.jpg\",\"width\":620,\"height\":300},{\"@type\":\"BreadcrumbList\",\"@id\":\"https:\/\/www.uqac.ca\/uqactualites\/2014\/05\/08\/ete-2014-lecole-de-langue-francaise-et-de-culture-quebecoise-accueille-une-toute-nouvelle-cohorte-detudiants\/#breadcrumb\",\"itemListElement\":[{\"@type\":\"ListItem\",\"position\":1,\"name\":\"Home\",\"item\":\"https:\/\/www.uqac.ca\/uqactualites\/\"},{\"@type\":\"ListItem\",\"position\":2,\"name\":\"\u00c9t\u00e9 2014 : L\u2019\u00c9cole de langue fran\u00e7aise et de culture qu\u00e9b\u00e9coise accueille une toute nouvelle cohorte d\u2019\u00e9tudiants\"}]},{\"@type\":\"WebSite\",\"@id\":\"https:\/\/www.uqac.ca\/uqactualites\/#website\",\"url\":\"https:\/\/www.uqac.ca\/uqactualites\/\",\"name\":\"UQACtualit\u00e9s\",\"description\":\"Le portail des nouvelles de l&#039;UQAC\",\"potentialAction\":[{\"@type\":\"SearchAction\",\"target\":{\"@type\":\"EntryPoint\",\"urlTemplate\":\"https:\/\/www.uqac.ca\/uqactualites\/?s={search_term_string}\"},\"query-input\":{\"@type\":\"PropertyValueSpecification\",\"valueRequired\":true,\"valueName\":\"search_term_string\"}}],\"inLanguage\":\"fr-CA\"},{\"@type\":\"Person\",\"@id\":\"https:\/\/www.uqac.ca\/uqactualites\/#\/schema\/person\/366c45a0c4f0e677b41b4af5886e2018\",\"name\":\"Service des communications et des relations publiques\",\"image\":{\"@type\":\"ImageObject\",\"inLanguage\":\"fr-CA\",\"@id\":\"https:\/\/www.uqac.ca\/uqactualites\/#\/schema\/person\/image\/\",\"url\":\"https:\/\/secure.gravatar.com\/avatar\/20fbbda8a292f59f2d3461a5b999c00b?s=96&d=mm&r=g\",\"contentUrl\":\"https:\/\/secure.gravatar.com\/avatar\/20fbbda8a292f59f2d3461a5b999c00b?s=96&d=mm&r=g\",\"caption\":\"Service des communications et des relations publiques\"},\"url\":\"https:\/\/www.uqac.ca\/uqactualites\/author\/bap\/\"}]}<\/script>\r\n<!-- \/ Yoast SEO plugin. -->","yoast_head_json":{"title":"\u00c9t\u00e9 2014 : L\u2019\u00c9cole de langue fran\u00e7aise et de culture qu\u00e9b\u00e9coise accueille une toute nouvelle cohorte d\u2019\u00e9tudiants - UQACtualit\u00e9s","robots":{"index":"index","follow":"follow","max-snippet":"max-snippet:-1","max-image-preview":"max-image-preview:large","max-video-preview":"max-video-preview:-1"},"canonical":"https:\/\/www.uqac.ca\/uqactualites\/2014\/05\/08\/ete-2014-lecole-de-langue-francaise-et-de-culture-quebecoise-accueille-une-toute-nouvelle-cohorte-detudiants\/","og_locale":"fr_CA","og_type":"article","og_title":"\u00c9t\u00e9 2014 : L\u2019\u00c9cole de langue fran\u00e7aise et de culture qu\u00e9b\u00e9coise accueille une toute nouvelle cohorte d\u2019\u00e9tudiants - UQACtualit\u00e9s","og_description":"L\u2019\u00c9cole de langue fran\u00e7aise et de culture qu\u00e9b\u00e9coise, qui c\u00e9l\u00e8bre cette ann\u00e9e ses 40 ans d\u2019existence, accueillera pendant la saison estivale deux nouvelles cohortes totalisant pr\u00e8s de 450 \u00e9tudiants universitaires. Vous aurez le privil\u00e8ge et le plaisir de les c\u00f4toyer \u00e0 partir du 12 mai prochain. N\u2019h\u00e9sitez pas \u00e0 bavarder avec eux, \u00e0 les encourager [&hellip;]","og_url":"https:\/\/www.uqac.ca\/uqactualites\/2014\/05\/08\/ete-2014-lecole-de-langue-francaise-et-de-culture-quebecoise-accueille-une-toute-nouvelle-cohorte-detudiants\/","og_site_name":"UQACtualit\u00e9s","article_published_time":"2014-05-08T12:15:43+00:00","og_image":[{"width":620,"height":300,"url":"https:\/\/www.uqac.ca\/uqactualites\/wp-content\/uploads\/2012\/05\/avis-laCommunaut-.jpg","type":"image\/jpeg"}],"author":"Service des communications et des relations publiques","twitter_card":"summary_large_image","twitter_misc":{"\u00c9crit par":"Service des communications et des relations publiques","Estimation du temps de lecture":"1 minute"},"schema":{"@context":"https:\/\/schema.org","@graph":[{"@type":"WebPage","@id":"https:\/\/www.uqac.ca\/uqactualites\/2014\/05\/08\/ete-2014-lecole-de-langue-francaise-et-de-culture-quebecoise-accueille-une-toute-nouvelle-cohorte-detudiants\/","url":"https:\/\/www.uqac.ca\/uqactualites\/2014\/05\/08\/ete-2014-lecole-de-langue-francaise-et-de-culture-quebecoise-accueille-une-toute-nouvelle-cohorte-detudiants\/","name":"\u00c9t\u00e9 2014 : L\u2019\u00c9cole de langue fran\u00e7aise et de culture qu\u00e9b\u00e9coise accueille une toute nouvelle cohorte d\u2019\u00e9tudiants - UQACtualit\u00e9s","isPartOf":{"@id":"https:\/\/www.uqac.ca\/uqactualites\/#website"},"primaryImageOfPage":{"@id":"https:\/\/www.uqac.ca\/uqactualites\/2014\/05\/08\/ete-2014-lecole-de-langue-francaise-et-de-culture-quebecoise-accueille-une-toute-nouvelle-cohorte-detudiants\/#primaryimage"},"image":{"@id":"https:\/\/www.uqac.ca\/uqactualites\/2014\/05\/08\/ete-2014-lecole-de-langue-francaise-et-de-culture-quebecoise-accueille-une-toute-nouvelle-cohorte-detudiants\/#primaryimage"},"thumbnailUrl":"https:\/\/www.uqac.ca\/uqactualites\/wp-content\/uploads\/2012\/05\/avis-laCommunaut-.jpg","datePublished":"2014-05-08T12:15:43+00:00","dateModified":"2014-05-08T12:15:43+00:00","author":{"@id":"https:\/\/www.uqac.ca\/uqactualites\/#\/schema\/person\/366c45a0c4f0e677b41b4af5886e2018"},"breadcrumb":{"@id":"https:\/\/www.uqac.ca\/uqactualites\/2014\/05\/08\/ete-2014-lecole-de-langue-francaise-et-de-culture-quebecoise-accueille-une-toute-nouvelle-cohorte-detudiants\/#breadcrumb"},"inLanguage":"fr-CA","potentialAction":[{"@type":"ReadAction","target":["https:\/\/www.uqac.ca\/uqactualites\/2014\/05\/08\/ete-2014-lecole-de-langue-francaise-et-de-culture-quebecoise-accueille-une-toute-nouvelle-cohorte-detudiants\/"]}]},{"@type":"ImageObject","inLanguage":"fr-CA","@id":"https:\/\/www.uqac.ca\/uqactualites\/2014\/05\/08\/ete-2014-lecole-de-langue-francaise-et-de-culture-quebecoise-accueille-une-toute-nouvelle-cohorte-detudiants\/#primaryimage","url":"https:\/\/www.uqac.ca\/uqactualites\/wp-content\/uploads\/2012\/05\/avis-laCommunaut-.jpg","contentUrl":"https:\/\/www.uqac.ca\/uqactualites\/wp-content\/uploads\/2012\/05\/avis-laCommunaut-.jpg","width":620,"height":300},{"@type":"BreadcrumbList","@id":"https:\/\/www.uqac.ca\/uqactualites\/2014\/05\/08\/ete-2014-lecole-de-langue-francaise-et-de-culture-quebecoise-accueille-une-toute-nouvelle-cohorte-detudiants\/#breadcrumb","itemListElement":[{"@type":"ListItem","position":1,"name":"Home","item":"https:\/\/www.uqac.ca\/uqactualites\/"},{"@type":"ListItem","position":2,"name":"\u00c9t\u00e9 2014 : L\u2019\u00c9cole de langue fran\u00e7aise et de culture qu\u00e9b\u00e9coise accueille une toute nouvelle cohorte d\u2019\u00e9tudiants"}]},{"@type":"WebSite","@id":"https:\/\/www.uqac.ca\/uqactualites\/#website","url":"https:\/\/www.uqac.ca\/uqactualites\/","name":"UQACtualit\u00e9s","description":"Le portail des nouvelles de l&#039;UQAC","potentialAction":[{"@type":"SearchAction","target":{"@type":"EntryPoint","urlTemplate":"https:\/\/www.uqac.ca\/uqactualites\/?s={search_term_string}"},"query-input":{"@type":"PropertyValueSpecification","valueRequired":true,"valueName":"search_term_string"}}],"inLanguage":"fr-CA"},{"@type":"Person","@id":"https:\/\/www.uqac.ca\/uqactualites\/#\/schema\/person\/366c45a0c4f0e677b41b4af5886e2018","name":"Service des communications et des relations publiques","image":{"@type":"ImageObject","inLanguage":"fr-CA","@id":"https:\/\/www.uqac.ca\/uqactualites\/#\/schema\/person\/image\/","url":"https:\/\/secure.gravatar.com\/avatar\/20fbbda8a292f59f2d3461a5b999c00b?s=96&d=mm&r=g","contentUrl":"https:\/\/secure.gravatar.com\/avatar\/20fbbda8a292f59f2d3461a5b999c00b?s=96&d=mm&r=g","caption":"Service des communications et des relations publiques"},"url":"https:\/\/www.uqac.ca\/uqactualites\/author\/bap\/"}]}},"_links":{"self":[{"href":"https:\/\/www.uqac.ca\/uqactualites\/wp-json\/wp\/v2\/posts\/27723"}],"collection":[{"href":"https:\/\/www.uqac.ca\/uqactualites\/wp-json\/wp\/v2\/posts"}],"about":[{"href":"https:\/\/www.uqac.ca\/uqactualites\/wp-json\/wp\/v2\/types\/post"}],"author":[{"embeddable":true,"href":"https:\/\/www.uqac.ca\/uqactualites\/wp-json\/wp\/v2\/users\/5"}],"replies":[{"embeddable":true,"href":"https:\/\/www.uqac.ca\/uqactualites\/wp-json\/wp\/v2\/comments?post=27723"}],"version-history":[{"count":0,"href":"https:\/\/www.uqac.ca\/uqactualites\/wp-json\/wp\/v2\/posts\/27723\/revisions"}],"wp:featuredmedia":[{"embeddable":true,"href":"https:\/\/www.uqac.ca\/uqactualites\/wp-json\/wp\/v2\/media\/20989"}],"wp:attachment":[{"href":"https:\/\/www.uqac.ca\/uqactualites\/wp-json\/wp\/v2\/media?parent=27723"}],"wp:term":[{"taxonomy":"category","embeddable":true,"href":"https:\/\/www.uqac.ca\/uqactualites\/wp-json\/wp\/v2\/categories?post=27723"},{"taxonomy":"post_tag","embeddable":true,"href":"https:\/\/www.uqac.ca\/uqactualites\/wp-json\/wp\/v2\/tags?post=27723"}],"curies":[{"name":"wp","href":"https:\/\/api.w.org\/{rel}","templated":true}]}}