{"id":27751,"date":"2014-05-13T10:59:29","date_gmt":"2014-05-13T14:59:29","guid":{"rendered":"http:\/\/uqactualite.odev.ca\/?p=27751"},"modified":"2014-05-13T10:59:29","modified_gmt":"2014-05-13T14:59:29","slug":"luqac-presente-son-8e-colloque-en-sciences-infirmieres","status":"publish","type":"post","link":"https:\/\/www.uqac.ca\/uqactualites\/2014\/05\/13\/luqac-presente-son-8e-colloque-en-sciences-infirmieres\/","title":{"rendered":"L\u2019UQAC pr\u00e9sente son 8e Colloque en sciences infirmi\u00e8res"},"content":{"rendered":"<p style=\"text-align: justify\">Le 8<sup>e<\/sup>\u00a0Colloque en sciences infirmi\u00e8res de l\u2019UQAC, qui s\u2019est tenu le 1<sup>er<\/sup> mai dernier \u00e0 l\u2019H\u00f4tel Delta de Jonqui\u00e8re, a \u00e9t\u00e9 un franc succ\u00e8s \u00e0 tous les \u00e9gards. Il a r\u00e9uni plus de 400 participants en provenance du secteur des sciences infirmi\u00e8res, la plupart \u00e9tant issus de la r\u00e9gion. L\u2019\u00e9v\u00e9nement, mis sur pied par l\u2019\u00e9quipe du Module des sciences infirmi\u00e8res et de la sant\u00e9, de concert avec le Centre du savoir sur mesure (CESAM), s\u2019est d\u00e9roul\u00e9 sous le th\u00e8me \u00ab\u00a0De la th\u00e9orie \u00e0 la pratique\u2026 Savoir faire la diff\u00e9rence\u00a0\u00bb.<\/p>\n<p style=\"text-align: justify\">Cette 8<sup>e<\/sup>\u00a0\u00e9dition du Colloque en sciences infirmi\u00e8res a \u00e9t\u00e9 une occasion d\u2019\u00e9changer avec des conf\u00e9renciers et des animateurs d\u2019ateliers qui ont fait\u00a0\u00e9tat de diff\u00e9rentes connaissances acquises par l\u2019\u00e9tude th\u00e9orique et pratique. Cette journ\u00e9e visait notamment \u00e0 intensifier les collaborations de recherche et \u00e0 enrichir le partenariat entre le milieu clinique et la communaut\u00e9 universitaire. Le colloque avait aussi pour objectifs de cr\u00e9er un espace de partage en d\u00e9veloppant des alliances avec les intervenants du milieu et de d\u00e9montrer les retomb\u00e9es de la recherche en milieu clinique.<\/p>\n<p style=\"text-align: justify\">Le colloque a accueilli plusieurs conf\u00e9renciers de prestige, dont Philippe Voyer et Ren\u00e9 Villemure, ainsi que Danielle Blondeau, qui est malheureusement d\u00e9c\u00e9d\u00e9e subitement le 7 mai dernier. Madame Blondeau, de la Facult\u00e9 des sciences infirmi\u00e8res de l\u2019Universit\u00e9 Laval, s&rsquo;\u00e9tait vu remettre la plus haute distinction de l&rsquo;Ordre des infirmi\u00e8res et des infirmiers du Qu\u00e9bec (OIIQ), soit l&rsquo;insigne du m\u00e9rite, pour l&rsquo;ensemble de sa carri\u00e8re. Elle a grandement contribu\u00e9 \u00e0 l&rsquo;avancement de la profession infirmi\u00e8re et de l&rsquo;\u00e9thique relativement aux soins de fin de vie.<\/p>\n<p style=\"text-align: justify\">Le comit\u00e9 organisateur annonce le prochain colloque pour le 7 mai 2015. C\u2019est un rendez-vous \u00e0 ne pas manquer!<\/p>\n<p style=\"text-align: justify\"><b><br \/>\nSources\u00a0:<\/b><\/p>\n<p style=\"text-align: justify\">Carole Dionne, professeure et directrice du Module des sciences infirmi\u00e8res et de la sant\u00e9<br \/>\nD\u00e9partement des sciences de la sant\u00e9<br \/>\nUniversit\u00e9 du Qu\u00e9bec \u00e0 Chicoutimi<br \/>\n418 545-5011, poste\u00a05285\u00a0 \u25aa\u00a0 <span style=\"color: #5b7411\"><a href=\"mailto:carole_dionne@uqac.ca\"><span style=\"color: #5b7411\">carole_dionne@uqac.ca<\/span><\/a><\/span><\/p>\n<p style=\"text-align: justify\">Bureau des affaires publiques<br \/>\nUniversit\u00e9 du Qu\u00e9bec \u00e0 Chicoutimi<br \/>\n418\u00a0545-5011, poste\u00a02350\u00a0 \u25aa\u00a0 <span style=\"color: #5b7411\"><a href=\"mailto:affaires_publiques@uqac.ca\"><span style=\"color: #5b7411\">affaires_publiques@uqac.ca<\/span><\/a><\/span><b><\/b><\/p>\n<p style=\"text-align: justify\"><b><br \/>\n<span style=\"color: #808080\">________________________________________________________________________________________<\/span><\/b><\/p>\n<p style=\"text-align: justify\"><span style=\"color: #808080\"><b>Photographie\u00a0:<\/b> Carole Dionne, professeure et directrice du Module des sciences infirmi\u00e8res et de la sant\u00e9, et Lucie Tremblay, pr\u00e9sidente de l\u2019OIIQ<\/span><br \/>\n<span style=\"color: #808080\"><b>Photographe\u00a0:<\/b> Denis Blackburn, UQAC<\/span><br \/>\n<span style=\"color: #808080\"><b>_______________________________________________________________________________________<\/b><\/span><\/p>\n","protected":false},"excerpt":{"rendered":"<p>Le 8e\u00a0Colloque en sciences infirmi\u00e8res de l\u2019UQAC, qui s\u2019est tenu le 1er mai dernier \u00e0 l\u2019H\u00f4tel Delta de Jonqui\u00e8re, a \u00e9t\u00e9 un franc succ\u00e8s \u00e0 tous les \u00e9gards. Il a r\u00e9uni plus de 400 participants en provenance du secteur des sciences infirmi\u00e8res, la plupart \u00e9tant issus de la r\u00e9gion. L\u2019\u00e9v\u00e9nement, mis sur pied par l\u2019\u00e9quipe [&hellip;]<\/p>\n","protected":false},"author":5,"featured_media":27752,"comment_status":"open","ping_status":"open","sticky":false,"template":"","format":"standard","meta":{"footnotes":""},"categories":[2,61],"tags":[1432,101,23,1295,359,297],"yoast_head":"<!-- This site is optimized with the Yoast SEO plugin v24.2 - https:\/\/yoast.com\/wordpress\/plugins\/seo\/ -->\r\n<title>L\u2019UQAC pr\u00e9sente son 8e Colloque en sciences infirmi\u00e8res - UQACtualit\u00e9s<\/title>\r\n<meta name=\"robots\" content=\"index, follow, max-snippet:-1, max-image-preview:large, max-video-preview:-1\" \/>\r\n<link rel=\"canonical\" href=\"https:\/\/www.uqac.ca\/uqactualites\/2014\/05\/13\/luqac-presente-son-8e-colloque-en-sciences-infirmieres\/\" \/>\r\n<meta property=\"og:locale\" content=\"fr_CA\" \/>\r\n<meta property=\"og:type\" content=\"article\" \/>\r\n<meta property=\"og:title\" content=\"L\u2019UQAC pr\u00e9sente son 8e Colloque en sciences infirmi\u00e8res - UQACtualit\u00e9s\" \/>\r\n<meta property=\"og:description\" content=\"Le 8e\u00a0Colloque en sciences infirmi\u00e8res de l\u2019UQAC, qui s\u2019est tenu le 1er mai dernier \u00e0 l\u2019H\u00f4tel Delta de Jonqui\u00e8re, a \u00e9t\u00e9 un franc succ\u00e8s \u00e0 tous les \u00e9gards. Il a r\u00e9uni plus de 400 participants en provenance du secteur des sciences infirmi\u00e8res, la plupart \u00e9tant issus de la r\u00e9gion. L\u2019\u00e9v\u00e9nement, mis sur pied par l\u2019\u00e9quipe [&hellip;]\" \/>\r\n<meta property=\"og:url\" content=\"https:\/\/www.uqac.ca\/uqactualites\/2014\/05\/13\/luqac-presente-son-8e-colloque-en-sciences-infirmieres\/\" \/>\r\n<meta property=\"og:site_name\" content=\"UQACtualit\u00e9s\" \/>\r\n<meta property=\"article:published_time\" content=\"2014-05-13T14:59:29+00:00\" \/>\r\n<meta property=\"og:image\" content=\"https:\/\/www.uqac.ca\/uqactualites\/wp-content\/uploads\/2014\/05\/8e-Colloque-sciences-infirmi\u00e8res-Web-\u00a9Denis-Blackburn.jpg\" \/>\r\n\t<meta property=\"og:image:width\" content=\"620\" \/>\r\n\t<meta property=\"og:image:height\" content=\"300\" \/>\r\n\t<meta property=\"og:image:type\" content=\"image\/jpeg\" \/>\r\n<meta name=\"author\" content=\"Service des communications et des relations publiques\" \/>\r\n<meta name=\"twitter:card\" content=\"summary_large_image\" \/>\r\n<meta name=\"twitter:label1\" content=\"\u00c9crit par\" \/>\n\t<meta name=\"twitter:data1\" content=\"Service des communications et des relations publiques\" \/>\n\t<meta name=\"twitter:label2\" content=\"Estimation du temps de lecture\" \/>\n\t<meta name=\"twitter:data2\" content=\"2 minutes\" \/>\r\n<script type=\"application\/ld+json\" class=\"yoast-schema-graph\">{\"@context\":\"https:\/\/schema.org\",\"@graph\":[{\"@type\":\"WebPage\",\"@id\":\"https:\/\/www.uqac.ca\/uqactualites\/2014\/05\/13\/luqac-presente-son-8e-colloque-en-sciences-infirmieres\/\",\"url\":\"https:\/\/www.uqac.ca\/uqactualites\/2014\/05\/13\/luqac-presente-son-8e-colloque-en-sciences-infirmieres\/\",\"name\":\"L\u2019UQAC pr\u00e9sente son 8e Colloque en sciences infirmi\u00e8res - UQACtualit\u00e9s\",\"isPartOf\":{\"@id\":\"https:\/\/www.uqac.ca\/uqactualites\/#website\"},\"primaryImageOfPage\":{\"@id\":\"https:\/\/www.uqac.ca\/uqactualites\/2014\/05\/13\/luqac-presente-son-8e-colloque-en-sciences-infirmieres\/#primaryimage\"},\"image\":{\"@id\":\"https:\/\/www.uqac.ca\/uqactualites\/2014\/05\/13\/luqac-presente-son-8e-colloque-en-sciences-infirmieres\/#primaryimage\"},\"thumbnailUrl\":\"https:\/\/www.uqac.ca\/uqactualites\/wp-content\/uploads\/2014\/05\/8e-Colloque-sciences-infirmi\u00e8res-Web-\u00a9Denis-Blackburn.jpg\",\"datePublished\":\"2014-05-13T14:59:29+00:00\",\"dateModified\":\"2014-05-13T14:59:29+00:00\",\"author\":{\"@id\":\"https:\/\/www.uqac.ca\/uqactualites\/#\/schema\/person\/366c45a0c4f0e677b41b4af5886e2018\"},\"breadcrumb\":{\"@id\":\"https:\/\/www.uqac.ca\/uqactualites\/2014\/05\/13\/luqac-presente-son-8e-colloque-en-sciences-infirmieres\/#breadcrumb\"},\"inLanguage\":\"fr-CA\",\"potentialAction\":[{\"@type\":\"ReadAction\",\"target\":[\"https:\/\/www.uqac.ca\/uqactualites\/2014\/05\/13\/luqac-presente-son-8e-colloque-en-sciences-infirmieres\/\"]}]},{\"@type\":\"ImageObject\",\"inLanguage\":\"fr-CA\",\"@id\":\"https:\/\/www.uqac.ca\/uqactualites\/2014\/05\/13\/luqac-presente-son-8e-colloque-en-sciences-infirmieres\/#primaryimage\",\"url\":\"https:\/\/www.uqac.ca\/uqactualites\/wp-content\/uploads\/2014\/05\/8e-Colloque-sciences-infirmi\u00e8res-Web-\u00a9Denis-Blackburn.jpg\",\"contentUrl\":\"https:\/\/www.uqac.ca\/uqactualites\/wp-content\/uploads\/2014\/05\/8e-Colloque-sciences-infirmi\u00e8res-Web-\u00a9Denis-Blackburn.jpg\",\"width\":620,\"height\":300},{\"@type\":\"BreadcrumbList\",\"@id\":\"https:\/\/www.uqac.ca\/uqactualites\/2014\/05\/13\/luqac-presente-son-8e-colloque-en-sciences-infirmieres\/#breadcrumb\",\"itemListElement\":[{\"@type\":\"ListItem\",\"position\":1,\"name\":\"Home\",\"item\":\"https:\/\/www.uqac.ca\/uqactualites\/\"},{\"@type\":\"ListItem\",\"position\":2,\"name\":\"L\u2019UQAC pr\u00e9sente son 8e Colloque en sciences infirmi\u00e8res\"}]},{\"@type\":\"WebSite\",\"@id\":\"https:\/\/www.uqac.ca\/uqactualites\/#website\",\"url\":\"https:\/\/www.uqac.ca\/uqactualites\/\",\"name\":\"UQACtualit\u00e9s\",\"description\":\"Le portail des nouvelles de l&#039;UQAC\",\"potentialAction\":[{\"@type\":\"SearchAction\",\"target\":{\"@type\":\"EntryPoint\",\"urlTemplate\":\"https:\/\/www.uqac.ca\/uqactualites\/?s={search_term_string}\"},\"query-input\":{\"@type\":\"PropertyValueSpecification\",\"valueRequired\":true,\"valueName\":\"search_term_string\"}}],\"inLanguage\":\"fr-CA\"},{\"@type\":\"Person\",\"@id\":\"https:\/\/www.uqac.ca\/uqactualites\/#\/schema\/person\/366c45a0c4f0e677b41b4af5886e2018\",\"name\":\"Service des communications et des relations publiques\",\"image\":{\"@type\":\"ImageObject\",\"inLanguage\":\"fr-CA\",\"@id\":\"https:\/\/www.uqac.ca\/uqactualites\/#\/schema\/person\/image\/\",\"url\":\"https:\/\/secure.gravatar.com\/avatar\/20fbbda8a292f59f2d3461a5b999c00b?s=96&d=mm&r=g\",\"contentUrl\":\"https:\/\/secure.gravatar.com\/avatar\/20fbbda8a292f59f2d3461a5b999c00b?s=96&d=mm&r=g\",\"caption\":\"Service des communications et des relations publiques\"},\"url\":\"https:\/\/www.uqac.ca\/uqactualites\/author\/bap\/\"}]}<\/script>\r\n<!-- \/ Yoast SEO plugin. -->","yoast_head_json":{"title":"L\u2019UQAC pr\u00e9sente son 8e Colloque en sciences infirmi\u00e8res - UQACtualit\u00e9s","robots":{"index":"index","follow":"follow","max-snippet":"max-snippet:-1","max-image-preview":"max-image-preview:large","max-video-preview":"max-video-preview:-1"},"canonical":"https:\/\/www.uqac.ca\/uqactualites\/2014\/05\/13\/luqac-presente-son-8e-colloque-en-sciences-infirmieres\/","og_locale":"fr_CA","og_type":"article","og_title":"L\u2019UQAC pr\u00e9sente son 8e Colloque en sciences infirmi\u00e8res - UQACtualit\u00e9s","og_description":"Le 8e\u00a0Colloque en sciences infirmi\u00e8res de l\u2019UQAC, qui s\u2019est tenu le 1er mai dernier \u00e0 l\u2019H\u00f4tel Delta de Jonqui\u00e8re, a \u00e9t\u00e9 un franc succ\u00e8s \u00e0 tous les \u00e9gards. Il a r\u00e9uni plus de 400 participants en provenance du secteur des sciences infirmi\u00e8res, la plupart \u00e9tant issus de la r\u00e9gion. L\u2019\u00e9v\u00e9nement, mis sur pied par l\u2019\u00e9quipe [&hellip;]","og_url":"https:\/\/www.uqac.ca\/uqactualites\/2014\/05\/13\/luqac-presente-son-8e-colloque-en-sciences-infirmieres\/","og_site_name":"UQACtualit\u00e9s","article_published_time":"2014-05-13T14:59:29+00:00","og_image":[{"width":620,"height":300,"url":"https:\/\/www.uqac.ca\/uqactualites\/wp-content\/uploads\/2014\/05\/8e-Colloque-sciences-infirmi\u00e8res-Web-\u00a9Denis-Blackburn.jpg","type":"image\/jpeg"}],"author":"Service des communications et des relations publiques","twitter_card":"summary_large_image","twitter_misc":{"\u00c9crit par":"Service des communications et des relations publiques","Estimation du temps de lecture":"2 minutes"},"schema":{"@context":"https:\/\/schema.org","@graph":[{"@type":"WebPage","@id":"https:\/\/www.uqac.ca\/uqactualites\/2014\/05\/13\/luqac-presente-son-8e-colloque-en-sciences-infirmieres\/","url":"https:\/\/www.uqac.ca\/uqactualites\/2014\/05\/13\/luqac-presente-son-8e-colloque-en-sciences-infirmieres\/","name":"L\u2019UQAC pr\u00e9sente son 8e Colloque en sciences infirmi\u00e8res - UQACtualit\u00e9s","isPartOf":{"@id":"https:\/\/www.uqac.ca\/uqactualites\/#website"},"primaryImageOfPage":{"@id":"https:\/\/www.uqac.ca\/uqactualites\/2014\/05\/13\/luqac-presente-son-8e-colloque-en-sciences-infirmieres\/#primaryimage"},"image":{"@id":"https:\/\/www.uqac.ca\/uqactualites\/2014\/05\/13\/luqac-presente-son-8e-colloque-en-sciences-infirmieres\/#primaryimage"},"thumbnailUrl":"https:\/\/www.uqac.ca\/uqactualites\/wp-content\/uploads\/2014\/05\/8e-Colloque-sciences-infirmi\u00e8res-Web-\u00a9Denis-Blackburn.jpg","datePublished":"2014-05-13T14:59:29+00:00","dateModified":"2014-05-13T14:59:29+00:00","author":{"@id":"https:\/\/www.uqac.ca\/uqactualites\/#\/schema\/person\/366c45a0c4f0e677b41b4af5886e2018"},"breadcrumb":{"@id":"https:\/\/www.uqac.ca\/uqactualites\/2014\/05\/13\/luqac-presente-son-8e-colloque-en-sciences-infirmieres\/#breadcrumb"},"inLanguage":"fr-CA","potentialAction":[{"@type":"ReadAction","target":["https:\/\/www.uqac.ca\/uqactualites\/2014\/05\/13\/luqac-presente-son-8e-colloque-en-sciences-infirmieres\/"]}]},{"@type":"ImageObject","inLanguage":"fr-CA","@id":"https:\/\/www.uqac.ca\/uqactualites\/2014\/05\/13\/luqac-presente-son-8e-colloque-en-sciences-infirmieres\/#primaryimage","url":"https:\/\/www.uqac.ca\/uqactualites\/wp-content\/uploads\/2014\/05\/8e-Colloque-sciences-infirmi\u00e8res-Web-\u00a9Denis-Blackburn.jpg","contentUrl":"https:\/\/www.uqac.ca\/uqactualites\/wp-content\/uploads\/2014\/05\/8e-Colloque-sciences-infirmi\u00e8res-Web-\u00a9Denis-Blackburn.jpg","width":620,"height":300},{"@type":"BreadcrumbList","@id":"https:\/\/www.uqac.ca\/uqactualites\/2014\/05\/13\/luqac-presente-son-8e-colloque-en-sciences-infirmieres\/#breadcrumb","itemListElement":[{"@type":"ListItem","position":1,"name":"Home","item":"https:\/\/www.uqac.ca\/uqactualites\/"},{"@type":"ListItem","position":2,"name":"L\u2019UQAC pr\u00e9sente son 8e Colloque en sciences infirmi\u00e8res"}]},{"@type":"WebSite","@id":"https:\/\/www.uqac.ca\/uqactualites\/#website","url":"https:\/\/www.uqac.ca\/uqactualites\/","name":"UQACtualit\u00e9s","description":"Le portail des nouvelles de l&#039;UQAC","potentialAction":[{"@type":"SearchAction","target":{"@type":"EntryPoint","urlTemplate":"https:\/\/www.uqac.ca\/uqactualites\/?s={search_term_string}"},"query-input":{"@type":"PropertyValueSpecification","valueRequired":true,"valueName":"search_term_string"}}],"inLanguage":"fr-CA"},{"@type":"Person","@id":"https:\/\/www.uqac.ca\/uqactualites\/#\/schema\/person\/366c45a0c4f0e677b41b4af5886e2018","name":"Service des communications et des relations publiques","image":{"@type":"ImageObject","inLanguage":"fr-CA","@id":"https:\/\/www.uqac.ca\/uqactualites\/#\/schema\/person\/image\/","url":"https:\/\/secure.gravatar.com\/avatar\/20fbbda8a292f59f2d3461a5b999c00b?s=96&d=mm&r=g","contentUrl":"https:\/\/secure.gravatar.com\/avatar\/20fbbda8a292f59f2d3461a5b999c00b?s=96&d=mm&r=g","caption":"Service des communications et des relations publiques"},"url":"https:\/\/www.uqac.ca\/uqactualites\/author\/bap\/"}]}},"_links":{"self":[{"href":"https:\/\/www.uqac.ca\/uqactualites\/wp-json\/wp\/v2\/posts\/27751"}],"collection":[{"href":"https:\/\/www.uqac.ca\/uqactualites\/wp-json\/wp\/v2\/posts"}],"about":[{"href":"https:\/\/www.uqac.ca\/uqactualites\/wp-json\/wp\/v2\/types\/post"}],"author":[{"embeddable":true,"href":"https:\/\/www.uqac.ca\/uqactualites\/wp-json\/wp\/v2\/users\/5"}],"replies":[{"embeddable":true,"href":"https:\/\/www.uqac.ca\/uqactualites\/wp-json\/wp\/v2\/comments?post=27751"}],"version-history":[{"count":0,"href":"https:\/\/www.uqac.ca\/uqactualites\/wp-json\/wp\/v2\/posts\/27751\/revisions"}],"wp:featuredmedia":[{"embeddable":true,"href":"https:\/\/www.uqac.ca\/uqactualites\/wp-json\/wp\/v2\/media\/27752"}],"wp:attachment":[{"href":"https:\/\/www.uqac.ca\/uqactualites\/wp-json\/wp\/v2\/media?parent=27751"}],"wp:term":[{"taxonomy":"category","embeddable":true,"href":"https:\/\/www.uqac.ca\/uqactualites\/wp-json\/wp\/v2\/categories?post=27751"},{"taxonomy":"post_tag","embeddable":true,"href":"https:\/\/www.uqac.ca\/uqactualites\/wp-json\/wp\/v2\/tags?post=27751"}],"curies":[{"name":"wp","href":"https:\/\/api.w.org\/{rel}","templated":true}]}}