{"id":27756,"date":"2014-05-13T14:00:20","date_gmt":"2014-05-13T18:00:20","guid":{"rendered":"http:\/\/uqactualite.odev.ca\/?p=27756"},"modified":"2014-05-13T14:00:20","modified_gmt":"2014-05-13T18:00:20","slug":"le-centre-du-savoir-sur-mesure-et-lecole-de-langue-francaise-et-de-culture-quebecoise-bientot-carboneutres","status":"publish","type":"post","link":"https:\/\/www.uqac.ca\/uqactualites\/2014\/05\/13\/le-centre-du-savoir-sur-mesure-et-lecole-de-langue-francaise-et-de-culture-quebecoise-bientot-carboneutres\/","title":{"rendered":"Le Centre du savoir sur mesure et l\u2019\u00c9cole de langue fran\u00e7aise et de culture qu\u00e9b\u00e9coise bient\u00f4t carboneutres"},"content":{"rendered":"<p style=\"text-align: justify\">L\u2019UQAC est heureuse d\u2019annoncer que les activit\u00e9s du Centre du savoir sur mesure (CESAM) et de l\u2019\u00c9cole de langue fran\u00e7aise et de culture qu\u00e9b\u00e9coise (ELFCQ) seront carboneutres d\u00e8s 2015 gr\u00e2ce \u00e0 une entente r\u00e9alis\u00e9e avec le programme Carbone bor\u00e9al de la Chaire en \u00e9co-conseil de l\u2019UQAC. Il s\u2019agit l\u00e0 de la premi\u00e8re d\u00e9marche de l\u2019Universit\u00e9 visant \u00e0 compenser les \u00e9missions de gaz \u00e0 effet de serre (GES) de certains de ses secteurs d\u2019activit\u00e9. L\u2019op\u00e9ration, qui se traduira par la plantation d\u2019arbres au Qu\u00e9bec, sera finalis\u00e9e en 2015.<\/p>\n<p style=\"text-align: justify\">La d\u00e9marche du CESAM et de l\u2019ELFCQ se fera progressivement avec la compensation des \u00e9missions estim\u00e9es pour l\u2019ann\u00e9e 2013, la mise en place d\u2019un syst\u00e8me de calcul normalis\u00e9 des \u00e9missions de 2014 et la fixation des fronti\u00e8res d\u00e9finitives pour 2015. Les \u00e9tudiants pourront eux aussi contribuer de fa\u00e7on volontaire cette ann\u00e9e \u00e0 la compensation des \u00e9missions de carbone de leurs d\u00e9placements vers l\u2019UQAC.<\/p>\n<p style=\"text-align: justify\">Carbone bor\u00e9al est \u00e0 la fois un programme de compensation de gaz \u00e0 effet de serre par plantation d\u2019arbres en for\u00eat bor\u00e9ale au Qu\u00e9bec et un projet de recherche men\u00e9 par des chercheurs de l\u2019UQAC. L\u2019implication financi\u00e8re du CESAM et de l\u2019ELFCQ dans le pr\u00e9sent projet signifie que le nombre d\u2019arbres plant\u00e9s en for\u00eat bor\u00e9ale par le programme Carbone bor\u00e9al servira \u00e0 s\u00e9questrer l\u2019\u00e9quivalent de l\u2019ensemble des \u00e9missions de GES engendr\u00e9es par tous les d\u00e9placements r\u00e9alis\u00e9s dans le cadre des activit\u00e9s de ces deux secteurs.<\/p>\n<p style=\"text-align: justify\"><b>Quelques mots sur le CESAM et l\u2019ELFCQ<br \/>\n<\/b>Le CESAM et l\u2019ELFCQ forment chaque ann\u00e9e pr\u00e8s de 3 200 personnes dans des programmes et formations offerts \u00e0 des participants qui proviennent du Qu\u00e9bec, du Canada et d\u2019ailleurs dans le monde. Pr\u00e8s de 20 ma\u00eetres de fran\u00e7ais et 55 formateurs interviennent dans des formations qui sont offertes partout au Qu\u00e9bec.<\/p>\n<p style=\"text-align: justify\">Pour plus de d\u00e9tails sur le CESAM et l\u2019ELFCQ, consultez le <span style=\"color: #5b7411\"><b><span style=\"text-decoration: underline\"><a href=\"http:\/\/cesam.uqac.ca\/\" target=\"_blank\" rel=\"noopener\"><span style=\"color: #5b7411;text-decoration: underline\">cesam.uqac.ca<\/span><\/a><\/span><\/b><\/span> ou le <span style=\"color: #5b7411\"><b><span style=\"text-decoration: underline\"><a href=\"http:\/\/elf.uqac.ca\/\" target=\"_blank\" rel=\"noopener\"><span style=\"color: #5b7411;text-decoration: underline\">elf.uqac.ca<\/span><\/a><\/span><\/b><\/span>.<br \/>\nPour plus de d\u00e9tails sur le programme Carbone bor\u00e9al, visitez le <span style=\"color: #5b7411\"><b><span style=\"text-decoration: underline\"><a href=\"http:\/\/carboneboreal.uqac.ca\/\" target=\"_blank\" rel=\"noopener\"><span style=\"color: #5b7411;text-decoration: underline\">carboneboreal.uqac.ca<\/span><\/a><\/span><\/b><\/span>.<\/p>\n<p style=\"text-align: justify\"><b><br \/>\n<span style=\"color: #808080\">________________________________________________________________________________________<\/span><\/b><\/p>\n<p style=\"text-align: justify\"><span style=\"color: #808080\"><b>Photographie\u00a0:<\/b> Guylain Doyle<\/span><br \/>\n<span style=\"color: #808080\"><b>_______________________________________________________________________________________<\/b><\/span><\/p>\n","protected":false},"excerpt":{"rendered":"<p>L\u2019UQAC est heureuse d\u2019annoncer que les activit\u00e9s du Centre du savoir sur mesure (CESAM) et de l\u2019\u00c9cole de langue fran\u00e7aise et de culture qu\u00e9b\u00e9coise (ELFCQ) seront carboneutres d\u00e8s 2015 gr\u00e2ce \u00e0 une entente r\u00e9alis\u00e9e avec le programme Carbone bor\u00e9al de la Chaire en \u00e9co-conseil de l\u2019UQAC. Il s\u2019agit l\u00e0 de la premi\u00e8re d\u00e9marche de l\u2019Universit\u00e9 [&hellip;]<\/p>\n","protected":false},"author":5,"featured_media":27528,"comment_status":"open","ping_status":"open","sticky":false,"template":"","format":"standard","meta":{"footnotes":""},"categories":[2],"tags":[1433,1153,493,3,138,14,1228],"yoast_head":"<!-- This site is optimized with the Yoast SEO plugin v24.2 - https:\/\/yoast.com\/wordpress\/plugins\/seo\/ -->\r\n<title>Le Centre du savoir sur mesure et l\u2019\u00c9cole de langue fran\u00e7aise et de culture qu\u00e9b\u00e9coise bient\u00f4t carboneutres - UQACtualit\u00e9s<\/title>\r\n<meta name=\"robots\" content=\"index, follow, max-snippet:-1, max-image-preview:large, max-video-preview:-1\" \/>\r\n<link rel=\"canonical\" href=\"https:\/\/www.uqac.ca\/uqactualites\/2014\/05\/13\/le-centre-du-savoir-sur-mesure-et-lecole-de-langue-francaise-et-de-culture-quebecoise-bientot-carboneutres\/\" \/>\r\n<meta property=\"og:locale\" content=\"fr_CA\" \/>\r\n<meta property=\"og:type\" content=\"article\" \/>\r\n<meta property=\"og:title\" content=\"Le Centre du savoir sur mesure et l\u2019\u00c9cole de langue fran\u00e7aise et de culture qu\u00e9b\u00e9coise bient\u00f4t carboneutres - UQACtualit\u00e9s\" \/>\r\n<meta property=\"og:description\" content=\"L\u2019UQAC est heureuse d\u2019annoncer que les activit\u00e9s du Centre du savoir sur mesure (CESAM) et de l\u2019\u00c9cole de langue fran\u00e7aise et de culture qu\u00e9b\u00e9coise (ELFCQ) seront carboneutres d\u00e8s 2015 gr\u00e2ce \u00e0 une entente r\u00e9alis\u00e9e avec le programme Carbone bor\u00e9al de la Chaire en \u00e9co-conseil de l\u2019UQAC. Il s\u2019agit l\u00e0 de la premi\u00e8re d\u00e9marche de l\u2019Universit\u00e9 [&hellip;]\" \/>\r\n<meta property=\"og:url\" content=\"https:\/\/www.uqac.ca\/uqactualites\/2014\/05\/13\/le-centre-du-savoir-sur-mesure-et-lecole-de-langue-francaise-et-de-culture-quebecoise-bientot-carboneutres\/\" \/>\r\n<meta property=\"og:site_name\" content=\"UQACtualit\u00e9s\" \/>\r\n<meta property=\"article:published_time\" content=\"2014-05-13T18:00:20+00:00\" \/>\r\n<meta property=\"og:image\" content=\"https:\/\/www.uqac.ca\/uqactualites\/wp-content\/uploads\/2014\/04\/UQAC-Web-\u00a9Guylain-Doyle.jpg\" \/>\r\n\t<meta property=\"og:image:width\" content=\"620\" \/>\r\n\t<meta property=\"og:image:height\" content=\"300\" \/>\r\n\t<meta property=\"og:image:type\" content=\"image\/jpeg\" \/>\r\n<meta name=\"author\" content=\"Service des communications et des relations publiques\" \/>\r\n<meta name=\"twitter:card\" content=\"summary_large_image\" \/>\r\n<meta name=\"twitter:label1\" content=\"\u00c9crit par\" \/>\n\t<meta name=\"twitter:data1\" content=\"Service des communications et des relations publiques\" \/>\n\t<meta name=\"twitter:label2\" content=\"Estimation du temps de lecture\" \/>\n\t<meta name=\"twitter:data2\" content=\"2 minutes\" \/>\r\n<script type=\"application\/ld+json\" class=\"yoast-schema-graph\">{\"@context\":\"https:\/\/schema.org\",\"@graph\":[{\"@type\":\"WebPage\",\"@id\":\"https:\/\/www.uqac.ca\/uqactualites\/2014\/05\/13\/le-centre-du-savoir-sur-mesure-et-lecole-de-langue-francaise-et-de-culture-quebecoise-bientot-carboneutres\/\",\"url\":\"https:\/\/www.uqac.ca\/uqactualites\/2014\/05\/13\/le-centre-du-savoir-sur-mesure-et-lecole-de-langue-francaise-et-de-culture-quebecoise-bientot-carboneutres\/\",\"name\":\"Le Centre du savoir sur mesure et l\u2019\u00c9cole de langue fran\u00e7aise et de culture qu\u00e9b\u00e9coise bient\u00f4t carboneutres - UQACtualit\u00e9s\",\"isPartOf\":{\"@id\":\"https:\/\/www.uqac.ca\/uqactualites\/#website\"},\"primaryImageOfPage\":{\"@id\":\"https:\/\/www.uqac.ca\/uqactualites\/2014\/05\/13\/le-centre-du-savoir-sur-mesure-et-lecole-de-langue-francaise-et-de-culture-quebecoise-bientot-carboneutres\/#primaryimage\"},\"image\":{\"@id\":\"https:\/\/www.uqac.ca\/uqactualites\/2014\/05\/13\/le-centre-du-savoir-sur-mesure-et-lecole-de-langue-francaise-et-de-culture-quebecoise-bientot-carboneutres\/#primaryimage\"},\"thumbnailUrl\":\"https:\/\/www.uqac.ca\/uqactualites\/wp-content\/uploads\/2014\/04\/UQAC-Web-\u00a9Guylain-Doyle.jpg\",\"datePublished\":\"2014-05-13T18:00:20+00:00\",\"dateModified\":\"2014-05-13T18:00:20+00:00\",\"author\":{\"@id\":\"https:\/\/www.uqac.ca\/uqactualites\/#\/schema\/person\/366c45a0c4f0e677b41b4af5886e2018\"},\"breadcrumb\":{\"@id\":\"https:\/\/www.uqac.ca\/uqactualites\/2014\/05\/13\/le-centre-du-savoir-sur-mesure-et-lecole-de-langue-francaise-et-de-culture-quebecoise-bientot-carboneutres\/#breadcrumb\"},\"inLanguage\":\"fr-CA\",\"potentialAction\":[{\"@type\":\"ReadAction\",\"target\":[\"https:\/\/www.uqac.ca\/uqactualites\/2014\/05\/13\/le-centre-du-savoir-sur-mesure-et-lecole-de-langue-francaise-et-de-culture-quebecoise-bientot-carboneutres\/\"]}]},{\"@type\":\"ImageObject\",\"inLanguage\":\"fr-CA\",\"@id\":\"https:\/\/www.uqac.ca\/uqactualites\/2014\/05\/13\/le-centre-du-savoir-sur-mesure-et-lecole-de-langue-francaise-et-de-culture-quebecoise-bientot-carboneutres\/#primaryimage\",\"url\":\"https:\/\/www.uqac.ca\/uqactualites\/wp-content\/uploads\/2014\/04\/UQAC-Web-\u00a9Guylain-Doyle.jpg\",\"contentUrl\":\"https:\/\/www.uqac.ca\/uqactualites\/wp-content\/uploads\/2014\/04\/UQAC-Web-\u00a9Guylain-Doyle.jpg\",\"width\":620,\"height\":300},{\"@type\":\"BreadcrumbList\",\"@id\":\"https:\/\/www.uqac.ca\/uqactualites\/2014\/05\/13\/le-centre-du-savoir-sur-mesure-et-lecole-de-langue-francaise-et-de-culture-quebecoise-bientot-carboneutres\/#breadcrumb\",\"itemListElement\":[{\"@type\":\"ListItem\",\"position\":1,\"name\":\"Home\",\"item\":\"https:\/\/www.uqac.ca\/uqactualites\/\"},{\"@type\":\"ListItem\",\"position\":2,\"name\":\"Le Centre du savoir sur mesure et l\u2019\u00c9cole de langue fran\u00e7aise et de culture qu\u00e9b\u00e9coise bient\u00f4t carboneutres\"}]},{\"@type\":\"WebSite\",\"@id\":\"https:\/\/www.uqac.ca\/uqactualites\/#website\",\"url\":\"https:\/\/www.uqac.ca\/uqactualites\/\",\"name\":\"UQACtualit\u00e9s\",\"description\":\"Le portail des nouvelles de l&#039;UQAC\",\"potentialAction\":[{\"@type\":\"SearchAction\",\"target\":{\"@type\":\"EntryPoint\",\"urlTemplate\":\"https:\/\/www.uqac.ca\/uqactualites\/?s={search_term_string}\"},\"query-input\":{\"@type\":\"PropertyValueSpecification\",\"valueRequired\":true,\"valueName\":\"search_term_string\"}}],\"inLanguage\":\"fr-CA\"},{\"@type\":\"Person\",\"@id\":\"https:\/\/www.uqac.ca\/uqactualites\/#\/schema\/person\/366c45a0c4f0e677b41b4af5886e2018\",\"name\":\"Service des communications et des relations publiques\",\"image\":{\"@type\":\"ImageObject\",\"inLanguage\":\"fr-CA\",\"@id\":\"https:\/\/www.uqac.ca\/uqactualites\/#\/schema\/person\/image\/\",\"url\":\"https:\/\/secure.gravatar.com\/avatar\/20fbbda8a292f59f2d3461a5b999c00b?s=96&d=mm&r=g\",\"contentUrl\":\"https:\/\/secure.gravatar.com\/avatar\/20fbbda8a292f59f2d3461a5b999c00b?s=96&d=mm&r=g\",\"caption\":\"Service des communications et des relations publiques\"},\"url\":\"https:\/\/www.uqac.ca\/uqactualites\/author\/bap\/\"}]}<\/script>\r\n<!-- \/ Yoast SEO plugin. -->","yoast_head_json":{"title":"Le Centre du savoir sur mesure et l\u2019\u00c9cole de langue fran\u00e7aise et de culture qu\u00e9b\u00e9coise bient\u00f4t carboneutres - UQACtualit\u00e9s","robots":{"index":"index","follow":"follow","max-snippet":"max-snippet:-1","max-image-preview":"max-image-preview:large","max-video-preview":"max-video-preview:-1"},"canonical":"https:\/\/www.uqac.ca\/uqactualites\/2014\/05\/13\/le-centre-du-savoir-sur-mesure-et-lecole-de-langue-francaise-et-de-culture-quebecoise-bientot-carboneutres\/","og_locale":"fr_CA","og_type":"article","og_title":"Le Centre du savoir sur mesure et l\u2019\u00c9cole de langue fran\u00e7aise et de culture qu\u00e9b\u00e9coise bient\u00f4t carboneutres - UQACtualit\u00e9s","og_description":"L\u2019UQAC est heureuse d\u2019annoncer que les activit\u00e9s du Centre du savoir sur mesure (CESAM) et de l\u2019\u00c9cole de langue fran\u00e7aise et de culture qu\u00e9b\u00e9coise (ELFCQ) seront carboneutres d\u00e8s 2015 gr\u00e2ce \u00e0 une entente r\u00e9alis\u00e9e avec le programme Carbone bor\u00e9al de la Chaire en \u00e9co-conseil de l\u2019UQAC. Il s\u2019agit l\u00e0 de la premi\u00e8re d\u00e9marche de l\u2019Universit\u00e9 [&hellip;]","og_url":"https:\/\/www.uqac.ca\/uqactualites\/2014\/05\/13\/le-centre-du-savoir-sur-mesure-et-lecole-de-langue-francaise-et-de-culture-quebecoise-bientot-carboneutres\/","og_site_name":"UQACtualit\u00e9s","article_published_time":"2014-05-13T18:00:20+00:00","og_image":[{"width":620,"height":300,"url":"https:\/\/www.uqac.ca\/uqactualites\/wp-content\/uploads\/2014\/04\/UQAC-Web-\u00a9Guylain-Doyle.jpg","type":"image\/jpeg"}],"author":"Service des communications et des relations publiques","twitter_card":"summary_large_image","twitter_misc":{"\u00c9crit par":"Service des communications et des relations publiques","Estimation du temps de lecture":"2 minutes"},"schema":{"@context":"https:\/\/schema.org","@graph":[{"@type":"WebPage","@id":"https:\/\/www.uqac.ca\/uqactualites\/2014\/05\/13\/le-centre-du-savoir-sur-mesure-et-lecole-de-langue-francaise-et-de-culture-quebecoise-bientot-carboneutres\/","url":"https:\/\/www.uqac.ca\/uqactualites\/2014\/05\/13\/le-centre-du-savoir-sur-mesure-et-lecole-de-langue-francaise-et-de-culture-quebecoise-bientot-carboneutres\/","name":"Le Centre du savoir sur mesure et l\u2019\u00c9cole de langue fran\u00e7aise et de culture qu\u00e9b\u00e9coise bient\u00f4t carboneutres - UQACtualit\u00e9s","isPartOf":{"@id":"https:\/\/www.uqac.ca\/uqactualites\/#website"},"primaryImageOfPage":{"@id":"https:\/\/www.uqac.ca\/uqactualites\/2014\/05\/13\/le-centre-du-savoir-sur-mesure-et-lecole-de-langue-francaise-et-de-culture-quebecoise-bientot-carboneutres\/#primaryimage"},"image":{"@id":"https:\/\/www.uqac.ca\/uqactualites\/2014\/05\/13\/le-centre-du-savoir-sur-mesure-et-lecole-de-langue-francaise-et-de-culture-quebecoise-bientot-carboneutres\/#primaryimage"},"thumbnailUrl":"https:\/\/www.uqac.ca\/uqactualites\/wp-content\/uploads\/2014\/04\/UQAC-Web-\u00a9Guylain-Doyle.jpg","datePublished":"2014-05-13T18:00:20+00:00","dateModified":"2014-05-13T18:00:20+00:00","author":{"@id":"https:\/\/www.uqac.ca\/uqactualites\/#\/schema\/person\/366c45a0c4f0e677b41b4af5886e2018"},"breadcrumb":{"@id":"https:\/\/www.uqac.ca\/uqactualites\/2014\/05\/13\/le-centre-du-savoir-sur-mesure-et-lecole-de-langue-francaise-et-de-culture-quebecoise-bientot-carboneutres\/#breadcrumb"},"inLanguage":"fr-CA","potentialAction":[{"@type":"ReadAction","target":["https:\/\/www.uqac.ca\/uqactualites\/2014\/05\/13\/le-centre-du-savoir-sur-mesure-et-lecole-de-langue-francaise-et-de-culture-quebecoise-bientot-carboneutres\/"]}]},{"@type":"ImageObject","inLanguage":"fr-CA","@id":"https:\/\/www.uqac.ca\/uqactualites\/2014\/05\/13\/le-centre-du-savoir-sur-mesure-et-lecole-de-langue-francaise-et-de-culture-quebecoise-bientot-carboneutres\/#primaryimage","url":"https:\/\/www.uqac.ca\/uqactualites\/wp-content\/uploads\/2014\/04\/UQAC-Web-\u00a9Guylain-Doyle.jpg","contentUrl":"https:\/\/www.uqac.ca\/uqactualites\/wp-content\/uploads\/2014\/04\/UQAC-Web-\u00a9Guylain-Doyle.jpg","width":620,"height":300},{"@type":"BreadcrumbList","@id":"https:\/\/www.uqac.ca\/uqactualites\/2014\/05\/13\/le-centre-du-savoir-sur-mesure-et-lecole-de-langue-francaise-et-de-culture-quebecoise-bientot-carboneutres\/#breadcrumb","itemListElement":[{"@type":"ListItem","position":1,"name":"Home","item":"https:\/\/www.uqac.ca\/uqactualites\/"},{"@type":"ListItem","position":2,"name":"Le Centre du savoir sur mesure et l\u2019\u00c9cole de langue fran\u00e7aise et de culture qu\u00e9b\u00e9coise bient\u00f4t carboneutres"}]},{"@type":"WebSite","@id":"https:\/\/www.uqac.ca\/uqactualites\/#website","url":"https:\/\/www.uqac.ca\/uqactualites\/","name":"UQACtualit\u00e9s","description":"Le portail des nouvelles de l&#039;UQAC","potentialAction":[{"@type":"SearchAction","target":{"@type":"EntryPoint","urlTemplate":"https:\/\/www.uqac.ca\/uqactualites\/?s={search_term_string}"},"query-input":{"@type":"PropertyValueSpecification","valueRequired":true,"valueName":"search_term_string"}}],"inLanguage":"fr-CA"},{"@type":"Person","@id":"https:\/\/www.uqac.ca\/uqactualites\/#\/schema\/person\/366c45a0c4f0e677b41b4af5886e2018","name":"Service des communications et des relations publiques","image":{"@type":"ImageObject","inLanguage":"fr-CA","@id":"https:\/\/www.uqac.ca\/uqactualites\/#\/schema\/person\/image\/","url":"https:\/\/secure.gravatar.com\/avatar\/20fbbda8a292f59f2d3461a5b999c00b?s=96&d=mm&r=g","contentUrl":"https:\/\/secure.gravatar.com\/avatar\/20fbbda8a292f59f2d3461a5b999c00b?s=96&d=mm&r=g","caption":"Service des communications et des relations publiques"},"url":"https:\/\/www.uqac.ca\/uqactualites\/author\/bap\/"}]}},"_links":{"self":[{"href":"https:\/\/www.uqac.ca\/uqactualites\/wp-json\/wp\/v2\/posts\/27756"}],"collection":[{"href":"https:\/\/www.uqac.ca\/uqactualites\/wp-json\/wp\/v2\/posts"}],"about":[{"href":"https:\/\/www.uqac.ca\/uqactualites\/wp-json\/wp\/v2\/types\/post"}],"author":[{"embeddable":true,"href":"https:\/\/www.uqac.ca\/uqactualites\/wp-json\/wp\/v2\/users\/5"}],"replies":[{"embeddable":true,"href":"https:\/\/www.uqac.ca\/uqactualites\/wp-json\/wp\/v2\/comments?post=27756"}],"version-history":[{"count":0,"href":"https:\/\/www.uqac.ca\/uqactualites\/wp-json\/wp\/v2\/posts\/27756\/revisions"}],"wp:featuredmedia":[{"embeddable":true,"href":"https:\/\/www.uqac.ca\/uqactualites\/wp-json\/wp\/v2\/media\/27528"}],"wp:attachment":[{"href":"https:\/\/www.uqac.ca\/uqactualites\/wp-json\/wp\/v2\/media?parent=27756"}],"wp:term":[{"taxonomy":"category","embeddable":true,"href":"https:\/\/www.uqac.ca\/uqactualites\/wp-json\/wp\/v2\/categories?post=27756"},{"taxonomy":"post_tag","embeddable":true,"href":"https:\/\/www.uqac.ca\/uqactualites\/wp-json\/wp\/v2\/tags?post=27756"}],"curies":[{"name":"wp","href":"https:\/\/api.w.org\/{rel}","templated":true}]}}