{"id":27771,"date":"2014-05-14T10:23:39","date_gmt":"2014-05-14T14:23:39","guid":{"rendered":"http:\/\/uqactualite.odev.ca\/?p=27771"},"modified":"2014-05-14T10:23:39","modified_gmt":"2014-05-14T14:23:39","slug":"programme-de-stabilisation-des-berges-du-lac-saint-jean-la-chaire-en-eco-conseil-annonce-les-etapes-a-venir","status":"publish","type":"post","link":"https:\/\/www.uqac.ca\/uqactualites\/2014\/05\/14\/programme-de-stabilisation-des-berges-du-lac-saint-jean-la-chaire-en-eco-conseil-annonce-les-etapes-a-venir\/","title":{"rendered":"Programme de stabilisation des berges du lac Saint-Jean : La Chaire en \u00e9co-conseil annonce les \u00e9tapes \u00e0 venir"},"content":{"rendered":"<p style=\"text-align: justify\"><b>Saguenay, le 14 mai 2014 <\/b>\u2013 La Chaire en \u00e9co-conseil de l\u2019UQAC annonce que le comit\u00e9 charg\u00e9 de la pond\u00e9ration de la grille d\u2019analyse de d\u00e9veloppement durable (GADD) du Programme de stabilisation des berges du lac Saint-Jean a termin\u00e9 son travail. L\u2019\u00e9quipe de la Chaire entame ainsi l\u2019\u00e9tape suivante, qui concerne l\u2019\u00e9valuation des actions pos\u00e9es, en cours et projet\u00e9es pour chacun des 101 objectifs analys\u00e9s.<\/p>\n<p style=\"text-align: justify\">La premi\u00e8re \u00e9tape d\u2019analyse du projet, initi\u00e9 par Rio Tinto Alcan \u2013 division \u00c9nergie \u00e9lectrique, consistait \u00e0 pond\u00e9rer chacun des 101 objectifs de la GADD en se r\u00e9f\u00e9rant chaque fois aux \u00ab\u00a0fronti\u00e8res\u00a0\u00bb spatiales et temporelles \u00e9tablies pour celui-ci. Les membres du comit\u00e9 devaient tout d\u2019abord d\u00e9terminer individuellement si l\u2019objectif \u00e9tudi\u00e9 \u00e9tait souhaitable (1), n\u00e9cessaire (2) ou indispensable (3) dans le cadre du programme de stabilisation des berges. \u00c0 la suite des discussions du groupe, un consensus \u00e9tait atteint sur la pond\u00e9ration (1-2-3) \u00e0 attribuer. Dans le cas o\u00f9 un consensus ne pouvait \u00eatre atteint pour un objectif particulier, un rapport minoritaire devait \u00eatre r\u00e9dig\u00e9 par le ou les membres du comit\u00e9 concern\u00e9s.<\/p>\n<p style=\"text-align: justify\">Sur les 101 objectifs \u00e0 pond\u00e9rer, 93\u00a0% l\u2019ont \u00e9t\u00e9 par consensus, soit 94 objectifs. Sept (7) objectifs feront donc l\u2019objet de courts rapports minoritaires de la part des membres du comit\u00e9 dont la pond\u00e9ration diff\u00e8re du consensus. Soixante-seize (76) objectifs ou 76\u00a0% ont obtenu un 3, car ils ont \u00e9t\u00e9 jug\u00e9s indispensables (pond\u00e9ration de 3) dans le cadre du Programme de stabilisation des berges du lac Saint-Jean, 10 objectifs ont obtenu une pond\u00e9ration de 2 (n\u00e9cessaire) et 14 objectifs se sont vu attribuer un 1 (souhaitable).<\/p>\n<p style=\"text-align: justify\">Les r\u00e9sultats complets de la pond\u00e9ration seront rendus disponibles ce mercredi 14 mai sur le portail Synapse (<span style=\"color: #5b7411\"><strong><span style=\"text-decoration: underline\"><a href=\"http:\/\/synapse.uqac.ca\/rta-berges\" target=\"_blank\" rel=\"noopener\"><span style=\"color: #5b7411;text-decoration: underline\">synapse.uqac.ca\/rta-berges<\/span><\/a><\/span><\/strong><\/span>).<\/p>\n<p style=\"text-align: justify\"><b>Participation du public<\/b><br \/>\nLe public est toujours invit\u00e9 \u00e0 participer \u00e0 l\u2019exercice d\u2019analyse par l\u2019entremise de la plateforme Synapse (<span style=\"color: #5b7411\"><b><span style=\"text-decoration: underline\"><a href=\"http:\/\/synapse.uqac.ca\/rta-berges\" target=\"_blank\" rel=\"noopener\"><span style=\"color: #5b7411;text-decoration: underline\">synapse.uqac.ca\/rta-berges<\/span><\/a><\/span><\/b><\/span>). Trois fa\u00e7ons de proc\u00e9der sont propos\u00e9es\u00a0:<\/p>\n<ul style=\"text-align: justify\">\n<li>T\u00e9l\u00e9chargez la GADD et faites-en la pond\u00e9ration et l\u2019\u00e9valuation. Les grilles remplies seront utilis\u00e9es par les analystes dans l\u2019analyse de sensibilit\u00e9;<\/li>\n<li>D\u00e9posez des documents pertinents;<\/li>\n<li>Commentez les documents d\u00e9pos\u00e9s.<\/li>\n<\/ul>\n<p style=\"text-align: justify\">Tous les documents utilis\u00e9s lors de l\u2019analyse seront d\u00e9pos\u00e9s sur le site et les analystes prendront connaissance de tous les documents et commentaires issus du public avant de remettre leur rapport pr\u00e9liminaire \u00e0 la mi-juin. Ce rapport sera rendu public par Rio Tinto Alcan en vue des consultations publiques qui seront men\u00e9es au cours de l\u2019\u00e9t\u00e9.<\/p>\n<p style=\"text-align: justify\">L\u2019\u00e9valuation finale sera r\u00e9alis\u00e9e en septembre et l\u2019analyse finale en octobre 2014. Le rapport final sera d\u00e9pos\u00e9 par l\u2019\u00e9quipe de la Chaire en \u00e9co-conseil \u00e0 la fin du mandat. Le promoteur sera responsable de la diffusion et de l\u2019utilisation ult\u00e9rieure de ce rapport dans la r\u00e9alisation de son \u00e9tude d\u2019impacts, dans son projet d\u2019interventions pour un \u00e9ventuel prochain d\u00e9cret et lors des audiences publiques du BAPE. Cette \u00e9tude s\u2019inscrit d\u2019ailleurs dans la pr\u00e9paration de l\u2019\u00e9tude d\u2019impact exig\u00e9e de l\u2019entreprise par le gouvernement du Qu\u00e9bec.<\/p>\n<p style=\"text-align: justify\">Pour plus de d\u00e9tails sur le processus ou pour participer \u00e0 l\u2019analyse, consultez le portail Synapse (<span style=\"color: #5b7411\"><strong><span style=\"text-decoration: underline\"><a href=\"http:\/\/synapse.uqac.ca\/rta-berges\" target=\"_blank\" rel=\"noopener\"><span style=\"color: #5b7411;text-decoration: underline\">synapse.uqac.ca\/rta-berges<\/span><\/a><\/span><\/strong><\/span>) ou visitez la page Facebook \u00ab\u00a0Chaire en \u00e9coconseil\u00a0: RTA-Berges du lac Saint-Jean\u00a0\u00bb.<\/p>\n<p style=\"text-align: center\" align=\"center\">&#8211; 30 &#8211;<\/p>\n<p style=\"text-align: justify\"><b>Source :<\/b><br \/>\nJean Wauthier, directeur<br \/>\nBureau des affaires publiques<br \/>\nUniversit\u00e9 du Qu\u00e9bec \u00e0 Chicoutimi<br \/>\n418 545-5011, poste 5006\u00a0 \u25aa\u00a0 <span style=\"color: #5b7411\"><a href=\"mailto:jean.wauthier@uqac.ca\"><span style=\"color: #5b7411\">jean.wauthier@uqac.ca<\/span><\/a><\/span><\/p>\n<p style=\"text-align: justify\"><b>Renseignements :<br \/>\n<\/b>Claude Villeneuve, professeur<br \/>\nD\u00e9partement des sciences fondamentales<br \/>\nUniversit\u00e9 du Qu\u00e9bec \u00e0 Chicoutimi<br \/>\n418 545-5011, poste 5059\u00a0 \u25aa\u00a0 <span style=\"color: #5b7411\"><a href=\"mailto:claude_villeneuve@uqac.ca\"><span style=\"color: #5b7411\">claude_villeneuve@uqac.ca<\/span><\/a><\/span><\/p>\n","protected":false},"excerpt":{"rendered":"<p>Saguenay, le 14 mai 2014 \u2013 La Chaire en \u00e9co-conseil de l\u2019UQAC annonce que le comit\u00e9 charg\u00e9 de la pond\u00e9ration de la grille d\u2019analyse de d\u00e9veloppement durable (GADD) du Programme de stabilisation des berges du lac Saint-Jean a termin\u00e9 son travail. L\u2019\u00e9quipe de la Chaire entame ainsi l\u2019\u00e9tape suivante, qui concerne l\u2019\u00e9valuation des actions pos\u00e9es, [&hellip;]<\/p>\n","protected":false},"author":5,"featured_media":20745,"comment_status":"open","ping_status":"open","sticky":false,"template":"","format":"standard","meta":{"footnotes":""},"categories":[2772],"tags":[612,1264,493,3,138,1266,1438,1315,1267,1439,1440],"yoast_head":"<!-- This site is optimized with the Yoast SEO plugin v24.2 - https:\/\/yoast.com\/wordpress\/plugins\/seo\/ -->\r\n<title>Programme de stabilisation des berges du lac Saint-Jean : La Chaire en \u00e9co-conseil annonce les \u00e9tapes \u00e0 venir - UQACtualit\u00e9s<\/title>\r\n<meta name=\"robots\" content=\"index, follow, max-snippet:-1, max-image-preview:large, max-video-preview:-1\" \/>\r\n<link rel=\"canonical\" href=\"https:\/\/www.uqac.ca\/uqactualites\/2014\/05\/14\/programme-de-stabilisation-des-berges-du-lac-saint-jean-la-chaire-en-eco-conseil-annonce-les-etapes-a-venir\/\" \/>\r\n<meta property=\"og:locale\" content=\"fr_CA\" \/>\r\n<meta property=\"og:type\" content=\"article\" \/>\r\n<meta property=\"og:title\" content=\"Programme de stabilisation des berges du lac Saint-Jean : La Chaire en \u00e9co-conseil annonce les \u00e9tapes \u00e0 venir - UQACtualit\u00e9s\" \/>\r\n<meta property=\"og:description\" content=\"Saguenay, le 14 mai 2014 \u2013 La Chaire en \u00e9co-conseil de l\u2019UQAC annonce que le comit\u00e9 charg\u00e9 de la pond\u00e9ration de la grille d\u2019analyse de d\u00e9veloppement durable (GADD) du Programme de stabilisation des berges du lac Saint-Jean a termin\u00e9 son travail. L\u2019\u00e9quipe de la Chaire entame ainsi l\u2019\u00e9tape suivante, qui concerne l\u2019\u00e9valuation des actions pos\u00e9es, [&hellip;]\" \/>\r\n<meta property=\"og:url\" content=\"https:\/\/www.uqac.ca\/uqactualites\/2014\/05\/14\/programme-de-stabilisation-des-berges-du-lac-saint-jean-la-chaire-en-eco-conseil-annonce-les-etapes-a-venir\/\" \/>\r\n<meta property=\"og:site_name\" content=\"UQACtualit\u00e9s\" \/>\r\n<meta property=\"article:published_time\" content=\"2014-05-14T14:23:39+00:00\" \/>\r\n<meta property=\"og:image\" content=\"https:\/\/www.uqac.ca\/uqactualites\/wp-content\/uploads\/2012\/05\/communiqu-.jpg\" \/>\r\n\t<meta property=\"og:image:width\" content=\"620\" \/>\r\n\t<meta property=\"og:image:height\" content=\"300\" \/>\r\n\t<meta property=\"og:image:type\" content=\"image\/jpeg\" \/>\r\n<meta name=\"author\" content=\"Service des communications et des relations publiques\" \/>\r\n<meta name=\"twitter:card\" content=\"summary_large_image\" \/>\r\n<meta name=\"twitter:label1\" content=\"\u00c9crit par\" \/>\n\t<meta name=\"twitter:data1\" content=\"Service des communications et des relations publiques\" \/>\n\t<meta name=\"twitter:label2\" content=\"Estimation du temps de lecture\" \/>\n\t<meta name=\"twitter:data2\" content=\"3 minutes\" \/>\r\n<script type=\"application\/ld+json\" class=\"yoast-schema-graph\">{\"@context\":\"https:\/\/schema.org\",\"@graph\":[{\"@type\":\"WebPage\",\"@id\":\"https:\/\/www.uqac.ca\/uqactualites\/2014\/05\/14\/programme-de-stabilisation-des-berges-du-lac-saint-jean-la-chaire-en-eco-conseil-annonce-les-etapes-a-venir\/\",\"url\":\"https:\/\/www.uqac.ca\/uqactualites\/2014\/05\/14\/programme-de-stabilisation-des-berges-du-lac-saint-jean-la-chaire-en-eco-conseil-annonce-les-etapes-a-venir\/\",\"name\":\"Programme de stabilisation des berges du lac Saint-Jean : La Chaire en \u00e9co-conseil annonce les \u00e9tapes \u00e0 venir - UQACtualit\u00e9s\",\"isPartOf\":{\"@id\":\"https:\/\/www.uqac.ca\/uqactualites\/#website\"},\"primaryImageOfPage\":{\"@id\":\"https:\/\/www.uqac.ca\/uqactualites\/2014\/05\/14\/programme-de-stabilisation-des-berges-du-lac-saint-jean-la-chaire-en-eco-conseil-annonce-les-etapes-a-venir\/#primaryimage\"},\"image\":{\"@id\":\"https:\/\/www.uqac.ca\/uqactualites\/2014\/05\/14\/programme-de-stabilisation-des-berges-du-lac-saint-jean-la-chaire-en-eco-conseil-annonce-les-etapes-a-venir\/#primaryimage\"},\"thumbnailUrl\":\"https:\/\/www.uqac.ca\/uqactualites\/wp-content\/uploads\/2012\/05\/communiqu-.jpg\",\"datePublished\":\"2014-05-14T14:23:39+00:00\",\"dateModified\":\"2014-05-14T14:23:39+00:00\",\"author\":{\"@id\":\"https:\/\/www.uqac.ca\/uqactualites\/#\/schema\/person\/366c45a0c4f0e677b41b4af5886e2018\"},\"breadcrumb\":{\"@id\":\"https:\/\/www.uqac.ca\/uqactualites\/2014\/05\/14\/programme-de-stabilisation-des-berges-du-lac-saint-jean-la-chaire-en-eco-conseil-annonce-les-etapes-a-venir\/#breadcrumb\"},\"inLanguage\":\"fr-CA\",\"potentialAction\":[{\"@type\":\"ReadAction\",\"target\":[\"https:\/\/www.uqac.ca\/uqactualites\/2014\/05\/14\/programme-de-stabilisation-des-berges-du-lac-saint-jean-la-chaire-en-eco-conseil-annonce-les-etapes-a-venir\/\"]}]},{\"@type\":\"ImageObject\",\"inLanguage\":\"fr-CA\",\"@id\":\"https:\/\/www.uqac.ca\/uqactualites\/2014\/05\/14\/programme-de-stabilisation-des-berges-du-lac-saint-jean-la-chaire-en-eco-conseil-annonce-les-etapes-a-venir\/#primaryimage\",\"url\":\"https:\/\/www.uqac.ca\/uqactualites\/wp-content\/uploads\/2012\/05\/communiqu-.jpg\",\"contentUrl\":\"https:\/\/www.uqac.ca\/uqactualites\/wp-content\/uploads\/2012\/05\/communiqu-.jpg\",\"width\":620,\"height\":300},{\"@type\":\"BreadcrumbList\",\"@id\":\"https:\/\/www.uqac.ca\/uqactualites\/2014\/05\/14\/programme-de-stabilisation-des-berges-du-lac-saint-jean-la-chaire-en-eco-conseil-annonce-les-etapes-a-venir\/#breadcrumb\",\"itemListElement\":[{\"@type\":\"ListItem\",\"position\":1,\"name\":\"Home\",\"item\":\"https:\/\/www.uqac.ca\/uqactualites\/\"},{\"@type\":\"ListItem\",\"position\":2,\"name\":\"Programme de stabilisation des berges du lac Saint-Jean : La Chaire en \u00e9co-conseil annonce les \u00e9tapes \u00e0 venir\"}]},{\"@type\":\"WebSite\",\"@id\":\"https:\/\/www.uqac.ca\/uqactualites\/#website\",\"url\":\"https:\/\/www.uqac.ca\/uqactualites\/\",\"name\":\"UQACtualit\u00e9s\",\"description\":\"Le portail des nouvelles de l&#039;UQAC\",\"potentialAction\":[{\"@type\":\"SearchAction\",\"target\":{\"@type\":\"EntryPoint\",\"urlTemplate\":\"https:\/\/www.uqac.ca\/uqactualites\/?s={search_term_string}\"},\"query-input\":{\"@type\":\"PropertyValueSpecification\",\"valueRequired\":true,\"valueName\":\"search_term_string\"}}],\"inLanguage\":\"fr-CA\"},{\"@type\":\"Person\",\"@id\":\"https:\/\/www.uqac.ca\/uqactualites\/#\/schema\/person\/366c45a0c4f0e677b41b4af5886e2018\",\"name\":\"Service des communications et des relations publiques\",\"image\":{\"@type\":\"ImageObject\",\"inLanguage\":\"fr-CA\",\"@id\":\"https:\/\/www.uqac.ca\/uqactualites\/#\/schema\/person\/image\/\",\"url\":\"https:\/\/secure.gravatar.com\/avatar\/20fbbda8a292f59f2d3461a5b999c00b?s=96&d=mm&r=g\",\"contentUrl\":\"https:\/\/secure.gravatar.com\/avatar\/20fbbda8a292f59f2d3461a5b999c00b?s=96&d=mm&r=g\",\"caption\":\"Service des communications et des relations publiques\"},\"url\":\"https:\/\/www.uqac.ca\/uqactualites\/author\/bap\/\"}]}<\/script>\r\n<!-- \/ Yoast SEO plugin. -->","yoast_head_json":{"title":"Programme de stabilisation des berges du lac Saint-Jean : La Chaire en \u00e9co-conseil annonce les \u00e9tapes \u00e0 venir - UQACtualit\u00e9s","robots":{"index":"index","follow":"follow","max-snippet":"max-snippet:-1","max-image-preview":"max-image-preview:large","max-video-preview":"max-video-preview:-1"},"canonical":"https:\/\/www.uqac.ca\/uqactualites\/2014\/05\/14\/programme-de-stabilisation-des-berges-du-lac-saint-jean-la-chaire-en-eco-conseil-annonce-les-etapes-a-venir\/","og_locale":"fr_CA","og_type":"article","og_title":"Programme de stabilisation des berges du lac Saint-Jean : La Chaire en \u00e9co-conseil annonce les \u00e9tapes \u00e0 venir - UQACtualit\u00e9s","og_description":"Saguenay, le 14 mai 2014 \u2013 La Chaire en \u00e9co-conseil de l\u2019UQAC annonce que le comit\u00e9 charg\u00e9 de la pond\u00e9ration de la grille d\u2019analyse de d\u00e9veloppement durable (GADD) du Programme de stabilisation des berges du lac Saint-Jean a termin\u00e9 son travail. L\u2019\u00e9quipe de la Chaire entame ainsi l\u2019\u00e9tape suivante, qui concerne l\u2019\u00e9valuation des actions pos\u00e9es, [&hellip;]","og_url":"https:\/\/www.uqac.ca\/uqactualites\/2014\/05\/14\/programme-de-stabilisation-des-berges-du-lac-saint-jean-la-chaire-en-eco-conseil-annonce-les-etapes-a-venir\/","og_site_name":"UQACtualit\u00e9s","article_published_time":"2014-05-14T14:23:39+00:00","og_image":[{"width":620,"height":300,"url":"https:\/\/www.uqac.ca\/uqactualites\/wp-content\/uploads\/2012\/05\/communiqu-.jpg","type":"image\/jpeg"}],"author":"Service des communications et des relations publiques","twitter_card":"summary_large_image","twitter_misc":{"\u00c9crit par":"Service des communications et des relations publiques","Estimation du temps de lecture":"3 minutes"},"schema":{"@context":"https:\/\/schema.org","@graph":[{"@type":"WebPage","@id":"https:\/\/www.uqac.ca\/uqactualites\/2014\/05\/14\/programme-de-stabilisation-des-berges-du-lac-saint-jean-la-chaire-en-eco-conseil-annonce-les-etapes-a-venir\/","url":"https:\/\/www.uqac.ca\/uqactualites\/2014\/05\/14\/programme-de-stabilisation-des-berges-du-lac-saint-jean-la-chaire-en-eco-conseil-annonce-les-etapes-a-venir\/","name":"Programme de stabilisation des berges du lac Saint-Jean : La Chaire en \u00e9co-conseil annonce les \u00e9tapes \u00e0 venir - UQACtualit\u00e9s","isPartOf":{"@id":"https:\/\/www.uqac.ca\/uqactualites\/#website"},"primaryImageOfPage":{"@id":"https:\/\/www.uqac.ca\/uqactualites\/2014\/05\/14\/programme-de-stabilisation-des-berges-du-lac-saint-jean-la-chaire-en-eco-conseil-annonce-les-etapes-a-venir\/#primaryimage"},"image":{"@id":"https:\/\/www.uqac.ca\/uqactualites\/2014\/05\/14\/programme-de-stabilisation-des-berges-du-lac-saint-jean-la-chaire-en-eco-conseil-annonce-les-etapes-a-venir\/#primaryimage"},"thumbnailUrl":"https:\/\/www.uqac.ca\/uqactualites\/wp-content\/uploads\/2012\/05\/communiqu-.jpg","datePublished":"2014-05-14T14:23:39+00:00","dateModified":"2014-05-14T14:23:39+00:00","author":{"@id":"https:\/\/www.uqac.ca\/uqactualites\/#\/schema\/person\/366c45a0c4f0e677b41b4af5886e2018"},"breadcrumb":{"@id":"https:\/\/www.uqac.ca\/uqactualites\/2014\/05\/14\/programme-de-stabilisation-des-berges-du-lac-saint-jean-la-chaire-en-eco-conseil-annonce-les-etapes-a-venir\/#breadcrumb"},"inLanguage":"fr-CA","potentialAction":[{"@type":"ReadAction","target":["https:\/\/www.uqac.ca\/uqactualites\/2014\/05\/14\/programme-de-stabilisation-des-berges-du-lac-saint-jean-la-chaire-en-eco-conseil-annonce-les-etapes-a-venir\/"]}]},{"@type":"ImageObject","inLanguage":"fr-CA","@id":"https:\/\/www.uqac.ca\/uqactualites\/2014\/05\/14\/programme-de-stabilisation-des-berges-du-lac-saint-jean-la-chaire-en-eco-conseil-annonce-les-etapes-a-venir\/#primaryimage","url":"https:\/\/www.uqac.ca\/uqactualites\/wp-content\/uploads\/2012\/05\/communiqu-.jpg","contentUrl":"https:\/\/www.uqac.ca\/uqactualites\/wp-content\/uploads\/2012\/05\/communiqu-.jpg","width":620,"height":300},{"@type":"BreadcrumbList","@id":"https:\/\/www.uqac.ca\/uqactualites\/2014\/05\/14\/programme-de-stabilisation-des-berges-du-lac-saint-jean-la-chaire-en-eco-conseil-annonce-les-etapes-a-venir\/#breadcrumb","itemListElement":[{"@type":"ListItem","position":1,"name":"Home","item":"https:\/\/www.uqac.ca\/uqactualites\/"},{"@type":"ListItem","position":2,"name":"Programme de stabilisation des berges du lac Saint-Jean : La Chaire en \u00e9co-conseil annonce les \u00e9tapes \u00e0 venir"}]},{"@type":"WebSite","@id":"https:\/\/www.uqac.ca\/uqactualites\/#website","url":"https:\/\/www.uqac.ca\/uqactualites\/","name":"UQACtualit\u00e9s","description":"Le portail des nouvelles de l&#039;UQAC","potentialAction":[{"@type":"SearchAction","target":{"@type":"EntryPoint","urlTemplate":"https:\/\/www.uqac.ca\/uqactualites\/?s={search_term_string}"},"query-input":{"@type":"PropertyValueSpecification","valueRequired":true,"valueName":"search_term_string"}}],"inLanguage":"fr-CA"},{"@type":"Person","@id":"https:\/\/www.uqac.ca\/uqactualites\/#\/schema\/person\/366c45a0c4f0e677b41b4af5886e2018","name":"Service des communications et des relations publiques","image":{"@type":"ImageObject","inLanguage":"fr-CA","@id":"https:\/\/www.uqac.ca\/uqactualites\/#\/schema\/person\/image\/","url":"https:\/\/secure.gravatar.com\/avatar\/20fbbda8a292f59f2d3461a5b999c00b?s=96&d=mm&r=g","contentUrl":"https:\/\/secure.gravatar.com\/avatar\/20fbbda8a292f59f2d3461a5b999c00b?s=96&d=mm&r=g","caption":"Service des communications et des relations publiques"},"url":"https:\/\/www.uqac.ca\/uqactualites\/author\/bap\/"}]}},"_links":{"self":[{"href":"https:\/\/www.uqac.ca\/uqactualites\/wp-json\/wp\/v2\/posts\/27771"}],"collection":[{"href":"https:\/\/www.uqac.ca\/uqactualites\/wp-json\/wp\/v2\/posts"}],"about":[{"href":"https:\/\/www.uqac.ca\/uqactualites\/wp-json\/wp\/v2\/types\/post"}],"author":[{"embeddable":true,"href":"https:\/\/www.uqac.ca\/uqactualites\/wp-json\/wp\/v2\/users\/5"}],"replies":[{"embeddable":true,"href":"https:\/\/www.uqac.ca\/uqactualites\/wp-json\/wp\/v2\/comments?post=27771"}],"version-history":[{"count":0,"href":"https:\/\/www.uqac.ca\/uqactualites\/wp-json\/wp\/v2\/posts\/27771\/revisions"}],"wp:featuredmedia":[{"embeddable":true,"href":"https:\/\/www.uqac.ca\/uqactualites\/wp-json\/wp\/v2\/media\/20745"}],"wp:attachment":[{"href":"https:\/\/www.uqac.ca\/uqactualites\/wp-json\/wp\/v2\/media?parent=27771"}],"wp:term":[{"taxonomy":"category","embeddable":true,"href":"https:\/\/www.uqac.ca\/uqactualites\/wp-json\/wp\/v2\/categories?post=27771"},{"taxonomy":"post_tag","embeddable":true,"href":"https:\/\/www.uqac.ca\/uqactualites\/wp-json\/wp\/v2\/tags?post=27771"}],"curies":[{"name":"wp","href":"https:\/\/api.w.org\/{rel}","templated":true}]}}