{"id":27790,"date":"2014-05-21T11:38:35","date_gmt":"2014-05-21T15:38:35","guid":{"rendered":"http:\/\/uqactualite.odev.ca\/?p=27790"},"modified":"2014-05-21T11:38:35","modified_gmt":"2014-05-21T15:38:35","slug":"trimestre-dautomne-2014-luqac-recherche-des-places-dhebergement-pour-les-etudiants-2","status":"publish","type":"post","link":"https:\/\/www.uqac.ca\/uqactualites\/2014\/05\/21\/trimestre-dautomne-2014-luqac-recherche-des-places-dhebergement-pour-les-etudiants-2\/","title":{"rendered":"Trimestre d\u2019automne 2014 : l\u2019UQAC recherche des places d\u2019h\u00e9bergement pour les \u00e9tudiants"},"content":{"rendered":"<p style=\"text-align: justify\"><b>Saguenay, le 21 mai 2014 <\/b>\u2013 L\u2019Universit\u00e9 du Qu\u00e9bec \u00e0 Chicoutimi est pr\u00e9sentement \u00e0 la recherche de logements pour les \u00e9tudiants qu\u00e9b\u00e9cois en provenance de l\u2019ext\u00e9rieur de la r\u00e9gion du Saguenay\u2212Lac-Saint-Jean et pour les \u00e9tudiants internationaux en s\u00e9jour d\u2019\u00e9tudes. En effet, afin d\u2019offrir une int\u00e9gration chaleureuse aux nouveaux arrivants qui amorceront leur parcours \u00e0 l\u2019UQAC en septembre prochain, l\u2019Universit\u00e9 sollicite la population afin de bonifier son bassin d\u2019h\u00e9bergement.<\/p>\n<p style=\"text-align: justify\">Les principaux types d\u2019h\u00e9bergement recherch\u00e9s au sein de l\u2019arrondissement Chicoutimi et ses environs sont les suivants\u00a0: <b>logements et appartements, pensions pour chambreurs, h\u00f4tels, motels et <i>bed &amp; breakfast<\/i><\/b>. Les \u00e9tudiants auront acc\u00e8s \u00e0 votre proposition d\u2019h\u00e9bergement par l\u2019entremise du service d\u2019info-logement de l\u2019UQAC. Ils pourront ainsi se pr\u00e9valoir des diff\u00e9rentes offres en fonction de la dur\u00e9e de leur s\u00e9jour d\u2019\u00e9tudes, qui pourra s\u2019\u00e9chelonner de quelques mois \u00e0 quelques ann\u00e9es.<\/p>\n<p style=\"text-align: justify\">Publiez votre offre sur le portail de logements hors campus de l\u2019UQAC \u00e0 l\u2019adresse suivante\u00a0: <span style=\"color: #5b7411\"><b><span style=\"text-decoration: underline\"><a href=\"http:\/\/www.uqac.ca\/logementhorscampus\" target=\"_blank\" rel=\"noopener\"><span style=\"color: #5b7411;text-decoration: underline\">www.uqac.ca\/logementhorscampus<\/span><\/a><\/span><\/b><\/span>.<\/p>\n<p style=\"text-align: justify\">Les personnes recherchant des colocataires peuvent aussi manifester leur int\u00e9r\u00eat \u00e0 partager la culture saguen\u00e9enne avec les nouveaux arrivants, alors que les familles d\u2019accueil souhaitant accueillir un \u00e9tudiant sont invit\u00e9es \u00e0 communiquer avec notre \u00c9cole de langue fran\u00e7aise et de culture qu\u00e9b\u00e9coise (<span style=\"color: #5b7411\"><a href=\"mailto:elf@uqac.ca\"><span style=\"color: #5b7411\">elf@uqac.ca<\/span><\/a><\/span>).<\/p>\n<p style=\"text-align: justify\"><b>Quelques mots sur la mobilit\u00e9 \u00e9tudiante \u00e0 l\u2019UQAC<\/b><br \/>\nL\u2019UQAC oriente ses activit\u00e9s de recrutement non seulement vers les futurs \u00e9tudiants de la r\u00e9gion, mais aussi \u00e0 l\u2019\u00e9chelle de la province. L\u2019\u00e9tablissement est \u00e9galement fier de compter sur pr\u00e8s de 200 universit\u00e9s partenaires \u00e0 travers le monde, avec lesquelles il partage des ententes de mobilit\u00e9 offertes aux \u00e9tudiants\u00a0: l\u2019UQAC accueille ainsi chaque ann\u00e9e des \u00e9tudiants en provenance d\u2019une cinquantaine de pays.<\/p>\n<p style=\"text-align: center\" align=\"center\">&#8211; 30 &#8211;<\/p>\n<p style=\"text-align: justify\"><b>Source :<br \/>\n<\/b>Jos\u00e9e Bourassa, agente d\u2019information<br \/>\nBureau des affaires publiques<br \/>\nUniversit\u00e9 du Qu\u00e9bec \u00e0 Chicoutimi<br \/>\n418 545-5011, poste 2274\u00a0 \u25aa\u00a0 <span style=\"color: #5b7411\"><a href=\"mailto:josee_bourassa@uqac.ca\"><span style=\"color: #5b7411\">josee_bourassa@uqac.ca<\/span><\/a><\/span><\/p>\n<p style=\"text-align: justify\"><b>Renseignements :<br \/>\n<\/b>Justine L\u00e9vesque, agente de recrutement<br \/>\nServices aux \u00e9tudiants<br \/>\nUniversit\u00e9 du Qu\u00e9bec \u00e0 Chicoutimi<br \/>\n418 545-5011, poste 2135\u00a0 \u25aa\u00a0 <span style=\"color: #5b7411\"><a href=\"mailto:justine_levesque@uqac.ca\"><span style=\"color: #5b7411\">justine_levesque@uqac.ca<\/span><\/a><\/span><\/p>\n","protected":false},"excerpt":{"rendered":"<p>Saguenay, le 21 mai 2014 \u2013 L\u2019Universit\u00e9 du Qu\u00e9bec \u00e0 Chicoutimi est pr\u00e9sentement \u00e0 la recherche de logements pour les \u00e9tudiants qu\u00e9b\u00e9cois en provenance de l\u2019ext\u00e9rieur de la r\u00e9gion du Saguenay\u2212Lac-Saint-Jean et pour les \u00e9tudiants internationaux en s\u00e9jour d\u2019\u00e9tudes. En effet, afin d\u2019offrir une int\u00e9gration chaleureuse aux nouveaux arrivants qui amorceront leur parcours \u00e0 l\u2019UQAC [&hellip;]<\/p>\n","protected":false},"author":5,"featured_media":20745,"comment_status":"open","ping_status":"open","sticky":false,"template":"","format":"standard","meta":{"footnotes":""},"categories":[2772],"tags":[51,1323,161,1443,1444,1445,958],"yoast_head":"<!-- This site is optimized with the Yoast SEO plugin v24.2 - https:\/\/yoast.com\/wordpress\/plugins\/seo\/ -->\r\n<title>Trimestre d\u2019automne 2014 : l\u2019UQAC recherche des places d\u2019h\u00e9bergement pour les \u00e9tudiants - UQACtualit\u00e9s<\/title>\r\n<meta name=\"robots\" content=\"index, follow, max-snippet:-1, max-image-preview:large, max-video-preview:-1\" \/>\r\n<link rel=\"canonical\" href=\"https:\/\/www.uqac.ca\/uqactualites\/2014\/05\/21\/trimestre-dautomne-2014-luqac-recherche-des-places-dhebergement-pour-les-etudiants-2\/\" \/>\r\n<meta property=\"og:locale\" content=\"fr_CA\" \/>\r\n<meta property=\"og:type\" content=\"article\" \/>\r\n<meta property=\"og:title\" content=\"Trimestre d\u2019automne 2014 : l\u2019UQAC recherche des places d\u2019h\u00e9bergement pour les \u00e9tudiants - UQACtualit\u00e9s\" \/>\r\n<meta property=\"og:description\" content=\"Saguenay, le 21 mai 2014 \u2013 L\u2019Universit\u00e9 du Qu\u00e9bec \u00e0 Chicoutimi est pr\u00e9sentement \u00e0 la recherche de logements pour les \u00e9tudiants qu\u00e9b\u00e9cois en provenance de l\u2019ext\u00e9rieur de la r\u00e9gion du Saguenay\u2212Lac-Saint-Jean et pour les \u00e9tudiants internationaux en s\u00e9jour d\u2019\u00e9tudes. En effet, afin d\u2019offrir une int\u00e9gration chaleureuse aux nouveaux arrivants qui amorceront leur parcours \u00e0 l\u2019UQAC [&hellip;]\" \/>\r\n<meta property=\"og:url\" content=\"https:\/\/www.uqac.ca\/uqactualites\/2014\/05\/21\/trimestre-dautomne-2014-luqac-recherche-des-places-dhebergement-pour-les-etudiants-2\/\" \/>\r\n<meta property=\"og:site_name\" content=\"UQACtualit\u00e9s\" \/>\r\n<meta property=\"article:published_time\" content=\"2014-05-21T15:38:35+00:00\" \/>\r\n<meta property=\"og:image\" content=\"https:\/\/www.uqac.ca\/uqactualites\/wp-content\/uploads\/2012\/05\/communiqu-.jpg\" \/>\r\n\t<meta property=\"og:image:width\" content=\"620\" \/>\r\n\t<meta property=\"og:image:height\" content=\"300\" \/>\r\n\t<meta property=\"og:image:type\" content=\"image\/jpeg\" \/>\r\n<meta name=\"author\" content=\"Service des communications et des relations publiques\" \/>\r\n<meta name=\"twitter:card\" content=\"summary_large_image\" \/>\r\n<meta name=\"twitter:label1\" content=\"\u00c9crit par\" \/>\n\t<meta name=\"twitter:data1\" content=\"Service des communications et des relations publiques\" \/>\n\t<meta name=\"twitter:label2\" content=\"Estimation du temps de lecture\" \/>\n\t<meta name=\"twitter:data2\" content=\"2 minutes\" \/>\r\n<script type=\"application\/ld+json\" class=\"yoast-schema-graph\">{\"@context\":\"https:\/\/schema.org\",\"@graph\":[{\"@type\":\"WebPage\",\"@id\":\"https:\/\/www.uqac.ca\/uqactualites\/2014\/05\/21\/trimestre-dautomne-2014-luqac-recherche-des-places-dhebergement-pour-les-etudiants-2\/\",\"url\":\"https:\/\/www.uqac.ca\/uqactualites\/2014\/05\/21\/trimestre-dautomne-2014-luqac-recherche-des-places-dhebergement-pour-les-etudiants-2\/\",\"name\":\"Trimestre d\u2019automne 2014 : l\u2019UQAC recherche des places d\u2019h\u00e9bergement pour les \u00e9tudiants - UQACtualit\u00e9s\",\"isPartOf\":{\"@id\":\"https:\/\/www.uqac.ca\/uqactualites\/#website\"},\"primaryImageOfPage\":{\"@id\":\"https:\/\/www.uqac.ca\/uqactualites\/2014\/05\/21\/trimestre-dautomne-2014-luqac-recherche-des-places-dhebergement-pour-les-etudiants-2\/#primaryimage\"},\"image\":{\"@id\":\"https:\/\/www.uqac.ca\/uqactualites\/2014\/05\/21\/trimestre-dautomne-2014-luqac-recherche-des-places-dhebergement-pour-les-etudiants-2\/#primaryimage\"},\"thumbnailUrl\":\"https:\/\/www.uqac.ca\/uqactualites\/wp-content\/uploads\/2012\/05\/communiqu-.jpg\",\"datePublished\":\"2014-05-21T15:38:35+00:00\",\"dateModified\":\"2014-05-21T15:38:35+00:00\",\"author\":{\"@id\":\"https:\/\/www.uqac.ca\/uqactualites\/#\/schema\/person\/366c45a0c4f0e677b41b4af5886e2018\"},\"breadcrumb\":{\"@id\":\"https:\/\/www.uqac.ca\/uqactualites\/2014\/05\/21\/trimestre-dautomne-2014-luqac-recherche-des-places-dhebergement-pour-les-etudiants-2\/#breadcrumb\"},\"inLanguage\":\"fr-CA\",\"potentialAction\":[{\"@type\":\"ReadAction\",\"target\":[\"https:\/\/www.uqac.ca\/uqactualites\/2014\/05\/21\/trimestre-dautomne-2014-luqac-recherche-des-places-dhebergement-pour-les-etudiants-2\/\"]}]},{\"@type\":\"ImageObject\",\"inLanguage\":\"fr-CA\",\"@id\":\"https:\/\/www.uqac.ca\/uqactualites\/2014\/05\/21\/trimestre-dautomne-2014-luqac-recherche-des-places-dhebergement-pour-les-etudiants-2\/#primaryimage\",\"url\":\"https:\/\/www.uqac.ca\/uqactualites\/wp-content\/uploads\/2012\/05\/communiqu-.jpg\",\"contentUrl\":\"https:\/\/www.uqac.ca\/uqactualites\/wp-content\/uploads\/2012\/05\/communiqu-.jpg\",\"width\":620,\"height\":300},{\"@type\":\"BreadcrumbList\",\"@id\":\"https:\/\/www.uqac.ca\/uqactualites\/2014\/05\/21\/trimestre-dautomne-2014-luqac-recherche-des-places-dhebergement-pour-les-etudiants-2\/#breadcrumb\",\"itemListElement\":[{\"@type\":\"ListItem\",\"position\":1,\"name\":\"Home\",\"item\":\"https:\/\/www.uqac.ca\/uqactualites\/\"},{\"@type\":\"ListItem\",\"position\":2,\"name\":\"Trimestre d\u2019automne 2014 : l\u2019UQAC recherche des places d\u2019h\u00e9bergement pour les \u00e9tudiants\"}]},{\"@type\":\"WebSite\",\"@id\":\"https:\/\/www.uqac.ca\/uqactualites\/#website\",\"url\":\"https:\/\/www.uqac.ca\/uqactualites\/\",\"name\":\"UQACtualit\u00e9s\",\"description\":\"Le portail des nouvelles de l&#039;UQAC\",\"potentialAction\":[{\"@type\":\"SearchAction\",\"target\":{\"@type\":\"EntryPoint\",\"urlTemplate\":\"https:\/\/www.uqac.ca\/uqactualites\/?s={search_term_string}\"},\"query-input\":{\"@type\":\"PropertyValueSpecification\",\"valueRequired\":true,\"valueName\":\"search_term_string\"}}],\"inLanguage\":\"fr-CA\"},{\"@type\":\"Person\",\"@id\":\"https:\/\/www.uqac.ca\/uqactualites\/#\/schema\/person\/366c45a0c4f0e677b41b4af5886e2018\",\"name\":\"Service des communications et des relations publiques\",\"image\":{\"@type\":\"ImageObject\",\"inLanguage\":\"fr-CA\",\"@id\":\"https:\/\/www.uqac.ca\/uqactualites\/#\/schema\/person\/image\/\",\"url\":\"https:\/\/secure.gravatar.com\/avatar\/20fbbda8a292f59f2d3461a5b999c00b?s=96&d=mm&r=g\",\"contentUrl\":\"https:\/\/secure.gravatar.com\/avatar\/20fbbda8a292f59f2d3461a5b999c00b?s=96&d=mm&r=g\",\"caption\":\"Service des communications et des relations publiques\"},\"url\":\"https:\/\/www.uqac.ca\/uqactualites\/author\/bap\/\"}]}<\/script>\r\n<!-- \/ Yoast SEO plugin. -->","yoast_head_json":{"title":"Trimestre d\u2019automne 2014 : l\u2019UQAC recherche des places d\u2019h\u00e9bergement pour les \u00e9tudiants - UQACtualit\u00e9s","robots":{"index":"index","follow":"follow","max-snippet":"max-snippet:-1","max-image-preview":"max-image-preview:large","max-video-preview":"max-video-preview:-1"},"canonical":"https:\/\/www.uqac.ca\/uqactualites\/2014\/05\/21\/trimestre-dautomne-2014-luqac-recherche-des-places-dhebergement-pour-les-etudiants-2\/","og_locale":"fr_CA","og_type":"article","og_title":"Trimestre d\u2019automne 2014 : l\u2019UQAC recherche des places d\u2019h\u00e9bergement pour les \u00e9tudiants - UQACtualit\u00e9s","og_description":"Saguenay, le 21 mai 2014 \u2013 L\u2019Universit\u00e9 du Qu\u00e9bec \u00e0 Chicoutimi est pr\u00e9sentement \u00e0 la recherche de logements pour les \u00e9tudiants qu\u00e9b\u00e9cois en provenance de l\u2019ext\u00e9rieur de la r\u00e9gion du Saguenay\u2212Lac-Saint-Jean et pour les \u00e9tudiants internationaux en s\u00e9jour d\u2019\u00e9tudes. En effet, afin d\u2019offrir une int\u00e9gration chaleureuse aux nouveaux arrivants qui amorceront leur parcours \u00e0 l\u2019UQAC [&hellip;]","og_url":"https:\/\/www.uqac.ca\/uqactualites\/2014\/05\/21\/trimestre-dautomne-2014-luqac-recherche-des-places-dhebergement-pour-les-etudiants-2\/","og_site_name":"UQACtualit\u00e9s","article_published_time":"2014-05-21T15:38:35+00:00","og_image":[{"width":620,"height":300,"url":"https:\/\/www.uqac.ca\/uqactualites\/wp-content\/uploads\/2012\/05\/communiqu-.jpg","type":"image\/jpeg"}],"author":"Service des communications et des relations publiques","twitter_card":"summary_large_image","twitter_misc":{"\u00c9crit par":"Service des communications et des relations publiques","Estimation du temps de lecture":"2 minutes"},"schema":{"@context":"https:\/\/schema.org","@graph":[{"@type":"WebPage","@id":"https:\/\/www.uqac.ca\/uqactualites\/2014\/05\/21\/trimestre-dautomne-2014-luqac-recherche-des-places-dhebergement-pour-les-etudiants-2\/","url":"https:\/\/www.uqac.ca\/uqactualites\/2014\/05\/21\/trimestre-dautomne-2014-luqac-recherche-des-places-dhebergement-pour-les-etudiants-2\/","name":"Trimestre d\u2019automne 2014 : l\u2019UQAC recherche des places d\u2019h\u00e9bergement pour les \u00e9tudiants - UQACtualit\u00e9s","isPartOf":{"@id":"https:\/\/www.uqac.ca\/uqactualites\/#website"},"primaryImageOfPage":{"@id":"https:\/\/www.uqac.ca\/uqactualites\/2014\/05\/21\/trimestre-dautomne-2014-luqac-recherche-des-places-dhebergement-pour-les-etudiants-2\/#primaryimage"},"image":{"@id":"https:\/\/www.uqac.ca\/uqactualites\/2014\/05\/21\/trimestre-dautomne-2014-luqac-recherche-des-places-dhebergement-pour-les-etudiants-2\/#primaryimage"},"thumbnailUrl":"https:\/\/www.uqac.ca\/uqactualites\/wp-content\/uploads\/2012\/05\/communiqu-.jpg","datePublished":"2014-05-21T15:38:35+00:00","dateModified":"2014-05-21T15:38:35+00:00","author":{"@id":"https:\/\/www.uqac.ca\/uqactualites\/#\/schema\/person\/366c45a0c4f0e677b41b4af5886e2018"},"breadcrumb":{"@id":"https:\/\/www.uqac.ca\/uqactualites\/2014\/05\/21\/trimestre-dautomne-2014-luqac-recherche-des-places-dhebergement-pour-les-etudiants-2\/#breadcrumb"},"inLanguage":"fr-CA","potentialAction":[{"@type":"ReadAction","target":["https:\/\/www.uqac.ca\/uqactualites\/2014\/05\/21\/trimestre-dautomne-2014-luqac-recherche-des-places-dhebergement-pour-les-etudiants-2\/"]}]},{"@type":"ImageObject","inLanguage":"fr-CA","@id":"https:\/\/www.uqac.ca\/uqactualites\/2014\/05\/21\/trimestre-dautomne-2014-luqac-recherche-des-places-dhebergement-pour-les-etudiants-2\/#primaryimage","url":"https:\/\/www.uqac.ca\/uqactualites\/wp-content\/uploads\/2012\/05\/communiqu-.jpg","contentUrl":"https:\/\/www.uqac.ca\/uqactualites\/wp-content\/uploads\/2012\/05\/communiqu-.jpg","width":620,"height":300},{"@type":"BreadcrumbList","@id":"https:\/\/www.uqac.ca\/uqactualites\/2014\/05\/21\/trimestre-dautomne-2014-luqac-recherche-des-places-dhebergement-pour-les-etudiants-2\/#breadcrumb","itemListElement":[{"@type":"ListItem","position":1,"name":"Home","item":"https:\/\/www.uqac.ca\/uqactualites\/"},{"@type":"ListItem","position":2,"name":"Trimestre d\u2019automne 2014 : l\u2019UQAC recherche des places d\u2019h\u00e9bergement pour les \u00e9tudiants"}]},{"@type":"WebSite","@id":"https:\/\/www.uqac.ca\/uqactualites\/#website","url":"https:\/\/www.uqac.ca\/uqactualites\/","name":"UQACtualit\u00e9s","description":"Le portail des nouvelles de l&#039;UQAC","potentialAction":[{"@type":"SearchAction","target":{"@type":"EntryPoint","urlTemplate":"https:\/\/www.uqac.ca\/uqactualites\/?s={search_term_string}"},"query-input":{"@type":"PropertyValueSpecification","valueRequired":true,"valueName":"search_term_string"}}],"inLanguage":"fr-CA"},{"@type":"Person","@id":"https:\/\/www.uqac.ca\/uqactualites\/#\/schema\/person\/366c45a0c4f0e677b41b4af5886e2018","name":"Service des communications et des relations publiques","image":{"@type":"ImageObject","inLanguage":"fr-CA","@id":"https:\/\/www.uqac.ca\/uqactualites\/#\/schema\/person\/image\/","url":"https:\/\/secure.gravatar.com\/avatar\/20fbbda8a292f59f2d3461a5b999c00b?s=96&d=mm&r=g","contentUrl":"https:\/\/secure.gravatar.com\/avatar\/20fbbda8a292f59f2d3461a5b999c00b?s=96&d=mm&r=g","caption":"Service des communications et des relations publiques"},"url":"https:\/\/www.uqac.ca\/uqactualites\/author\/bap\/"}]}},"_links":{"self":[{"href":"https:\/\/www.uqac.ca\/uqactualites\/wp-json\/wp\/v2\/posts\/27790"}],"collection":[{"href":"https:\/\/www.uqac.ca\/uqactualites\/wp-json\/wp\/v2\/posts"}],"about":[{"href":"https:\/\/www.uqac.ca\/uqactualites\/wp-json\/wp\/v2\/types\/post"}],"author":[{"embeddable":true,"href":"https:\/\/www.uqac.ca\/uqactualites\/wp-json\/wp\/v2\/users\/5"}],"replies":[{"embeddable":true,"href":"https:\/\/www.uqac.ca\/uqactualites\/wp-json\/wp\/v2\/comments?post=27790"}],"version-history":[{"count":0,"href":"https:\/\/www.uqac.ca\/uqactualites\/wp-json\/wp\/v2\/posts\/27790\/revisions"}],"wp:featuredmedia":[{"embeddable":true,"href":"https:\/\/www.uqac.ca\/uqactualites\/wp-json\/wp\/v2\/media\/20745"}],"wp:attachment":[{"href":"https:\/\/www.uqac.ca\/uqactualites\/wp-json\/wp\/v2\/media?parent=27790"}],"wp:term":[{"taxonomy":"category","embeddable":true,"href":"https:\/\/www.uqac.ca\/uqactualites\/wp-json\/wp\/v2\/categories?post=27790"},{"taxonomy":"post_tag","embeddable":true,"href":"https:\/\/www.uqac.ca\/uqactualites\/wp-json\/wp\/v2\/tags?post=27790"}],"curies":[{"name":"wp","href":"https:\/\/api.w.org\/{rel}","templated":true}]}}