{"id":27804,"date":"2014-05-28T11:42:47","date_gmt":"2014-05-28T15:42:47","guid":{"rendered":"http:\/\/uqactualite.odev.ca\/?p=27804"},"modified":"2014-05-28T11:42:47","modified_gmt":"2014-05-28T15:42:47","slug":"des-etudiants-de-cycles-superieurs-en-sciences-de-la-terre-realisent-une-excursion-geologique-en-espagne","status":"publish","type":"post","link":"https:\/\/www.uqac.ca\/uqactualites\/2014\/05\/28\/des-etudiants-de-cycles-superieurs-en-sciences-de-la-terre-realisent-une-excursion-geologique-en-espagne\/","title":{"rendered":"Des \u00e9tudiants de cycles sup\u00e9rieurs en sciences de la Terre r\u00e9alisent une excursion g\u00e9ologique en Espagne"},"content":{"rendered":"<div style=\"text-align: justify\">\n<p style=\"text-align: justify\">Du 3 au 16 mai derniers, des \u00e9tudiants \u00e0 la <span style=\"color: #5b7411\"><a href=\"http:\/\/programmes.uqac.ca\/1687\" target=\"_blank\" rel=\"noopener\"><span style=\"color: #5b7411\">ma\u00eetrise en g\u00e9ologie et g\u00e9nie g\u00e9ologique<\/span><\/a><\/span> ainsi qu\u2019au <span style=\"color: #5b7411\"><a href=\"http:\/\/programmes.uqac.ca\/3141\" target=\"_blank\" rel=\"noopener\"><span style=\"color: #5b7411\">doctorat en sciences de la Terre et de l\u2019atmosph\u00e8re<\/span><\/a><\/span> de l\u2019UQAC ont effectu\u00e9 une excursion g\u00e9ologique en Espagne. Accompagn\u00e9s de professeurs, les \u00e9tudiants ont pu visiter une vingtaine de sites g\u00e9ologiques. En effet, l\u2019Espagne a beaucoup \u00e0 offrir g\u00e9ologiquement, particuli\u00e8rement en regard de son pass\u00e9 min\u00e9ral. Il faut savoir que plusieurs sites de m\u00e9taux ont \u00e9t\u00e9 exploit\u00e9s par les Romains et les Ph\u00e9niciens et que certains de ces sites constituent les plus grandes concentrations de m\u00e9taux au monde.<\/p>\n<p style=\"text-align: justify\">R\u00e9alis\u00e9 dans le cadre du cours Excursions g\u00e9ologiques (6SCT926), ce voyage portait principalement sur deux th\u00e9matiques\u00a0: le volcanisme et les ressources min\u00e9rales. Pour ce dernier volet, des gisements de m\u00e9taux de base (cuivre, zinc, plomb), de mercure, d\u2019or et d\u2019argent, de nickel-cuivre, de fer, mais aussi de sel et de marbre, ont \u00e9t\u00e9 visit\u00e9s. Chaque volet \u00e9tait supervis\u00e9 par un professeur sp\u00e9cialiste du D\u00e9partement des sciences appliqu\u00e9es, soit Michael Higgins (volcanisme) et Damien Gaboury (ressources min\u00e9rales). La formule p\u00e9dagogique reposait sur la r\u00e9daction d\u2019un texte expliquant un ph\u00e9nom\u00e8ne g\u00e9ologique en particulier, et ce, dans le but de constituer un livret-guide. Les \u00e9tudiants devaient \u00e9galement pr\u00e9senter au groupe, \u00e0 la veille de leur visite, un expos\u00e9 r\u00e9capitulatif des ph\u00e9nom\u00e8nes \u00e0 observer. L\u2019une des particularit\u00e9s de cette \u00e9dition\u00a02014 a \u00e9t\u00e9 d\u2019adjoindre au groupe deux g\u00e9ologues professionnels avec des expertises compl\u00e9mentaires. Cette formule a \u00e9t\u00e9 tr\u00e8s appr\u00e9ci\u00e9e des \u00e9tudiants, car elle les exposait \u00e0 des visions diff\u00e9rentes.<\/p>\n<p style=\"text-align: justify\">Enfin, soulignons le travail \u00e9norme accompli par les \u00e9tudiants pour la recherche de commanditaires pour l\u2019excursion. Les remerciements de l\u2019\u00e9quipe vont \u00e0 MinesQC.com, ICM section Saguenay, COREM, Arianne Phosphate, SEMAFO, Sirios et Virginia.<\/p>\n<p style=\"text-align: justify\">Pour consulter le journal de bord r\u00e9alis\u00e9 quotidiennement par les \u00e9tudiants lors du voyage, visitez la <span style=\"color: #5b7411\"><a href=\"https:\/\/www.facebook.com\/pages\/Excursion-G%C3%A9ologique-Espagne-2014-UQAC\/1383203231957149\" target=\"_blank\" rel=\"noopener\"><span style=\"color: #5b7411\"><b>page Facebook de l\u2019excursion<\/b><\/span><\/a><\/span>.<\/p>\n<p style=\"text-align: justify\"><b><br \/>\nSources :<\/b><\/p>\n<p style=\"text-align: justify\">Damien Gaboury, professeur<br \/>\nD\u00e9partement des sciences appliqu\u00e9es<br \/>\nUniversit\u00e9 du Qu\u00e9bec \u00e0 Chicoutimi<br \/>\n418 545-5011, poste 5696\u00a0 \u25aa\u00a0 <span style=\"color: #5b7411\"><a href=\"mailto:damien_gaboury@uqac.ca\"><span style=\"color: #5b7411\">damien_gaboury@uqac.ca<\/span><\/a><\/span><\/p>\n<p style=\"text-align: justify\">Bureau des affaires publiques<br \/>\nUniversit\u00e9 du Qu\u00e9bec \u00e0 Chicoutimi<br \/>\n418\u00a0545-5011, poste\u00a02350\u00a0 \u25aa\u00a0 <span style=\"color: #5b7411\"><a href=\"mailto:affaires_publiques@uqac.ca\"><span style=\"color: #5b7411\">affaires_publiques@uqac.ca<\/span><\/a><\/span><\/p>\n<p style=\"text-align: justify\"><b><br \/>\n<\/b><span style=\"color: #808080\"><b>_______________________________________________________________________________________<\/b><\/span><\/p>\n<p><span style=\"color: #808080\"><b>Photographie\u00a0:<\/b> Le groupe devant la fosse de la mine Aguablanca, une exploitation de nickel-cuivre par la compagnie canadienne Lundin Mining (60 km au nord de S\u00e9ville)<\/span><br \/>\n<span style=\"color: #808080\"><b>Photographe\u00a0:<\/b> Damien Gaboury<\/span><br \/>\n<span style=\"color: #808080\"><b>_______________________________________________________________________________________<\/b><\/span><\/p>\n<\/div>\n","protected":false},"excerpt":{"rendered":"<p>Du 3 au 16 mai derniers, des \u00e9tudiants \u00e0 la ma\u00eetrise en g\u00e9ologie et g\u00e9nie g\u00e9ologique ainsi qu\u2019au doctorat en sciences de la Terre et de l\u2019atmosph\u00e8re de l\u2019UQAC ont effectu\u00e9 une excursion g\u00e9ologique en Espagne. Accompagn\u00e9s de professeurs, les \u00e9tudiants ont pu visiter une vingtaine de sites g\u00e9ologiques. En effet, l\u2019Espagne a beaucoup \u00e0 [&hellip;]<\/p>\n","protected":false},"author":5,"featured_media":27805,"comment_status":"open","ping_status":"open","sticky":false,"template":"","format":"standard","meta":{"footnotes":""},"categories":[2],"tags":[21,1451,415,417,1327,297,1305,1181],"yoast_head":"<!-- This site is optimized with the Yoast SEO plugin v24.2 - https:\/\/yoast.com\/wordpress\/plugins\/seo\/ -->\r\n<title>Des \u00e9tudiants de cycles sup\u00e9rieurs en sciences de la Terre r\u00e9alisent une excursion g\u00e9ologique en Espagne - UQACtualit\u00e9s<\/title>\r\n<meta name=\"robots\" content=\"index, follow, max-snippet:-1, max-image-preview:large, max-video-preview:-1\" \/>\r\n<link rel=\"canonical\" href=\"https:\/\/www.uqac.ca\/uqactualites\/2014\/05\/28\/des-etudiants-de-cycles-superieurs-en-sciences-de-la-terre-realisent-une-excursion-geologique-en-espagne\/\" \/>\r\n<meta property=\"og:locale\" content=\"fr_CA\" \/>\r\n<meta property=\"og:type\" content=\"article\" \/>\r\n<meta property=\"og:title\" content=\"Des \u00e9tudiants de cycles sup\u00e9rieurs en sciences de la Terre r\u00e9alisent une excursion g\u00e9ologique en Espagne - UQACtualit\u00e9s\" \/>\r\n<meta property=\"og:description\" content=\"Du 3 au 16 mai derniers, des \u00e9tudiants \u00e0 la ma\u00eetrise en g\u00e9ologie et g\u00e9nie g\u00e9ologique ainsi qu\u2019au doctorat en sciences de la Terre et de l\u2019atmosph\u00e8re de l\u2019UQAC ont effectu\u00e9 une excursion g\u00e9ologique en Espagne. Accompagn\u00e9s de professeurs, les \u00e9tudiants ont pu visiter une vingtaine de sites g\u00e9ologiques. En effet, l\u2019Espagne a beaucoup \u00e0 [&hellip;]\" \/>\r\n<meta property=\"og:url\" content=\"https:\/\/www.uqac.ca\/uqactualites\/2014\/05\/28\/des-etudiants-de-cycles-superieurs-en-sciences-de-la-terre-realisent-une-excursion-geologique-en-espagne\/\" \/>\r\n<meta property=\"og:site_name\" content=\"UQACtualit\u00e9s\" \/>\r\n<meta property=\"article:published_time\" content=\"2014-05-28T15:42:47+00:00\" \/>\r\n<meta property=\"og:image\" content=\"https:\/\/www.uqac.ca\/uqactualites\/wp-content\/uploads\/2014\/05\/Groupe-excursion-Espagne-Web-\u00a9Damien-Gaboury.jpg\" \/>\r\n\t<meta property=\"og:image:width\" content=\"620\" \/>\r\n\t<meta property=\"og:image:height\" content=\"300\" \/>\r\n\t<meta property=\"og:image:type\" content=\"image\/jpeg\" \/>\r\n<meta name=\"author\" content=\"Service des communications et des relations publiques\" \/>\r\n<meta name=\"twitter:card\" content=\"summary_large_image\" \/>\r\n<meta name=\"twitter:label1\" content=\"\u00c9crit par\" \/>\n\t<meta name=\"twitter:data1\" content=\"Service des communications et des relations publiques\" \/>\n\t<meta name=\"twitter:label2\" content=\"Estimation du temps de lecture\" \/>\n\t<meta name=\"twitter:data2\" content=\"2 minutes\" \/>\r\n<script type=\"application\/ld+json\" class=\"yoast-schema-graph\">{\"@context\":\"https:\/\/schema.org\",\"@graph\":[{\"@type\":\"WebPage\",\"@id\":\"https:\/\/www.uqac.ca\/uqactualites\/2014\/05\/28\/des-etudiants-de-cycles-superieurs-en-sciences-de-la-terre-realisent-une-excursion-geologique-en-espagne\/\",\"url\":\"https:\/\/www.uqac.ca\/uqactualites\/2014\/05\/28\/des-etudiants-de-cycles-superieurs-en-sciences-de-la-terre-realisent-une-excursion-geologique-en-espagne\/\",\"name\":\"Des \u00e9tudiants de cycles sup\u00e9rieurs en sciences de la Terre r\u00e9alisent une excursion g\u00e9ologique en Espagne - UQACtualit\u00e9s\",\"isPartOf\":{\"@id\":\"https:\/\/www.uqac.ca\/uqactualites\/#website\"},\"primaryImageOfPage\":{\"@id\":\"https:\/\/www.uqac.ca\/uqactualites\/2014\/05\/28\/des-etudiants-de-cycles-superieurs-en-sciences-de-la-terre-realisent-une-excursion-geologique-en-espagne\/#primaryimage\"},\"image\":{\"@id\":\"https:\/\/www.uqac.ca\/uqactualites\/2014\/05\/28\/des-etudiants-de-cycles-superieurs-en-sciences-de-la-terre-realisent-une-excursion-geologique-en-espagne\/#primaryimage\"},\"thumbnailUrl\":\"https:\/\/www.uqac.ca\/uqactualites\/wp-content\/uploads\/2014\/05\/Groupe-excursion-Espagne-Web-\u00a9Damien-Gaboury.jpg\",\"datePublished\":\"2014-05-28T15:42:47+00:00\",\"dateModified\":\"2014-05-28T15:42:47+00:00\",\"author\":{\"@id\":\"https:\/\/www.uqac.ca\/uqactualites\/#\/schema\/person\/366c45a0c4f0e677b41b4af5886e2018\"},\"breadcrumb\":{\"@id\":\"https:\/\/www.uqac.ca\/uqactualites\/2014\/05\/28\/des-etudiants-de-cycles-superieurs-en-sciences-de-la-terre-realisent-une-excursion-geologique-en-espagne\/#breadcrumb\"},\"inLanguage\":\"fr-CA\",\"potentialAction\":[{\"@type\":\"ReadAction\",\"target\":[\"https:\/\/www.uqac.ca\/uqactualites\/2014\/05\/28\/des-etudiants-de-cycles-superieurs-en-sciences-de-la-terre-realisent-une-excursion-geologique-en-espagne\/\"]}]},{\"@type\":\"ImageObject\",\"inLanguage\":\"fr-CA\",\"@id\":\"https:\/\/www.uqac.ca\/uqactualites\/2014\/05\/28\/des-etudiants-de-cycles-superieurs-en-sciences-de-la-terre-realisent-une-excursion-geologique-en-espagne\/#primaryimage\",\"url\":\"https:\/\/www.uqac.ca\/uqactualites\/wp-content\/uploads\/2014\/05\/Groupe-excursion-Espagne-Web-\u00a9Damien-Gaboury.jpg\",\"contentUrl\":\"https:\/\/www.uqac.ca\/uqactualites\/wp-content\/uploads\/2014\/05\/Groupe-excursion-Espagne-Web-\u00a9Damien-Gaboury.jpg\",\"width\":620,\"height\":300},{\"@type\":\"BreadcrumbList\",\"@id\":\"https:\/\/www.uqac.ca\/uqactualites\/2014\/05\/28\/des-etudiants-de-cycles-superieurs-en-sciences-de-la-terre-realisent-une-excursion-geologique-en-espagne\/#breadcrumb\",\"itemListElement\":[{\"@type\":\"ListItem\",\"position\":1,\"name\":\"Home\",\"item\":\"https:\/\/www.uqac.ca\/uqactualites\/\"},{\"@type\":\"ListItem\",\"position\":2,\"name\":\"Des \u00e9tudiants de cycles sup\u00e9rieurs en sciences de la Terre r\u00e9alisent une excursion g\u00e9ologique en Espagne\"}]},{\"@type\":\"WebSite\",\"@id\":\"https:\/\/www.uqac.ca\/uqactualites\/#website\",\"url\":\"https:\/\/www.uqac.ca\/uqactualites\/\",\"name\":\"UQACtualit\u00e9s\",\"description\":\"Le portail des nouvelles de l&#039;UQAC\",\"potentialAction\":[{\"@type\":\"SearchAction\",\"target\":{\"@type\":\"EntryPoint\",\"urlTemplate\":\"https:\/\/www.uqac.ca\/uqactualites\/?s={search_term_string}\"},\"query-input\":{\"@type\":\"PropertyValueSpecification\",\"valueRequired\":true,\"valueName\":\"search_term_string\"}}],\"inLanguage\":\"fr-CA\"},{\"@type\":\"Person\",\"@id\":\"https:\/\/www.uqac.ca\/uqactualites\/#\/schema\/person\/366c45a0c4f0e677b41b4af5886e2018\",\"name\":\"Service des communications et des relations publiques\",\"image\":{\"@type\":\"ImageObject\",\"inLanguage\":\"fr-CA\",\"@id\":\"https:\/\/www.uqac.ca\/uqactualites\/#\/schema\/person\/image\/\",\"url\":\"https:\/\/secure.gravatar.com\/avatar\/20fbbda8a292f59f2d3461a5b999c00b?s=96&d=mm&r=g\",\"contentUrl\":\"https:\/\/secure.gravatar.com\/avatar\/20fbbda8a292f59f2d3461a5b999c00b?s=96&d=mm&r=g\",\"caption\":\"Service des communications et des relations publiques\"},\"url\":\"https:\/\/www.uqac.ca\/uqactualites\/author\/bap\/\"}]}<\/script>\r\n<!-- \/ Yoast SEO plugin. -->","yoast_head_json":{"title":"Des \u00e9tudiants de cycles sup\u00e9rieurs en sciences de la Terre r\u00e9alisent une excursion g\u00e9ologique en Espagne - UQACtualit\u00e9s","robots":{"index":"index","follow":"follow","max-snippet":"max-snippet:-1","max-image-preview":"max-image-preview:large","max-video-preview":"max-video-preview:-1"},"canonical":"https:\/\/www.uqac.ca\/uqactualites\/2014\/05\/28\/des-etudiants-de-cycles-superieurs-en-sciences-de-la-terre-realisent-une-excursion-geologique-en-espagne\/","og_locale":"fr_CA","og_type":"article","og_title":"Des \u00e9tudiants de cycles sup\u00e9rieurs en sciences de la Terre r\u00e9alisent une excursion g\u00e9ologique en Espagne - UQACtualit\u00e9s","og_description":"Du 3 au 16 mai derniers, des \u00e9tudiants \u00e0 la ma\u00eetrise en g\u00e9ologie et g\u00e9nie g\u00e9ologique ainsi qu\u2019au doctorat en sciences de la Terre et de l\u2019atmosph\u00e8re de l\u2019UQAC ont effectu\u00e9 une excursion g\u00e9ologique en Espagne. Accompagn\u00e9s de professeurs, les \u00e9tudiants ont pu visiter une vingtaine de sites g\u00e9ologiques. En effet, l\u2019Espagne a beaucoup \u00e0 [&hellip;]","og_url":"https:\/\/www.uqac.ca\/uqactualites\/2014\/05\/28\/des-etudiants-de-cycles-superieurs-en-sciences-de-la-terre-realisent-une-excursion-geologique-en-espagne\/","og_site_name":"UQACtualit\u00e9s","article_published_time":"2014-05-28T15:42:47+00:00","og_image":[{"width":620,"height":300,"url":"https:\/\/www.uqac.ca\/uqactualites\/wp-content\/uploads\/2014\/05\/Groupe-excursion-Espagne-Web-\u00a9Damien-Gaboury.jpg","type":"image\/jpeg"}],"author":"Service des communications et des relations publiques","twitter_card":"summary_large_image","twitter_misc":{"\u00c9crit par":"Service des communications et des relations publiques","Estimation du temps de lecture":"2 minutes"},"schema":{"@context":"https:\/\/schema.org","@graph":[{"@type":"WebPage","@id":"https:\/\/www.uqac.ca\/uqactualites\/2014\/05\/28\/des-etudiants-de-cycles-superieurs-en-sciences-de-la-terre-realisent-une-excursion-geologique-en-espagne\/","url":"https:\/\/www.uqac.ca\/uqactualites\/2014\/05\/28\/des-etudiants-de-cycles-superieurs-en-sciences-de-la-terre-realisent-une-excursion-geologique-en-espagne\/","name":"Des \u00e9tudiants de cycles sup\u00e9rieurs en sciences de la Terre r\u00e9alisent une excursion g\u00e9ologique en Espagne - UQACtualit\u00e9s","isPartOf":{"@id":"https:\/\/www.uqac.ca\/uqactualites\/#website"},"primaryImageOfPage":{"@id":"https:\/\/www.uqac.ca\/uqactualites\/2014\/05\/28\/des-etudiants-de-cycles-superieurs-en-sciences-de-la-terre-realisent-une-excursion-geologique-en-espagne\/#primaryimage"},"image":{"@id":"https:\/\/www.uqac.ca\/uqactualites\/2014\/05\/28\/des-etudiants-de-cycles-superieurs-en-sciences-de-la-terre-realisent-une-excursion-geologique-en-espagne\/#primaryimage"},"thumbnailUrl":"https:\/\/www.uqac.ca\/uqactualites\/wp-content\/uploads\/2014\/05\/Groupe-excursion-Espagne-Web-\u00a9Damien-Gaboury.jpg","datePublished":"2014-05-28T15:42:47+00:00","dateModified":"2014-05-28T15:42:47+00:00","author":{"@id":"https:\/\/www.uqac.ca\/uqactualites\/#\/schema\/person\/366c45a0c4f0e677b41b4af5886e2018"},"breadcrumb":{"@id":"https:\/\/www.uqac.ca\/uqactualites\/2014\/05\/28\/des-etudiants-de-cycles-superieurs-en-sciences-de-la-terre-realisent-une-excursion-geologique-en-espagne\/#breadcrumb"},"inLanguage":"fr-CA","potentialAction":[{"@type":"ReadAction","target":["https:\/\/www.uqac.ca\/uqactualites\/2014\/05\/28\/des-etudiants-de-cycles-superieurs-en-sciences-de-la-terre-realisent-une-excursion-geologique-en-espagne\/"]}]},{"@type":"ImageObject","inLanguage":"fr-CA","@id":"https:\/\/www.uqac.ca\/uqactualites\/2014\/05\/28\/des-etudiants-de-cycles-superieurs-en-sciences-de-la-terre-realisent-une-excursion-geologique-en-espagne\/#primaryimage","url":"https:\/\/www.uqac.ca\/uqactualites\/wp-content\/uploads\/2014\/05\/Groupe-excursion-Espagne-Web-\u00a9Damien-Gaboury.jpg","contentUrl":"https:\/\/www.uqac.ca\/uqactualites\/wp-content\/uploads\/2014\/05\/Groupe-excursion-Espagne-Web-\u00a9Damien-Gaboury.jpg","width":620,"height":300},{"@type":"BreadcrumbList","@id":"https:\/\/www.uqac.ca\/uqactualites\/2014\/05\/28\/des-etudiants-de-cycles-superieurs-en-sciences-de-la-terre-realisent-une-excursion-geologique-en-espagne\/#breadcrumb","itemListElement":[{"@type":"ListItem","position":1,"name":"Home","item":"https:\/\/www.uqac.ca\/uqactualites\/"},{"@type":"ListItem","position":2,"name":"Des \u00e9tudiants de cycles sup\u00e9rieurs en sciences de la Terre r\u00e9alisent une excursion g\u00e9ologique en Espagne"}]},{"@type":"WebSite","@id":"https:\/\/www.uqac.ca\/uqactualites\/#website","url":"https:\/\/www.uqac.ca\/uqactualites\/","name":"UQACtualit\u00e9s","description":"Le portail des nouvelles de l&#039;UQAC","potentialAction":[{"@type":"SearchAction","target":{"@type":"EntryPoint","urlTemplate":"https:\/\/www.uqac.ca\/uqactualites\/?s={search_term_string}"},"query-input":{"@type":"PropertyValueSpecification","valueRequired":true,"valueName":"search_term_string"}}],"inLanguage":"fr-CA"},{"@type":"Person","@id":"https:\/\/www.uqac.ca\/uqactualites\/#\/schema\/person\/366c45a0c4f0e677b41b4af5886e2018","name":"Service des communications et des relations publiques","image":{"@type":"ImageObject","inLanguage":"fr-CA","@id":"https:\/\/www.uqac.ca\/uqactualites\/#\/schema\/person\/image\/","url":"https:\/\/secure.gravatar.com\/avatar\/20fbbda8a292f59f2d3461a5b999c00b?s=96&d=mm&r=g","contentUrl":"https:\/\/secure.gravatar.com\/avatar\/20fbbda8a292f59f2d3461a5b999c00b?s=96&d=mm&r=g","caption":"Service des communications et des relations publiques"},"url":"https:\/\/www.uqac.ca\/uqactualites\/author\/bap\/"}]}},"_links":{"self":[{"href":"https:\/\/www.uqac.ca\/uqactualites\/wp-json\/wp\/v2\/posts\/27804"}],"collection":[{"href":"https:\/\/www.uqac.ca\/uqactualites\/wp-json\/wp\/v2\/posts"}],"about":[{"href":"https:\/\/www.uqac.ca\/uqactualites\/wp-json\/wp\/v2\/types\/post"}],"author":[{"embeddable":true,"href":"https:\/\/www.uqac.ca\/uqactualites\/wp-json\/wp\/v2\/users\/5"}],"replies":[{"embeddable":true,"href":"https:\/\/www.uqac.ca\/uqactualites\/wp-json\/wp\/v2\/comments?post=27804"}],"version-history":[{"count":0,"href":"https:\/\/www.uqac.ca\/uqactualites\/wp-json\/wp\/v2\/posts\/27804\/revisions"}],"wp:featuredmedia":[{"embeddable":true,"href":"https:\/\/www.uqac.ca\/uqactualites\/wp-json\/wp\/v2\/media\/27805"}],"wp:attachment":[{"href":"https:\/\/www.uqac.ca\/uqactualites\/wp-json\/wp\/v2\/media?parent=27804"}],"wp:term":[{"taxonomy":"category","embeddable":true,"href":"https:\/\/www.uqac.ca\/uqactualites\/wp-json\/wp\/v2\/categories?post=27804"},{"taxonomy":"post_tag","embeddable":true,"href":"https:\/\/www.uqac.ca\/uqactualites\/wp-json\/wp\/v2\/tags?post=27804"}],"curies":[{"name":"wp","href":"https:\/\/api.w.org\/{rel}","templated":true}]}}