{"id":27851,"date":"2014-06-12T09:32:39","date_gmt":"2014-06-12T13:32:39","guid":{"rendered":"http:\/\/uqactualite.odev.ca\/?p=27851"},"modified":"2014-06-12T09:32:39","modified_gmt":"2014-06-12T13:32:39","slug":"spectacle-aerien-a-bagotville-fermeture-du-stationnement-ouest","status":"publish","type":"post","link":"https:\/\/www.uqac.ca\/uqactualites\/2014\/06\/12\/spectacle-aerien-a-bagotville-fermeture-du-stationnement-ouest\/","title":{"rendered":"Spectacle a\u00e9rien \u00e0 Bagotville : Fermeture du stationnement ouest"},"content":{"rendered":"<p style=\"text-align: justify\">Le Service des immeubles et \u00e9quipements avise la communaut\u00e9 universitaire que dans le cadre du Spectacle a\u00e9rien \u00e0 Bagotville, l\u2019UQAC mettra \u00e0 la disposition de la ville de Saguenay son stationnement ouest, qui sera alors utilis\u00e9 pour faciliter l\u2019organisation d\u2019un syst\u00e8me gratuit de navette vers La Baie\u00a0:<\/p>\n<p style=\"text-align: center\" align=\"center\"><span style=\"color: #5b7411\"><b>Mercredi 18 juin 2014\u00a0 <\/b><b>\u25aa<\/b><b>\u00a0 15 h \u00e0 21 h<\/b><\/span><\/p>\n<p style=\"text-align: justify\">Les usagers du stationnement ouest seront ainsi invit\u00e9s \u00e0 utiliser les autres stationnements de l\u2019Universit\u00e9 lors de l\u2019apr\u00e8s-midi du 18 juin. Il est \u00e0 noter que le stationnement du Pavillon de m\u00e9decine et des sciences de la sant\u00e9 sera accessible.<\/p>\n<p style=\"text-align: justify\">Nous vous remercions pour votre collaboration.<b><\/b><\/p>\n<p style=\"text-align: justify\"><b><br \/>\nRenseignements\u00a0:<br \/>\n<\/b>Lyne Girard, responsable des services auxiliaires et activit\u00e9s universitaires<br \/>\nService des immeubles et \u00e9quipements<br \/>\nUniversit\u00e9 du Qu\u00e9bec \u00e0 Chicoutimi<br \/>\n418 545-5011, poste\u00a02103\u00a0 \u25aa\u00a0 <span style=\"color: #5b7411\"><a href=\"mailto:lyne_girard@uqac.ca\"><span style=\"color: #5b7411\">lyne_girard@uqac.ca<\/span><\/a><\/span><\/p>\n","protected":false},"excerpt":{"rendered":"<p>Le Service des immeubles et \u00e9quipements avise la communaut\u00e9 universitaire que dans le cadre du Spectacle a\u00e9rien \u00e0 Bagotville, l\u2019UQAC mettra \u00e0 la disposition de la ville de Saguenay son stationnement ouest, qui sera alors utilis\u00e9 pour faciliter l\u2019organisation d\u2019un syst\u00e8me gratuit de navette vers La Baie\u00a0: Mercredi 18 juin 2014\u00a0 \u25aa\u00a0 15 h \u00e0 [&hellip;]<\/p>\n","protected":false},"author":5,"featured_media":20987,"comment_status":"open","ping_status":"open","sticky":false,"template":"","format":"standard","meta":{"footnotes":""},"categories":[2772],"tags":[1481,1482,1483,1038,716,1484],"yoast_head":"<!-- This site is optimized with the Yoast SEO plugin v24.2 - https:\/\/yoast.com\/wordpress\/plugins\/seo\/ -->\r\n<title>Spectacle a\u00e9rien \u00e0 Bagotville : Fermeture du stationnement ouest - UQACtualit\u00e9s<\/title>\r\n<meta name=\"robots\" content=\"index, follow, max-snippet:-1, max-image-preview:large, max-video-preview:-1\" \/>\r\n<link rel=\"canonical\" href=\"https:\/\/www.uqac.ca\/uqactualites\/2014\/06\/12\/spectacle-aerien-a-bagotville-fermeture-du-stationnement-ouest\/\" \/>\r\n<meta property=\"og:locale\" content=\"fr_CA\" \/>\r\n<meta property=\"og:type\" content=\"article\" \/>\r\n<meta property=\"og:title\" content=\"Spectacle a\u00e9rien \u00e0 Bagotville : Fermeture du stationnement ouest - UQACtualit\u00e9s\" \/>\r\n<meta property=\"og:description\" content=\"Le Service des immeubles et \u00e9quipements avise la communaut\u00e9 universitaire que dans le cadre du Spectacle a\u00e9rien \u00e0 Bagotville, l\u2019UQAC mettra \u00e0 la disposition de la ville de Saguenay son stationnement ouest, qui sera alors utilis\u00e9 pour faciliter l\u2019organisation d\u2019un syst\u00e8me gratuit de navette vers La Baie\u00a0: Mercredi 18 juin 2014\u00a0 \u25aa\u00a0 15 h \u00e0 [&hellip;]\" \/>\r\n<meta property=\"og:url\" content=\"https:\/\/www.uqac.ca\/uqactualites\/2014\/06\/12\/spectacle-aerien-a-bagotville-fermeture-du-stationnement-ouest\/\" \/>\r\n<meta property=\"og:site_name\" content=\"UQACtualit\u00e9s\" \/>\r\n<meta property=\"article:published_time\" content=\"2014-06-12T13:32:39+00:00\" \/>\r\n<meta property=\"og:image\" content=\"https:\/\/www.uqac.ca\/uqactualites\/wp-content\/uploads\/2012\/05\/avis-important.jpg\" \/>\r\n\t<meta property=\"og:image:width\" content=\"620\" \/>\r\n\t<meta property=\"og:image:height\" content=\"300\" \/>\r\n\t<meta property=\"og:image:type\" content=\"image\/jpeg\" \/>\r\n<meta name=\"author\" content=\"Service des communications et des relations publiques\" \/>\r\n<meta name=\"twitter:card\" content=\"summary_large_image\" \/>\r\n<meta name=\"twitter:label1\" content=\"\u00c9crit par\" \/>\n\t<meta name=\"twitter:data1\" content=\"Service des communications et des relations publiques\" \/>\n\t<meta name=\"twitter:label2\" content=\"Estimation du temps de lecture\" \/>\n\t<meta name=\"twitter:data2\" content=\"1 minute\" \/>\r\n<script type=\"application\/ld+json\" class=\"yoast-schema-graph\">{\"@context\":\"https:\/\/schema.org\",\"@graph\":[{\"@type\":\"WebPage\",\"@id\":\"https:\/\/www.uqac.ca\/uqactualites\/2014\/06\/12\/spectacle-aerien-a-bagotville-fermeture-du-stationnement-ouest\/\",\"url\":\"https:\/\/www.uqac.ca\/uqactualites\/2014\/06\/12\/spectacle-aerien-a-bagotville-fermeture-du-stationnement-ouest\/\",\"name\":\"Spectacle a\u00e9rien \u00e0 Bagotville : Fermeture du stationnement ouest - UQACtualit\u00e9s\",\"isPartOf\":{\"@id\":\"https:\/\/www.uqac.ca\/uqactualites\/#website\"},\"primaryImageOfPage\":{\"@id\":\"https:\/\/www.uqac.ca\/uqactualites\/2014\/06\/12\/spectacle-aerien-a-bagotville-fermeture-du-stationnement-ouest\/#primaryimage\"},\"image\":{\"@id\":\"https:\/\/www.uqac.ca\/uqactualites\/2014\/06\/12\/spectacle-aerien-a-bagotville-fermeture-du-stationnement-ouest\/#primaryimage\"},\"thumbnailUrl\":\"https:\/\/www.uqac.ca\/uqactualites\/wp-content\/uploads\/2012\/05\/avis-important.jpg\",\"datePublished\":\"2014-06-12T13:32:39+00:00\",\"dateModified\":\"2014-06-12T13:32:39+00:00\",\"author\":{\"@id\":\"https:\/\/www.uqac.ca\/uqactualites\/#\/schema\/person\/366c45a0c4f0e677b41b4af5886e2018\"},\"breadcrumb\":{\"@id\":\"https:\/\/www.uqac.ca\/uqactualites\/2014\/06\/12\/spectacle-aerien-a-bagotville-fermeture-du-stationnement-ouest\/#breadcrumb\"},\"inLanguage\":\"fr-CA\",\"potentialAction\":[{\"@type\":\"ReadAction\",\"target\":[\"https:\/\/www.uqac.ca\/uqactualites\/2014\/06\/12\/spectacle-aerien-a-bagotville-fermeture-du-stationnement-ouest\/\"]}]},{\"@type\":\"ImageObject\",\"inLanguage\":\"fr-CA\",\"@id\":\"https:\/\/www.uqac.ca\/uqactualites\/2014\/06\/12\/spectacle-aerien-a-bagotville-fermeture-du-stationnement-ouest\/#primaryimage\",\"url\":\"https:\/\/www.uqac.ca\/uqactualites\/wp-content\/uploads\/2012\/05\/avis-important.jpg\",\"contentUrl\":\"https:\/\/www.uqac.ca\/uqactualites\/wp-content\/uploads\/2012\/05\/avis-important.jpg\",\"width\":620,\"height\":300},{\"@type\":\"BreadcrumbList\",\"@id\":\"https:\/\/www.uqac.ca\/uqactualites\/2014\/06\/12\/spectacle-aerien-a-bagotville-fermeture-du-stationnement-ouest\/#breadcrumb\",\"itemListElement\":[{\"@type\":\"ListItem\",\"position\":1,\"name\":\"Home\",\"item\":\"https:\/\/www.uqac.ca\/uqactualites\/\"},{\"@type\":\"ListItem\",\"position\":2,\"name\":\"Spectacle a\u00e9rien \u00e0 Bagotville : Fermeture du stationnement ouest\"}]},{\"@type\":\"WebSite\",\"@id\":\"https:\/\/www.uqac.ca\/uqactualites\/#website\",\"url\":\"https:\/\/www.uqac.ca\/uqactualites\/\",\"name\":\"UQACtualit\u00e9s\",\"description\":\"Le portail des nouvelles de l&#039;UQAC\",\"potentialAction\":[{\"@type\":\"SearchAction\",\"target\":{\"@type\":\"EntryPoint\",\"urlTemplate\":\"https:\/\/www.uqac.ca\/uqactualites\/?s={search_term_string}\"},\"query-input\":{\"@type\":\"PropertyValueSpecification\",\"valueRequired\":true,\"valueName\":\"search_term_string\"}}],\"inLanguage\":\"fr-CA\"},{\"@type\":\"Person\",\"@id\":\"https:\/\/www.uqac.ca\/uqactualites\/#\/schema\/person\/366c45a0c4f0e677b41b4af5886e2018\",\"name\":\"Service des communications et des relations publiques\",\"image\":{\"@type\":\"ImageObject\",\"inLanguage\":\"fr-CA\",\"@id\":\"https:\/\/www.uqac.ca\/uqactualites\/#\/schema\/person\/image\/\",\"url\":\"https:\/\/secure.gravatar.com\/avatar\/20fbbda8a292f59f2d3461a5b999c00b?s=96&d=mm&r=g\",\"contentUrl\":\"https:\/\/secure.gravatar.com\/avatar\/20fbbda8a292f59f2d3461a5b999c00b?s=96&d=mm&r=g\",\"caption\":\"Service des communications et des relations publiques\"},\"url\":\"https:\/\/www.uqac.ca\/uqactualites\/author\/bap\/\"}]}<\/script>\r\n<!-- \/ Yoast SEO plugin. -->","yoast_head_json":{"title":"Spectacle a\u00e9rien \u00e0 Bagotville : Fermeture du stationnement ouest - UQACtualit\u00e9s","robots":{"index":"index","follow":"follow","max-snippet":"max-snippet:-1","max-image-preview":"max-image-preview:large","max-video-preview":"max-video-preview:-1"},"canonical":"https:\/\/www.uqac.ca\/uqactualites\/2014\/06\/12\/spectacle-aerien-a-bagotville-fermeture-du-stationnement-ouest\/","og_locale":"fr_CA","og_type":"article","og_title":"Spectacle a\u00e9rien \u00e0 Bagotville : Fermeture du stationnement ouest - UQACtualit\u00e9s","og_description":"Le Service des immeubles et \u00e9quipements avise la communaut\u00e9 universitaire que dans le cadre du Spectacle a\u00e9rien \u00e0 Bagotville, l\u2019UQAC mettra \u00e0 la disposition de la ville de Saguenay son stationnement ouest, qui sera alors utilis\u00e9 pour faciliter l\u2019organisation d\u2019un syst\u00e8me gratuit de navette vers La Baie\u00a0: Mercredi 18 juin 2014\u00a0 \u25aa\u00a0 15 h \u00e0 [&hellip;]","og_url":"https:\/\/www.uqac.ca\/uqactualites\/2014\/06\/12\/spectacle-aerien-a-bagotville-fermeture-du-stationnement-ouest\/","og_site_name":"UQACtualit\u00e9s","article_published_time":"2014-06-12T13:32:39+00:00","og_image":[{"width":620,"height":300,"url":"https:\/\/www.uqac.ca\/uqactualites\/wp-content\/uploads\/2012\/05\/avis-important.jpg","type":"image\/jpeg"}],"author":"Service des communications et des relations publiques","twitter_card":"summary_large_image","twitter_misc":{"\u00c9crit par":"Service des communications et des relations publiques","Estimation du temps de lecture":"1 minute"},"schema":{"@context":"https:\/\/schema.org","@graph":[{"@type":"WebPage","@id":"https:\/\/www.uqac.ca\/uqactualites\/2014\/06\/12\/spectacle-aerien-a-bagotville-fermeture-du-stationnement-ouest\/","url":"https:\/\/www.uqac.ca\/uqactualites\/2014\/06\/12\/spectacle-aerien-a-bagotville-fermeture-du-stationnement-ouest\/","name":"Spectacle a\u00e9rien \u00e0 Bagotville : Fermeture du stationnement ouest - UQACtualit\u00e9s","isPartOf":{"@id":"https:\/\/www.uqac.ca\/uqactualites\/#website"},"primaryImageOfPage":{"@id":"https:\/\/www.uqac.ca\/uqactualites\/2014\/06\/12\/spectacle-aerien-a-bagotville-fermeture-du-stationnement-ouest\/#primaryimage"},"image":{"@id":"https:\/\/www.uqac.ca\/uqactualites\/2014\/06\/12\/spectacle-aerien-a-bagotville-fermeture-du-stationnement-ouest\/#primaryimage"},"thumbnailUrl":"https:\/\/www.uqac.ca\/uqactualites\/wp-content\/uploads\/2012\/05\/avis-important.jpg","datePublished":"2014-06-12T13:32:39+00:00","dateModified":"2014-06-12T13:32:39+00:00","author":{"@id":"https:\/\/www.uqac.ca\/uqactualites\/#\/schema\/person\/366c45a0c4f0e677b41b4af5886e2018"},"breadcrumb":{"@id":"https:\/\/www.uqac.ca\/uqactualites\/2014\/06\/12\/spectacle-aerien-a-bagotville-fermeture-du-stationnement-ouest\/#breadcrumb"},"inLanguage":"fr-CA","potentialAction":[{"@type":"ReadAction","target":["https:\/\/www.uqac.ca\/uqactualites\/2014\/06\/12\/spectacle-aerien-a-bagotville-fermeture-du-stationnement-ouest\/"]}]},{"@type":"ImageObject","inLanguage":"fr-CA","@id":"https:\/\/www.uqac.ca\/uqactualites\/2014\/06\/12\/spectacle-aerien-a-bagotville-fermeture-du-stationnement-ouest\/#primaryimage","url":"https:\/\/www.uqac.ca\/uqactualites\/wp-content\/uploads\/2012\/05\/avis-important.jpg","contentUrl":"https:\/\/www.uqac.ca\/uqactualites\/wp-content\/uploads\/2012\/05\/avis-important.jpg","width":620,"height":300},{"@type":"BreadcrumbList","@id":"https:\/\/www.uqac.ca\/uqactualites\/2014\/06\/12\/spectacle-aerien-a-bagotville-fermeture-du-stationnement-ouest\/#breadcrumb","itemListElement":[{"@type":"ListItem","position":1,"name":"Home","item":"https:\/\/www.uqac.ca\/uqactualites\/"},{"@type":"ListItem","position":2,"name":"Spectacle a\u00e9rien \u00e0 Bagotville : Fermeture du stationnement ouest"}]},{"@type":"WebSite","@id":"https:\/\/www.uqac.ca\/uqactualites\/#website","url":"https:\/\/www.uqac.ca\/uqactualites\/","name":"UQACtualit\u00e9s","description":"Le portail des nouvelles de l&#039;UQAC","potentialAction":[{"@type":"SearchAction","target":{"@type":"EntryPoint","urlTemplate":"https:\/\/www.uqac.ca\/uqactualites\/?s={search_term_string}"},"query-input":{"@type":"PropertyValueSpecification","valueRequired":true,"valueName":"search_term_string"}}],"inLanguage":"fr-CA"},{"@type":"Person","@id":"https:\/\/www.uqac.ca\/uqactualites\/#\/schema\/person\/366c45a0c4f0e677b41b4af5886e2018","name":"Service des communications et des relations publiques","image":{"@type":"ImageObject","inLanguage":"fr-CA","@id":"https:\/\/www.uqac.ca\/uqactualites\/#\/schema\/person\/image\/","url":"https:\/\/secure.gravatar.com\/avatar\/20fbbda8a292f59f2d3461a5b999c00b?s=96&d=mm&r=g","contentUrl":"https:\/\/secure.gravatar.com\/avatar\/20fbbda8a292f59f2d3461a5b999c00b?s=96&d=mm&r=g","caption":"Service des communications et des relations publiques"},"url":"https:\/\/www.uqac.ca\/uqactualites\/author\/bap\/"}]}},"_links":{"self":[{"href":"https:\/\/www.uqac.ca\/uqactualites\/wp-json\/wp\/v2\/posts\/27851"}],"collection":[{"href":"https:\/\/www.uqac.ca\/uqactualites\/wp-json\/wp\/v2\/posts"}],"about":[{"href":"https:\/\/www.uqac.ca\/uqactualites\/wp-json\/wp\/v2\/types\/post"}],"author":[{"embeddable":true,"href":"https:\/\/www.uqac.ca\/uqactualites\/wp-json\/wp\/v2\/users\/5"}],"replies":[{"embeddable":true,"href":"https:\/\/www.uqac.ca\/uqactualites\/wp-json\/wp\/v2\/comments?post=27851"}],"version-history":[{"count":0,"href":"https:\/\/www.uqac.ca\/uqactualites\/wp-json\/wp\/v2\/posts\/27851\/revisions"}],"wp:featuredmedia":[{"embeddable":true,"href":"https:\/\/www.uqac.ca\/uqactualites\/wp-json\/wp\/v2\/media\/20987"}],"wp:attachment":[{"href":"https:\/\/www.uqac.ca\/uqactualites\/wp-json\/wp\/v2\/media?parent=27851"}],"wp:term":[{"taxonomy":"category","embeddable":true,"href":"https:\/\/www.uqac.ca\/uqactualites\/wp-json\/wp\/v2\/categories?post=27851"},{"taxonomy":"post_tag","embeddable":true,"href":"https:\/\/www.uqac.ca\/uqactualites\/wp-json\/wp\/v2\/tags?post=27851"}],"curies":[{"name":"wp","href":"https:\/\/api.w.org\/{rel}","templated":true}]}}