{"id":27859,"date":"2014-06-18T11:19:51","date_gmt":"2014-06-18T15:19:51","guid":{"rendered":"http:\/\/uqactualite.odev.ca\/?p=27859"},"modified":"2014-06-18T11:19:51","modified_gmt":"2014-06-18T15:19:51","slug":"anne-catherine-pedneault-laureate-nationale-du-concours-chapeau-les-filles","status":"publish","type":"post","link":"https:\/\/www.uqac.ca\/uqactualites\/2014\/06\/18\/anne-catherine-pedneault-laureate-nationale-du-concours-chapeau-les-filles\/","title":{"rendered":"Anne-Catherine Pedneault, laur\u00e9ate nationale du concours \u00ab Chapeau, les filles! \u00bb"},"content":{"rendered":"<p style=\"text-align: justify\">\u00c9tudiante au <span style=\"color: #5b7411\"><a href=\"http:\/\/programmes.uqac.ca\/7947\" target=\"_blank\" rel=\"noopener\"><span style=\"color: #5b7411\">baccalaur\u00e9at en g\u00e9nie m\u00e9canique<\/span><\/a><\/span> de l\u2019UQAC, Anne-Catherine Pedneault a \u00e9t\u00e9 nomm\u00e9e laur\u00e9ate nationale du volet universitaire du concours \u00ab Chapeau, les filles! \u00bb. Elle a en effet obtenu le prix Excelle Science du minist\u00e8re de l\u2019\u00c9conomie, de l\u2019Innovation et des Exportations \u00e0 l\u2019occasion de ce concours, qui met de l\u2019avant le travail des femmes qui \u00e9tudient dans des programmes de formation menant \u00e0 l\u2019exercice d\u2019un m\u00e9tier traditionnellement masculin.<\/p>\n<p style=\"text-align: justify\">Toutes nos f\u00e9licitations!<\/p>\n<p>Pour consulter la fiche d\u2019Anne-Catherine, visitez le <span style=\"color: #5b7411\"><a href=\"http:\/\/www.mesrs.gouv.qc.ca\/?id=3483\" target=\"_blank\" rel=\"noopener\"><span style=\"color: #5b7411\"><b>site Web du concours<\/b><\/span><\/a><\/span>.<\/p>\n<p><b><br \/>\nSources\u00a0:<\/b><\/p>\n<p>Marie-Isabelle Farinas, professeure<br \/>\nD\u00e9partement des sciences appliqu\u00e9es<br \/>\nUniversit\u00e9 du Qu\u00e9bec \u00e0 Chicoutimi<br \/>\n418 545-5011, poste\u00a02584\u00a0 \u25aa\u00a0 <span style=\"color: #5b7411\"><a href=\"mailto:marie-isabelle_farinas@uqac.ca\"><span style=\"color: #5b7411\">marie-isabelle_farinas@uqac.ca<\/span><\/a><\/span><\/p>\n<p>Bureau des affaires publiques<br \/>\nUniversit\u00e9 du Qu\u00e9bec \u00e0 Chicoutimi<br \/>\n418\u00a0545-5011, poste\u00a02350\u00a0 \u25aa\u00a0 <span style=\"color: #5b7411\"><a href=\"mailto:affaires_publiques@uqac.ca\"><span style=\"color: #5b7411\">affaires_publiques@uqac.ca<\/span><\/a><\/span><\/p>\n<p><span style=\"color: #808080\"><b>_______________________________________________________________________________________<\/b><\/span><\/p>\n<p><span style=\"color: #808080\"><strong>Photo :<\/strong> Anne-Catherine Pedneault<\/span><br \/>\n<span style=\"color: #808080\"><strong>\u00a9Denis Blackburn, UQAC<\/strong><\/span><br \/>\n<span style=\"color: #808080\"> <b>_______________________________________________________________________________________<\/b><\/span><\/p>\n","protected":false},"excerpt":{"rendered":"<p>\u00c9tudiante au baccalaur\u00e9at en g\u00e9nie m\u00e9canique de l\u2019UQAC, Anne-Catherine Pedneault a \u00e9t\u00e9 nomm\u00e9e laur\u00e9ate nationale du volet universitaire du concours \u00ab Chapeau, les filles! \u00bb. Elle a en effet obtenu le prix Excelle Science du minist\u00e8re de l\u2019\u00c9conomie, de l\u2019Innovation et des Exportations \u00e0 l\u2019occasion de ce concours, qui met de l\u2019avant le travail des [&hellip;]<\/p>\n","protected":false},"author":5,"featured_media":27860,"comment_status":"open","ping_status":"open","sticky":false,"template":"","format":"standard","meta":{"footnotes":""},"categories":[2,9],"tags":[],"yoast_head":"<!-- This site is optimized with the Yoast SEO plugin v24.2 - https:\/\/yoast.com\/wordpress\/plugins\/seo\/ -->\r\n<title>Anne-Catherine Pedneault, laur\u00e9ate nationale du concours \u00ab Chapeau, les filles! \u00bb - UQACtualit\u00e9s<\/title>\r\n<meta name=\"robots\" content=\"index, follow, max-snippet:-1, max-image-preview:large, max-video-preview:-1\" \/>\r\n<link rel=\"canonical\" href=\"https:\/\/www.uqac.ca\/uqactualites\/2014\/06\/18\/anne-catherine-pedneault-laureate-nationale-du-concours-chapeau-les-filles\/\" \/>\r\n<meta property=\"og:locale\" content=\"fr_CA\" \/>\r\n<meta property=\"og:type\" content=\"article\" \/>\r\n<meta property=\"og:title\" content=\"Anne-Catherine Pedneault, laur\u00e9ate nationale du concours \u00ab Chapeau, les filles! \u00bb - UQACtualit\u00e9s\" \/>\r\n<meta property=\"og:description\" content=\"\u00c9tudiante au baccalaur\u00e9at en g\u00e9nie m\u00e9canique de l\u2019UQAC, Anne-Catherine Pedneault a \u00e9t\u00e9 nomm\u00e9e laur\u00e9ate nationale du volet universitaire du concours \u00ab Chapeau, les filles! \u00bb. Elle a en effet obtenu le prix Excelle Science du minist\u00e8re de l\u2019\u00c9conomie, de l\u2019Innovation et des Exportations \u00e0 l\u2019occasion de ce concours, qui met de l\u2019avant le travail des [&hellip;]\" \/>\r\n<meta property=\"og:url\" content=\"https:\/\/www.uqac.ca\/uqactualites\/2014\/06\/18\/anne-catherine-pedneault-laureate-nationale-du-concours-chapeau-les-filles\/\" \/>\r\n<meta property=\"og:site_name\" content=\"UQACtualit\u00e9s\" \/>\r\n<meta property=\"article:published_time\" content=\"2014-06-18T15:19:51+00:00\" \/>\r\n<meta property=\"og:image\" content=\"https:\/\/www.uqac.ca\/uqactualites\/wp-content\/uploads\/2014\/06\/DSC_3783-scaled.jpg\" \/>\r\n\t<meta property=\"og:image:width\" content=\"2560\" \/>\r\n\t<meta property=\"og:image:height\" content=\"1312\" \/>\r\n\t<meta property=\"og:image:type\" content=\"image\/jpeg\" \/>\r\n<meta name=\"author\" content=\"Service des communications et des relations publiques\" \/>\r\n<meta name=\"twitter:card\" content=\"summary_large_image\" \/>\r\n<meta name=\"twitter:label1\" content=\"\u00c9crit par\" \/>\n\t<meta name=\"twitter:data1\" content=\"Service des communications et des relations publiques\" \/>\n\t<meta name=\"twitter:label2\" content=\"Estimation du temps de lecture\" \/>\n\t<meta name=\"twitter:data2\" content=\"1 minute\" \/>\r\n<script type=\"application\/ld+json\" class=\"yoast-schema-graph\">{\"@context\":\"https:\/\/schema.org\",\"@graph\":[{\"@type\":\"WebPage\",\"@id\":\"https:\/\/www.uqac.ca\/uqactualites\/2014\/06\/18\/anne-catherine-pedneault-laureate-nationale-du-concours-chapeau-les-filles\/\",\"url\":\"https:\/\/www.uqac.ca\/uqactualites\/2014\/06\/18\/anne-catherine-pedneault-laureate-nationale-du-concours-chapeau-les-filles\/\",\"name\":\"Anne-Catherine Pedneault, laur\u00e9ate nationale du concours \u00ab Chapeau, les filles! \u00bb - UQACtualit\u00e9s\",\"isPartOf\":{\"@id\":\"https:\/\/www.uqac.ca\/uqactualites\/#website\"},\"primaryImageOfPage\":{\"@id\":\"https:\/\/www.uqac.ca\/uqactualites\/2014\/06\/18\/anne-catherine-pedneault-laureate-nationale-du-concours-chapeau-les-filles\/#primaryimage\"},\"image\":{\"@id\":\"https:\/\/www.uqac.ca\/uqactualites\/2014\/06\/18\/anne-catherine-pedneault-laureate-nationale-du-concours-chapeau-les-filles\/#primaryimage\"},\"thumbnailUrl\":\"https:\/\/www.uqac.ca\/uqactualites\/wp-content\/uploads\/2014\/06\/DSC_3783-scaled.jpg\",\"datePublished\":\"2014-06-18T15:19:51+00:00\",\"dateModified\":\"2014-06-18T15:19:51+00:00\",\"author\":{\"@id\":\"https:\/\/www.uqac.ca\/uqactualites\/#\/schema\/person\/366c45a0c4f0e677b41b4af5886e2018\"},\"breadcrumb\":{\"@id\":\"https:\/\/www.uqac.ca\/uqactualites\/2014\/06\/18\/anne-catherine-pedneault-laureate-nationale-du-concours-chapeau-les-filles\/#breadcrumb\"},\"inLanguage\":\"fr-CA\",\"potentialAction\":[{\"@type\":\"ReadAction\",\"target\":[\"https:\/\/www.uqac.ca\/uqactualites\/2014\/06\/18\/anne-catherine-pedneault-laureate-nationale-du-concours-chapeau-les-filles\/\"]}]},{\"@type\":\"ImageObject\",\"inLanguage\":\"fr-CA\",\"@id\":\"https:\/\/www.uqac.ca\/uqactualites\/2014\/06\/18\/anne-catherine-pedneault-laureate-nationale-du-concours-chapeau-les-filles\/#primaryimage\",\"url\":\"https:\/\/www.uqac.ca\/uqactualites\/wp-content\/uploads\/2014\/06\/DSC_3783-scaled.jpg\",\"contentUrl\":\"https:\/\/www.uqac.ca\/uqactualites\/wp-content\/uploads\/2014\/06\/DSC_3783-scaled.jpg\",\"width\":2560,\"height\":1312},{\"@type\":\"BreadcrumbList\",\"@id\":\"https:\/\/www.uqac.ca\/uqactualites\/2014\/06\/18\/anne-catherine-pedneault-laureate-nationale-du-concours-chapeau-les-filles\/#breadcrumb\",\"itemListElement\":[{\"@type\":\"ListItem\",\"position\":1,\"name\":\"Home\",\"item\":\"https:\/\/www.uqac.ca\/uqactualites\/\"},{\"@type\":\"ListItem\",\"position\":2,\"name\":\"Anne-Catherine Pedneault, laur\u00e9ate nationale du concours \u00ab Chapeau, les filles! \u00bb\"}]},{\"@type\":\"WebSite\",\"@id\":\"https:\/\/www.uqac.ca\/uqactualites\/#website\",\"url\":\"https:\/\/www.uqac.ca\/uqactualites\/\",\"name\":\"UQACtualit\u00e9s\",\"description\":\"Le portail des nouvelles de l&#039;UQAC\",\"potentialAction\":[{\"@type\":\"SearchAction\",\"target\":{\"@type\":\"EntryPoint\",\"urlTemplate\":\"https:\/\/www.uqac.ca\/uqactualites\/?s={search_term_string}\"},\"query-input\":{\"@type\":\"PropertyValueSpecification\",\"valueRequired\":true,\"valueName\":\"search_term_string\"}}],\"inLanguage\":\"fr-CA\"},{\"@type\":\"Person\",\"@id\":\"https:\/\/www.uqac.ca\/uqactualites\/#\/schema\/person\/366c45a0c4f0e677b41b4af5886e2018\",\"name\":\"Service des communications et des relations publiques\",\"image\":{\"@type\":\"ImageObject\",\"inLanguage\":\"fr-CA\",\"@id\":\"https:\/\/www.uqac.ca\/uqactualites\/#\/schema\/person\/image\/\",\"url\":\"https:\/\/secure.gravatar.com\/avatar\/20fbbda8a292f59f2d3461a5b999c00b?s=96&d=mm&r=g\",\"contentUrl\":\"https:\/\/secure.gravatar.com\/avatar\/20fbbda8a292f59f2d3461a5b999c00b?s=96&d=mm&r=g\",\"caption\":\"Service des communications et des relations publiques\"},\"url\":\"https:\/\/www.uqac.ca\/uqactualites\/author\/bap\/\"}]}<\/script>\r\n<!-- \/ Yoast SEO plugin. -->","yoast_head_json":{"title":"Anne-Catherine Pedneault, laur\u00e9ate nationale du concours \u00ab Chapeau, les filles! \u00bb - UQACtualit\u00e9s","robots":{"index":"index","follow":"follow","max-snippet":"max-snippet:-1","max-image-preview":"max-image-preview:large","max-video-preview":"max-video-preview:-1"},"canonical":"https:\/\/www.uqac.ca\/uqactualites\/2014\/06\/18\/anne-catherine-pedneault-laureate-nationale-du-concours-chapeau-les-filles\/","og_locale":"fr_CA","og_type":"article","og_title":"Anne-Catherine Pedneault, laur\u00e9ate nationale du concours \u00ab Chapeau, les filles! \u00bb - UQACtualit\u00e9s","og_description":"\u00c9tudiante au baccalaur\u00e9at en g\u00e9nie m\u00e9canique de l\u2019UQAC, Anne-Catherine Pedneault a \u00e9t\u00e9 nomm\u00e9e laur\u00e9ate nationale du volet universitaire du concours \u00ab Chapeau, les filles! \u00bb. Elle a en effet obtenu le prix Excelle Science du minist\u00e8re de l\u2019\u00c9conomie, de l\u2019Innovation et des Exportations \u00e0 l\u2019occasion de ce concours, qui met de l\u2019avant le travail des [&hellip;]","og_url":"https:\/\/www.uqac.ca\/uqactualites\/2014\/06\/18\/anne-catherine-pedneault-laureate-nationale-du-concours-chapeau-les-filles\/","og_site_name":"UQACtualit\u00e9s","article_published_time":"2014-06-18T15:19:51+00:00","og_image":[{"width":2560,"height":1312,"url":"https:\/\/www.uqac.ca\/uqactualites\/wp-content\/uploads\/2014\/06\/DSC_3783-scaled.jpg","type":"image\/jpeg"}],"author":"Service des communications et des relations publiques","twitter_card":"summary_large_image","twitter_misc":{"\u00c9crit par":"Service des communications et des relations publiques","Estimation du temps de lecture":"1 minute"},"schema":{"@context":"https:\/\/schema.org","@graph":[{"@type":"WebPage","@id":"https:\/\/www.uqac.ca\/uqactualites\/2014\/06\/18\/anne-catherine-pedneault-laureate-nationale-du-concours-chapeau-les-filles\/","url":"https:\/\/www.uqac.ca\/uqactualites\/2014\/06\/18\/anne-catherine-pedneault-laureate-nationale-du-concours-chapeau-les-filles\/","name":"Anne-Catherine Pedneault, laur\u00e9ate nationale du concours \u00ab Chapeau, les filles! \u00bb - UQACtualit\u00e9s","isPartOf":{"@id":"https:\/\/www.uqac.ca\/uqactualites\/#website"},"primaryImageOfPage":{"@id":"https:\/\/www.uqac.ca\/uqactualites\/2014\/06\/18\/anne-catherine-pedneault-laureate-nationale-du-concours-chapeau-les-filles\/#primaryimage"},"image":{"@id":"https:\/\/www.uqac.ca\/uqactualites\/2014\/06\/18\/anne-catherine-pedneault-laureate-nationale-du-concours-chapeau-les-filles\/#primaryimage"},"thumbnailUrl":"https:\/\/www.uqac.ca\/uqactualites\/wp-content\/uploads\/2014\/06\/DSC_3783-scaled.jpg","datePublished":"2014-06-18T15:19:51+00:00","dateModified":"2014-06-18T15:19:51+00:00","author":{"@id":"https:\/\/www.uqac.ca\/uqactualites\/#\/schema\/person\/366c45a0c4f0e677b41b4af5886e2018"},"breadcrumb":{"@id":"https:\/\/www.uqac.ca\/uqactualites\/2014\/06\/18\/anne-catherine-pedneault-laureate-nationale-du-concours-chapeau-les-filles\/#breadcrumb"},"inLanguage":"fr-CA","potentialAction":[{"@type":"ReadAction","target":["https:\/\/www.uqac.ca\/uqactualites\/2014\/06\/18\/anne-catherine-pedneault-laureate-nationale-du-concours-chapeau-les-filles\/"]}]},{"@type":"ImageObject","inLanguage":"fr-CA","@id":"https:\/\/www.uqac.ca\/uqactualites\/2014\/06\/18\/anne-catherine-pedneault-laureate-nationale-du-concours-chapeau-les-filles\/#primaryimage","url":"https:\/\/www.uqac.ca\/uqactualites\/wp-content\/uploads\/2014\/06\/DSC_3783-scaled.jpg","contentUrl":"https:\/\/www.uqac.ca\/uqactualites\/wp-content\/uploads\/2014\/06\/DSC_3783-scaled.jpg","width":2560,"height":1312},{"@type":"BreadcrumbList","@id":"https:\/\/www.uqac.ca\/uqactualites\/2014\/06\/18\/anne-catherine-pedneault-laureate-nationale-du-concours-chapeau-les-filles\/#breadcrumb","itemListElement":[{"@type":"ListItem","position":1,"name":"Home","item":"https:\/\/www.uqac.ca\/uqactualites\/"},{"@type":"ListItem","position":2,"name":"Anne-Catherine Pedneault, laur\u00e9ate nationale du concours \u00ab Chapeau, les filles! \u00bb"}]},{"@type":"WebSite","@id":"https:\/\/www.uqac.ca\/uqactualites\/#website","url":"https:\/\/www.uqac.ca\/uqactualites\/","name":"UQACtualit\u00e9s","description":"Le portail des nouvelles de l&#039;UQAC","potentialAction":[{"@type":"SearchAction","target":{"@type":"EntryPoint","urlTemplate":"https:\/\/www.uqac.ca\/uqactualites\/?s={search_term_string}"},"query-input":{"@type":"PropertyValueSpecification","valueRequired":true,"valueName":"search_term_string"}}],"inLanguage":"fr-CA"},{"@type":"Person","@id":"https:\/\/www.uqac.ca\/uqactualites\/#\/schema\/person\/366c45a0c4f0e677b41b4af5886e2018","name":"Service des communications et des relations publiques","image":{"@type":"ImageObject","inLanguage":"fr-CA","@id":"https:\/\/www.uqac.ca\/uqactualites\/#\/schema\/person\/image\/","url":"https:\/\/secure.gravatar.com\/avatar\/20fbbda8a292f59f2d3461a5b999c00b?s=96&d=mm&r=g","contentUrl":"https:\/\/secure.gravatar.com\/avatar\/20fbbda8a292f59f2d3461a5b999c00b?s=96&d=mm&r=g","caption":"Service des communications et des relations publiques"},"url":"https:\/\/www.uqac.ca\/uqactualites\/author\/bap\/"}]}},"_links":{"self":[{"href":"https:\/\/www.uqac.ca\/uqactualites\/wp-json\/wp\/v2\/posts\/27859"}],"collection":[{"href":"https:\/\/www.uqac.ca\/uqactualites\/wp-json\/wp\/v2\/posts"}],"about":[{"href":"https:\/\/www.uqac.ca\/uqactualites\/wp-json\/wp\/v2\/types\/post"}],"author":[{"embeddable":true,"href":"https:\/\/www.uqac.ca\/uqactualites\/wp-json\/wp\/v2\/users\/5"}],"replies":[{"embeddable":true,"href":"https:\/\/www.uqac.ca\/uqactualites\/wp-json\/wp\/v2\/comments?post=27859"}],"version-history":[{"count":0,"href":"https:\/\/www.uqac.ca\/uqactualites\/wp-json\/wp\/v2\/posts\/27859\/revisions"}],"wp:featuredmedia":[{"embeddable":true,"href":"https:\/\/www.uqac.ca\/uqactualites\/wp-json\/wp\/v2\/media\/27860"}],"wp:attachment":[{"href":"https:\/\/www.uqac.ca\/uqactualites\/wp-json\/wp\/v2\/media?parent=27859"}],"wp:term":[{"taxonomy":"category","embeddable":true,"href":"https:\/\/www.uqac.ca\/uqactualites\/wp-json\/wp\/v2\/categories?post=27859"},{"taxonomy":"post_tag","embeddable":true,"href":"https:\/\/www.uqac.ca\/uqactualites\/wp-json\/wp\/v2\/tags?post=27859"}],"curies":[{"name":"wp","href":"https:\/\/api.w.org\/{rel}","templated":true}]}}