{"id":279,"date":"2023-03-21T12:36:01","date_gmt":"2023-03-21T12:36:01","guid":{"rendered":"https:\/\/www.uqac.ca\/blogue-recteur\/?p=279"},"modified":"2023-10-23T09:38:37","modified_gmt":"2023-10-23T13:38:37","slug":"une-invitation-a-la-decouverte-des-courts-metrages-dici-et-dailleurs","status":"publish","type":"post","link":"https:\/\/www.uqac.ca\/uqactualites\/2023\/03\/21\/une-invitation-a-la-decouverte-des-courts-metrages-dici-et-dailleurs\/","title":{"rendered":"Une invitation \u00e0 la d\u00e9couverte des courts m\u00e9trages d\u2019ici et d\u2019ailleurs"},"content":{"rendered":"<p>Cette semaine, la r\u00e9gion vibre au rythme de <a href=\"https:\/\/festivalregard.com\/index\">REGARD<\/a>. Encore une fois cette ann\u00e9e, l\u2019UQAC s\u2019associe au festival en offrant le Grand Prix canadien. Et parce que nous pr\u00f4nons les valeurs d\u2019\u00e9quit\u00e9, de diversit\u00e9 et d\u2019inclusion non seulement \u00e0 travers nos murs, mais \u00e9galement dans les milieux qui nous entourent, nous sommes \u00e9galement pr\u00e9sentateurs du <a href=\"https:\/\/festivalregard.com\/programmation\/27e-festival-2023\/competition-parallele\/programme\/short-queer\">Programme Short &amp; Queer<\/a>, le petit nouveau de la comp\u00e9tition, en plus de pr\u00e9senter la formation <a href=\"https:\/\/festivalregard.com\/programmation\/27e-festival-2023\/marche-du-court-activites-publiques\/activite\/intimedia-focus-sur-la-coordination-d-intimite?schedule=8441\">INTIm\u00e9dia\u00a0: focus sur la coordination d\u2019intimit\u00e9<\/a>.<\/p>\n<p>Quelle joie pour notre organisation d\u2019encourager le talent artistique d\u2019ici et d\u2019ailleurs \u00e0 travers cet \u00e9v\u00e9nement culturel incontournable pour quiconque souhaite s\u2019ouvrir au cin\u00e9ma d\u2019auteur et au court-m\u00e9trage. Je vous invite \u00e0 prendre part \u00e0 cet espace d\u2019\u00e9changes et d\u2019exploration qui vous am\u00e8nera, j\u2019en suis persuad\u00e9, \u00e0 r\u00e9fl\u00e9chir et porter un regard nouveau sur le monde.<\/p>\n<p>Ce rendez-vous d\u2019importance pour les cr\u00e9ateurs et artisans de partout sur la plan\u00e8te, c\u2019est aussi une communaut\u00e9 comptant de nombreux dipl\u00f4m\u00e9s et dipl\u00f4m\u00e9es de notre Universit\u00e9 qui ont su mettre \u00e0 profit leur savoir, leur curiosit\u00e9 et leur passion. C\u2019est une grande fiert\u00e9 pour l\u2019UQAC de les voir rayonner\u00a0et de s\u2019associer \u00e0 leur succ\u00e8s !<\/p>\n<p>Voyagez avec eux dans l\u2019immensit\u00e9 des univers propos\u00e9s et surtout profitez-en pour faire de nouvelles d\u00e9couvertes.<\/p>\n<p>Bon festival \u00e0 toutes et \u00e0 tous!<\/p>\n<p>&nbsp;<\/p>\n","protected":false},"excerpt":{"rendered":"<p>Cette semaine, la r\u00e9gion vibre au rythme de REGARD. Encore une fois cette ann\u00e9e, l\u2019UQAC s\u2019associe au festival en offrant le Grand Prix canadien. Et parce que nous pr\u00f4nons les valeurs d\u2019\u00e9quit\u00e9, de diversit\u00e9 et d\u2019inclusion non seulement \u00e0 travers nos murs, mais \u00e9galement dans les milieux qui nous entourent, nous sommes \u00e9galement pr\u00e9sentateurs du [&hellip;]<\/p>\n","protected":false},"author":10,"featured_media":280,"comment_status":"closed","ping_status":"closed","sticky":false,"template":"","format":"standard","meta":{"footnotes":""},"categories":[2792,1,2793],"tags":[],"yoast_head":"<!-- This site is optimized with the Yoast SEO plugin v24.2 - https:\/\/yoast.com\/wordpress\/plugins\/seo\/ -->\r\n<title>Une invitation \u00e0 la d\u00e9couverte des courts m\u00e9trages d\u2019ici et d\u2019ailleurs - UQACtualit\u00e9s<\/title>\r\n<meta name=\"robots\" content=\"index, follow, max-snippet:-1, max-image-preview:large, max-video-preview:-1\" \/>\r\n<link rel=\"canonical\" href=\"https:\/\/www.uqac.ca\/uqactualites\/2023\/03\/21\/une-invitation-a-la-decouverte-des-courts-metrages-dici-et-dailleurs\/\" \/>\r\n<meta property=\"og:locale\" content=\"fr_CA\" \/>\r\n<meta property=\"og:type\" content=\"article\" \/>\r\n<meta property=\"og:title\" content=\"Une invitation \u00e0 la d\u00e9couverte des courts m\u00e9trages d\u2019ici et d\u2019ailleurs - UQACtualit\u00e9s\" \/>\r\n<meta property=\"og:description\" content=\"Cette semaine, la r\u00e9gion vibre au rythme de REGARD. Encore une fois cette ann\u00e9e, l\u2019UQAC s\u2019associe au festival en offrant le Grand Prix canadien. Et parce que nous pr\u00f4nons les valeurs d\u2019\u00e9quit\u00e9, de diversit\u00e9 et d\u2019inclusion non seulement \u00e0 travers nos murs, mais \u00e9galement dans les milieux qui nous entourent, nous sommes \u00e9galement pr\u00e9sentateurs du [&hellip;]\" \/>\r\n<meta property=\"og:url\" content=\"https:\/\/www.uqac.ca\/uqactualites\/2023\/03\/21\/une-invitation-a-la-decouverte-des-courts-metrages-dici-et-dailleurs\/\" \/>\r\n<meta property=\"og:site_name\" content=\"UQACtualit\u00e9s\" \/>\r\n<meta property=\"article:published_time\" content=\"2023-03-21T12:36:01+00:00\" \/>\r\n<meta property=\"article:modified_time\" content=\"2023-10-23T13:38:37+00:00\" \/>\r\n<meta property=\"og:image\" content=\"https:\/\/www.uqac.ca\/uqactualites\/wp-content\/uploads\/2023\/03\/Image1.jpg\" \/>\r\n\t<meta property=\"og:image:width\" content=\"605\" \/>\r\n\t<meta property=\"og:image:height\" content=\"278\" \/>\r\n\t<meta property=\"og:image:type\" content=\"image\/jpeg\" \/>\r\n<meta name=\"author\" content=\"Ghislain Samson\" \/>\r\n<meta name=\"twitter:card\" content=\"summary_large_image\" \/>\r\n<meta name=\"twitter:label1\" content=\"\u00c9crit par\" \/>\n\t<meta name=\"twitter:data1\" content=\"Ghislain Samson\" \/>\n\t<meta name=\"twitter:label2\" content=\"Estimation du temps de lecture\" \/>\n\t<meta name=\"twitter:data2\" content=\"1 minute\" \/>\r\n<script type=\"application\/ld+json\" class=\"yoast-schema-graph\">{\"@context\":\"https:\/\/schema.org\",\"@graph\":[{\"@type\":\"WebPage\",\"@id\":\"https:\/\/www.uqac.ca\/uqactualites\/2023\/03\/21\/une-invitation-a-la-decouverte-des-courts-metrages-dici-et-dailleurs\/\",\"url\":\"https:\/\/www.uqac.ca\/uqactualites\/2023\/03\/21\/une-invitation-a-la-decouverte-des-courts-metrages-dici-et-dailleurs\/\",\"name\":\"Une invitation \u00e0 la d\u00e9couverte des courts m\u00e9trages d\u2019ici et d\u2019ailleurs - UQACtualit\u00e9s\",\"isPartOf\":{\"@id\":\"https:\/\/www.uqac.ca\/uqactualites\/#website\"},\"primaryImageOfPage\":{\"@id\":\"https:\/\/www.uqac.ca\/uqactualites\/2023\/03\/21\/une-invitation-a-la-decouverte-des-courts-metrages-dici-et-dailleurs\/#primaryimage\"},\"image\":{\"@id\":\"https:\/\/www.uqac.ca\/uqactualites\/2023\/03\/21\/une-invitation-a-la-decouverte-des-courts-metrages-dici-et-dailleurs\/#primaryimage\"},\"thumbnailUrl\":\"https:\/\/www.uqac.ca\/uqactualites\/wp-content\/uploads\/2023\/03\/Image1.jpg\",\"datePublished\":\"2023-03-21T12:36:01+00:00\",\"dateModified\":\"2023-10-23T13:38:37+00:00\",\"author\":{\"@id\":\"https:\/\/www.uqac.ca\/uqactualites\/#\/schema\/person\/ae2225f9f23eebff67a6e899225952fb\"},\"breadcrumb\":{\"@id\":\"https:\/\/www.uqac.ca\/uqactualites\/2023\/03\/21\/une-invitation-a-la-decouverte-des-courts-metrages-dici-et-dailleurs\/#breadcrumb\"},\"inLanguage\":\"fr-CA\",\"potentialAction\":[{\"@type\":\"ReadAction\",\"target\":[\"https:\/\/www.uqac.ca\/uqactualites\/2023\/03\/21\/une-invitation-a-la-decouverte-des-courts-metrages-dici-et-dailleurs\/\"]}]},{\"@type\":\"ImageObject\",\"inLanguage\":\"fr-CA\",\"@id\":\"https:\/\/www.uqac.ca\/uqactualites\/2023\/03\/21\/une-invitation-a-la-decouverte-des-courts-metrages-dici-et-dailleurs\/#primaryimage\",\"url\":\"https:\/\/www.uqac.ca\/uqactualites\/wp-content\/uploads\/2023\/03\/Image1.jpg\",\"contentUrl\":\"https:\/\/www.uqac.ca\/uqactualites\/wp-content\/uploads\/2023\/03\/Image1.jpg\",\"width\":605,\"height\":278},{\"@type\":\"BreadcrumbList\",\"@id\":\"https:\/\/www.uqac.ca\/uqactualites\/2023\/03\/21\/une-invitation-a-la-decouverte-des-courts-metrages-dici-et-dailleurs\/#breadcrumb\",\"itemListElement\":[{\"@type\":\"ListItem\",\"position\":1,\"name\":\"Home\",\"item\":\"https:\/\/www.uqac.ca\/uqactualites\/\"},{\"@type\":\"ListItem\",\"position\":2,\"name\":\"Une invitation \u00e0 la d\u00e9couverte des courts m\u00e9trages d\u2019ici et d\u2019ailleurs\"}]},{\"@type\":\"WebSite\",\"@id\":\"https:\/\/www.uqac.ca\/uqactualites\/#website\",\"url\":\"https:\/\/www.uqac.ca\/uqactualites\/\",\"name\":\"UQACtualit\u00e9s\",\"description\":\"Le portail des nouvelles de l&#039;UQAC\",\"potentialAction\":[{\"@type\":\"SearchAction\",\"target\":{\"@type\":\"EntryPoint\",\"urlTemplate\":\"https:\/\/www.uqac.ca\/uqactualites\/?s={search_term_string}\"},\"query-input\":{\"@type\":\"PropertyValueSpecification\",\"valueRequired\":true,\"valueName\":\"search_term_string\"}}],\"inLanguage\":\"fr-CA\"},{\"@type\":\"Person\",\"@id\":\"https:\/\/www.uqac.ca\/uqactualites\/#\/schema\/person\/ae2225f9f23eebff67a6e899225952fb\",\"name\":\"Ghislain Samson\",\"image\":{\"@type\":\"ImageObject\",\"inLanguage\":\"fr-CA\",\"@id\":\"https:\/\/www.uqac.ca\/uqactualites\/#\/schema\/person\/image\/\",\"url\":\"https:\/\/secure.gravatar.com\/avatar\/61ad9756d7707fefb25ed321388b2105?s=96&d=mm&r=g\",\"contentUrl\":\"https:\/\/secure.gravatar.com\/avatar\/61ad9756d7707fefb25ed321388b2105?s=96&d=mm&r=g\",\"caption\":\"Ghislain Samson\"},\"url\":\"https:\/\/www.uqac.ca\/uqactualites\/author\/gsamson\/\"}]}<\/script>\r\n<!-- \/ Yoast SEO plugin. -->","yoast_head_json":{"title":"Une invitation \u00e0 la d\u00e9couverte des courts m\u00e9trages d\u2019ici et d\u2019ailleurs - UQACtualit\u00e9s","robots":{"index":"index","follow":"follow","max-snippet":"max-snippet:-1","max-image-preview":"max-image-preview:large","max-video-preview":"max-video-preview:-1"},"canonical":"https:\/\/www.uqac.ca\/uqactualites\/2023\/03\/21\/une-invitation-a-la-decouverte-des-courts-metrages-dici-et-dailleurs\/","og_locale":"fr_CA","og_type":"article","og_title":"Une invitation \u00e0 la d\u00e9couverte des courts m\u00e9trages d\u2019ici et d\u2019ailleurs - UQACtualit\u00e9s","og_description":"Cette semaine, la r\u00e9gion vibre au rythme de REGARD. Encore une fois cette ann\u00e9e, l\u2019UQAC s\u2019associe au festival en offrant le Grand Prix canadien. Et parce que nous pr\u00f4nons les valeurs d\u2019\u00e9quit\u00e9, de diversit\u00e9 et d\u2019inclusion non seulement \u00e0 travers nos murs, mais \u00e9galement dans les milieux qui nous entourent, nous sommes \u00e9galement pr\u00e9sentateurs du [&hellip;]","og_url":"https:\/\/www.uqac.ca\/uqactualites\/2023\/03\/21\/une-invitation-a-la-decouverte-des-courts-metrages-dici-et-dailleurs\/","og_site_name":"UQACtualit\u00e9s","article_published_time":"2023-03-21T12:36:01+00:00","article_modified_time":"2023-10-23T13:38:37+00:00","og_image":[{"width":605,"height":278,"url":"https:\/\/www.uqac.ca\/uqactualites\/wp-content\/uploads\/2023\/03\/Image1.jpg","type":"image\/jpeg"}],"author":"Ghislain Samson","twitter_card":"summary_large_image","twitter_misc":{"\u00c9crit par":"Ghislain Samson","Estimation du temps de lecture":"1 minute"},"schema":{"@context":"https:\/\/schema.org","@graph":[{"@type":"WebPage","@id":"https:\/\/www.uqac.ca\/uqactualites\/2023\/03\/21\/une-invitation-a-la-decouverte-des-courts-metrages-dici-et-dailleurs\/","url":"https:\/\/www.uqac.ca\/uqactualites\/2023\/03\/21\/une-invitation-a-la-decouverte-des-courts-metrages-dici-et-dailleurs\/","name":"Une invitation \u00e0 la d\u00e9couverte des courts m\u00e9trages d\u2019ici et d\u2019ailleurs - UQACtualit\u00e9s","isPartOf":{"@id":"https:\/\/www.uqac.ca\/uqactualites\/#website"},"primaryImageOfPage":{"@id":"https:\/\/www.uqac.ca\/uqactualites\/2023\/03\/21\/une-invitation-a-la-decouverte-des-courts-metrages-dici-et-dailleurs\/#primaryimage"},"image":{"@id":"https:\/\/www.uqac.ca\/uqactualites\/2023\/03\/21\/une-invitation-a-la-decouverte-des-courts-metrages-dici-et-dailleurs\/#primaryimage"},"thumbnailUrl":"https:\/\/www.uqac.ca\/uqactualites\/wp-content\/uploads\/2023\/03\/Image1.jpg","datePublished":"2023-03-21T12:36:01+00:00","dateModified":"2023-10-23T13:38:37+00:00","author":{"@id":"https:\/\/www.uqac.ca\/uqactualites\/#\/schema\/person\/ae2225f9f23eebff67a6e899225952fb"},"breadcrumb":{"@id":"https:\/\/www.uqac.ca\/uqactualites\/2023\/03\/21\/une-invitation-a-la-decouverte-des-courts-metrages-dici-et-dailleurs\/#breadcrumb"},"inLanguage":"fr-CA","potentialAction":[{"@type":"ReadAction","target":["https:\/\/www.uqac.ca\/uqactualites\/2023\/03\/21\/une-invitation-a-la-decouverte-des-courts-metrages-dici-et-dailleurs\/"]}]},{"@type":"ImageObject","inLanguage":"fr-CA","@id":"https:\/\/www.uqac.ca\/uqactualites\/2023\/03\/21\/une-invitation-a-la-decouverte-des-courts-metrages-dici-et-dailleurs\/#primaryimage","url":"https:\/\/www.uqac.ca\/uqactualites\/wp-content\/uploads\/2023\/03\/Image1.jpg","contentUrl":"https:\/\/www.uqac.ca\/uqactualites\/wp-content\/uploads\/2023\/03\/Image1.jpg","width":605,"height":278},{"@type":"BreadcrumbList","@id":"https:\/\/www.uqac.ca\/uqactualites\/2023\/03\/21\/une-invitation-a-la-decouverte-des-courts-metrages-dici-et-dailleurs\/#breadcrumb","itemListElement":[{"@type":"ListItem","position":1,"name":"Home","item":"https:\/\/www.uqac.ca\/uqactualites\/"},{"@type":"ListItem","position":2,"name":"Une invitation \u00e0 la d\u00e9couverte des courts m\u00e9trages d\u2019ici et d\u2019ailleurs"}]},{"@type":"WebSite","@id":"https:\/\/www.uqac.ca\/uqactualites\/#website","url":"https:\/\/www.uqac.ca\/uqactualites\/","name":"UQACtualit\u00e9s","description":"Le portail des nouvelles de l&#039;UQAC","potentialAction":[{"@type":"SearchAction","target":{"@type":"EntryPoint","urlTemplate":"https:\/\/www.uqac.ca\/uqactualites\/?s={search_term_string}"},"query-input":{"@type":"PropertyValueSpecification","valueRequired":true,"valueName":"search_term_string"}}],"inLanguage":"fr-CA"},{"@type":"Person","@id":"https:\/\/www.uqac.ca\/uqactualites\/#\/schema\/person\/ae2225f9f23eebff67a6e899225952fb","name":"Ghislain Samson","image":{"@type":"ImageObject","inLanguage":"fr-CA","@id":"https:\/\/www.uqac.ca\/uqactualites\/#\/schema\/person\/image\/","url":"https:\/\/secure.gravatar.com\/avatar\/61ad9756d7707fefb25ed321388b2105?s=96&d=mm&r=g","contentUrl":"https:\/\/secure.gravatar.com\/avatar\/61ad9756d7707fefb25ed321388b2105?s=96&d=mm&r=g","caption":"Ghislain Samson"},"url":"https:\/\/www.uqac.ca\/uqactualites\/author\/gsamson\/"}]}},"_links":{"self":[{"href":"https:\/\/www.uqac.ca\/uqactualites\/wp-json\/wp\/v2\/posts\/279"}],"collection":[{"href":"https:\/\/www.uqac.ca\/uqactualites\/wp-json\/wp\/v2\/posts"}],"about":[{"href":"https:\/\/www.uqac.ca\/uqactualites\/wp-json\/wp\/v2\/types\/post"}],"author":[{"embeddable":true,"href":"https:\/\/www.uqac.ca\/uqactualites\/wp-json\/wp\/v2\/users\/10"}],"replies":[{"embeddable":true,"href":"https:\/\/www.uqac.ca\/uqactualites\/wp-json\/wp\/v2\/comments?post=279"}],"version-history":[{"count":1,"href":"https:\/\/www.uqac.ca\/uqactualites\/wp-json\/wp\/v2\/posts\/279\/revisions"}],"predecessor-version":[{"id":44841,"href":"https:\/\/www.uqac.ca\/uqactualites\/wp-json\/wp\/v2\/posts\/279\/revisions\/44841"}],"wp:featuredmedia":[{"embeddable":true,"href":"https:\/\/www.uqac.ca\/uqactualites\/wp-json\/wp\/v2\/media\/280"}],"wp:attachment":[{"href":"https:\/\/www.uqac.ca\/uqactualites\/wp-json\/wp\/v2\/media?parent=279"}],"wp:term":[{"taxonomy":"category","embeddable":true,"href":"https:\/\/www.uqac.ca\/uqactualites\/wp-json\/wp\/v2\/categories?post=279"},{"taxonomy":"post_tag","embeddable":true,"href":"https:\/\/www.uqac.ca\/uqactualites\/wp-json\/wp\/v2\/tags?post=279"}],"curies":[{"name":"wp","href":"https:\/\/api.w.org\/{rel}","templated":true}]}}