{"id":27961,"date":"2008-05-02T15:29:08","date_gmt":"2008-05-02T19:29:08","guid":{"rendered":"http:\/\/uqactualite.odev.ca\/?p=27961"},"modified":"2008-05-02T15:29:08","modified_gmt":"2008-05-02T19:29:08","slug":"inauguration-du-pavillon-rio-tinto-alcan-laboratoire-cural","status":"publish","type":"post","link":"https:\/\/www.uqac.ca\/uqactualites\/2008\/05\/02\/inauguration-du-pavillon-rio-tinto-alcan-laboratoire-cural\/","title":{"rendered":"Inauguration du Pavillon Rio Tinto Alcan (Laboratoire CURAL)"},"content":{"rendered":"<p style=\"text-align: justify\">Saguenay, le 2 mai 2008 \u2014 Monsieur Michel Belley, recteur de l\u2019Universit\u00e9 du Qu\u00e9bec \u00e0 Chicoutimi a<br \/>\nproc\u00e9d\u00e9, aujourd\u2019hui, \u00e0 l\u2019inauguration du Pavillon Rio Tinto Alcan (Laboratoire CURAL). Cet \u00e9v\u00e9nement<br \/>\ns\u2019est d\u00e9roul\u00e9 en pr\u00e9sence de monsieur Dominique Bouchard, vice-pr\u00e9sident Rio Tinto Alcan Saguenay\u2014<br \/>\nLac-Saint-Jean, de l\u2019honorable Jean-Pierre Blackburn, ministre du Travail et ministre de l\u2019Agence de<br \/>\nd\u00e9veloppement \u00e9conomique du Canada pour les r\u00e9gions du Qu\u00e9bec ainsi que de monsieur Daniel<br \/>\nMarceau, directeur du laboratoire CURAL et du professeur chercheur Andr\u00e9 Charette, initiateur du projet.<\/p>\n<p style=\"text-align: justify\">Ce pavillon a n\u00e9cessit\u00e9 un investissement de 9,5 millions de dollars. Cette r\u00e9alisation a \u00e9t\u00e9 rendue possible<br \/>\ngr\u00e2ce \u00e0 la contribution de partenaires majeurs tels, Rio Tinto Alcan qui a investi 2,1 millions de dollars et<br \/>\nles gouvernements provincial et f\u00e9d\u00e9ral avec une participation de 3,6 millions chacun.<\/p>\n<p style=\"text-align: justify\">D\u2019une superficie de 1 895 m2 r\u00e9partis sur deux \u00e9tages, le CURAL est reli\u00e9 par un tunnel de 85 m\u00e8tres au<br \/>\nCentre des technologies de l\u2019aluminium et \u00e0 l\u2019UQAC. Il est l\u2019h\u00f4te de projets de recherche sur toutes les<br \/>\nphases allant de la production d\u2019aluminium, depuis le traitement des mati\u00e8res premi\u00e8res aux produits de<br \/>\ndeuxi\u00e8me et troisi\u00e8me transformations. L\u2019\u00e9tude des ph\u00e9nom\u00e8nes m\u00e9caniques, m\u00e9tallurgiques et<br \/>\nthermiques ainsi que la mod\u00e9lisation math\u00e9matique et num\u00e9rique y sont \u00e0 l\u2019honneur. La plupart des travaux<br \/>\nde recherche sont r\u00e9alis\u00e9s en \u00e9troite collaboration avec l\u2019industrie de l\u2019aluminium.<\/p>\n<p style=\"text-align: justify\">Le CURAL est compos\u00e9 de 65 intervenants dont 40 \u00e9tudiants de cycles sup\u00e9rieurs. C\u2019est l\u2019un des<br \/>\nlaboratoires universitaires les plus importants au pays et, \u00e9galement l\u2019une des entit\u00e9s de recherche la<br \/>\nmieux \u00e9quip\u00e9e dans le domaine de l\u2019aluminium.<\/p>\n<p style=\"text-align: justify\">Comme le mentionnait monsieur Michel Belley, recteur de l\u2019UQAC, la r\u00e9alisation de ce projet est une autre<br \/>\nd\u00e9monstration de cette proximit\u00e9 que l\u2019UQAC d\u00e9veloppe avec les partenaires et son milieu. \u00ab Notre<br \/>\nUniversit\u00e9 se nourrit d\u2019innovations en contribuant \u00e0 l\u2019avancement de la science, et ce, dans plusieurs<br \/>\ndomaines de recherche dont celui de l\u2019aluminium. L\u2019UQAC joue un r\u00f4le de plus en plus important dans le<br \/>\nmilieu scientifique mondial et c\u2019est gr\u00e2ce \u00e0 des gens passionn\u00e9s comme le docteur Andr\u00e9 Charette<br \/>\nfondateur du laboratoire, Daniel Marceau actuel directeur et toute l\u2019\u00e9quipe du CURAL dont nous pouvons<br \/>\n\u00eatre fier. \u00bb<\/p>\n<p style=\"text-align: justify\">L\u2019UQAC, une Universit\u00e9 o\u00f9 domine l\u2019apprentissage, la d\u00e9couverte et l\u2019engagement!<\/p>\n<p style=\"text-align: center\">&#8211; 30 &#8211;<\/p>\n<p style=\"text-align: justify\">Source :<br \/>\nJean Wauthier, directeur<br \/>\nBureau des affaires publiques<br \/>\nT\u00e9l\u00e9phone : 540-0450<br \/>\nCourriel : jean.wauthier@uqac.ca<\/p>\n","protected":false},"excerpt":{"rendered":"<p>Saguenay, le 2 mai 2008 \u2014 Monsieur Michel Belley, recteur de l\u2019Universit\u00e9 du Qu\u00e9bec \u00e0 Chicoutimi a proc\u00e9d\u00e9, aujourd\u2019hui, \u00e0 l\u2019inauguration du Pavillon Rio Tinto Alcan (Laboratoire CURAL). Cet \u00e9v\u00e9nement s\u2019est d\u00e9roul\u00e9 en pr\u00e9sence de monsieur Dominique Bouchard, vice-pr\u00e9sident Rio Tinto Alcan Saguenay\u2014 Lac-Saint-Jean, de l\u2019honorable Jean-Pierre Blackburn, ministre du Travail et ministre de l\u2019Agence [&hellip;]<\/p>\n","protected":false},"author":5,"featured_media":20745,"comment_status":"open","ping_status":"open","sticky":false,"template":"","format":"standard","meta":{"footnotes":""},"categories":[2772],"tags":[136,21],"yoast_head":"<!-- This site is optimized with the Yoast SEO plugin v24.2 - https:\/\/yoast.com\/wordpress\/plugins\/seo\/ -->\r\n<title>Inauguration du Pavillon Rio Tinto Alcan (Laboratoire CURAL) - UQACtualit\u00e9s<\/title>\r\n<meta name=\"robots\" content=\"index, follow, max-snippet:-1, max-image-preview:large, max-video-preview:-1\" \/>\r\n<link rel=\"canonical\" href=\"https:\/\/www.uqac.ca\/uqactualites\/2008\/05\/02\/inauguration-du-pavillon-rio-tinto-alcan-laboratoire-cural\/\" \/>\r\n<meta property=\"og:locale\" content=\"fr_CA\" \/>\r\n<meta property=\"og:type\" content=\"article\" \/>\r\n<meta property=\"og:title\" content=\"Inauguration du Pavillon Rio Tinto Alcan (Laboratoire CURAL) - UQACtualit\u00e9s\" \/>\r\n<meta property=\"og:description\" content=\"Saguenay, le 2 mai 2008 \u2014 Monsieur Michel Belley, recteur de l\u2019Universit\u00e9 du Qu\u00e9bec \u00e0 Chicoutimi a proc\u00e9d\u00e9, aujourd\u2019hui, \u00e0 l\u2019inauguration du Pavillon Rio Tinto Alcan (Laboratoire CURAL). Cet \u00e9v\u00e9nement s\u2019est d\u00e9roul\u00e9 en pr\u00e9sence de monsieur Dominique Bouchard, vice-pr\u00e9sident Rio Tinto Alcan Saguenay\u2014 Lac-Saint-Jean, de l\u2019honorable Jean-Pierre Blackburn, ministre du Travail et ministre de l\u2019Agence [&hellip;]\" \/>\r\n<meta property=\"og:url\" content=\"https:\/\/www.uqac.ca\/uqactualites\/2008\/05\/02\/inauguration-du-pavillon-rio-tinto-alcan-laboratoire-cural\/\" \/>\r\n<meta property=\"og:site_name\" content=\"UQACtualit\u00e9s\" \/>\r\n<meta property=\"article:published_time\" content=\"2008-05-02T19:29:08+00:00\" \/>\r\n<meta property=\"og:image\" content=\"https:\/\/www.uqac.ca\/uqactualites\/wp-content\/uploads\/2012\/05\/communiqu-.jpg\" \/>\r\n\t<meta property=\"og:image:width\" content=\"620\" \/>\r\n\t<meta property=\"og:image:height\" content=\"300\" \/>\r\n\t<meta property=\"og:image:type\" content=\"image\/jpeg\" \/>\r\n<meta name=\"author\" content=\"Service des communications et des relations publiques\" \/>\r\n<meta name=\"twitter:card\" content=\"summary_large_image\" \/>\r\n<meta name=\"twitter:label1\" content=\"\u00c9crit par\" \/>\n\t<meta name=\"twitter:data1\" content=\"Service des communications et des relations publiques\" \/>\n\t<meta name=\"twitter:label2\" content=\"Estimation du temps de lecture\" \/>\n\t<meta name=\"twitter:data2\" content=\"2 minutes\" \/>\r\n<script type=\"application\/ld+json\" class=\"yoast-schema-graph\">{\"@context\":\"https:\/\/schema.org\",\"@graph\":[{\"@type\":\"WebPage\",\"@id\":\"https:\/\/www.uqac.ca\/uqactualites\/2008\/05\/02\/inauguration-du-pavillon-rio-tinto-alcan-laboratoire-cural\/\",\"url\":\"https:\/\/www.uqac.ca\/uqactualites\/2008\/05\/02\/inauguration-du-pavillon-rio-tinto-alcan-laboratoire-cural\/\",\"name\":\"Inauguration du Pavillon Rio Tinto Alcan (Laboratoire CURAL) - UQACtualit\u00e9s\",\"isPartOf\":{\"@id\":\"https:\/\/www.uqac.ca\/uqactualites\/#website\"},\"primaryImageOfPage\":{\"@id\":\"https:\/\/www.uqac.ca\/uqactualites\/2008\/05\/02\/inauguration-du-pavillon-rio-tinto-alcan-laboratoire-cural\/#primaryimage\"},\"image\":{\"@id\":\"https:\/\/www.uqac.ca\/uqactualites\/2008\/05\/02\/inauguration-du-pavillon-rio-tinto-alcan-laboratoire-cural\/#primaryimage\"},\"thumbnailUrl\":\"https:\/\/www.uqac.ca\/uqactualites\/wp-content\/uploads\/2012\/05\/communiqu-.jpg\",\"datePublished\":\"2008-05-02T19:29:08+00:00\",\"dateModified\":\"2008-05-02T19:29:08+00:00\",\"author\":{\"@id\":\"https:\/\/www.uqac.ca\/uqactualites\/#\/schema\/person\/366c45a0c4f0e677b41b4af5886e2018\"},\"breadcrumb\":{\"@id\":\"https:\/\/www.uqac.ca\/uqactualites\/2008\/05\/02\/inauguration-du-pavillon-rio-tinto-alcan-laboratoire-cural\/#breadcrumb\"},\"inLanguage\":\"fr-CA\",\"potentialAction\":[{\"@type\":\"ReadAction\",\"target\":[\"https:\/\/www.uqac.ca\/uqactualites\/2008\/05\/02\/inauguration-du-pavillon-rio-tinto-alcan-laboratoire-cural\/\"]}]},{\"@type\":\"ImageObject\",\"inLanguage\":\"fr-CA\",\"@id\":\"https:\/\/www.uqac.ca\/uqactualites\/2008\/05\/02\/inauguration-du-pavillon-rio-tinto-alcan-laboratoire-cural\/#primaryimage\",\"url\":\"https:\/\/www.uqac.ca\/uqactualites\/wp-content\/uploads\/2012\/05\/communiqu-.jpg\",\"contentUrl\":\"https:\/\/www.uqac.ca\/uqactualites\/wp-content\/uploads\/2012\/05\/communiqu-.jpg\",\"width\":620,\"height\":300},{\"@type\":\"BreadcrumbList\",\"@id\":\"https:\/\/www.uqac.ca\/uqactualites\/2008\/05\/02\/inauguration-du-pavillon-rio-tinto-alcan-laboratoire-cural\/#breadcrumb\",\"itemListElement\":[{\"@type\":\"ListItem\",\"position\":1,\"name\":\"Home\",\"item\":\"https:\/\/www.uqac.ca\/uqactualites\/\"},{\"@type\":\"ListItem\",\"position\":2,\"name\":\"Inauguration du Pavillon Rio Tinto Alcan (Laboratoire CURAL)\"}]},{\"@type\":\"WebSite\",\"@id\":\"https:\/\/www.uqac.ca\/uqactualites\/#website\",\"url\":\"https:\/\/www.uqac.ca\/uqactualites\/\",\"name\":\"UQACtualit\u00e9s\",\"description\":\"Le portail des nouvelles de l&#039;UQAC\",\"potentialAction\":[{\"@type\":\"SearchAction\",\"target\":{\"@type\":\"EntryPoint\",\"urlTemplate\":\"https:\/\/www.uqac.ca\/uqactualites\/?s={search_term_string}\"},\"query-input\":{\"@type\":\"PropertyValueSpecification\",\"valueRequired\":true,\"valueName\":\"search_term_string\"}}],\"inLanguage\":\"fr-CA\"},{\"@type\":\"Person\",\"@id\":\"https:\/\/www.uqac.ca\/uqactualites\/#\/schema\/person\/366c45a0c4f0e677b41b4af5886e2018\",\"name\":\"Service des communications et des relations publiques\",\"image\":{\"@type\":\"ImageObject\",\"inLanguage\":\"fr-CA\",\"@id\":\"https:\/\/www.uqac.ca\/uqactualites\/#\/schema\/person\/image\/\",\"url\":\"https:\/\/secure.gravatar.com\/avatar\/20fbbda8a292f59f2d3461a5b999c00b?s=96&d=mm&r=g\",\"contentUrl\":\"https:\/\/secure.gravatar.com\/avatar\/20fbbda8a292f59f2d3461a5b999c00b?s=96&d=mm&r=g\",\"caption\":\"Service des communications et des relations publiques\"},\"url\":\"https:\/\/www.uqac.ca\/uqactualites\/author\/bap\/\"}]}<\/script>\r\n<!-- \/ Yoast SEO plugin. -->","yoast_head_json":{"title":"Inauguration du Pavillon Rio Tinto Alcan (Laboratoire CURAL) - UQACtualit\u00e9s","robots":{"index":"index","follow":"follow","max-snippet":"max-snippet:-1","max-image-preview":"max-image-preview:large","max-video-preview":"max-video-preview:-1"},"canonical":"https:\/\/www.uqac.ca\/uqactualites\/2008\/05\/02\/inauguration-du-pavillon-rio-tinto-alcan-laboratoire-cural\/","og_locale":"fr_CA","og_type":"article","og_title":"Inauguration du Pavillon Rio Tinto Alcan (Laboratoire CURAL) - UQACtualit\u00e9s","og_description":"Saguenay, le 2 mai 2008 \u2014 Monsieur Michel Belley, recteur de l\u2019Universit\u00e9 du Qu\u00e9bec \u00e0 Chicoutimi a proc\u00e9d\u00e9, aujourd\u2019hui, \u00e0 l\u2019inauguration du Pavillon Rio Tinto Alcan (Laboratoire CURAL). Cet \u00e9v\u00e9nement s\u2019est d\u00e9roul\u00e9 en pr\u00e9sence de monsieur Dominique Bouchard, vice-pr\u00e9sident Rio Tinto Alcan Saguenay\u2014 Lac-Saint-Jean, de l\u2019honorable Jean-Pierre Blackburn, ministre du Travail et ministre de l\u2019Agence [&hellip;]","og_url":"https:\/\/www.uqac.ca\/uqactualites\/2008\/05\/02\/inauguration-du-pavillon-rio-tinto-alcan-laboratoire-cural\/","og_site_name":"UQACtualit\u00e9s","article_published_time":"2008-05-02T19:29:08+00:00","og_image":[{"width":620,"height":300,"url":"https:\/\/www.uqac.ca\/uqactualites\/wp-content\/uploads\/2012\/05\/communiqu-.jpg","type":"image\/jpeg"}],"author":"Service des communications et des relations publiques","twitter_card":"summary_large_image","twitter_misc":{"\u00c9crit par":"Service des communications et des relations publiques","Estimation du temps de lecture":"2 minutes"},"schema":{"@context":"https:\/\/schema.org","@graph":[{"@type":"WebPage","@id":"https:\/\/www.uqac.ca\/uqactualites\/2008\/05\/02\/inauguration-du-pavillon-rio-tinto-alcan-laboratoire-cural\/","url":"https:\/\/www.uqac.ca\/uqactualites\/2008\/05\/02\/inauguration-du-pavillon-rio-tinto-alcan-laboratoire-cural\/","name":"Inauguration du Pavillon Rio Tinto Alcan (Laboratoire CURAL) - UQACtualit\u00e9s","isPartOf":{"@id":"https:\/\/www.uqac.ca\/uqactualites\/#website"},"primaryImageOfPage":{"@id":"https:\/\/www.uqac.ca\/uqactualites\/2008\/05\/02\/inauguration-du-pavillon-rio-tinto-alcan-laboratoire-cural\/#primaryimage"},"image":{"@id":"https:\/\/www.uqac.ca\/uqactualites\/2008\/05\/02\/inauguration-du-pavillon-rio-tinto-alcan-laboratoire-cural\/#primaryimage"},"thumbnailUrl":"https:\/\/www.uqac.ca\/uqactualites\/wp-content\/uploads\/2012\/05\/communiqu-.jpg","datePublished":"2008-05-02T19:29:08+00:00","dateModified":"2008-05-02T19:29:08+00:00","author":{"@id":"https:\/\/www.uqac.ca\/uqactualites\/#\/schema\/person\/366c45a0c4f0e677b41b4af5886e2018"},"breadcrumb":{"@id":"https:\/\/www.uqac.ca\/uqactualites\/2008\/05\/02\/inauguration-du-pavillon-rio-tinto-alcan-laboratoire-cural\/#breadcrumb"},"inLanguage":"fr-CA","potentialAction":[{"@type":"ReadAction","target":["https:\/\/www.uqac.ca\/uqactualites\/2008\/05\/02\/inauguration-du-pavillon-rio-tinto-alcan-laboratoire-cural\/"]}]},{"@type":"ImageObject","inLanguage":"fr-CA","@id":"https:\/\/www.uqac.ca\/uqactualites\/2008\/05\/02\/inauguration-du-pavillon-rio-tinto-alcan-laboratoire-cural\/#primaryimage","url":"https:\/\/www.uqac.ca\/uqactualites\/wp-content\/uploads\/2012\/05\/communiqu-.jpg","contentUrl":"https:\/\/www.uqac.ca\/uqactualites\/wp-content\/uploads\/2012\/05\/communiqu-.jpg","width":620,"height":300},{"@type":"BreadcrumbList","@id":"https:\/\/www.uqac.ca\/uqactualites\/2008\/05\/02\/inauguration-du-pavillon-rio-tinto-alcan-laboratoire-cural\/#breadcrumb","itemListElement":[{"@type":"ListItem","position":1,"name":"Home","item":"https:\/\/www.uqac.ca\/uqactualites\/"},{"@type":"ListItem","position":2,"name":"Inauguration du Pavillon Rio Tinto Alcan (Laboratoire CURAL)"}]},{"@type":"WebSite","@id":"https:\/\/www.uqac.ca\/uqactualites\/#website","url":"https:\/\/www.uqac.ca\/uqactualites\/","name":"UQACtualit\u00e9s","description":"Le portail des nouvelles de l&#039;UQAC","potentialAction":[{"@type":"SearchAction","target":{"@type":"EntryPoint","urlTemplate":"https:\/\/www.uqac.ca\/uqactualites\/?s={search_term_string}"},"query-input":{"@type":"PropertyValueSpecification","valueRequired":true,"valueName":"search_term_string"}}],"inLanguage":"fr-CA"},{"@type":"Person","@id":"https:\/\/www.uqac.ca\/uqactualites\/#\/schema\/person\/366c45a0c4f0e677b41b4af5886e2018","name":"Service des communications et des relations publiques","image":{"@type":"ImageObject","inLanguage":"fr-CA","@id":"https:\/\/www.uqac.ca\/uqactualites\/#\/schema\/person\/image\/","url":"https:\/\/secure.gravatar.com\/avatar\/20fbbda8a292f59f2d3461a5b999c00b?s=96&d=mm&r=g","contentUrl":"https:\/\/secure.gravatar.com\/avatar\/20fbbda8a292f59f2d3461a5b999c00b?s=96&d=mm&r=g","caption":"Service des communications et des relations publiques"},"url":"https:\/\/www.uqac.ca\/uqactualites\/author\/bap\/"}]}},"_links":{"self":[{"href":"https:\/\/www.uqac.ca\/uqactualites\/wp-json\/wp\/v2\/posts\/27961"}],"collection":[{"href":"https:\/\/www.uqac.ca\/uqactualites\/wp-json\/wp\/v2\/posts"}],"about":[{"href":"https:\/\/www.uqac.ca\/uqactualites\/wp-json\/wp\/v2\/types\/post"}],"author":[{"embeddable":true,"href":"https:\/\/www.uqac.ca\/uqactualites\/wp-json\/wp\/v2\/users\/5"}],"replies":[{"embeddable":true,"href":"https:\/\/www.uqac.ca\/uqactualites\/wp-json\/wp\/v2\/comments?post=27961"}],"version-history":[{"count":0,"href":"https:\/\/www.uqac.ca\/uqactualites\/wp-json\/wp\/v2\/posts\/27961\/revisions"}],"wp:featuredmedia":[{"embeddable":true,"href":"https:\/\/www.uqac.ca\/uqactualites\/wp-json\/wp\/v2\/media\/20745"}],"wp:attachment":[{"href":"https:\/\/www.uqac.ca\/uqactualites\/wp-json\/wp\/v2\/media?parent=27961"}],"wp:term":[{"taxonomy":"category","embeddable":true,"href":"https:\/\/www.uqac.ca\/uqactualites\/wp-json\/wp\/v2\/categories?post=27961"},{"taxonomy":"post_tag","embeddable":true,"href":"https:\/\/www.uqac.ca\/uqactualites\/wp-json\/wp\/v2\/tags?post=27961"}],"curies":[{"name":"wp","href":"https:\/\/api.w.org\/{rel}","templated":true}]}}