{"id":27984,"date":"2009-03-30T10:51:27","date_gmt":"2009-03-30T14:51:27","guid":{"rendered":"http:\/\/uqactualite.odev.ca\/?p=27984"},"modified":"2009-03-30T10:51:27","modified_gmt":"2009-03-30T14:51:27","slug":"remise-de-trois-doctorats-honoris-causa-2","status":"publish","type":"post","link":"https:\/\/www.uqac.ca\/uqactualites\/2009\/03\/30\/remise-de-trois-doctorats-honoris-causa-2\/","title":{"rendered":"Remise de trois doctorats honoris causa"},"content":{"rendered":"<p style=\"text-align: justify\">Saguenay, le 30 mars 2009 \u2013 L\u2019Universit\u00e9 du Qu\u00e9bec \u00e0 Chicoutimi (UQAC)<br \/>\nd\u00e9cernera trois doctorats honoris causa, le 1er mai prochain, lors d\u2019une c\u00e9r\u00e9monie<br \/>\nqui d\u00e9butera \u00e0 19 h 30, au Pavillon sportif. Nous rendrons hommage \u00e0 trois<br \/>\npersonnalit\u00e9s pour leur contribution exemplaire \u00e0 la collectivit\u00e9.<\/p>\n<p style=\"text-align: justify\">Monsieur Bernard ANGERS est d\u00e9tenteur de deux ma\u00eetrises : l\u2019une en sciences<br \/>\nsociales de l\u2019Universit\u00e9 Laval et l\u2019autre en sciences \u00e9conomiques de la London<br \/>\nSchool of Economics de Londres. Cet honneur lui est attribu\u00e9 pour son apport majeur \u00e0 la mise en place de politiques<br \/>\net de pratiques administratives au sein des services publics du gouvernement du<br \/>\nQu\u00e9bec de m\u00eame que pour sa contribution exceptionnelle au d\u00e9veloppement de<br \/>\nl\u2019UQAC. Nous voulons aussi mentionner son engagement et son implication aupr\u00e8s<br \/>\nd\u2019organismes communautaires et culturels. Ses qualit\u00e9s de gestionnaire, de<br \/>\nmobilisateur et de rassembleur sont reconnues dans tous les milieux o\u00f9 il oeuvre.<\/p>\n<p style=\"text-align: justify\">Monsieur Ghyslain DUB\u00c9 est titulaire d\u2019une ma\u00eetrise en chimie appliqu\u00e9e de<br \/>\nl\u2019Universit\u00e9 de Sherbrooke et conseiller scientifique principal au Centre de recherche<br \/>\net de d\u00e9veloppement chez Rio Tinto Alcan, \u00e0 Saguenay. Ce doctorat honoris causa lui est accord\u00e9 pour sa tr\u00e8s grande contribution en mati\u00e8re de d\u00e9couverte, de valorisation et de transfert technologique dans le domaine<br \/>\nde la production et du traitement de l\u2019aluminium. Il lui est aussi d\u00e9cern\u00e9 pour la<br \/>\ncr\u00e9ation de partenariats et d\u2019alliances strat\u00e9giques entre les milieux industriels et<br \/>\nuniversitaires. Nous tenons \u00e9galement \u00e0 souligner son apport ind\u00e9niable \u00e0 la<br \/>\ncroissance \u00e9conomique du Qu\u00e9bec, son souci de protection de l\u2019environnement ainsi<br \/>\nque ses qualit\u00e9s de chef de file et de rassembleur.<\/p>\n<p style=\"text-align: justify\">Monsieur Pascal TRIBOULOT, docteur ing\u00e9nieur et directeur de l\u2019ENSTIB (\u00c9cole<br \/>\nNationale Sup\u00e9rieure des Technologies et Industries du Bois \u00c9pinal) \u2013 Universit\u00e9<br \/>\nHenri Poincarr\u00e9 Nancy 1. Le professeur Triboulot recevra le m\u00eame honneur pour : sa participation au<br \/>\nd\u00e9veloppement de l\u2019enseignement et de la recherche en France; son expertise et<br \/>\nson apport scientifique aupr\u00e8s des chercheurs de l\u2019UQAC dans le domaine de la<br \/>\nrecherche foresti\u00e8re, l\u2019un des principaux vecteurs de d\u00e9veloppement r\u00e9gional et du<br \/>\nQu\u00e9bec; son implication inestimable au sein de nombreux organismes scientifiques<br \/>\net administratifs. On lui reconna\u00eet \u00e9galement ses comp\u00e9tences et habilet\u00e9s de<br \/>\ngestionnaire, de m\u00eame que ses qualit\u00e9s de p\u00e9dagogue, de communicateur et de<br \/>\nvulgarisateur scientifique.<\/p>\n<p style=\"text-align: justify\">C\u2019est donc avec reconnaissance que l\u2019Universit\u00e9 du Qu\u00e9bec \u00e0 Chicoutimi rend<br \/>\nhommage \u00e0 ces personnalit\u00e9s, pour leur grande contribution \u00e0 notre soci\u00e9t\u00e9 et \u00e0<br \/>\nl\u2019avancement de la recherche dans des domaines de pointe.<\/p>\n<p style=\"text-align: center\">&#8211; 30 &#8211;<\/p>\n<p style=\"text-align: justify\"><strong>SOURCE :<\/strong><br \/>\nC\u00e9line L\u2019Esp\u00e9rance<br \/>\nTechnicienne en information<br \/>\nBureau des affaires publiques<br \/>\nUniversit\u00e9 du Qu\u00e9bec \u00e0 Chicoutimi<br \/>\nT\u00e9l\u00e9phone : 418 545-5011, poste 2350<\/p>\n","protected":false},"excerpt":{"rendered":"<p>Saguenay, le 30 mars 2009 \u2013 L\u2019Universit\u00e9 du Qu\u00e9bec \u00e0 Chicoutimi (UQAC) d\u00e9cernera trois doctorats honoris causa, le 1er mai prochain, lors d\u2019une c\u00e9r\u00e9monie qui d\u00e9butera \u00e0 19 h 30, au Pavillon sportif. Nous rendrons hommage \u00e0 trois personnalit\u00e9s pour leur contribution exemplaire \u00e0 la collectivit\u00e9. Monsieur Bernard ANGERS est d\u00e9tenteur de deux ma\u00eetrises : [&hellip;]<\/p>\n","protected":false},"author":5,"featured_media":20745,"comment_status":"open","ping_status":"open","sticky":false,"template":"","format":"standard","meta":{"footnotes":""},"categories":[2772],"tags":[1059],"yoast_head":"<!-- This site is optimized with the Yoast SEO plugin v24.2 - https:\/\/yoast.com\/wordpress\/plugins\/seo\/ -->\r\n<title>Remise de trois doctorats honoris causa - UQACtualit\u00e9s<\/title>\r\n<meta name=\"robots\" content=\"index, follow, max-snippet:-1, max-image-preview:large, max-video-preview:-1\" \/>\r\n<link rel=\"canonical\" href=\"https:\/\/www.uqac.ca\/uqactualites\/2009\/03\/30\/remise-de-trois-doctorats-honoris-causa-2\/\" \/>\r\n<meta property=\"og:locale\" content=\"fr_CA\" \/>\r\n<meta property=\"og:type\" content=\"article\" \/>\r\n<meta property=\"og:title\" content=\"Remise de trois doctorats honoris causa - UQACtualit\u00e9s\" \/>\r\n<meta property=\"og:description\" content=\"Saguenay, le 30 mars 2009 \u2013 L\u2019Universit\u00e9 du Qu\u00e9bec \u00e0 Chicoutimi (UQAC) d\u00e9cernera trois doctorats honoris causa, le 1er mai prochain, lors d\u2019une c\u00e9r\u00e9monie qui d\u00e9butera \u00e0 19 h 30, au Pavillon sportif. Nous rendrons hommage \u00e0 trois personnalit\u00e9s pour leur contribution exemplaire \u00e0 la collectivit\u00e9. Monsieur Bernard ANGERS est d\u00e9tenteur de deux ma\u00eetrises : [&hellip;]\" \/>\r\n<meta property=\"og:url\" content=\"https:\/\/www.uqac.ca\/uqactualites\/2009\/03\/30\/remise-de-trois-doctorats-honoris-causa-2\/\" \/>\r\n<meta property=\"og:site_name\" content=\"UQACtualit\u00e9s\" \/>\r\n<meta property=\"article:published_time\" content=\"2009-03-30T14:51:27+00:00\" \/>\r\n<meta property=\"og:image\" content=\"https:\/\/www.uqac.ca\/uqactualites\/wp-content\/uploads\/2012\/05\/communiqu-.jpg\" \/>\r\n\t<meta property=\"og:image:width\" content=\"620\" \/>\r\n\t<meta property=\"og:image:height\" content=\"300\" \/>\r\n\t<meta property=\"og:image:type\" content=\"image\/jpeg\" \/>\r\n<meta name=\"author\" content=\"Service des communications et des relations publiques\" \/>\r\n<meta name=\"twitter:card\" content=\"summary_large_image\" \/>\r\n<meta name=\"twitter:label1\" content=\"\u00c9crit par\" \/>\n\t<meta name=\"twitter:data1\" content=\"Service des communications et des relations publiques\" \/>\n\t<meta name=\"twitter:label2\" content=\"Estimation du temps de lecture\" \/>\n\t<meta name=\"twitter:data2\" content=\"2 minutes\" \/>\r\n<script type=\"application\/ld+json\" class=\"yoast-schema-graph\">{\"@context\":\"https:\/\/schema.org\",\"@graph\":[{\"@type\":\"WebPage\",\"@id\":\"https:\/\/www.uqac.ca\/uqactualites\/2009\/03\/30\/remise-de-trois-doctorats-honoris-causa-2\/\",\"url\":\"https:\/\/www.uqac.ca\/uqactualites\/2009\/03\/30\/remise-de-trois-doctorats-honoris-causa-2\/\",\"name\":\"Remise de trois doctorats honoris causa - UQACtualit\u00e9s\",\"isPartOf\":{\"@id\":\"https:\/\/www.uqac.ca\/uqactualites\/#website\"},\"primaryImageOfPage\":{\"@id\":\"https:\/\/www.uqac.ca\/uqactualites\/2009\/03\/30\/remise-de-trois-doctorats-honoris-causa-2\/#primaryimage\"},\"image\":{\"@id\":\"https:\/\/www.uqac.ca\/uqactualites\/2009\/03\/30\/remise-de-trois-doctorats-honoris-causa-2\/#primaryimage\"},\"thumbnailUrl\":\"https:\/\/www.uqac.ca\/uqactualites\/wp-content\/uploads\/2012\/05\/communiqu-.jpg\",\"datePublished\":\"2009-03-30T14:51:27+00:00\",\"dateModified\":\"2009-03-30T14:51:27+00:00\",\"author\":{\"@id\":\"https:\/\/www.uqac.ca\/uqactualites\/#\/schema\/person\/366c45a0c4f0e677b41b4af5886e2018\"},\"breadcrumb\":{\"@id\":\"https:\/\/www.uqac.ca\/uqactualites\/2009\/03\/30\/remise-de-trois-doctorats-honoris-causa-2\/#breadcrumb\"},\"inLanguage\":\"fr-CA\",\"potentialAction\":[{\"@type\":\"ReadAction\",\"target\":[\"https:\/\/www.uqac.ca\/uqactualites\/2009\/03\/30\/remise-de-trois-doctorats-honoris-causa-2\/\"]}]},{\"@type\":\"ImageObject\",\"inLanguage\":\"fr-CA\",\"@id\":\"https:\/\/www.uqac.ca\/uqactualites\/2009\/03\/30\/remise-de-trois-doctorats-honoris-causa-2\/#primaryimage\",\"url\":\"https:\/\/www.uqac.ca\/uqactualites\/wp-content\/uploads\/2012\/05\/communiqu-.jpg\",\"contentUrl\":\"https:\/\/www.uqac.ca\/uqactualites\/wp-content\/uploads\/2012\/05\/communiqu-.jpg\",\"width\":620,\"height\":300},{\"@type\":\"BreadcrumbList\",\"@id\":\"https:\/\/www.uqac.ca\/uqactualites\/2009\/03\/30\/remise-de-trois-doctorats-honoris-causa-2\/#breadcrumb\",\"itemListElement\":[{\"@type\":\"ListItem\",\"position\":1,\"name\":\"Home\",\"item\":\"https:\/\/www.uqac.ca\/uqactualites\/\"},{\"@type\":\"ListItem\",\"position\":2,\"name\":\"Remise de trois doctorats honoris causa\"}]},{\"@type\":\"WebSite\",\"@id\":\"https:\/\/www.uqac.ca\/uqactualites\/#website\",\"url\":\"https:\/\/www.uqac.ca\/uqactualites\/\",\"name\":\"UQACtualit\u00e9s\",\"description\":\"Le portail des nouvelles de l&#039;UQAC\",\"potentialAction\":[{\"@type\":\"SearchAction\",\"target\":{\"@type\":\"EntryPoint\",\"urlTemplate\":\"https:\/\/www.uqac.ca\/uqactualites\/?s={search_term_string}\"},\"query-input\":{\"@type\":\"PropertyValueSpecification\",\"valueRequired\":true,\"valueName\":\"search_term_string\"}}],\"inLanguage\":\"fr-CA\"},{\"@type\":\"Person\",\"@id\":\"https:\/\/www.uqac.ca\/uqactualites\/#\/schema\/person\/366c45a0c4f0e677b41b4af5886e2018\",\"name\":\"Service des communications et des relations publiques\",\"image\":{\"@type\":\"ImageObject\",\"inLanguage\":\"fr-CA\",\"@id\":\"https:\/\/www.uqac.ca\/uqactualites\/#\/schema\/person\/image\/\",\"url\":\"https:\/\/secure.gravatar.com\/avatar\/20fbbda8a292f59f2d3461a5b999c00b?s=96&d=mm&r=g\",\"contentUrl\":\"https:\/\/secure.gravatar.com\/avatar\/20fbbda8a292f59f2d3461a5b999c00b?s=96&d=mm&r=g\",\"caption\":\"Service des communications et des relations publiques\"},\"url\":\"https:\/\/www.uqac.ca\/uqactualites\/author\/bap\/\"}]}<\/script>\r\n<!-- \/ Yoast SEO plugin. -->","yoast_head_json":{"title":"Remise de trois doctorats honoris causa - UQACtualit\u00e9s","robots":{"index":"index","follow":"follow","max-snippet":"max-snippet:-1","max-image-preview":"max-image-preview:large","max-video-preview":"max-video-preview:-1"},"canonical":"https:\/\/www.uqac.ca\/uqactualites\/2009\/03\/30\/remise-de-trois-doctorats-honoris-causa-2\/","og_locale":"fr_CA","og_type":"article","og_title":"Remise de trois doctorats honoris causa - UQACtualit\u00e9s","og_description":"Saguenay, le 30 mars 2009 \u2013 L\u2019Universit\u00e9 du Qu\u00e9bec \u00e0 Chicoutimi (UQAC) d\u00e9cernera trois doctorats honoris causa, le 1er mai prochain, lors d\u2019une c\u00e9r\u00e9monie qui d\u00e9butera \u00e0 19 h 30, au Pavillon sportif. Nous rendrons hommage \u00e0 trois personnalit\u00e9s pour leur contribution exemplaire \u00e0 la collectivit\u00e9. Monsieur Bernard ANGERS est d\u00e9tenteur de deux ma\u00eetrises : [&hellip;]","og_url":"https:\/\/www.uqac.ca\/uqactualites\/2009\/03\/30\/remise-de-trois-doctorats-honoris-causa-2\/","og_site_name":"UQACtualit\u00e9s","article_published_time":"2009-03-30T14:51:27+00:00","og_image":[{"width":620,"height":300,"url":"https:\/\/www.uqac.ca\/uqactualites\/wp-content\/uploads\/2012\/05\/communiqu-.jpg","type":"image\/jpeg"}],"author":"Service des communications et des relations publiques","twitter_card":"summary_large_image","twitter_misc":{"\u00c9crit par":"Service des communications et des relations publiques","Estimation du temps de lecture":"2 minutes"},"schema":{"@context":"https:\/\/schema.org","@graph":[{"@type":"WebPage","@id":"https:\/\/www.uqac.ca\/uqactualites\/2009\/03\/30\/remise-de-trois-doctorats-honoris-causa-2\/","url":"https:\/\/www.uqac.ca\/uqactualites\/2009\/03\/30\/remise-de-trois-doctorats-honoris-causa-2\/","name":"Remise de trois doctorats honoris causa - UQACtualit\u00e9s","isPartOf":{"@id":"https:\/\/www.uqac.ca\/uqactualites\/#website"},"primaryImageOfPage":{"@id":"https:\/\/www.uqac.ca\/uqactualites\/2009\/03\/30\/remise-de-trois-doctorats-honoris-causa-2\/#primaryimage"},"image":{"@id":"https:\/\/www.uqac.ca\/uqactualites\/2009\/03\/30\/remise-de-trois-doctorats-honoris-causa-2\/#primaryimage"},"thumbnailUrl":"https:\/\/www.uqac.ca\/uqactualites\/wp-content\/uploads\/2012\/05\/communiqu-.jpg","datePublished":"2009-03-30T14:51:27+00:00","dateModified":"2009-03-30T14:51:27+00:00","author":{"@id":"https:\/\/www.uqac.ca\/uqactualites\/#\/schema\/person\/366c45a0c4f0e677b41b4af5886e2018"},"breadcrumb":{"@id":"https:\/\/www.uqac.ca\/uqactualites\/2009\/03\/30\/remise-de-trois-doctorats-honoris-causa-2\/#breadcrumb"},"inLanguage":"fr-CA","potentialAction":[{"@type":"ReadAction","target":["https:\/\/www.uqac.ca\/uqactualites\/2009\/03\/30\/remise-de-trois-doctorats-honoris-causa-2\/"]}]},{"@type":"ImageObject","inLanguage":"fr-CA","@id":"https:\/\/www.uqac.ca\/uqactualites\/2009\/03\/30\/remise-de-trois-doctorats-honoris-causa-2\/#primaryimage","url":"https:\/\/www.uqac.ca\/uqactualites\/wp-content\/uploads\/2012\/05\/communiqu-.jpg","contentUrl":"https:\/\/www.uqac.ca\/uqactualites\/wp-content\/uploads\/2012\/05\/communiqu-.jpg","width":620,"height":300},{"@type":"BreadcrumbList","@id":"https:\/\/www.uqac.ca\/uqactualites\/2009\/03\/30\/remise-de-trois-doctorats-honoris-causa-2\/#breadcrumb","itemListElement":[{"@type":"ListItem","position":1,"name":"Home","item":"https:\/\/www.uqac.ca\/uqactualites\/"},{"@type":"ListItem","position":2,"name":"Remise de trois doctorats honoris causa"}]},{"@type":"WebSite","@id":"https:\/\/www.uqac.ca\/uqactualites\/#website","url":"https:\/\/www.uqac.ca\/uqactualites\/","name":"UQACtualit\u00e9s","description":"Le portail des nouvelles de l&#039;UQAC","potentialAction":[{"@type":"SearchAction","target":{"@type":"EntryPoint","urlTemplate":"https:\/\/www.uqac.ca\/uqactualites\/?s={search_term_string}"},"query-input":{"@type":"PropertyValueSpecification","valueRequired":true,"valueName":"search_term_string"}}],"inLanguage":"fr-CA"},{"@type":"Person","@id":"https:\/\/www.uqac.ca\/uqactualites\/#\/schema\/person\/366c45a0c4f0e677b41b4af5886e2018","name":"Service des communications et des relations publiques","image":{"@type":"ImageObject","inLanguage":"fr-CA","@id":"https:\/\/www.uqac.ca\/uqactualites\/#\/schema\/person\/image\/","url":"https:\/\/secure.gravatar.com\/avatar\/20fbbda8a292f59f2d3461a5b999c00b?s=96&d=mm&r=g","contentUrl":"https:\/\/secure.gravatar.com\/avatar\/20fbbda8a292f59f2d3461a5b999c00b?s=96&d=mm&r=g","caption":"Service des communications et des relations publiques"},"url":"https:\/\/www.uqac.ca\/uqactualites\/author\/bap\/"}]}},"_links":{"self":[{"href":"https:\/\/www.uqac.ca\/uqactualites\/wp-json\/wp\/v2\/posts\/27984"}],"collection":[{"href":"https:\/\/www.uqac.ca\/uqactualites\/wp-json\/wp\/v2\/posts"}],"about":[{"href":"https:\/\/www.uqac.ca\/uqactualites\/wp-json\/wp\/v2\/types\/post"}],"author":[{"embeddable":true,"href":"https:\/\/www.uqac.ca\/uqactualites\/wp-json\/wp\/v2\/users\/5"}],"replies":[{"embeddable":true,"href":"https:\/\/www.uqac.ca\/uqactualites\/wp-json\/wp\/v2\/comments?post=27984"}],"version-history":[{"count":0,"href":"https:\/\/www.uqac.ca\/uqactualites\/wp-json\/wp\/v2\/posts\/27984\/revisions"}],"wp:featuredmedia":[{"embeddable":true,"href":"https:\/\/www.uqac.ca\/uqactualites\/wp-json\/wp\/v2\/media\/20745"}],"wp:attachment":[{"href":"https:\/\/www.uqac.ca\/uqactualites\/wp-json\/wp\/v2\/media?parent=27984"}],"wp:term":[{"taxonomy":"category","embeddable":true,"href":"https:\/\/www.uqac.ca\/uqactualites\/wp-json\/wp\/v2\/categories?post=27984"},{"taxonomy":"post_tag","embeddable":true,"href":"https:\/\/www.uqac.ca\/uqactualites\/wp-json\/wp\/v2\/tags?post=27984"}],"curies":[{"name":"wp","href":"https:\/\/api.w.org\/{rel}","templated":true}]}}