{"id":28011,"date":"2009-09-10T15:34:39","date_gmt":"2009-09-10T19:34:39","guid":{"rendered":"http:\/\/uqactualite.odev.ca\/?p=28011"},"modified":"2009-09-10T15:34:39","modified_gmt":"2009-09-10T19:34:39","slug":"forum-regional-sur-la-relance-economique-regionale-du-saguenay-lac-saint-jean","status":"publish","type":"post","link":"https:\/\/www.uqac.ca\/uqactualites\/2009\/09\/10\/forum-regional-sur-la-relance-economique-regionale-du-saguenay-lac-saint-jean\/","title":{"rendered":"Forum r\u00e9gional sur \u00ab La relance \u00e9conomique r\u00e9gionale du Saguenay\u2013Lac-Saint-Jean \u00bb"},"content":{"rendered":"<p style=\"text-align: justify\">Saguenay, le jeudi 10 septembre 2009 \u2013 \u00c0 travers tous les \u00e9v\u00e9nements organis\u00e9s par le<br \/>\nmouvement Vision 2025 de l\u2019UQAC, le forum r\u00e9gional sur \u00ab La relance \u00e9conomique<br \/>\nr\u00e9gionale du Saguenay\u2013Lac-Saint-Jean \u00bb qui aura lieu le 11 septembre, vise<br \/>\nsp\u00e9cifiquement la proposition concr\u00e8te d\u2019assises pour soutenir la restructuration<br \/>\n\u00e9conomique r\u00e9gionale sur une longue p\u00e9riode.<\/p>\n<p style=\"text-align: justify\">Cinq conf\u00e9renciers chevronn\u00e9s livreront leur contenu sur plusieurs enjeux majeurs pour<br \/>\nla r\u00e9gion. Parmi les 200 experts du milieu d\u00e9j\u00e0 inscrits \u00e0 ce Forum, de nombreuses<br \/>\npersonnalit\u00e9s r\u00e9gionales participeront activement au d\u00e9bat. Signalons la pr\u00e9sence de<br \/>\npoliticiens et d\u00e9cideurs des trois \u00e9chelons de gouverne publique, notamment l\u2019honorable<br \/>\nDenis Lebel, messieurs Jean Tremblay, St\u00e9phane B\u00e9dard, R\u00e9jean Laforest, Michel<br \/>\nBelley, Gilbert Simard, Jean Paradis ainsi que madame Martine Couture. La parole<br \/>\nappartient \u00e0 tous de mani\u00e8re \u00e0 construire des options concr\u00e8tes pour l\u2019avenir r\u00e9gional.<\/p>\n<p style=\"text-align: justify\">Depuis la cr\u00e9ation du mouvement Vision 2025, nombreux sont les d\u00e9cideurs qui ont<br \/>\nr\u00e9clam\u00e9 une impulsion vigoureuse pour propulser le Saguenay\u2013Lac-Saint-Jean dans<br \/>\nune nouvelle grande vague de croissance et de d\u00e9veloppement. Peu de gens croient<br \/>\nque seules les options du pass\u00e9, en regard des \u00ab investissements massifs ponctuels \u00bb<br \/>\net de \u00ab l\u2019explosion de PME \u00bb, sont suffisantes. En cons\u00e9quence, certains ont propos\u00e9 la<br \/>\ntenue d\u2019un Sommet r\u00e9gional sur l\u2019innovation. D\u2019autres ont sugg\u00e9r\u00e9 une proc\u00e9dure<br \/>\nradicale pour acc\u00e9l\u00e9rer le rythme trop lent du renouvellement d\u00e9mocratique autour des<br \/>\nnombreux enjeux socio-\u00e9conomiques \u00e0 relever collectivement. D\u2019autres analystes<br \/>\nconsid\u00e8rent encore incontournable la forte mobilisation du secteur priv\u00e9. Finalement, un<br \/>\ncandidat en campagne \u00e9lectorale a m\u00eame propos\u00e9 la confection d\u2019un v\u00e9ritable Plan<br \/>\nMarshall pour poursuivre l\u2019oeuvre r\u00e9gionale de Vision 2025. En r\u00e9alit\u00e9, tous semblent<br \/>\ns\u2019accorder sur l\u2019imp\u00e9ratif d\u2019un leadership r\u00e9gional fort pour sortir des orni\u00e8res actuelles<br \/>\net cheminer vers des solutions nouvelles pour l\u2019avenir.<\/p>\n<p style=\"text-align: justify\">Les organisateurs du Forum souhaitent jeter les bases d\u2019une plateforme<br \/>\ncommune pour un plan de relance \u00e9conomique r\u00e9gionale \u00e0 long terme. Reste<br \/>\nmaintenant aux d\u00e9cideurs de la r\u00e9gion de sugg\u00e9rer la forme et l\u2019intensit\u00e9 du leadership<br \/>\nsi souhaitable!<\/p>\n<p style=\"text-align: justify\">Nous nous devrons de r\u00e9pondre essentiellement \u00e0 cette question : Comment la<br \/>\nr\u00e9gion du Saguenay\u2013Lac-Saint-Jean va-t-elle mettre en oeuvre un projet collectif<br \/>\nglobal et articul\u00e9 pour s\u2019approprier vigoureusement les enjeux d\u2019avenir?<\/p>\n<p style=\"text-align: center\">&#8211; 30 &#8211;<\/p>\n<p style=\"text-align: justify\"><strong>Renseignements :<\/strong><br \/>\nMarc-Urbain Proulx, professeur<br \/>\nVision 2025, CRDT, UQAC<br \/>\nT\u00e9l\u00e9phone : 418 545-5011, poste 5243<\/p>\n<p style=\"text-align: justify\"><strong>Source :<\/strong><br \/>\nC\u00e9line L\u2019Esp\u00e9rance<br \/>\nTechnicienne en information<br \/>\nBureau des affaires publiques<br \/>\nT\u00e9l\u00e9phone : 418 545-5011, poste 2350<br \/>\nCourriel : celine_lesperance@uqac.ca<\/p>\n","protected":false},"excerpt":{"rendered":"<p>Saguenay, le jeudi 10 septembre 2009 \u2013 \u00c0 travers tous les \u00e9v\u00e9nements organis\u00e9s par le mouvement Vision 2025 de l\u2019UQAC, le forum r\u00e9gional sur \u00ab La relance \u00e9conomique r\u00e9gionale du Saguenay\u2013Lac-Saint-Jean \u00bb qui aura lieu le 11 septembre, vise sp\u00e9cifiquement la proposition concr\u00e8te d\u2019assises pour soutenir la restructuration \u00e9conomique r\u00e9gionale sur une longue p\u00e9riode. Cinq [&hellip;]<\/p>\n","protected":false},"author":5,"featured_media":20745,"comment_status":"open","ping_status":"open","sticky":false,"template":"","format":"standard","meta":{"footnotes":""},"categories":[2772],"tags":[8],"yoast_head":"<!-- This site is optimized with the Yoast SEO plugin v24.2 - https:\/\/yoast.com\/wordpress\/plugins\/seo\/ -->\r\n<title>Forum r\u00e9gional sur \u00ab La relance \u00e9conomique r\u00e9gionale du Saguenay\u2013Lac-Saint-Jean \u00bb - UQACtualit\u00e9s<\/title>\r\n<meta name=\"robots\" content=\"index, follow, max-snippet:-1, max-image-preview:large, max-video-preview:-1\" \/>\r\n<link rel=\"canonical\" href=\"https:\/\/www.uqac.ca\/uqactualites\/2009\/09\/10\/forum-regional-sur-la-relance-economique-regionale-du-saguenay-lac-saint-jean\/\" \/>\r\n<meta property=\"og:locale\" content=\"fr_CA\" \/>\r\n<meta property=\"og:type\" content=\"article\" \/>\r\n<meta property=\"og:title\" content=\"Forum r\u00e9gional sur \u00ab La relance \u00e9conomique r\u00e9gionale du Saguenay\u2013Lac-Saint-Jean \u00bb - UQACtualit\u00e9s\" \/>\r\n<meta property=\"og:description\" content=\"Saguenay, le jeudi 10 septembre 2009 \u2013 \u00c0 travers tous les \u00e9v\u00e9nements organis\u00e9s par le mouvement Vision 2025 de l\u2019UQAC, le forum r\u00e9gional sur \u00ab La relance \u00e9conomique r\u00e9gionale du Saguenay\u2013Lac-Saint-Jean \u00bb qui aura lieu le 11 septembre, vise sp\u00e9cifiquement la proposition concr\u00e8te d\u2019assises pour soutenir la restructuration \u00e9conomique r\u00e9gionale sur une longue p\u00e9riode. Cinq [&hellip;]\" \/>\r\n<meta property=\"og:url\" content=\"https:\/\/www.uqac.ca\/uqactualites\/2009\/09\/10\/forum-regional-sur-la-relance-economique-regionale-du-saguenay-lac-saint-jean\/\" \/>\r\n<meta property=\"og:site_name\" content=\"UQACtualit\u00e9s\" \/>\r\n<meta property=\"article:published_time\" content=\"2009-09-10T19:34:39+00:00\" \/>\r\n<meta property=\"og:image\" content=\"https:\/\/www.uqac.ca\/uqactualites\/wp-content\/uploads\/2012\/05\/communiqu-.jpg\" \/>\r\n\t<meta property=\"og:image:width\" content=\"620\" \/>\r\n\t<meta property=\"og:image:height\" content=\"300\" \/>\r\n\t<meta property=\"og:image:type\" content=\"image\/jpeg\" \/>\r\n<meta name=\"author\" content=\"Service des communications et des relations publiques\" \/>\r\n<meta name=\"twitter:card\" content=\"summary_large_image\" \/>\r\n<meta name=\"twitter:label1\" content=\"\u00c9crit par\" \/>\n\t<meta name=\"twitter:data1\" content=\"Service des communications et des relations publiques\" \/>\n\t<meta name=\"twitter:label2\" content=\"Estimation du temps de lecture\" \/>\n\t<meta name=\"twitter:data2\" content=\"2 minutes\" \/>\r\n<script type=\"application\/ld+json\" class=\"yoast-schema-graph\">{\"@context\":\"https:\/\/schema.org\",\"@graph\":[{\"@type\":\"WebPage\",\"@id\":\"https:\/\/www.uqac.ca\/uqactualites\/2009\/09\/10\/forum-regional-sur-la-relance-economique-regionale-du-saguenay-lac-saint-jean\/\",\"url\":\"https:\/\/www.uqac.ca\/uqactualites\/2009\/09\/10\/forum-regional-sur-la-relance-economique-regionale-du-saguenay-lac-saint-jean\/\",\"name\":\"Forum r\u00e9gional sur \u00ab La relance \u00e9conomique r\u00e9gionale du Saguenay\u2013Lac-Saint-Jean \u00bb - UQACtualit\u00e9s\",\"isPartOf\":{\"@id\":\"https:\/\/www.uqac.ca\/uqactualites\/#website\"},\"primaryImageOfPage\":{\"@id\":\"https:\/\/www.uqac.ca\/uqactualites\/2009\/09\/10\/forum-regional-sur-la-relance-economique-regionale-du-saguenay-lac-saint-jean\/#primaryimage\"},\"image\":{\"@id\":\"https:\/\/www.uqac.ca\/uqactualites\/2009\/09\/10\/forum-regional-sur-la-relance-economique-regionale-du-saguenay-lac-saint-jean\/#primaryimage\"},\"thumbnailUrl\":\"https:\/\/www.uqac.ca\/uqactualites\/wp-content\/uploads\/2012\/05\/communiqu-.jpg\",\"datePublished\":\"2009-09-10T19:34:39+00:00\",\"dateModified\":\"2009-09-10T19:34:39+00:00\",\"author\":{\"@id\":\"https:\/\/www.uqac.ca\/uqactualites\/#\/schema\/person\/366c45a0c4f0e677b41b4af5886e2018\"},\"breadcrumb\":{\"@id\":\"https:\/\/www.uqac.ca\/uqactualites\/2009\/09\/10\/forum-regional-sur-la-relance-economique-regionale-du-saguenay-lac-saint-jean\/#breadcrumb\"},\"inLanguage\":\"fr-CA\",\"potentialAction\":[{\"@type\":\"ReadAction\",\"target\":[\"https:\/\/www.uqac.ca\/uqactualites\/2009\/09\/10\/forum-regional-sur-la-relance-economique-regionale-du-saguenay-lac-saint-jean\/\"]}]},{\"@type\":\"ImageObject\",\"inLanguage\":\"fr-CA\",\"@id\":\"https:\/\/www.uqac.ca\/uqactualites\/2009\/09\/10\/forum-regional-sur-la-relance-economique-regionale-du-saguenay-lac-saint-jean\/#primaryimage\",\"url\":\"https:\/\/www.uqac.ca\/uqactualites\/wp-content\/uploads\/2012\/05\/communiqu-.jpg\",\"contentUrl\":\"https:\/\/www.uqac.ca\/uqactualites\/wp-content\/uploads\/2012\/05\/communiqu-.jpg\",\"width\":620,\"height\":300},{\"@type\":\"BreadcrumbList\",\"@id\":\"https:\/\/www.uqac.ca\/uqactualites\/2009\/09\/10\/forum-regional-sur-la-relance-economique-regionale-du-saguenay-lac-saint-jean\/#breadcrumb\",\"itemListElement\":[{\"@type\":\"ListItem\",\"position\":1,\"name\":\"Home\",\"item\":\"https:\/\/www.uqac.ca\/uqactualites\/\"},{\"@type\":\"ListItem\",\"position\":2,\"name\":\"Forum r\u00e9gional sur \u00ab La relance \u00e9conomique r\u00e9gionale du Saguenay\u2013Lac-Saint-Jean \u00bb\"}]},{\"@type\":\"WebSite\",\"@id\":\"https:\/\/www.uqac.ca\/uqactualites\/#website\",\"url\":\"https:\/\/www.uqac.ca\/uqactualites\/\",\"name\":\"UQACtualit\u00e9s\",\"description\":\"Le portail des nouvelles de l&#039;UQAC\",\"potentialAction\":[{\"@type\":\"SearchAction\",\"target\":{\"@type\":\"EntryPoint\",\"urlTemplate\":\"https:\/\/www.uqac.ca\/uqactualites\/?s={search_term_string}\"},\"query-input\":{\"@type\":\"PropertyValueSpecification\",\"valueRequired\":true,\"valueName\":\"search_term_string\"}}],\"inLanguage\":\"fr-CA\"},{\"@type\":\"Person\",\"@id\":\"https:\/\/www.uqac.ca\/uqactualites\/#\/schema\/person\/366c45a0c4f0e677b41b4af5886e2018\",\"name\":\"Service des communications et des relations publiques\",\"image\":{\"@type\":\"ImageObject\",\"inLanguage\":\"fr-CA\",\"@id\":\"https:\/\/www.uqac.ca\/uqactualites\/#\/schema\/person\/image\/\",\"url\":\"https:\/\/secure.gravatar.com\/avatar\/20fbbda8a292f59f2d3461a5b999c00b?s=96&d=mm&r=g\",\"contentUrl\":\"https:\/\/secure.gravatar.com\/avatar\/20fbbda8a292f59f2d3461a5b999c00b?s=96&d=mm&r=g\",\"caption\":\"Service des communications et des relations publiques\"},\"url\":\"https:\/\/www.uqac.ca\/uqactualites\/author\/bap\/\"}]}<\/script>\r\n<!-- \/ Yoast SEO plugin. -->","yoast_head_json":{"title":"Forum r\u00e9gional sur \u00ab La relance \u00e9conomique r\u00e9gionale du Saguenay\u2013Lac-Saint-Jean \u00bb - UQACtualit\u00e9s","robots":{"index":"index","follow":"follow","max-snippet":"max-snippet:-1","max-image-preview":"max-image-preview:large","max-video-preview":"max-video-preview:-1"},"canonical":"https:\/\/www.uqac.ca\/uqactualites\/2009\/09\/10\/forum-regional-sur-la-relance-economique-regionale-du-saguenay-lac-saint-jean\/","og_locale":"fr_CA","og_type":"article","og_title":"Forum r\u00e9gional sur \u00ab La relance \u00e9conomique r\u00e9gionale du Saguenay\u2013Lac-Saint-Jean \u00bb - UQACtualit\u00e9s","og_description":"Saguenay, le jeudi 10 septembre 2009 \u2013 \u00c0 travers tous les \u00e9v\u00e9nements organis\u00e9s par le mouvement Vision 2025 de l\u2019UQAC, le forum r\u00e9gional sur \u00ab La relance \u00e9conomique r\u00e9gionale du Saguenay\u2013Lac-Saint-Jean \u00bb qui aura lieu le 11 septembre, vise sp\u00e9cifiquement la proposition concr\u00e8te d\u2019assises pour soutenir la restructuration \u00e9conomique r\u00e9gionale sur une longue p\u00e9riode. Cinq [&hellip;]","og_url":"https:\/\/www.uqac.ca\/uqactualites\/2009\/09\/10\/forum-regional-sur-la-relance-economique-regionale-du-saguenay-lac-saint-jean\/","og_site_name":"UQACtualit\u00e9s","article_published_time":"2009-09-10T19:34:39+00:00","og_image":[{"width":620,"height":300,"url":"https:\/\/www.uqac.ca\/uqactualites\/wp-content\/uploads\/2012\/05\/communiqu-.jpg","type":"image\/jpeg"}],"author":"Service des communications et des relations publiques","twitter_card":"summary_large_image","twitter_misc":{"\u00c9crit par":"Service des communications et des relations publiques","Estimation du temps de lecture":"2 minutes"},"schema":{"@context":"https:\/\/schema.org","@graph":[{"@type":"WebPage","@id":"https:\/\/www.uqac.ca\/uqactualites\/2009\/09\/10\/forum-regional-sur-la-relance-economique-regionale-du-saguenay-lac-saint-jean\/","url":"https:\/\/www.uqac.ca\/uqactualites\/2009\/09\/10\/forum-regional-sur-la-relance-economique-regionale-du-saguenay-lac-saint-jean\/","name":"Forum r\u00e9gional sur \u00ab La relance \u00e9conomique r\u00e9gionale du Saguenay\u2013Lac-Saint-Jean \u00bb - UQACtualit\u00e9s","isPartOf":{"@id":"https:\/\/www.uqac.ca\/uqactualites\/#website"},"primaryImageOfPage":{"@id":"https:\/\/www.uqac.ca\/uqactualites\/2009\/09\/10\/forum-regional-sur-la-relance-economique-regionale-du-saguenay-lac-saint-jean\/#primaryimage"},"image":{"@id":"https:\/\/www.uqac.ca\/uqactualites\/2009\/09\/10\/forum-regional-sur-la-relance-economique-regionale-du-saguenay-lac-saint-jean\/#primaryimage"},"thumbnailUrl":"https:\/\/www.uqac.ca\/uqactualites\/wp-content\/uploads\/2012\/05\/communiqu-.jpg","datePublished":"2009-09-10T19:34:39+00:00","dateModified":"2009-09-10T19:34:39+00:00","author":{"@id":"https:\/\/www.uqac.ca\/uqactualites\/#\/schema\/person\/366c45a0c4f0e677b41b4af5886e2018"},"breadcrumb":{"@id":"https:\/\/www.uqac.ca\/uqactualites\/2009\/09\/10\/forum-regional-sur-la-relance-economique-regionale-du-saguenay-lac-saint-jean\/#breadcrumb"},"inLanguage":"fr-CA","potentialAction":[{"@type":"ReadAction","target":["https:\/\/www.uqac.ca\/uqactualites\/2009\/09\/10\/forum-regional-sur-la-relance-economique-regionale-du-saguenay-lac-saint-jean\/"]}]},{"@type":"ImageObject","inLanguage":"fr-CA","@id":"https:\/\/www.uqac.ca\/uqactualites\/2009\/09\/10\/forum-regional-sur-la-relance-economique-regionale-du-saguenay-lac-saint-jean\/#primaryimage","url":"https:\/\/www.uqac.ca\/uqactualites\/wp-content\/uploads\/2012\/05\/communiqu-.jpg","contentUrl":"https:\/\/www.uqac.ca\/uqactualites\/wp-content\/uploads\/2012\/05\/communiqu-.jpg","width":620,"height":300},{"@type":"BreadcrumbList","@id":"https:\/\/www.uqac.ca\/uqactualites\/2009\/09\/10\/forum-regional-sur-la-relance-economique-regionale-du-saguenay-lac-saint-jean\/#breadcrumb","itemListElement":[{"@type":"ListItem","position":1,"name":"Home","item":"https:\/\/www.uqac.ca\/uqactualites\/"},{"@type":"ListItem","position":2,"name":"Forum r\u00e9gional sur \u00ab La relance \u00e9conomique r\u00e9gionale du Saguenay\u2013Lac-Saint-Jean \u00bb"}]},{"@type":"WebSite","@id":"https:\/\/www.uqac.ca\/uqactualites\/#website","url":"https:\/\/www.uqac.ca\/uqactualites\/","name":"UQACtualit\u00e9s","description":"Le portail des nouvelles de l&#039;UQAC","potentialAction":[{"@type":"SearchAction","target":{"@type":"EntryPoint","urlTemplate":"https:\/\/www.uqac.ca\/uqactualites\/?s={search_term_string}"},"query-input":{"@type":"PropertyValueSpecification","valueRequired":true,"valueName":"search_term_string"}}],"inLanguage":"fr-CA"},{"@type":"Person","@id":"https:\/\/www.uqac.ca\/uqactualites\/#\/schema\/person\/366c45a0c4f0e677b41b4af5886e2018","name":"Service des communications et des relations publiques","image":{"@type":"ImageObject","inLanguage":"fr-CA","@id":"https:\/\/www.uqac.ca\/uqactualites\/#\/schema\/person\/image\/","url":"https:\/\/secure.gravatar.com\/avatar\/20fbbda8a292f59f2d3461a5b999c00b?s=96&d=mm&r=g","contentUrl":"https:\/\/secure.gravatar.com\/avatar\/20fbbda8a292f59f2d3461a5b999c00b?s=96&d=mm&r=g","caption":"Service des communications et des relations publiques"},"url":"https:\/\/www.uqac.ca\/uqactualites\/author\/bap\/"}]}},"_links":{"self":[{"href":"https:\/\/www.uqac.ca\/uqactualites\/wp-json\/wp\/v2\/posts\/28011"}],"collection":[{"href":"https:\/\/www.uqac.ca\/uqactualites\/wp-json\/wp\/v2\/posts"}],"about":[{"href":"https:\/\/www.uqac.ca\/uqactualites\/wp-json\/wp\/v2\/types\/post"}],"author":[{"embeddable":true,"href":"https:\/\/www.uqac.ca\/uqactualites\/wp-json\/wp\/v2\/users\/5"}],"replies":[{"embeddable":true,"href":"https:\/\/www.uqac.ca\/uqactualites\/wp-json\/wp\/v2\/comments?post=28011"}],"version-history":[{"count":0,"href":"https:\/\/www.uqac.ca\/uqactualites\/wp-json\/wp\/v2\/posts\/28011\/revisions"}],"wp:featuredmedia":[{"embeddable":true,"href":"https:\/\/www.uqac.ca\/uqactualites\/wp-json\/wp\/v2\/media\/20745"}],"wp:attachment":[{"href":"https:\/\/www.uqac.ca\/uqactualites\/wp-json\/wp\/v2\/media?parent=28011"}],"wp:term":[{"taxonomy":"category","embeddable":true,"href":"https:\/\/www.uqac.ca\/uqactualites\/wp-json\/wp\/v2\/categories?post=28011"},{"taxonomy":"post_tag","embeddable":true,"href":"https:\/\/www.uqac.ca\/uqactualites\/wp-json\/wp\/v2\/tags?post=28011"}],"curies":[{"name":"wp","href":"https:\/\/api.w.org\/{rel}","templated":true}]}}