{"id":28018,"date":"2009-10-28T15:46:32","date_gmt":"2009-10-28T19:46:32","guid":{"rendered":"http:\/\/uqactualite.odev.ca\/?p=28018"},"modified":"2009-10-28T15:46:32","modified_gmt":"2009-10-28T19:46:32","slug":"aucc-laucc-nomme-j-l-michel-belley-de-chicoutimi-a-la-presidence-de-son-conseil-dadministration","status":"publish","type":"post","link":"https:\/\/www.uqac.ca\/uqactualites\/2009\/10\/28\/aucc-laucc-nomme-j-l-michel-belley-de-chicoutimi-a-la-presidence-de-son-conseil-dadministration\/","title":{"rendered":"[AUCC] &#8211; L\u2019AUCC nomme, J.-L. Michel Belley de Chicoutimi \u00e0 la pr\u00e9sidence de son conseil d\u2019administration"},"content":{"rendered":"<p>Ottawa (28 octobre 2009) &#8211; J.-L. Michel Belley, recteur de l\u2019Universit\u00e9 du Qu\u00e9bec \u00e0 Chicoutimi (UQAC), entame<br \/>\naujourd\u2019hui un mandat de deux ans \u00e0 la pr\u00e9sidence du conseil d\u2019administration de<br \/>\nl\u2019Association des universit\u00e9s et coll\u00e8ges du Canada (AUCC), \u00e0 l\u2019occasion de la r\u00e9union<br \/>\nannuelle des membres, qui se tient \u00e0 Ottawa.<\/p>\n<p>L\u2019AUCC est l\u2019association nationale qui regroupe les chefs d\u2019\u00e9tablissement des<br \/>\nuniversit\u00e9s et des coll\u00e8ges universitaires publics et priv\u00e9s \u00e0 but non lucratif.<br \/>\n\u00ab Mon mandat s\u2019inscrira dans la continuit\u00e9 de mon pr\u00e9d\u00e9cesseur, a affirm\u00e9 M. Belley.<br \/>\nJ\u2019entends partager avec l\u2019ensemble de la population canadienne ma conviction du r\u00f4le<br \/>\nde plus en plus essentiel que jouent les universit\u00e9s dans le d\u00e9veloppement \u00e9conomique,<br \/>\nsocial et culturel du pays. \u00bb Toujours selon M. Belley, \u00ab Pour que le Canada demeure<br \/>\nparmi les meilleurs, il se doit d\u2019investir dans l\u2019\u00e9conomie du savoir. \u00bb<\/p>\n<p>M. Belley est le septi\u00e8me recteur de l\u2019UQAC. Il a lui-m\u00eame obtenu un baccalaur\u00e9at en<br \/>\nfinances de cet \u00e9tablissement en 1973, une ma\u00eetrise de l\u2019Universit\u00e9 de Sherbrooke et un<br \/>\ndoctorat de l\u2019Universit\u00e9 de Rennes, en France. Avant d\u2019occuper ses fonctions actuelles \u00e0<br \/>\nl\u2019UQAC, M. Belley y \u00e9tait professeur au d\u00e9partement des sciences \u00e9conomiques et<br \/>\nadministratives depuis 1978. Il est aussi secr\u00e9taire-tr\u00e9sorier du Comit\u00e9 ex\u00e9cutif de la<br \/>\nConf\u00e9rence des recteurs et des principaux des universit\u00e9s du Qu\u00e9bec, l\u2019association<br \/>\nprovinciale des chefs d\u2019\u00e9tablissement.<\/p>\n<p>En sa qualit\u00e9 de recteur de l\u2019UQAC depuis 2001, M. Belley a grandement contribu\u00e9 \u00e0<br \/>\naccro\u00eetre le r\u00f4le de l\u2019\u00e9tablissement en mati\u00e8re de recherche associ\u00e9e \u00e0 l\u2019\u00e9conomie<br \/>\nr\u00e9gionale et \u00e0 intensifier les relations internationales.<\/p>\n<p>\u00ab M. Belley a r\u00e9ussi de mani\u00e8re remarquable \u00e0 rehausser l\u2019exp\u00e9rience universitaire pour<br \/>\nles \u00e9tudiants dans son \u00e9tablissement et \u00e0 rendre la recherche universitaire pertinente<br \/>\npour le Canada et le monde entier, affirme le pr\u00e9sident-directeur g\u00e9n\u00e9ral de l\u2019AUCC,<br \/>\nPaul Davidson. Nous nous r\u00e9jouissons \u00e0 l\u2019id\u00e9e de collaborer avec lui et de continuer de<br \/>\ndonner aux universit\u00e9s canadiennes une voix constructive qui fait autorit\u00e9 sur la sc\u00e8ne<br \/>\nnationale et internationale. \u00bb<\/p>\n<p>M. Belley succ\u00e8de \u00e0 Tom Traves, recteur de la Dalhousie University, qui \u00e9tait pr\u00e9sident<br \/>\ndu conseil d\u2019administration de l\u2019AUCC depuis 2007. Ce dernier continuera de si\u00e9ger au<br \/>\nconseil d\u2019administration \u00e0 titre de pr\u00e9sident sortant. Le conseil d\u2019administration de<br \/>\nl\u2019AUCC se compose des membres suivants :<br \/>\n\u2022 Stephen Toope, recteur de la University of British Columbia<br \/>\n\u2022 Max Blouw, recteur de la Wilfrid Laurier University<br \/>\n\u2022 David Naylor, recteur de la University of Toronto<br \/>\n\u2022 Robert Campbell, recteur de la Mount Allison University<br \/>\n\u2022 David Turpin, recteur de l\u2019Universit\u00e9 de Victoria<br \/>\n\u2022 Judith Woodsworth, rectrice de l\u2019Universit\u00e9 Concordia<br \/>\n\u2022 J. Colin Dodds, recteur de la Saint Mary\u2019s University<br \/>\n\u2022 Heather Munroe-Blum, principale de l\u2019Universit\u00e9 McGill<br \/>\n\u2022 Sheldon Levy, recteur de la Ryerson University<br \/>\n\u2022 Michael Stevenson, recteur de la Simon Fraser University<br \/>\n\u2022 Paul Davidson, pr\u00e9sident-directeur g\u00e9n\u00e9ral de l\u2019AUCC.<\/p>\n<p style=\"text-align: center\">-30-<\/p>\n<p><strong>Renseignements :<\/strong><br \/>\nLeslie Cole<br \/>\nDirectrice adjointe des communications<br \/>\nAssociation des universit\u00e9s et coll\u00e8ges du Canada<br \/>\n613 563-3961, poste 330<br \/>\nlcole@aucc.ca<br \/>\nDes notes biographes et une photo de M. Belley sont disponibles www.aucc.ca<\/p>\n","protected":false},"excerpt":{"rendered":"<p>Ottawa (28 octobre 2009) &#8211; J.-L. Michel Belley, recteur de l\u2019Universit\u00e9 du Qu\u00e9bec \u00e0 Chicoutimi (UQAC), entame aujourd\u2019hui un mandat de deux ans \u00e0 la pr\u00e9sidence du conseil d\u2019administration de l\u2019Association des universit\u00e9s et coll\u00e8ges du Canada (AUCC), \u00e0 l\u2019occasion de la r\u00e9union annuelle des membres, qui se tient \u00e0 Ottawa. L\u2019AUCC est l\u2019association nationale [&hellip;]<\/p>\n","protected":false},"author":5,"featured_media":20745,"comment_status":"open","ping_status":"open","sticky":false,"template":"","format":"standard","meta":{"footnotes":""},"categories":[2772],"tags":[2765],"yoast_head":"<!-- This site is optimized with the Yoast SEO plugin v24.2 - https:\/\/yoast.com\/wordpress\/plugins\/seo\/ -->\r\n<title>[AUCC] - L\u2019AUCC nomme, J.-L. Michel Belley de Chicoutimi \u00e0 la pr\u00e9sidence de son conseil d\u2019administration - UQACtualit\u00e9s<\/title>\r\n<meta name=\"robots\" content=\"index, follow, max-snippet:-1, max-image-preview:large, max-video-preview:-1\" \/>\r\n<link rel=\"canonical\" href=\"https:\/\/www.uqac.ca\/uqactualites\/2009\/10\/28\/aucc-laucc-nomme-j-l-michel-belley-de-chicoutimi-a-la-presidence-de-son-conseil-dadministration\/\" \/>\r\n<meta property=\"og:locale\" content=\"fr_CA\" \/>\r\n<meta property=\"og:type\" content=\"article\" \/>\r\n<meta property=\"og:title\" content=\"[AUCC] - L\u2019AUCC nomme, J.-L. Michel Belley de Chicoutimi \u00e0 la pr\u00e9sidence de son conseil d\u2019administration - UQACtualit\u00e9s\" \/>\r\n<meta property=\"og:description\" content=\"Ottawa (28 octobre 2009) &#8211; J.-L. Michel Belley, recteur de l\u2019Universit\u00e9 du Qu\u00e9bec \u00e0 Chicoutimi (UQAC), entame aujourd\u2019hui un mandat de deux ans \u00e0 la pr\u00e9sidence du conseil d\u2019administration de l\u2019Association des universit\u00e9s et coll\u00e8ges du Canada (AUCC), \u00e0 l\u2019occasion de la r\u00e9union annuelle des membres, qui se tient \u00e0 Ottawa. L\u2019AUCC est l\u2019association nationale [&hellip;]\" \/>\r\n<meta property=\"og:url\" content=\"https:\/\/www.uqac.ca\/uqactualites\/2009\/10\/28\/aucc-laucc-nomme-j-l-michel-belley-de-chicoutimi-a-la-presidence-de-son-conseil-dadministration\/\" \/>\r\n<meta property=\"og:site_name\" content=\"UQACtualit\u00e9s\" \/>\r\n<meta property=\"article:published_time\" content=\"2009-10-28T19:46:32+00:00\" \/>\r\n<meta property=\"og:image\" content=\"https:\/\/www.uqac.ca\/uqactualites\/wp-content\/uploads\/2012\/05\/communiqu-.jpg\" \/>\r\n\t<meta property=\"og:image:width\" content=\"620\" \/>\r\n\t<meta property=\"og:image:height\" content=\"300\" \/>\r\n\t<meta property=\"og:image:type\" content=\"image\/jpeg\" \/>\r\n<meta name=\"author\" content=\"Service des communications et des relations publiques\" \/>\r\n<meta name=\"twitter:card\" content=\"summary_large_image\" \/>\r\n<meta name=\"twitter:label1\" content=\"\u00c9crit par\" \/>\n\t<meta name=\"twitter:data1\" content=\"Service des communications et des relations publiques\" \/>\n\t<meta name=\"twitter:label2\" content=\"Estimation du temps de lecture\" \/>\n\t<meta name=\"twitter:data2\" content=\"3 minutes\" \/>\r\n<script type=\"application\/ld+json\" class=\"yoast-schema-graph\">{\"@context\":\"https:\/\/schema.org\",\"@graph\":[{\"@type\":\"WebPage\",\"@id\":\"https:\/\/www.uqac.ca\/uqactualites\/2009\/10\/28\/aucc-laucc-nomme-j-l-michel-belley-de-chicoutimi-a-la-presidence-de-son-conseil-dadministration\/\",\"url\":\"https:\/\/www.uqac.ca\/uqactualites\/2009\/10\/28\/aucc-laucc-nomme-j-l-michel-belley-de-chicoutimi-a-la-presidence-de-son-conseil-dadministration\/\",\"name\":\"[AUCC] - L\u2019AUCC nomme, J.-L. Michel Belley de Chicoutimi \u00e0 la pr\u00e9sidence de son conseil d\u2019administration - UQACtualit\u00e9s\",\"isPartOf\":{\"@id\":\"https:\/\/www.uqac.ca\/uqactualites\/#website\"},\"primaryImageOfPage\":{\"@id\":\"https:\/\/www.uqac.ca\/uqactualites\/2009\/10\/28\/aucc-laucc-nomme-j-l-michel-belley-de-chicoutimi-a-la-presidence-de-son-conseil-dadministration\/#primaryimage\"},\"image\":{\"@id\":\"https:\/\/www.uqac.ca\/uqactualites\/2009\/10\/28\/aucc-laucc-nomme-j-l-michel-belley-de-chicoutimi-a-la-presidence-de-son-conseil-dadministration\/#primaryimage\"},\"thumbnailUrl\":\"https:\/\/www.uqac.ca\/uqactualites\/wp-content\/uploads\/2012\/05\/communiqu-.jpg\",\"datePublished\":\"2009-10-28T19:46:32+00:00\",\"dateModified\":\"2009-10-28T19:46:32+00:00\",\"author\":{\"@id\":\"https:\/\/www.uqac.ca\/uqactualites\/#\/schema\/person\/366c45a0c4f0e677b41b4af5886e2018\"},\"breadcrumb\":{\"@id\":\"https:\/\/www.uqac.ca\/uqactualites\/2009\/10\/28\/aucc-laucc-nomme-j-l-michel-belley-de-chicoutimi-a-la-presidence-de-son-conseil-dadministration\/#breadcrumb\"},\"inLanguage\":\"fr-CA\",\"potentialAction\":[{\"@type\":\"ReadAction\",\"target\":[\"https:\/\/www.uqac.ca\/uqactualites\/2009\/10\/28\/aucc-laucc-nomme-j-l-michel-belley-de-chicoutimi-a-la-presidence-de-son-conseil-dadministration\/\"]}]},{\"@type\":\"ImageObject\",\"inLanguage\":\"fr-CA\",\"@id\":\"https:\/\/www.uqac.ca\/uqactualites\/2009\/10\/28\/aucc-laucc-nomme-j-l-michel-belley-de-chicoutimi-a-la-presidence-de-son-conseil-dadministration\/#primaryimage\",\"url\":\"https:\/\/www.uqac.ca\/uqactualites\/wp-content\/uploads\/2012\/05\/communiqu-.jpg\",\"contentUrl\":\"https:\/\/www.uqac.ca\/uqactualites\/wp-content\/uploads\/2012\/05\/communiqu-.jpg\",\"width\":620,\"height\":300},{\"@type\":\"BreadcrumbList\",\"@id\":\"https:\/\/www.uqac.ca\/uqactualites\/2009\/10\/28\/aucc-laucc-nomme-j-l-michel-belley-de-chicoutimi-a-la-presidence-de-son-conseil-dadministration\/#breadcrumb\",\"itemListElement\":[{\"@type\":\"ListItem\",\"position\":1,\"name\":\"Home\",\"item\":\"https:\/\/www.uqac.ca\/uqactualites\/\"},{\"@type\":\"ListItem\",\"position\":2,\"name\":\"[AUCC] &#8211; L\u2019AUCC nomme, J.-L. Michel Belley de Chicoutimi \u00e0 la pr\u00e9sidence de son conseil d\u2019administration\"}]},{\"@type\":\"WebSite\",\"@id\":\"https:\/\/www.uqac.ca\/uqactualites\/#website\",\"url\":\"https:\/\/www.uqac.ca\/uqactualites\/\",\"name\":\"UQACtualit\u00e9s\",\"description\":\"Le portail des nouvelles de l&#039;UQAC\",\"potentialAction\":[{\"@type\":\"SearchAction\",\"target\":{\"@type\":\"EntryPoint\",\"urlTemplate\":\"https:\/\/www.uqac.ca\/uqactualites\/?s={search_term_string}\"},\"query-input\":{\"@type\":\"PropertyValueSpecification\",\"valueRequired\":true,\"valueName\":\"search_term_string\"}}],\"inLanguage\":\"fr-CA\"},{\"@type\":\"Person\",\"@id\":\"https:\/\/www.uqac.ca\/uqactualites\/#\/schema\/person\/366c45a0c4f0e677b41b4af5886e2018\",\"name\":\"Service des communications et des relations publiques\",\"image\":{\"@type\":\"ImageObject\",\"inLanguage\":\"fr-CA\",\"@id\":\"https:\/\/www.uqac.ca\/uqactualites\/#\/schema\/person\/image\/\",\"url\":\"https:\/\/secure.gravatar.com\/avatar\/20fbbda8a292f59f2d3461a5b999c00b?s=96&d=mm&r=g\",\"contentUrl\":\"https:\/\/secure.gravatar.com\/avatar\/20fbbda8a292f59f2d3461a5b999c00b?s=96&d=mm&r=g\",\"caption\":\"Service des communications et des relations publiques\"},\"url\":\"https:\/\/www.uqac.ca\/uqactualites\/author\/bap\/\"}]}<\/script>\r\n<!-- \/ Yoast SEO plugin. -->","yoast_head_json":{"title":"[AUCC] - L\u2019AUCC nomme, J.-L. Michel Belley de Chicoutimi \u00e0 la pr\u00e9sidence de son conseil d\u2019administration - UQACtualit\u00e9s","robots":{"index":"index","follow":"follow","max-snippet":"max-snippet:-1","max-image-preview":"max-image-preview:large","max-video-preview":"max-video-preview:-1"},"canonical":"https:\/\/www.uqac.ca\/uqactualites\/2009\/10\/28\/aucc-laucc-nomme-j-l-michel-belley-de-chicoutimi-a-la-presidence-de-son-conseil-dadministration\/","og_locale":"fr_CA","og_type":"article","og_title":"[AUCC] - L\u2019AUCC nomme, J.-L. Michel Belley de Chicoutimi \u00e0 la pr\u00e9sidence de son conseil d\u2019administration - UQACtualit\u00e9s","og_description":"Ottawa (28 octobre 2009) &#8211; J.-L. Michel Belley, recteur de l\u2019Universit\u00e9 du Qu\u00e9bec \u00e0 Chicoutimi (UQAC), entame aujourd\u2019hui un mandat de deux ans \u00e0 la pr\u00e9sidence du conseil d\u2019administration de l\u2019Association des universit\u00e9s et coll\u00e8ges du Canada (AUCC), \u00e0 l\u2019occasion de la r\u00e9union annuelle des membres, qui se tient \u00e0 Ottawa. L\u2019AUCC est l\u2019association nationale [&hellip;]","og_url":"https:\/\/www.uqac.ca\/uqactualites\/2009\/10\/28\/aucc-laucc-nomme-j-l-michel-belley-de-chicoutimi-a-la-presidence-de-son-conseil-dadministration\/","og_site_name":"UQACtualit\u00e9s","article_published_time":"2009-10-28T19:46:32+00:00","og_image":[{"width":620,"height":300,"url":"https:\/\/www.uqac.ca\/uqactualites\/wp-content\/uploads\/2012\/05\/communiqu-.jpg","type":"image\/jpeg"}],"author":"Service des communications et des relations publiques","twitter_card":"summary_large_image","twitter_misc":{"\u00c9crit par":"Service des communications et des relations publiques","Estimation du temps de lecture":"3 minutes"},"schema":{"@context":"https:\/\/schema.org","@graph":[{"@type":"WebPage","@id":"https:\/\/www.uqac.ca\/uqactualites\/2009\/10\/28\/aucc-laucc-nomme-j-l-michel-belley-de-chicoutimi-a-la-presidence-de-son-conseil-dadministration\/","url":"https:\/\/www.uqac.ca\/uqactualites\/2009\/10\/28\/aucc-laucc-nomme-j-l-michel-belley-de-chicoutimi-a-la-presidence-de-son-conseil-dadministration\/","name":"[AUCC] - L\u2019AUCC nomme, J.-L. Michel Belley de Chicoutimi \u00e0 la pr\u00e9sidence de son conseil d\u2019administration - UQACtualit\u00e9s","isPartOf":{"@id":"https:\/\/www.uqac.ca\/uqactualites\/#website"},"primaryImageOfPage":{"@id":"https:\/\/www.uqac.ca\/uqactualites\/2009\/10\/28\/aucc-laucc-nomme-j-l-michel-belley-de-chicoutimi-a-la-presidence-de-son-conseil-dadministration\/#primaryimage"},"image":{"@id":"https:\/\/www.uqac.ca\/uqactualites\/2009\/10\/28\/aucc-laucc-nomme-j-l-michel-belley-de-chicoutimi-a-la-presidence-de-son-conseil-dadministration\/#primaryimage"},"thumbnailUrl":"https:\/\/www.uqac.ca\/uqactualites\/wp-content\/uploads\/2012\/05\/communiqu-.jpg","datePublished":"2009-10-28T19:46:32+00:00","dateModified":"2009-10-28T19:46:32+00:00","author":{"@id":"https:\/\/www.uqac.ca\/uqactualites\/#\/schema\/person\/366c45a0c4f0e677b41b4af5886e2018"},"breadcrumb":{"@id":"https:\/\/www.uqac.ca\/uqactualites\/2009\/10\/28\/aucc-laucc-nomme-j-l-michel-belley-de-chicoutimi-a-la-presidence-de-son-conseil-dadministration\/#breadcrumb"},"inLanguage":"fr-CA","potentialAction":[{"@type":"ReadAction","target":["https:\/\/www.uqac.ca\/uqactualites\/2009\/10\/28\/aucc-laucc-nomme-j-l-michel-belley-de-chicoutimi-a-la-presidence-de-son-conseil-dadministration\/"]}]},{"@type":"ImageObject","inLanguage":"fr-CA","@id":"https:\/\/www.uqac.ca\/uqactualites\/2009\/10\/28\/aucc-laucc-nomme-j-l-michel-belley-de-chicoutimi-a-la-presidence-de-son-conseil-dadministration\/#primaryimage","url":"https:\/\/www.uqac.ca\/uqactualites\/wp-content\/uploads\/2012\/05\/communiqu-.jpg","contentUrl":"https:\/\/www.uqac.ca\/uqactualites\/wp-content\/uploads\/2012\/05\/communiqu-.jpg","width":620,"height":300},{"@type":"BreadcrumbList","@id":"https:\/\/www.uqac.ca\/uqactualites\/2009\/10\/28\/aucc-laucc-nomme-j-l-michel-belley-de-chicoutimi-a-la-presidence-de-son-conseil-dadministration\/#breadcrumb","itemListElement":[{"@type":"ListItem","position":1,"name":"Home","item":"https:\/\/www.uqac.ca\/uqactualites\/"},{"@type":"ListItem","position":2,"name":"[AUCC] &#8211; L\u2019AUCC nomme, J.-L. Michel Belley de Chicoutimi \u00e0 la pr\u00e9sidence de son conseil d\u2019administration"}]},{"@type":"WebSite","@id":"https:\/\/www.uqac.ca\/uqactualites\/#website","url":"https:\/\/www.uqac.ca\/uqactualites\/","name":"UQACtualit\u00e9s","description":"Le portail des nouvelles de l&#039;UQAC","potentialAction":[{"@type":"SearchAction","target":{"@type":"EntryPoint","urlTemplate":"https:\/\/www.uqac.ca\/uqactualites\/?s={search_term_string}"},"query-input":{"@type":"PropertyValueSpecification","valueRequired":true,"valueName":"search_term_string"}}],"inLanguage":"fr-CA"},{"@type":"Person","@id":"https:\/\/www.uqac.ca\/uqactualites\/#\/schema\/person\/366c45a0c4f0e677b41b4af5886e2018","name":"Service des communications et des relations publiques","image":{"@type":"ImageObject","inLanguage":"fr-CA","@id":"https:\/\/www.uqac.ca\/uqactualites\/#\/schema\/person\/image\/","url":"https:\/\/secure.gravatar.com\/avatar\/20fbbda8a292f59f2d3461a5b999c00b?s=96&d=mm&r=g","contentUrl":"https:\/\/secure.gravatar.com\/avatar\/20fbbda8a292f59f2d3461a5b999c00b?s=96&d=mm&r=g","caption":"Service des communications et des relations publiques"},"url":"https:\/\/www.uqac.ca\/uqactualites\/author\/bap\/"}]}},"_links":{"self":[{"href":"https:\/\/www.uqac.ca\/uqactualites\/wp-json\/wp\/v2\/posts\/28018"}],"collection":[{"href":"https:\/\/www.uqac.ca\/uqactualites\/wp-json\/wp\/v2\/posts"}],"about":[{"href":"https:\/\/www.uqac.ca\/uqactualites\/wp-json\/wp\/v2\/types\/post"}],"author":[{"embeddable":true,"href":"https:\/\/www.uqac.ca\/uqactualites\/wp-json\/wp\/v2\/users\/5"}],"replies":[{"embeddable":true,"href":"https:\/\/www.uqac.ca\/uqactualites\/wp-json\/wp\/v2\/comments?post=28018"}],"version-history":[{"count":0,"href":"https:\/\/www.uqac.ca\/uqactualites\/wp-json\/wp\/v2\/posts\/28018\/revisions"}],"wp:featuredmedia":[{"embeddable":true,"href":"https:\/\/www.uqac.ca\/uqactualites\/wp-json\/wp\/v2\/media\/20745"}],"wp:attachment":[{"href":"https:\/\/www.uqac.ca\/uqactualites\/wp-json\/wp\/v2\/media?parent=28018"}],"wp:term":[{"taxonomy":"category","embeddable":true,"href":"https:\/\/www.uqac.ca\/uqactualites\/wp-json\/wp\/v2\/categories?post=28018"},{"taxonomy":"post_tag","embeddable":true,"href":"https:\/\/www.uqac.ca\/uqactualites\/wp-json\/wp\/v2\/tags?post=28018"}],"curies":[{"name":"wp","href":"https:\/\/api.w.org\/{rel}","templated":true}]}}