{"id":28029,"date":"2010-01-12T08:30:57","date_gmt":"2010-01-12T13:30:57","guid":{"rendered":"http:\/\/uqactualite.odev.ca\/?p=28029"},"modified":"2010-01-12T08:30:57","modified_gmt":"2010-01-12T13:30:57","slug":"deuxieme-activite-de-perfectionnement-en-eco-conseil","status":"publish","type":"post","link":"https:\/\/www.uqac.ca\/uqactualites\/2010\/01\/12\/deuxieme-activite-de-perfectionnement-en-eco-conseil\/","title":{"rendered":"Deuxi\u00e8me activit\u00e9 de perfectionnement en \u00c9co-Conseil"},"content":{"rendered":"<p style=\"text-align: justify\">Saguenay, le 12 janvier 2010 : C\u2019est \u00e0 l\u2019occasion de la conf\u00e9rence de presse pour le lancement de<br \/>\nl\u2019\u00e9v\u00e9nement \u00c9co-Conseil que le professeur Claude Villeneuve, directeur de la Chaire en \u00c9co-Conseil a<br \/>\nannonc\u00e9 que la Chaire de recherche et organisait les 20-21 et 22 janvier la deuxi\u00e8me activit\u00e9 de<br \/>\nperfectionnement en \u00c9co-Conseil. Cette activit\u00e9 est ouverte \u00e0 tout professionnel int\u00e9ress\u00e9 par le<br \/>\nd\u00e9veloppement durable, qu\u2019il soit ou non dipl\u00f4m\u00e9 en \u00c9co-Conseil.<\/p>\n<p style=\"text-align: justify\">\u00ab Cette activit\u00e9 s\u2019inscrit depuis l\u2019an dernier dans l\u2019\u00e9v\u00e9nement \u00c9co-Conseil et permet de diffuser<br \/>\naupr\u00e8s d\u2019une large audience les derniers d\u00e9veloppements dans le domaine de la mise en oeuvre du<br \/>\nd\u00e9veloppement durable. Pour des professionnels qui ne peuvent pour diverses raisons s\u2019engager dans<br \/>\ndes activit\u00e9s de formation plus longues dans le domaine, il s\u2019agit d\u2019une occasion de prendre<br \/>\nconnaissance des derniers d\u00e9veloppements de la recherche \u00bb a indiqu\u00e9 monsieur Villeneuve.<br \/>\nLe 20 janvier, les chercheurs de la Chaire pr\u00e9senteront des r\u00e9sultats de travaux en cours ou compl\u00e9t\u00e9s<br \/>\nen 2009. Le lendemain, 21 janvier, les participants sont inscrits au colloque \u00abLa biodiversit\u00e9 \u00e0 sa juste<br \/>\nvaleur: r\u00e9flexions \u00e9thique et \u00e9conomique \u00bb et le vendredi, ils assistent \u00e0 la pr\u00e9sentation des jurys des<br \/>\nfinissants en \u00c9co-Conseil. Toutes ces activit\u00e9s se d\u00e9roulent \u00e0 l\u2019UQAC.<\/p>\n<p style=\"text-align: justify\">Cette formation de trois jours permet d\u2019obtenir une attestation de formation continue d\u00e9cern\u00e9e par le<br \/>\nCESAM. Les chercheurs et \u00e9co-conseillers suivants pr\u00e9senteront les r\u00e9sultats de leurs travaux :<\/p>\n<p style=\"text-align: justify\">8 h Claude Villeneuve \u2013 Mot de bienvenue \u00ab Avancements de la recherche sur le<br \/>\nD\u00e9veloppement durable \u00bb<br \/>\n8 h 45 Jean-Robert Wells \u2013 Gestion par cycle de vie des gaz \u00e0 effet de serre (GES)<br \/>\n9 h 30 Ian Segers et Marjorie Tremblay-Marchand \u2013 D\u00e9veloppement durable dans le<br \/>\ndomaine de la sant\u00e9 : projet au CSSS du Saguenay Lac-Saint-Jean<br \/>\n10 h 45 Jonathan Perreault et Olivier Riffon \u2013 \u00c9co-municipalit\u00e9s et villes durables<br \/>\n11 h 30 Jean-Fran\u00e7ois Boucher \u2013 Carbone Bor\u00e9al derniers avancements<br \/>\n14 h Marc Belley \u2013 D\u00e9veloppement durable et mus\u00e9ologie<br \/>\n14 h 45 Maxime Rivet et Marl\u00e8ne Gaudreault \u2013 D\u00e9veloppement durable au gouvernement du<br \/>\nQu\u00e9bec<\/p>\n<p style=\"text-align: justify\">Pour plus d\u2019information ou pour s\u2019inscrire en ligne : <a href=\"http:\/\/cesam.uqac.ca\/inscription.php\" target=\"_blank\" rel=\"noopener\">http:\/\/cesam.uqac.ca\/inscription.php<\/a><\/p>\n<p style=\"text-align: center\">&#8211; 30 &#8211;<\/p>\n<p style=\"text-align: justify\">Claude Villeneuve, professeur<br \/>\nResponsable du DESS en \u00e9co-conseil<br \/>\nDirecteur de la Caire en \u00e9co-conseil<\/p>\n","protected":false},"excerpt":{"rendered":"<p>Saguenay, le 12 janvier 2010 : C\u2019est \u00e0 l\u2019occasion de la conf\u00e9rence de presse pour le lancement de l\u2019\u00e9v\u00e9nement \u00c9co-Conseil que le professeur Claude Villeneuve, directeur de la Chaire en \u00c9co-Conseil a annonc\u00e9 que la Chaire de recherche et organisait les 20-21 et 22 janvier la deuxi\u00e8me activit\u00e9 de perfectionnement en \u00c9co-Conseil. Cette activit\u00e9 est [&hellip;]<\/p>\n","protected":false},"author":5,"featured_media":20745,"comment_status":"open","ping_status":"open","sticky":false,"template":"","format":"standard","meta":{"footnotes":""},"categories":[2772],"tags":[3],"yoast_head":"<!-- This site is optimized with the Yoast SEO plugin v24.2 - https:\/\/yoast.com\/wordpress\/plugins\/seo\/ -->\r\n<title>Deuxi\u00e8me activit\u00e9 de perfectionnement en \u00c9co-Conseil - UQACtualit\u00e9s<\/title>\r\n<meta name=\"robots\" content=\"index, follow, max-snippet:-1, max-image-preview:large, max-video-preview:-1\" \/>\r\n<link rel=\"canonical\" href=\"https:\/\/www.uqac.ca\/uqactualites\/2010\/01\/12\/deuxieme-activite-de-perfectionnement-en-eco-conseil\/\" \/>\r\n<meta property=\"og:locale\" content=\"fr_CA\" \/>\r\n<meta property=\"og:type\" content=\"article\" \/>\r\n<meta property=\"og:title\" content=\"Deuxi\u00e8me activit\u00e9 de perfectionnement en \u00c9co-Conseil - UQACtualit\u00e9s\" \/>\r\n<meta property=\"og:description\" content=\"Saguenay, le 12 janvier 2010 : C\u2019est \u00e0 l\u2019occasion de la conf\u00e9rence de presse pour le lancement de l\u2019\u00e9v\u00e9nement \u00c9co-Conseil que le professeur Claude Villeneuve, directeur de la Chaire en \u00c9co-Conseil a annonc\u00e9 que la Chaire de recherche et organisait les 20-21 et 22 janvier la deuxi\u00e8me activit\u00e9 de perfectionnement en \u00c9co-Conseil. Cette activit\u00e9 est [&hellip;]\" \/>\r\n<meta property=\"og:url\" content=\"https:\/\/www.uqac.ca\/uqactualites\/2010\/01\/12\/deuxieme-activite-de-perfectionnement-en-eco-conseil\/\" \/>\r\n<meta property=\"og:site_name\" content=\"UQACtualit\u00e9s\" \/>\r\n<meta property=\"article:published_time\" content=\"2010-01-12T13:30:57+00:00\" \/>\r\n<meta property=\"og:image\" content=\"https:\/\/www.uqac.ca\/uqactualites\/wp-content\/uploads\/2012\/05\/communiqu-.jpg\" \/>\r\n\t<meta property=\"og:image:width\" content=\"620\" \/>\r\n\t<meta property=\"og:image:height\" content=\"300\" \/>\r\n\t<meta property=\"og:image:type\" content=\"image\/jpeg\" \/>\r\n<meta name=\"author\" content=\"Service des communications et des relations publiques\" \/>\r\n<meta name=\"twitter:card\" content=\"summary_large_image\" \/>\r\n<meta name=\"twitter:label1\" content=\"\u00c9crit par\" \/>\n\t<meta name=\"twitter:data1\" content=\"Service des communications et des relations publiques\" \/>\n\t<meta name=\"twitter:label2\" content=\"Estimation du temps de lecture\" \/>\n\t<meta name=\"twitter:data2\" content=\"2 minutes\" \/>\r\n<script type=\"application\/ld+json\" class=\"yoast-schema-graph\">{\"@context\":\"https:\/\/schema.org\",\"@graph\":[{\"@type\":\"WebPage\",\"@id\":\"https:\/\/www.uqac.ca\/uqactualites\/2010\/01\/12\/deuxieme-activite-de-perfectionnement-en-eco-conseil\/\",\"url\":\"https:\/\/www.uqac.ca\/uqactualites\/2010\/01\/12\/deuxieme-activite-de-perfectionnement-en-eco-conseil\/\",\"name\":\"Deuxi\u00e8me activit\u00e9 de perfectionnement en \u00c9co-Conseil - UQACtualit\u00e9s\",\"isPartOf\":{\"@id\":\"https:\/\/www.uqac.ca\/uqactualites\/#website\"},\"primaryImageOfPage\":{\"@id\":\"https:\/\/www.uqac.ca\/uqactualites\/2010\/01\/12\/deuxieme-activite-de-perfectionnement-en-eco-conseil\/#primaryimage\"},\"image\":{\"@id\":\"https:\/\/www.uqac.ca\/uqactualites\/2010\/01\/12\/deuxieme-activite-de-perfectionnement-en-eco-conseil\/#primaryimage\"},\"thumbnailUrl\":\"https:\/\/www.uqac.ca\/uqactualites\/wp-content\/uploads\/2012\/05\/communiqu-.jpg\",\"datePublished\":\"2010-01-12T13:30:57+00:00\",\"dateModified\":\"2010-01-12T13:30:57+00:00\",\"author\":{\"@id\":\"https:\/\/www.uqac.ca\/uqactualites\/#\/schema\/person\/366c45a0c4f0e677b41b4af5886e2018\"},\"breadcrumb\":{\"@id\":\"https:\/\/www.uqac.ca\/uqactualites\/2010\/01\/12\/deuxieme-activite-de-perfectionnement-en-eco-conseil\/#breadcrumb\"},\"inLanguage\":\"fr-CA\",\"potentialAction\":[{\"@type\":\"ReadAction\",\"target\":[\"https:\/\/www.uqac.ca\/uqactualites\/2010\/01\/12\/deuxieme-activite-de-perfectionnement-en-eco-conseil\/\"]}]},{\"@type\":\"ImageObject\",\"inLanguage\":\"fr-CA\",\"@id\":\"https:\/\/www.uqac.ca\/uqactualites\/2010\/01\/12\/deuxieme-activite-de-perfectionnement-en-eco-conseil\/#primaryimage\",\"url\":\"https:\/\/www.uqac.ca\/uqactualites\/wp-content\/uploads\/2012\/05\/communiqu-.jpg\",\"contentUrl\":\"https:\/\/www.uqac.ca\/uqactualites\/wp-content\/uploads\/2012\/05\/communiqu-.jpg\",\"width\":620,\"height\":300},{\"@type\":\"BreadcrumbList\",\"@id\":\"https:\/\/www.uqac.ca\/uqactualites\/2010\/01\/12\/deuxieme-activite-de-perfectionnement-en-eco-conseil\/#breadcrumb\",\"itemListElement\":[{\"@type\":\"ListItem\",\"position\":1,\"name\":\"Home\",\"item\":\"https:\/\/www.uqac.ca\/uqactualites\/\"},{\"@type\":\"ListItem\",\"position\":2,\"name\":\"Deuxi\u00e8me activit\u00e9 de perfectionnement en \u00c9co-Conseil\"}]},{\"@type\":\"WebSite\",\"@id\":\"https:\/\/www.uqac.ca\/uqactualites\/#website\",\"url\":\"https:\/\/www.uqac.ca\/uqactualites\/\",\"name\":\"UQACtualit\u00e9s\",\"description\":\"Le portail des nouvelles de l&#039;UQAC\",\"potentialAction\":[{\"@type\":\"SearchAction\",\"target\":{\"@type\":\"EntryPoint\",\"urlTemplate\":\"https:\/\/www.uqac.ca\/uqactualites\/?s={search_term_string}\"},\"query-input\":{\"@type\":\"PropertyValueSpecification\",\"valueRequired\":true,\"valueName\":\"search_term_string\"}}],\"inLanguage\":\"fr-CA\"},{\"@type\":\"Person\",\"@id\":\"https:\/\/www.uqac.ca\/uqactualites\/#\/schema\/person\/366c45a0c4f0e677b41b4af5886e2018\",\"name\":\"Service des communications et des relations publiques\",\"image\":{\"@type\":\"ImageObject\",\"inLanguage\":\"fr-CA\",\"@id\":\"https:\/\/www.uqac.ca\/uqactualites\/#\/schema\/person\/image\/\",\"url\":\"https:\/\/secure.gravatar.com\/avatar\/20fbbda8a292f59f2d3461a5b999c00b?s=96&d=mm&r=g\",\"contentUrl\":\"https:\/\/secure.gravatar.com\/avatar\/20fbbda8a292f59f2d3461a5b999c00b?s=96&d=mm&r=g\",\"caption\":\"Service des communications et des relations publiques\"},\"url\":\"https:\/\/www.uqac.ca\/uqactualites\/author\/bap\/\"}]}<\/script>\r\n<!-- \/ Yoast SEO plugin. -->","yoast_head_json":{"title":"Deuxi\u00e8me activit\u00e9 de perfectionnement en \u00c9co-Conseil - UQACtualit\u00e9s","robots":{"index":"index","follow":"follow","max-snippet":"max-snippet:-1","max-image-preview":"max-image-preview:large","max-video-preview":"max-video-preview:-1"},"canonical":"https:\/\/www.uqac.ca\/uqactualites\/2010\/01\/12\/deuxieme-activite-de-perfectionnement-en-eco-conseil\/","og_locale":"fr_CA","og_type":"article","og_title":"Deuxi\u00e8me activit\u00e9 de perfectionnement en \u00c9co-Conseil - UQACtualit\u00e9s","og_description":"Saguenay, le 12 janvier 2010 : C\u2019est \u00e0 l\u2019occasion de la conf\u00e9rence de presse pour le lancement de l\u2019\u00e9v\u00e9nement \u00c9co-Conseil que le professeur Claude Villeneuve, directeur de la Chaire en \u00c9co-Conseil a annonc\u00e9 que la Chaire de recherche et organisait les 20-21 et 22 janvier la deuxi\u00e8me activit\u00e9 de perfectionnement en \u00c9co-Conseil. Cette activit\u00e9 est [&hellip;]","og_url":"https:\/\/www.uqac.ca\/uqactualites\/2010\/01\/12\/deuxieme-activite-de-perfectionnement-en-eco-conseil\/","og_site_name":"UQACtualit\u00e9s","article_published_time":"2010-01-12T13:30:57+00:00","og_image":[{"width":620,"height":300,"url":"https:\/\/www.uqac.ca\/uqactualites\/wp-content\/uploads\/2012\/05\/communiqu-.jpg","type":"image\/jpeg"}],"author":"Service des communications et des relations publiques","twitter_card":"summary_large_image","twitter_misc":{"\u00c9crit par":"Service des communications et des relations publiques","Estimation du temps de lecture":"2 minutes"},"schema":{"@context":"https:\/\/schema.org","@graph":[{"@type":"WebPage","@id":"https:\/\/www.uqac.ca\/uqactualites\/2010\/01\/12\/deuxieme-activite-de-perfectionnement-en-eco-conseil\/","url":"https:\/\/www.uqac.ca\/uqactualites\/2010\/01\/12\/deuxieme-activite-de-perfectionnement-en-eco-conseil\/","name":"Deuxi\u00e8me activit\u00e9 de perfectionnement en \u00c9co-Conseil - UQACtualit\u00e9s","isPartOf":{"@id":"https:\/\/www.uqac.ca\/uqactualites\/#website"},"primaryImageOfPage":{"@id":"https:\/\/www.uqac.ca\/uqactualites\/2010\/01\/12\/deuxieme-activite-de-perfectionnement-en-eco-conseil\/#primaryimage"},"image":{"@id":"https:\/\/www.uqac.ca\/uqactualites\/2010\/01\/12\/deuxieme-activite-de-perfectionnement-en-eco-conseil\/#primaryimage"},"thumbnailUrl":"https:\/\/www.uqac.ca\/uqactualites\/wp-content\/uploads\/2012\/05\/communiqu-.jpg","datePublished":"2010-01-12T13:30:57+00:00","dateModified":"2010-01-12T13:30:57+00:00","author":{"@id":"https:\/\/www.uqac.ca\/uqactualites\/#\/schema\/person\/366c45a0c4f0e677b41b4af5886e2018"},"breadcrumb":{"@id":"https:\/\/www.uqac.ca\/uqactualites\/2010\/01\/12\/deuxieme-activite-de-perfectionnement-en-eco-conseil\/#breadcrumb"},"inLanguage":"fr-CA","potentialAction":[{"@type":"ReadAction","target":["https:\/\/www.uqac.ca\/uqactualites\/2010\/01\/12\/deuxieme-activite-de-perfectionnement-en-eco-conseil\/"]}]},{"@type":"ImageObject","inLanguage":"fr-CA","@id":"https:\/\/www.uqac.ca\/uqactualites\/2010\/01\/12\/deuxieme-activite-de-perfectionnement-en-eco-conseil\/#primaryimage","url":"https:\/\/www.uqac.ca\/uqactualites\/wp-content\/uploads\/2012\/05\/communiqu-.jpg","contentUrl":"https:\/\/www.uqac.ca\/uqactualites\/wp-content\/uploads\/2012\/05\/communiqu-.jpg","width":620,"height":300},{"@type":"BreadcrumbList","@id":"https:\/\/www.uqac.ca\/uqactualites\/2010\/01\/12\/deuxieme-activite-de-perfectionnement-en-eco-conseil\/#breadcrumb","itemListElement":[{"@type":"ListItem","position":1,"name":"Home","item":"https:\/\/www.uqac.ca\/uqactualites\/"},{"@type":"ListItem","position":2,"name":"Deuxi\u00e8me activit\u00e9 de perfectionnement en \u00c9co-Conseil"}]},{"@type":"WebSite","@id":"https:\/\/www.uqac.ca\/uqactualites\/#website","url":"https:\/\/www.uqac.ca\/uqactualites\/","name":"UQACtualit\u00e9s","description":"Le portail des nouvelles de l&#039;UQAC","potentialAction":[{"@type":"SearchAction","target":{"@type":"EntryPoint","urlTemplate":"https:\/\/www.uqac.ca\/uqactualites\/?s={search_term_string}"},"query-input":{"@type":"PropertyValueSpecification","valueRequired":true,"valueName":"search_term_string"}}],"inLanguage":"fr-CA"},{"@type":"Person","@id":"https:\/\/www.uqac.ca\/uqactualites\/#\/schema\/person\/366c45a0c4f0e677b41b4af5886e2018","name":"Service des communications et des relations publiques","image":{"@type":"ImageObject","inLanguage":"fr-CA","@id":"https:\/\/www.uqac.ca\/uqactualites\/#\/schema\/person\/image\/","url":"https:\/\/secure.gravatar.com\/avatar\/20fbbda8a292f59f2d3461a5b999c00b?s=96&d=mm&r=g","contentUrl":"https:\/\/secure.gravatar.com\/avatar\/20fbbda8a292f59f2d3461a5b999c00b?s=96&d=mm&r=g","caption":"Service des communications et des relations publiques"},"url":"https:\/\/www.uqac.ca\/uqactualites\/author\/bap\/"}]}},"_links":{"self":[{"href":"https:\/\/www.uqac.ca\/uqactualites\/wp-json\/wp\/v2\/posts\/28029"}],"collection":[{"href":"https:\/\/www.uqac.ca\/uqactualites\/wp-json\/wp\/v2\/posts"}],"about":[{"href":"https:\/\/www.uqac.ca\/uqactualites\/wp-json\/wp\/v2\/types\/post"}],"author":[{"embeddable":true,"href":"https:\/\/www.uqac.ca\/uqactualites\/wp-json\/wp\/v2\/users\/5"}],"replies":[{"embeddable":true,"href":"https:\/\/www.uqac.ca\/uqactualites\/wp-json\/wp\/v2\/comments?post=28029"}],"version-history":[{"count":0,"href":"https:\/\/www.uqac.ca\/uqactualites\/wp-json\/wp\/v2\/posts\/28029\/revisions"}],"wp:featuredmedia":[{"embeddable":true,"href":"https:\/\/www.uqac.ca\/uqactualites\/wp-json\/wp\/v2\/media\/20745"}],"wp:attachment":[{"href":"https:\/\/www.uqac.ca\/uqactualites\/wp-json\/wp\/v2\/media?parent=28029"}],"wp:term":[{"taxonomy":"category","embeddable":true,"href":"https:\/\/www.uqac.ca\/uqactualites\/wp-json\/wp\/v2\/categories?post=28029"},{"taxonomy":"post_tag","embeddable":true,"href":"https:\/\/www.uqac.ca\/uqactualites\/wp-json\/wp\/v2\/tags?post=28029"}],"curies":[{"name":"wp","href":"https:\/\/api.w.org\/{rel}","templated":true}]}}