{"id":28031,"date":"2010-01-15T08:33:14","date_gmt":"2010-01-15T13:33:14","guid":{"rendered":"http:\/\/uqactualite.odev.ca\/?p=28031"},"modified":"2010-01-15T08:33:14","modified_gmt":"2010-01-15T13:33:14","slug":"luqac-et-la-fondation-de-luqac-lancent-la-campagne-majeure-de-developpement-2008-2013","status":"publish","type":"post","link":"https:\/\/www.uqac.ca\/uqactualites\/2010\/01\/15\/luqac-et-la-fondation-de-luqac-lancent-la-campagne-majeure-de-developpement-2008-2013\/","title":{"rendered":"L\u2019UQAC et la Fondation de l\u2019UQAC lancent la Campagne majeure de d\u00e9veloppement 2008-2013"},"content":{"rendered":"<p style=\"text-align: justify\">Saguenay, le 15 janvier 2010&#8212;L\u2019Universit\u00e9 du Qu\u00e9bec \u00e0 Chicoutimi (UQAC) et la<br \/>\nFondation de l\u2019UQAC (FUQAC) s\u2019unissent pour r\u00e9aliser conjointement la seconde<br \/>\nCampagne majeure de financement de l\u2019histoire de l\u2019Institution. Sous la pr\u00e9sidence de<br \/>\nmadame Monique F. Leroux, pr\u00e9sidente et chef de la direction du Mouvement des caisses<br \/>\nDesjardins, cette Campagne s\u2019\u00e9chelonne de 2008 \u00e0 2013.<\/p>\n<p style=\"text-align: justify\">En 1998, l\u2019\u00e9quipe de la Campagne avait obtenu une r\u00e9ponse des plus g\u00e9n\u00e9reuses de la<br \/>\ncommunaut\u00e9 universitaire et du milieu socio-\u00e9conomique, ce qui a permis \u00e0 l\u2019Universit\u00e9 de<br \/>\nconstituer un fonds de d\u00e9veloppement de plus de 8,5 M$. En dix ans, gr\u00e2ce \u00e0 ce fonds, pr\u00e8s<br \/>\nde 1,7 M$ ont \u00e9t\u00e9 attribu\u00e9s aux projets de la communaut\u00e9 universitaire.<\/p>\n<p style=\"text-align: justify\">Lanc\u00e9e sous le th\u00e8me, \u00abLibre de voir plus loin\u00bb, la deuxi\u00e8me Campagne majeure de<br \/>\nd\u00e9veloppement a pour objectif d\u2019amasser 15 millions de dollars afin d\u2019accro\u00eetre les fonds<br \/>\nde d\u00e9veloppement de l\u2019UQAC et de la FUQAC. Ces fonds ont pour objets le soutien aux<br \/>\n\u00e9tudiants, le d\u00e9veloppement de l\u2019enseignement et de la recherche, l\u2019internationalisation de<br \/>\nl\u2019Universit\u00e9, le sport d\u2019excellence et le d\u00e9veloppement du campus. En ce sens, elle viendra<br \/>\nparticuli\u00e8rement bonifier le programme de bourses d\u2019\u00e9tudes aux \u00e9tudiants, tout<br \/>\nparticuli\u00e8rement aux cycles sup\u00e9rieurs.<\/p>\n<p style=\"text-align: justify\">V\u00e9ritable bougie d\u2019allumage, l\u2019engagement d\u2019un million de dollars annonc\u00e9 par le<br \/>\nmouvement des associations \u00e9tudiantes de l\u2019UQAC (MAGE UQAC) en avril 2008, aura<br \/>\nmarqu\u00e9 le d\u00e9but de la Campagne interne. Inspir\u00e9s par la g\u00e9n\u00e9rosit\u00e9 des \u00e9tudiants, le<br \/>\npersonnel et les retrait\u00e9s de l\u2019Universit\u00e9 ont r\u00e9pondu positivement au message lanc\u00e9 par ces<br \/>\nderniers, en contribuant \u00e9galement pour plus d\u2019un million de dollars et ainsi d\u00e9montrer<br \/>\nl\u2019appartenance qu\u2019ils ont envers leur universit\u00e9.<\/p>\n<p style=\"text-align: justify\">Pour la pr\u00e9sidente de la Campagne, madame Monique F. Leroux, cette r\u00e9ponse<br \/>\nexceptionnelle de la communaut\u00e9 universitaire a \u00e9t\u00e9 le coup d\u2019envoi de la Campagne de<br \/>\nd\u00e9veloppement en permettant aux membres du cabinet de passer \u00e0 la seconde \u00e9tape et de<br \/>\nsolliciter les partenaires externes.<\/p>\n<p style=\"text-align: justify\">Contribution de 1, 5 M$ du Mouvement des caisses Desjardins<br \/>\nPar ailleurs, \u00e0 l\u2019occasion du lancement public de la Campagne, Mme Leroux a annonc\u00e9 une<br \/>\ncontribution du Mouvement Desjardins de l\u2019ordre de 1, 5 M$. Cette contribution permettra<br \/>\nde financer des projets de d\u00e9veloppement et d\u2019appuyer la formation de nos \u00e9tudiants.<br \/>\nPour monsieur Michel Belley, recteur de l\u2019Universit\u00e9 du Qu\u00e9bec \u00e0 Chicoutimi et Me Guy<br \/>\nWells, pr\u00e9sident de la Fondation, la g\u00e9n\u00e9rosit\u00e9 de Desjardins est l\u2019expression d\u2019un<br \/>\npartenariat \u00e9tabli depuis toujours. \u00ab Le Mouvement Desjardins est reconnu pour son<br \/>\nengagement dans le cadre des nombreux projets qu\u2019ensemble nous avons accomplis. Ce<br \/>\nsont des proches de notre Universit\u00e9 et nous sommes reconnaissants de la confiance que le<br \/>\nMouvement Desjardins et tout particuli\u00e8rement les caisses de la r\u00e9gion nous t\u00e9moignent\u00bb a<br \/>\nsoulign\u00e9 le recteur.<\/p>\n<p style=\"text-align: justify\">La pr\u00e9sidente de la Campagne, accompagn\u00e9e du recteur de l\u2019Universit\u00e9 et du pr\u00e9sident de<br \/>\nla Fondation, a d\u00e9voil\u00e9 le montant total des contributions amass\u00e9es jusqu\u2019\u00e0 ce jour, soit<br \/>\n14 933 846 $. Pour Mme Leroux, ce r\u00e9sultat exceptionnel a \u00e9t\u00e9 obtenu gr\u00e2ce \u00e0 la<br \/>\ng\u00e9n\u00e9rosit\u00e9 de la communaut\u00e9 universitaire, \u00e0 la participation de la grande famille<br \/>\nDesjardins ainsi qu\u2019\u00e0 celle de nos nombreux partenaires qui croient en l\u2019UQAC.<br \/>\nToujours selon Mme Leroux, malgr\u00e9 les progr\u00e8s accomplis, il en reste encore beaucoup \u00e0<br \/>\nfaire et le v\u00e9ritable succ\u00e8s de la Campagne sera de convaincre le plus de partenaires<br \/>\npossible de s\u2019associer au succ\u00e8s de l\u2019UQAC et de ses \u00e9tudiants. \u00abBient\u00f4t nous ferons appel \u00e0 la r\u00e9gion et aux dipl\u00f4m\u00e9s et ce sera \u00e0 eux de nous signifier l\u2019importance qu\u2019ils accordent \u00e0 leur Universit\u00e9. Je demeure convaincue qu\u2019ils sauront r\u00e9pondre favorablement \u00e0 notre appel et je les en remercie d\u2019avance\u00bb, a-t-elle d\u00e9clar\u00e9.<\/p>\n<p style=\"text-align: justify\">L\u2019UQAC est une universit\u00e9 de d\u00e9fis, reconnue et bien \u00e9tablie dans un r\u00e9seau mondial<br \/>\nd\u2019excellence et dont les d\u00e9couvertes et r\u00e9ussites font la fiert\u00e9 de toute une population. Ces<br \/>\nsucc\u00e8s se r\u00e9alisent toutefois en \u00e9quipe. Nous tenons \u00e0 remercier chaleureusement les<br \/>\npartenaires pr\u00e9sents et futurs, de m\u00eame que tous les b\u00e9n\u00e9voles qui s\u2019impliquent et qui sont<br \/>\nle coeur m\u00eame de cette Campagne. Gr\u00e2ce \u00e0 l\u2019expression de cette g\u00e9n\u00e9rosit\u00e9, ils permettent \u00e0<br \/>\ntoute une communaut\u00e9 d\u2019\u00eatre libre de voir plus loin\u2026et plus grand!<\/p>\n<p style=\"text-align: center\">&#8211; 30 &#8211;<\/p>\n<p style=\"text-align: justify\"><strong>Sources :<\/strong><\/p>\n<p style=\"text-align: justify\">Jos\u00e9e Bourassa<br \/>\nAgente d\u2019information<br \/>\nService des affaires publiques de l\u2019UQAC<br \/>\n545-5011, poste 2274<\/p>\n<p style=\"text-align: justify\">Jean Wauthier<br \/>\nDirecteur du Service des affaires publiques de l\u2019UQAC<br \/>\n545-5011, poste 5007<\/p>\n","protected":false},"excerpt":{"rendered":"<p>Saguenay, le 15 janvier 2010&#8212;L\u2019Universit\u00e9 du Qu\u00e9bec \u00e0 Chicoutimi (UQAC) et la Fondation de l\u2019UQAC (FUQAC) s\u2019unissent pour r\u00e9aliser conjointement la seconde Campagne majeure de financement de l\u2019histoire de l\u2019Institution. Sous la pr\u00e9sidence de madame Monique F. Leroux, pr\u00e9sidente et chef de la direction du Mouvement des caisses Desjardins, cette Campagne s\u2019\u00e9chelonne de 2008 \u00e0 [&hellip;]<\/p>\n","protected":false},"author":5,"featured_media":20745,"comment_status":"open","ping_status":"open","sticky":false,"template":"","format":"standard","meta":{"footnotes":""},"categories":[2772],"tags":[1059,1526],"yoast_head":"<!-- This site is optimized with the Yoast SEO plugin v24.2 - https:\/\/yoast.com\/wordpress\/plugins\/seo\/ -->\r\n<title>L\u2019UQAC et la Fondation de l\u2019UQAC lancent la Campagne majeure de d\u00e9veloppement 2008-2013 - UQACtualit\u00e9s<\/title>\r\n<meta name=\"robots\" content=\"index, follow, max-snippet:-1, max-image-preview:large, max-video-preview:-1\" \/>\r\n<link rel=\"canonical\" href=\"https:\/\/www.uqac.ca\/uqactualites\/2010\/01\/15\/luqac-et-la-fondation-de-luqac-lancent-la-campagne-majeure-de-developpement-2008-2013\/\" \/>\r\n<meta property=\"og:locale\" content=\"fr_CA\" \/>\r\n<meta property=\"og:type\" content=\"article\" \/>\r\n<meta property=\"og:title\" content=\"L\u2019UQAC et la Fondation de l\u2019UQAC lancent la Campagne majeure de d\u00e9veloppement 2008-2013 - UQACtualit\u00e9s\" \/>\r\n<meta property=\"og:description\" content=\"Saguenay, le 15 janvier 2010&#8212;L\u2019Universit\u00e9 du Qu\u00e9bec \u00e0 Chicoutimi (UQAC) et la Fondation de l\u2019UQAC (FUQAC) s\u2019unissent pour r\u00e9aliser conjointement la seconde Campagne majeure de financement de l\u2019histoire de l\u2019Institution. Sous la pr\u00e9sidence de madame Monique F. Leroux, pr\u00e9sidente et chef de la direction du Mouvement des caisses Desjardins, cette Campagne s\u2019\u00e9chelonne de 2008 \u00e0 [&hellip;]\" \/>\r\n<meta property=\"og:url\" content=\"https:\/\/www.uqac.ca\/uqactualites\/2010\/01\/15\/luqac-et-la-fondation-de-luqac-lancent-la-campagne-majeure-de-developpement-2008-2013\/\" \/>\r\n<meta property=\"og:site_name\" content=\"UQACtualit\u00e9s\" \/>\r\n<meta property=\"article:published_time\" content=\"2010-01-15T13:33:14+00:00\" \/>\r\n<meta property=\"og:image\" content=\"https:\/\/www.uqac.ca\/uqactualites\/wp-content\/uploads\/2012\/05\/communiqu-.jpg\" \/>\r\n\t<meta property=\"og:image:width\" content=\"620\" \/>\r\n\t<meta property=\"og:image:height\" content=\"300\" \/>\r\n\t<meta property=\"og:image:type\" content=\"image\/jpeg\" \/>\r\n<meta name=\"author\" content=\"Service des communications et des relations publiques\" \/>\r\n<meta name=\"twitter:card\" content=\"summary_large_image\" \/>\r\n<meta name=\"twitter:label1\" content=\"\u00c9crit par\" \/>\n\t<meta name=\"twitter:data1\" content=\"Service des communications et des relations publiques\" \/>\n\t<meta name=\"twitter:label2\" content=\"Estimation du temps de lecture\" \/>\n\t<meta name=\"twitter:data2\" content=\"4 minutes\" \/>\r\n<script type=\"application\/ld+json\" class=\"yoast-schema-graph\">{\"@context\":\"https:\/\/schema.org\",\"@graph\":[{\"@type\":\"WebPage\",\"@id\":\"https:\/\/www.uqac.ca\/uqactualites\/2010\/01\/15\/luqac-et-la-fondation-de-luqac-lancent-la-campagne-majeure-de-developpement-2008-2013\/\",\"url\":\"https:\/\/www.uqac.ca\/uqactualites\/2010\/01\/15\/luqac-et-la-fondation-de-luqac-lancent-la-campagne-majeure-de-developpement-2008-2013\/\",\"name\":\"L\u2019UQAC et la Fondation de l\u2019UQAC lancent la Campagne majeure de d\u00e9veloppement 2008-2013 - UQACtualit\u00e9s\",\"isPartOf\":{\"@id\":\"https:\/\/www.uqac.ca\/uqactualites\/#website\"},\"primaryImageOfPage\":{\"@id\":\"https:\/\/www.uqac.ca\/uqactualites\/2010\/01\/15\/luqac-et-la-fondation-de-luqac-lancent-la-campagne-majeure-de-developpement-2008-2013\/#primaryimage\"},\"image\":{\"@id\":\"https:\/\/www.uqac.ca\/uqactualites\/2010\/01\/15\/luqac-et-la-fondation-de-luqac-lancent-la-campagne-majeure-de-developpement-2008-2013\/#primaryimage\"},\"thumbnailUrl\":\"https:\/\/www.uqac.ca\/uqactualites\/wp-content\/uploads\/2012\/05\/communiqu-.jpg\",\"datePublished\":\"2010-01-15T13:33:14+00:00\",\"dateModified\":\"2010-01-15T13:33:14+00:00\",\"author\":{\"@id\":\"https:\/\/www.uqac.ca\/uqactualites\/#\/schema\/person\/366c45a0c4f0e677b41b4af5886e2018\"},\"breadcrumb\":{\"@id\":\"https:\/\/www.uqac.ca\/uqactualites\/2010\/01\/15\/luqac-et-la-fondation-de-luqac-lancent-la-campagne-majeure-de-developpement-2008-2013\/#breadcrumb\"},\"inLanguage\":\"fr-CA\",\"potentialAction\":[{\"@type\":\"ReadAction\",\"target\":[\"https:\/\/www.uqac.ca\/uqactualites\/2010\/01\/15\/luqac-et-la-fondation-de-luqac-lancent-la-campagne-majeure-de-developpement-2008-2013\/\"]}]},{\"@type\":\"ImageObject\",\"inLanguage\":\"fr-CA\",\"@id\":\"https:\/\/www.uqac.ca\/uqactualites\/2010\/01\/15\/luqac-et-la-fondation-de-luqac-lancent-la-campagne-majeure-de-developpement-2008-2013\/#primaryimage\",\"url\":\"https:\/\/www.uqac.ca\/uqactualites\/wp-content\/uploads\/2012\/05\/communiqu-.jpg\",\"contentUrl\":\"https:\/\/www.uqac.ca\/uqactualites\/wp-content\/uploads\/2012\/05\/communiqu-.jpg\",\"width\":620,\"height\":300},{\"@type\":\"BreadcrumbList\",\"@id\":\"https:\/\/www.uqac.ca\/uqactualites\/2010\/01\/15\/luqac-et-la-fondation-de-luqac-lancent-la-campagne-majeure-de-developpement-2008-2013\/#breadcrumb\",\"itemListElement\":[{\"@type\":\"ListItem\",\"position\":1,\"name\":\"Home\",\"item\":\"https:\/\/www.uqac.ca\/uqactualites\/\"},{\"@type\":\"ListItem\",\"position\":2,\"name\":\"L\u2019UQAC et la Fondation de l\u2019UQAC lancent la Campagne majeure de d\u00e9veloppement 2008-2013\"}]},{\"@type\":\"WebSite\",\"@id\":\"https:\/\/www.uqac.ca\/uqactualites\/#website\",\"url\":\"https:\/\/www.uqac.ca\/uqactualites\/\",\"name\":\"UQACtualit\u00e9s\",\"description\":\"Le portail des nouvelles de l&#039;UQAC\",\"potentialAction\":[{\"@type\":\"SearchAction\",\"target\":{\"@type\":\"EntryPoint\",\"urlTemplate\":\"https:\/\/www.uqac.ca\/uqactualites\/?s={search_term_string}\"},\"query-input\":{\"@type\":\"PropertyValueSpecification\",\"valueRequired\":true,\"valueName\":\"search_term_string\"}}],\"inLanguage\":\"fr-CA\"},{\"@type\":\"Person\",\"@id\":\"https:\/\/www.uqac.ca\/uqactualites\/#\/schema\/person\/366c45a0c4f0e677b41b4af5886e2018\",\"name\":\"Service des communications et des relations publiques\",\"image\":{\"@type\":\"ImageObject\",\"inLanguage\":\"fr-CA\",\"@id\":\"https:\/\/www.uqac.ca\/uqactualites\/#\/schema\/person\/image\/\",\"url\":\"https:\/\/secure.gravatar.com\/avatar\/20fbbda8a292f59f2d3461a5b999c00b?s=96&d=mm&r=g\",\"contentUrl\":\"https:\/\/secure.gravatar.com\/avatar\/20fbbda8a292f59f2d3461a5b999c00b?s=96&d=mm&r=g\",\"caption\":\"Service des communications et des relations publiques\"},\"url\":\"https:\/\/www.uqac.ca\/uqactualites\/author\/bap\/\"}]}<\/script>\r\n<!-- \/ Yoast SEO plugin. -->","yoast_head_json":{"title":"L\u2019UQAC et la Fondation de l\u2019UQAC lancent la Campagne majeure de d\u00e9veloppement 2008-2013 - UQACtualit\u00e9s","robots":{"index":"index","follow":"follow","max-snippet":"max-snippet:-1","max-image-preview":"max-image-preview:large","max-video-preview":"max-video-preview:-1"},"canonical":"https:\/\/www.uqac.ca\/uqactualites\/2010\/01\/15\/luqac-et-la-fondation-de-luqac-lancent-la-campagne-majeure-de-developpement-2008-2013\/","og_locale":"fr_CA","og_type":"article","og_title":"L\u2019UQAC et la Fondation de l\u2019UQAC lancent la Campagne majeure de d\u00e9veloppement 2008-2013 - UQACtualit\u00e9s","og_description":"Saguenay, le 15 janvier 2010&#8212;L\u2019Universit\u00e9 du Qu\u00e9bec \u00e0 Chicoutimi (UQAC) et la Fondation de l\u2019UQAC (FUQAC) s\u2019unissent pour r\u00e9aliser conjointement la seconde Campagne majeure de financement de l\u2019histoire de l\u2019Institution. Sous la pr\u00e9sidence de madame Monique F. Leroux, pr\u00e9sidente et chef de la direction du Mouvement des caisses Desjardins, cette Campagne s\u2019\u00e9chelonne de 2008 \u00e0 [&hellip;]","og_url":"https:\/\/www.uqac.ca\/uqactualites\/2010\/01\/15\/luqac-et-la-fondation-de-luqac-lancent-la-campagne-majeure-de-developpement-2008-2013\/","og_site_name":"UQACtualit\u00e9s","article_published_time":"2010-01-15T13:33:14+00:00","og_image":[{"width":620,"height":300,"url":"https:\/\/www.uqac.ca\/uqactualites\/wp-content\/uploads\/2012\/05\/communiqu-.jpg","type":"image\/jpeg"}],"author":"Service des communications et des relations publiques","twitter_card":"summary_large_image","twitter_misc":{"\u00c9crit par":"Service des communications et des relations publiques","Estimation du temps de lecture":"4 minutes"},"schema":{"@context":"https:\/\/schema.org","@graph":[{"@type":"WebPage","@id":"https:\/\/www.uqac.ca\/uqactualites\/2010\/01\/15\/luqac-et-la-fondation-de-luqac-lancent-la-campagne-majeure-de-developpement-2008-2013\/","url":"https:\/\/www.uqac.ca\/uqactualites\/2010\/01\/15\/luqac-et-la-fondation-de-luqac-lancent-la-campagne-majeure-de-developpement-2008-2013\/","name":"L\u2019UQAC et la Fondation de l\u2019UQAC lancent la Campagne majeure de d\u00e9veloppement 2008-2013 - UQACtualit\u00e9s","isPartOf":{"@id":"https:\/\/www.uqac.ca\/uqactualites\/#website"},"primaryImageOfPage":{"@id":"https:\/\/www.uqac.ca\/uqactualites\/2010\/01\/15\/luqac-et-la-fondation-de-luqac-lancent-la-campagne-majeure-de-developpement-2008-2013\/#primaryimage"},"image":{"@id":"https:\/\/www.uqac.ca\/uqactualites\/2010\/01\/15\/luqac-et-la-fondation-de-luqac-lancent-la-campagne-majeure-de-developpement-2008-2013\/#primaryimage"},"thumbnailUrl":"https:\/\/www.uqac.ca\/uqactualites\/wp-content\/uploads\/2012\/05\/communiqu-.jpg","datePublished":"2010-01-15T13:33:14+00:00","dateModified":"2010-01-15T13:33:14+00:00","author":{"@id":"https:\/\/www.uqac.ca\/uqactualites\/#\/schema\/person\/366c45a0c4f0e677b41b4af5886e2018"},"breadcrumb":{"@id":"https:\/\/www.uqac.ca\/uqactualites\/2010\/01\/15\/luqac-et-la-fondation-de-luqac-lancent-la-campagne-majeure-de-developpement-2008-2013\/#breadcrumb"},"inLanguage":"fr-CA","potentialAction":[{"@type":"ReadAction","target":["https:\/\/www.uqac.ca\/uqactualites\/2010\/01\/15\/luqac-et-la-fondation-de-luqac-lancent-la-campagne-majeure-de-developpement-2008-2013\/"]}]},{"@type":"ImageObject","inLanguage":"fr-CA","@id":"https:\/\/www.uqac.ca\/uqactualites\/2010\/01\/15\/luqac-et-la-fondation-de-luqac-lancent-la-campagne-majeure-de-developpement-2008-2013\/#primaryimage","url":"https:\/\/www.uqac.ca\/uqactualites\/wp-content\/uploads\/2012\/05\/communiqu-.jpg","contentUrl":"https:\/\/www.uqac.ca\/uqactualites\/wp-content\/uploads\/2012\/05\/communiqu-.jpg","width":620,"height":300},{"@type":"BreadcrumbList","@id":"https:\/\/www.uqac.ca\/uqactualites\/2010\/01\/15\/luqac-et-la-fondation-de-luqac-lancent-la-campagne-majeure-de-developpement-2008-2013\/#breadcrumb","itemListElement":[{"@type":"ListItem","position":1,"name":"Home","item":"https:\/\/www.uqac.ca\/uqactualites\/"},{"@type":"ListItem","position":2,"name":"L\u2019UQAC et la Fondation de l\u2019UQAC lancent la Campagne majeure de d\u00e9veloppement 2008-2013"}]},{"@type":"WebSite","@id":"https:\/\/www.uqac.ca\/uqactualites\/#website","url":"https:\/\/www.uqac.ca\/uqactualites\/","name":"UQACtualit\u00e9s","description":"Le portail des nouvelles de l&#039;UQAC","potentialAction":[{"@type":"SearchAction","target":{"@type":"EntryPoint","urlTemplate":"https:\/\/www.uqac.ca\/uqactualites\/?s={search_term_string}"},"query-input":{"@type":"PropertyValueSpecification","valueRequired":true,"valueName":"search_term_string"}}],"inLanguage":"fr-CA"},{"@type":"Person","@id":"https:\/\/www.uqac.ca\/uqactualites\/#\/schema\/person\/366c45a0c4f0e677b41b4af5886e2018","name":"Service des communications et des relations publiques","image":{"@type":"ImageObject","inLanguage":"fr-CA","@id":"https:\/\/www.uqac.ca\/uqactualites\/#\/schema\/person\/image\/","url":"https:\/\/secure.gravatar.com\/avatar\/20fbbda8a292f59f2d3461a5b999c00b?s=96&d=mm&r=g","contentUrl":"https:\/\/secure.gravatar.com\/avatar\/20fbbda8a292f59f2d3461a5b999c00b?s=96&d=mm&r=g","caption":"Service des communications et des relations publiques"},"url":"https:\/\/www.uqac.ca\/uqactualites\/author\/bap\/"}]}},"_links":{"self":[{"href":"https:\/\/www.uqac.ca\/uqactualites\/wp-json\/wp\/v2\/posts\/28031"}],"collection":[{"href":"https:\/\/www.uqac.ca\/uqactualites\/wp-json\/wp\/v2\/posts"}],"about":[{"href":"https:\/\/www.uqac.ca\/uqactualites\/wp-json\/wp\/v2\/types\/post"}],"author":[{"embeddable":true,"href":"https:\/\/www.uqac.ca\/uqactualites\/wp-json\/wp\/v2\/users\/5"}],"replies":[{"embeddable":true,"href":"https:\/\/www.uqac.ca\/uqactualites\/wp-json\/wp\/v2\/comments?post=28031"}],"version-history":[{"count":0,"href":"https:\/\/www.uqac.ca\/uqactualites\/wp-json\/wp\/v2\/posts\/28031\/revisions"}],"wp:featuredmedia":[{"embeddable":true,"href":"https:\/\/www.uqac.ca\/uqactualites\/wp-json\/wp\/v2\/media\/20745"}],"wp:attachment":[{"href":"https:\/\/www.uqac.ca\/uqactualites\/wp-json\/wp\/v2\/media?parent=28031"}],"wp:term":[{"taxonomy":"category","embeddable":true,"href":"https:\/\/www.uqac.ca\/uqactualites\/wp-json\/wp\/v2\/categories?post=28031"},{"taxonomy":"post_tag","embeddable":true,"href":"https:\/\/www.uqac.ca\/uqactualites\/wp-json\/wp\/v2\/tags?post=28031"}],"curies":[{"name":"wp","href":"https:\/\/api.w.org\/{rel}","templated":true}]}}