{"id":28033,"date":"2010-03-23T08:48:53","date_gmt":"2010-03-23T12:48:53","guid":{"rendered":"http:\/\/uqactualite.odev.ca\/?p=28033"},"modified":"2010-03-23T08:48:53","modified_gmt":"2010-03-23T12:48:53","slug":"luqac-decernera-trois-doctorats-honoris-causa","status":"publish","type":"post","link":"https:\/\/www.uqac.ca\/uqactualites\/2010\/03\/23\/luqac-decernera-trois-doctorats-honoris-causa\/","title":{"rendered":"L\u2019UQAC d\u00e9cernera trois doctorats honoris causa"},"content":{"rendered":"<p style=\"text-align: justify\">Saguenay, le 23 mars 2010 \u2013 L\u2019Universit\u00e9 du Qu\u00e9bec \u00e0 Chicoutimi<br \/>\n(UQAC) rendra hommage \u00e0 trois personnalit\u00e9s qu\u00e9b\u00e9coises pour leur apport<br \/>\nexceptionnel \u00e0 la collectivit\u00e9 en leur remettant un doctorat honoris causa, le<br \/>\n30 avril prochain, lors d\u2019une c\u00e9r\u00e9monie qui se d\u00e9roulera \u00e0 19 h 30, au<br \/>\nPavillon sportif.<\/p>\n<p style=\"text-align: justify\">Madame Jacynthe C\u00f4t\u00e9<br \/>\nNative de Normandin, au Lac-Saint-Jean, et chimiste de formation, madame<br \/>\nJacynthe C\u00f4t\u00e9 est devenue, le 1er f\u00e9vrier 2009, chef de la direction de Rio<br \/>\nTinto Alcan. \u00c0 ce titre, elle est responsable des activit\u00e9s mondiales<br \/>\nd\u2019extraction de bauxite, d\u2019affinage d\u2019alumine ainsi que de la production<br \/>\nd\u2019aluminium et d\u2019\u00e9nergie de cette compagnie. Cette fonction l\u2019am\u00e8ne aussi \u00e0<br \/>\nsi\u00e9ger au comit\u00e9 ex\u00e9cutif de Rio Tinto, important groupe minier qui oeuvre \u00e0<br \/>\nl\u2019\u00e9chelle internationale et auquel est rattach\u00e9 Rio Tinto Alcan. Elle devient<br \/>\nainsi la premi\u00e8re femme \u00e0 diriger cette multinationale qui compte 24<br \/>\nalumineries, 10 raffineries d\u2019alumine, 6 mines de bauxite et plus de 26 600<br \/>\nemploy\u00e9s r\u00e9partis dans 29 pays, soit l\u2019une des plus importantes entreprises<br \/>\nau monde oeuvrant dans le domaine du m\u00e9tal gris avec un chiffre d\u2019affaires<br \/>\nde plus de 15 milliards de dollars am\u00e9ricains.<\/p>\n<p style=\"text-align: justify\">Monsieur Pierre Lavoie<br \/>\nTriathlonien de renomm\u00e9e mondiale ayant particip\u00e9 \u00e0 huit reprises \u00e0 la<br \/>\ncomp\u00e9tition internationale de triathlon Ironman, monsieur Pierre Lavoie est<br \/>\naussi connu, au Saguenay\u2013Lac-Saint-Jean comme dans tout le Qu\u00e9bec, pour<br \/>\nson engagement ind\u00e9fectible \u00e0 la cause de l\u2019acidose lactique. Ayant perdu<br \/>\ndeux enfants qui \u00e9taient atteints de cette maladie, monsieur Lavoie devient,<br \/>\nen 1999, pr\u00e9sident de l\u2019Association de l\u2019acidose lactique et, depuis ce temps,<br \/>\nil multiplie les actions visant \u00e0 faire conna\u00eetre cette maladie mortelle et \u00e0 en<br \/>\nfaire un objet de recherche.<\/p>\n<p style=\"text-align: justify\">De nombreuses conf\u00e9rences, cinq \u00e9ditions du D\u00e9fi Pierre Lavoie et, en 2009,<br \/>\nle Grand d\u00e9fi Pierre Lavoie ont permis d\u2019amasser des fonds pour financer la<br \/>\nrecherche visant \u00e0 combattre cette maladie. De plus, il cr\u00e9e le Club cycliste<br \/>\nacidose lactique afin d\u2019inciter la jeunesse qu\u00e9b\u00e9coise \u00e0 avoir une vie saine et<br \/>\nactive.<\/p>\n<p style=\"text-align: justify\">Madame Monique F. Leroux<br \/>\nDipl\u00f4m\u00e9e du Conservatoire de musique du Qu\u00e9bec, madame Leroux<br \/>\ns\u2019inscrit ensuite au programme de baccalaur\u00e9at en administration de l\u2019UQAC<br \/>\no\u00f9 elle r\u00e9alisera de brillantes \u00e9tudes \u00e0 l\u2019issue desquelles elle devient<br \/>\ncomptable agr\u00e9\u00e9e et comptable en management accr\u00e9dit\u00e9e. Ce sera l\u00e0 le<br \/>\nd\u00e9but d\u2019une carri\u00e8re fulgurante qui l\u2019am\u00e8nera \u00e0 occuper des fonctions de<br \/>\npremier plan successivement chez Ernst &amp; Young, \u00e0 la Banque Royale, chez<br \/>\nQuebecor et, finalement, au Mouvement Desjardins, dont elle est devenue<br \/>\npr\u00e9sidente et chef de la direction en mars 2008. Soulignons que le<br \/>\nMouvement Desjardins est le plus grand groupe financier coop\u00e9ratif au<br \/>\nCanada et la sixi\u00e8me plus importante institution au pays dans le secteur<br \/>\nbancaire avec un actif total de plus de 150 milliards de dollars et quelque<br \/>\n42,000 employ\u00e9s. Mentionnons enfin qu\u2019elle a \u00e9t\u00e9 la premi\u00e8re femme \u00e0<br \/>\nassumer, en 1993, la pr\u00e9sidence de l\u2019Ordre des comptables agr\u00e9\u00e9s du Qu\u00e9bec<br \/>\ndepuis la cr\u00e9ation de cet ordre professionnel en 1880.<\/p>\n<p style=\"text-align: justify\">Pour leurs qualit\u00e9s et accomplissements personnels exceptionnels, l\u2019UQAC<br \/>\nsouhaite honorer ces personnalit\u00e9s en leur octroyant un doctorat honoris<br \/>\ncausa \u00e0 l\u2019occasion d\u2019une c\u00e9r\u00e9monie visant \u00e0 leur rendre hommage.<\/p>\n<p style=\"text-align: center\">&#8211; 30 &#8211;<\/p>\n<p style=\"text-align: justify\"><strong>SOURCE :<\/strong><br \/>\nJean Wauthier, directeur<br \/>\nBureau des affaires publiques<br \/>\nUniversit\u00e9 du Qu\u00e9bec \u00e0 Chicoutimi<br \/>\nT\u00e9l\u00e9phone : 418 545-5011, poste 5006<br \/>\nCellulaire : 418 540-0450<br \/>\nCourriel : jean.wauthier@uqac.ca<\/p>\n","protected":false},"excerpt":{"rendered":"<p>Saguenay, le 23 mars 2010 \u2013 L\u2019Universit\u00e9 du Qu\u00e9bec \u00e0 Chicoutimi (UQAC) rendra hommage \u00e0 trois personnalit\u00e9s qu\u00e9b\u00e9coises pour leur apport exceptionnel \u00e0 la collectivit\u00e9 en leur remettant un doctorat honoris causa, le 30 avril prochain, lors d\u2019une c\u00e9r\u00e9monie qui se d\u00e9roulera \u00e0 19 h 30, au Pavillon sportif. Madame Jacynthe C\u00f4t\u00e9 Native de Normandin, [&hellip;]<\/p>\n","protected":false},"author":5,"featured_media":20745,"comment_status":"open","ping_status":"open","sticky":false,"template":"","format":"standard","meta":{"footnotes":""},"categories":[2772],"tags":[1059],"yoast_head":"<!-- This site is optimized with the Yoast SEO plugin v24.2 - https:\/\/yoast.com\/wordpress\/plugins\/seo\/ -->\r\n<title>L\u2019UQAC d\u00e9cernera trois doctorats honoris causa - UQACtualit\u00e9s<\/title>\r\n<meta name=\"robots\" content=\"index, follow, max-snippet:-1, max-image-preview:large, max-video-preview:-1\" \/>\r\n<link rel=\"canonical\" href=\"https:\/\/www.uqac.ca\/uqactualites\/2010\/03\/23\/luqac-decernera-trois-doctorats-honoris-causa\/\" \/>\r\n<meta property=\"og:locale\" content=\"fr_CA\" \/>\r\n<meta property=\"og:type\" content=\"article\" \/>\r\n<meta property=\"og:title\" content=\"L\u2019UQAC d\u00e9cernera trois doctorats honoris causa - UQACtualit\u00e9s\" \/>\r\n<meta property=\"og:description\" content=\"Saguenay, le 23 mars 2010 \u2013 L\u2019Universit\u00e9 du Qu\u00e9bec \u00e0 Chicoutimi (UQAC) rendra hommage \u00e0 trois personnalit\u00e9s qu\u00e9b\u00e9coises pour leur apport exceptionnel \u00e0 la collectivit\u00e9 en leur remettant un doctorat honoris causa, le 30 avril prochain, lors d\u2019une c\u00e9r\u00e9monie qui se d\u00e9roulera \u00e0 19 h 30, au Pavillon sportif. Madame Jacynthe C\u00f4t\u00e9 Native de Normandin, [&hellip;]\" \/>\r\n<meta property=\"og:url\" content=\"https:\/\/www.uqac.ca\/uqactualites\/2010\/03\/23\/luqac-decernera-trois-doctorats-honoris-causa\/\" \/>\r\n<meta property=\"og:site_name\" content=\"UQACtualit\u00e9s\" \/>\r\n<meta property=\"article:published_time\" content=\"2010-03-23T12:48:53+00:00\" \/>\r\n<meta property=\"og:image\" content=\"https:\/\/www.uqac.ca\/uqactualites\/wp-content\/uploads\/2012\/05\/communiqu-.jpg\" \/>\r\n\t<meta property=\"og:image:width\" content=\"620\" \/>\r\n\t<meta property=\"og:image:height\" content=\"300\" \/>\r\n\t<meta property=\"og:image:type\" content=\"image\/jpeg\" \/>\r\n<meta name=\"author\" content=\"Service des communications et des relations publiques\" \/>\r\n<meta name=\"twitter:card\" content=\"summary_large_image\" \/>\r\n<meta name=\"twitter:label1\" content=\"\u00c9crit par\" \/>\n\t<meta name=\"twitter:data1\" content=\"Service des communications et des relations publiques\" \/>\n\t<meta name=\"twitter:label2\" content=\"Estimation du temps de lecture\" \/>\n\t<meta name=\"twitter:data2\" content=\"3 minutes\" \/>\r\n<script type=\"application\/ld+json\" class=\"yoast-schema-graph\">{\"@context\":\"https:\/\/schema.org\",\"@graph\":[{\"@type\":\"WebPage\",\"@id\":\"https:\/\/www.uqac.ca\/uqactualites\/2010\/03\/23\/luqac-decernera-trois-doctorats-honoris-causa\/\",\"url\":\"https:\/\/www.uqac.ca\/uqactualites\/2010\/03\/23\/luqac-decernera-trois-doctorats-honoris-causa\/\",\"name\":\"L\u2019UQAC d\u00e9cernera trois doctorats honoris causa - UQACtualit\u00e9s\",\"isPartOf\":{\"@id\":\"https:\/\/www.uqac.ca\/uqactualites\/#website\"},\"primaryImageOfPage\":{\"@id\":\"https:\/\/www.uqac.ca\/uqactualites\/2010\/03\/23\/luqac-decernera-trois-doctorats-honoris-causa\/#primaryimage\"},\"image\":{\"@id\":\"https:\/\/www.uqac.ca\/uqactualites\/2010\/03\/23\/luqac-decernera-trois-doctorats-honoris-causa\/#primaryimage\"},\"thumbnailUrl\":\"https:\/\/www.uqac.ca\/uqactualites\/wp-content\/uploads\/2012\/05\/communiqu-.jpg\",\"datePublished\":\"2010-03-23T12:48:53+00:00\",\"dateModified\":\"2010-03-23T12:48:53+00:00\",\"author\":{\"@id\":\"https:\/\/www.uqac.ca\/uqactualites\/#\/schema\/person\/366c45a0c4f0e677b41b4af5886e2018\"},\"breadcrumb\":{\"@id\":\"https:\/\/www.uqac.ca\/uqactualites\/2010\/03\/23\/luqac-decernera-trois-doctorats-honoris-causa\/#breadcrumb\"},\"inLanguage\":\"fr-CA\",\"potentialAction\":[{\"@type\":\"ReadAction\",\"target\":[\"https:\/\/www.uqac.ca\/uqactualites\/2010\/03\/23\/luqac-decernera-trois-doctorats-honoris-causa\/\"]}]},{\"@type\":\"ImageObject\",\"inLanguage\":\"fr-CA\",\"@id\":\"https:\/\/www.uqac.ca\/uqactualites\/2010\/03\/23\/luqac-decernera-trois-doctorats-honoris-causa\/#primaryimage\",\"url\":\"https:\/\/www.uqac.ca\/uqactualites\/wp-content\/uploads\/2012\/05\/communiqu-.jpg\",\"contentUrl\":\"https:\/\/www.uqac.ca\/uqactualites\/wp-content\/uploads\/2012\/05\/communiqu-.jpg\",\"width\":620,\"height\":300},{\"@type\":\"BreadcrumbList\",\"@id\":\"https:\/\/www.uqac.ca\/uqactualites\/2010\/03\/23\/luqac-decernera-trois-doctorats-honoris-causa\/#breadcrumb\",\"itemListElement\":[{\"@type\":\"ListItem\",\"position\":1,\"name\":\"Home\",\"item\":\"https:\/\/www.uqac.ca\/uqactualites\/\"},{\"@type\":\"ListItem\",\"position\":2,\"name\":\"L\u2019UQAC d\u00e9cernera trois doctorats honoris causa\"}]},{\"@type\":\"WebSite\",\"@id\":\"https:\/\/www.uqac.ca\/uqactualites\/#website\",\"url\":\"https:\/\/www.uqac.ca\/uqactualites\/\",\"name\":\"UQACtualit\u00e9s\",\"description\":\"Le portail des nouvelles de l&#039;UQAC\",\"potentialAction\":[{\"@type\":\"SearchAction\",\"target\":{\"@type\":\"EntryPoint\",\"urlTemplate\":\"https:\/\/www.uqac.ca\/uqactualites\/?s={search_term_string}\"},\"query-input\":{\"@type\":\"PropertyValueSpecification\",\"valueRequired\":true,\"valueName\":\"search_term_string\"}}],\"inLanguage\":\"fr-CA\"},{\"@type\":\"Person\",\"@id\":\"https:\/\/www.uqac.ca\/uqactualites\/#\/schema\/person\/366c45a0c4f0e677b41b4af5886e2018\",\"name\":\"Service des communications et des relations publiques\",\"image\":{\"@type\":\"ImageObject\",\"inLanguage\":\"fr-CA\",\"@id\":\"https:\/\/www.uqac.ca\/uqactualites\/#\/schema\/person\/image\/\",\"url\":\"https:\/\/secure.gravatar.com\/avatar\/20fbbda8a292f59f2d3461a5b999c00b?s=96&d=mm&r=g\",\"contentUrl\":\"https:\/\/secure.gravatar.com\/avatar\/20fbbda8a292f59f2d3461a5b999c00b?s=96&d=mm&r=g\",\"caption\":\"Service des communications et des relations publiques\"},\"url\":\"https:\/\/www.uqac.ca\/uqactualites\/author\/bap\/\"}]}<\/script>\r\n<!-- \/ Yoast SEO plugin. -->","yoast_head_json":{"title":"L\u2019UQAC d\u00e9cernera trois doctorats honoris causa - UQACtualit\u00e9s","robots":{"index":"index","follow":"follow","max-snippet":"max-snippet:-1","max-image-preview":"max-image-preview:large","max-video-preview":"max-video-preview:-1"},"canonical":"https:\/\/www.uqac.ca\/uqactualites\/2010\/03\/23\/luqac-decernera-trois-doctorats-honoris-causa\/","og_locale":"fr_CA","og_type":"article","og_title":"L\u2019UQAC d\u00e9cernera trois doctorats honoris causa - UQACtualit\u00e9s","og_description":"Saguenay, le 23 mars 2010 \u2013 L\u2019Universit\u00e9 du Qu\u00e9bec \u00e0 Chicoutimi (UQAC) rendra hommage \u00e0 trois personnalit\u00e9s qu\u00e9b\u00e9coises pour leur apport exceptionnel \u00e0 la collectivit\u00e9 en leur remettant un doctorat honoris causa, le 30 avril prochain, lors d\u2019une c\u00e9r\u00e9monie qui se d\u00e9roulera \u00e0 19 h 30, au Pavillon sportif. Madame Jacynthe C\u00f4t\u00e9 Native de Normandin, [&hellip;]","og_url":"https:\/\/www.uqac.ca\/uqactualites\/2010\/03\/23\/luqac-decernera-trois-doctorats-honoris-causa\/","og_site_name":"UQACtualit\u00e9s","article_published_time":"2010-03-23T12:48:53+00:00","og_image":[{"width":620,"height":300,"url":"https:\/\/www.uqac.ca\/uqactualites\/wp-content\/uploads\/2012\/05\/communiqu-.jpg","type":"image\/jpeg"}],"author":"Service des communications et des relations publiques","twitter_card":"summary_large_image","twitter_misc":{"\u00c9crit par":"Service des communications et des relations publiques","Estimation du temps de lecture":"3 minutes"},"schema":{"@context":"https:\/\/schema.org","@graph":[{"@type":"WebPage","@id":"https:\/\/www.uqac.ca\/uqactualites\/2010\/03\/23\/luqac-decernera-trois-doctorats-honoris-causa\/","url":"https:\/\/www.uqac.ca\/uqactualites\/2010\/03\/23\/luqac-decernera-trois-doctorats-honoris-causa\/","name":"L\u2019UQAC d\u00e9cernera trois doctorats honoris causa - UQACtualit\u00e9s","isPartOf":{"@id":"https:\/\/www.uqac.ca\/uqactualites\/#website"},"primaryImageOfPage":{"@id":"https:\/\/www.uqac.ca\/uqactualites\/2010\/03\/23\/luqac-decernera-trois-doctorats-honoris-causa\/#primaryimage"},"image":{"@id":"https:\/\/www.uqac.ca\/uqactualites\/2010\/03\/23\/luqac-decernera-trois-doctorats-honoris-causa\/#primaryimage"},"thumbnailUrl":"https:\/\/www.uqac.ca\/uqactualites\/wp-content\/uploads\/2012\/05\/communiqu-.jpg","datePublished":"2010-03-23T12:48:53+00:00","dateModified":"2010-03-23T12:48:53+00:00","author":{"@id":"https:\/\/www.uqac.ca\/uqactualites\/#\/schema\/person\/366c45a0c4f0e677b41b4af5886e2018"},"breadcrumb":{"@id":"https:\/\/www.uqac.ca\/uqactualites\/2010\/03\/23\/luqac-decernera-trois-doctorats-honoris-causa\/#breadcrumb"},"inLanguage":"fr-CA","potentialAction":[{"@type":"ReadAction","target":["https:\/\/www.uqac.ca\/uqactualites\/2010\/03\/23\/luqac-decernera-trois-doctorats-honoris-causa\/"]}]},{"@type":"ImageObject","inLanguage":"fr-CA","@id":"https:\/\/www.uqac.ca\/uqactualites\/2010\/03\/23\/luqac-decernera-trois-doctorats-honoris-causa\/#primaryimage","url":"https:\/\/www.uqac.ca\/uqactualites\/wp-content\/uploads\/2012\/05\/communiqu-.jpg","contentUrl":"https:\/\/www.uqac.ca\/uqactualites\/wp-content\/uploads\/2012\/05\/communiqu-.jpg","width":620,"height":300},{"@type":"BreadcrumbList","@id":"https:\/\/www.uqac.ca\/uqactualites\/2010\/03\/23\/luqac-decernera-trois-doctorats-honoris-causa\/#breadcrumb","itemListElement":[{"@type":"ListItem","position":1,"name":"Home","item":"https:\/\/www.uqac.ca\/uqactualites\/"},{"@type":"ListItem","position":2,"name":"L\u2019UQAC d\u00e9cernera trois doctorats honoris causa"}]},{"@type":"WebSite","@id":"https:\/\/www.uqac.ca\/uqactualites\/#website","url":"https:\/\/www.uqac.ca\/uqactualites\/","name":"UQACtualit\u00e9s","description":"Le portail des nouvelles de l&#039;UQAC","potentialAction":[{"@type":"SearchAction","target":{"@type":"EntryPoint","urlTemplate":"https:\/\/www.uqac.ca\/uqactualites\/?s={search_term_string}"},"query-input":{"@type":"PropertyValueSpecification","valueRequired":true,"valueName":"search_term_string"}}],"inLanguage":"fr-CA"},{"@type":"Person","@id":"https:\/\/www.uqac.ca\/uqactualites\/#\/schema\/person\/366c45a0c4f0e677b41b4af5886e2018","name":"Service des communications et des relations publiques","image":{"@type":"ImageObject","inLanguage":"fr-CA","@id":"https:\/\/www.uqac.ca\/uqactualites\/#\/schema\/person\/image\/","url":"https:\/\/secure.gravatar.com\/avatar\/20fbbda8a292f59f2d3461a5b999c00b?s=96&d=mm&r=g","contentUrl":"https:\/\/secure.gravatar.com\/avatar\/20fbbda8a292f59f2d3461a5b999c00b?s=96&d=mm&r=g","caption":"Service des communications et des relations publiques"},"url":"https:\/\/www.uqac.ca\/uqactualites\/author\/bap\/"}]}},"_links":{"self":[{"href":"https:\/\/www.uqac.ca\/uqactualites\/wp-json\/wp\/v2\/posts\/28033"}],"collection":[{"href":"https:\/\/www.uqac.ca\/uqactualites\/wp-json\/wp\/v2\/posts"}],"about":[{"href":"https:\/\/www.uqac.ca\/uqactualites\/wp-json\/wp\/v2\/types\/post"}],"author":[{"embeddable":true,"href":"https:\/\/www.uqac.ca\/uqactualites\/wp-json\/wp\/v2\/users\/5"}],"replies":[{"embeddable":true,"href":"https:\/\/www.uqac.ca\/uqactualites\/wp-json\/wp\/v2\/comments?post=28033"}],"version-history":[{"count":0,"href":"https:\/\/www.uqac.ca\/uqactualites\/wp-json\/wp\/v2\/posts\/28033\/revisions"}],"wp:featuredmedia":[{"embeddable":true,"href":"https:\/\/www.uqac.ca\/uqactualites\/wp-json\/wp\/v2\/media\/20745"}],"wp:attachment":[{"href":"https:\/\/www.uqac.ca\/uqactualites\/wp-json\/wp\/v2\/media?parent=28033"}],"wp:term":[{"taxonomy":"category","embeddable":true,"href":"https:\/\/www.uqac.ca\/uqactualites\/wp-json\/wp\/v2\/categories?post=28033"},{"taxonomy":"post_tag","embeddable":true,"href":"https:\/\/www.uqac.ca\/uqactualites\/wp-json\/wp\/v2\/tags?post=28033"}],"curies":[{"name":"wp","href":"https:\/\/api.w.org\/{rel}","templated":true}]}}