{"id":28058,"date":"2010-06-23T15:22:54","date_gmt":"2010-06-23T19:22:54","guid":{"rendered":"http:\/\/uqactualite.odev.ca\/?p=28058"},"modified":"2010-06-23T15:22:54","modified_gmt":"2010-06-23T19:22:54","slug":"cee-uqac-le-cee-uqac-boucle-une-annee-bondee-dactivites","status":"publish","type":"post","link":"https:\/\/www.uqac.ca\/uqactualites\/2010\/06\/23\/cee-uqac-le-cee-uqac-boucle-une-annee-bondee-dactivites\/","title":{"rendered":"[CEE-UQAC] &#8211; Le CEE-UQAC boucle une ann\u00e9e bond\u00e9e d\u2019activit\u00e9s"},"content":{"rendered":"<p style=\"text-align: justify\">Saguenay, le 23 juin 2010 \u2014 Le Centre d\u2019entrepreneuriat et d\u2019essaimage de l\u2019Universit\u00e9 du Qu\u00e9bec \u00e0 Chicoutimi (CEE-UQAC) a proc\u00e9d\u00e9 aujourd\u2019hui au d\u00e9voilement des r\u00e9sultats de sa douzi\u00e8me ann\u00e9e d\u2019activit\u00e9 en pr\u00e9sence de ses<br \/>\npartenaires, de ses collaborateurs et de repr\u00e9sentants de l\u2019Universit\u00e9 du Qu\u00e9bec \u00e0 Chicoutimi.<\/p>\n<p style=\"text-align: justify\">D\u2019apr\u00e8s M. Louis Dussault, directeur g\u00e9n\u00e9ral du CEE-UQAC, \u00ab les bonnes performances enregistr\u00e9es pour l\u2019exercice financier 2009-2010 appuient judicieusement la d\u00e9cision strat\u00e9gique d\u2019orienter plus sp\u00e9cifiquement l\u2019ensemble de ses activit\u00e9s vers le processus de cr\u00e9ation d\u2019entreprise et la client\u00e8le universitaire. \u00bb De ce fait, 1 161 \u00e9tudiants de l\u2019UQAC et du C\u00e9gep de Sept-\u00celes ont \u00e9t\u00e9 sensibilis\u00e9s \u00e0 l\u2019entrepreneuriat. De plus, 191 personnes ont assist\u00e9 \u00e0 l\u2019un des 4 midiconf\u00e9rences pr\u00e9sent\u00e9s par le Centre et 189 individus ont particip\u00e9 aux 10 ateliers offerts \u00e0 Chicoutimi et \u00e0 Sept-\u00celes. Le CEE-UQAC s\u2019est impliqu\u00e9 dans 15 comit\u00e9s et a soutenu diff\u00e9rentes initiatives du milieu lors de la derni\u00e8re ann\u00e9e, permettant ainsi de participer au d\u00e9veloppement d\u2019une dynamique entrepreneuriale pour les r\u00e9gions o\u00f9 sont implant\u00e9s les centres. En somme, les diff\u00e9rentes activit\u00e9s de promotion et de sensibilisation \u00e0 l\u2019entrepreneuriat ont permis de sensibiliser plus de 6 200 personnes.<\/p>\n<p style=\"text-align: justify\">Par ailleurs, 6 des entreprises soutenues par le CEE-UQAC ont d\u00e9but\u00e9 leurs activit\u00e9s. C\u2019est le cas de la Clinique d\u2019ergoth\u00e9rapie Les mains ludiques, de Kestufa.com, en informatique, des Productions Soleil Rouge, dans la cr\u00e9ation de jeux en ligne et de Janie-Audrey Chiasson, dans la fabrication et la vente de bijoux.<\/p>\n<p style=\"text-align: justify\">Le Centre est aussi fier d\u2019avoir soutenu Productions Zan qui oeuvre dans le milieu des arts de la danse et qui a obtenu, cette ann\u00e9e encore, un grand succ\u00e8s avec l\u2019organisation du Festival Sidanse qui s\u2019est tenu du 18 au 20 juin dernier et qui pr\u00e9sentait, \u00e0 titre d\u2019invit\u00e9s-vedettes, des danseurs professionnels internationaux.<\/p>\n<p style=\"text-align: justify\">Ces entreprises ont permis de cr\u00e9er 7 emplois au Saguenay-Lac-Saint-Jean. Pour sa part, le March\u00e9 MelLau, une nouvelle entreprise \u00e0 Sept-\u00celes, a cr\u00e9\u00e9 2 emplois.<\/p>\n<p style=\"text-align: justify\">Au total, ce sont 11 emplois qui ont \u00e9t\u00e9 cr\u00e9\u00e9s gr\u00e2ce \u00e0 l\u2019appui professionnel et financier du CEE-UQAC et pr\u00e8s de 104 200 $ ont \u00e9t\u00e9 retourn\u00e9s \u00e0 ses publics cibles \u00e0 travers ses diff\u00e9rentes actions et par le biais du Programme de stages technologiques.<\/p>\n<p style=\"text-align: justify\">D\u2019autre part, le Centre a r\u00e9alis\u00e9 8 projets de recherche dont le PIDEF, un programme d\u2019intervention pour d\u00e9velopper des entrepreneurs forestiers de r\u00e9colte, de transport et de voirie. La phase I du programme voulant recruter des candidats est termin\u00e9e et la phase II qui consistera \u00e0 former ces futurs entrepreneurs forestiers est \u00e0 pr\u00e9voir. Le Centre est \u00e9galement fier d\u2019avoir publi\u00e9 dans la derni\u00e8re ann\u00e9e la troisi\u00e8me \u00e9dition de son R\u00e9pertoire des intervenants socio\u00e9conomiques du Saguenay\u2212Lac-Saint-Jean et le succ\u00e8s du document laisse pr\u00e9sager une nouvelle<br \/>\n\u00e9dition pour 2011.<\/p>\n<p style=\"text-align: justify\">D\u2019apr\u00e8s M. Gilles D\u00e9ry, pr\u00e9sident du conseil d\u2019administration du CEE-UQAC, \u00ab encore une fois cette ann\u00e9e, le CEEUQAC a, sans contredit, d\u00e9montr\u00e9 son efficacit\u00e9 et sa pertinence comme interlocuteur privil\u00e9gi\u00e9 dans le domaine de l\u2019essaimage et de l\u2019entrepreneuriat \u00bb.<\/p>\n<p style=\"text-align: center\">\u201430\u2014<\/p>\n<p style=\"text-align: justify\"><strong>Source :<\/strong><br \/>\nIsabelle Maltais<br \/>\nResponsable des activit\u00e9s et des communications, CEE-UQAC<br \/>\n418 545-5011, poste 4653<br \/>\ncee_activites@uqac.ca<\/p>\n<p style=\"text-align: justify\">\n<p style=\"text-align: justify\">Le CEE-UQAC est un centre d\u2019affaires universitaire qui favorise et soutient l\u2019entrepreneuriat, le d\u00e9veloppement d\u2019affaires et la cr\u00e9ation d\u2019entreprises aupr\u00e8s des communaut\u00e9s universitaire et coll\u00e9giale du Saguenay\u2013Lac-Saint-Jean et de la C\u00f4te-Nord. De plus, le Centre organise et collabore \u00e0 des activit\u00e9s entrepreneuriales en partenariat avec les intervenants de ces r\u00e9gions.<\/p>\n<p style=\"text-align: justify\">Le Centre est un organisme sans but lucratif soutenu par d\u2019importants partenaires, soit D\u00e9veloppement \u00e9conomique Canada, l\u2019Universit\u00e9 du Qu\u00e9bec \u00e0 Chicoutimi, le minist\u00e8re du D\u00e9veloppement \u00e9conomique, de l\u2019Innovation et de l\u2019Exportation, la Conf\u00e9rence r\u00e9gionale des \u00e9lus du Saguenay-Lac-Saint-Jean, la Fondation de l\u2019UQAC, le D\u00e9partement des sciences \u00e9conomiques et administratives de l\u2019UQAC, Promotion Saguenay, MAGE-UQAC, Desjardins, le Centre qu\u00e9b\u00e9cois de recherche et de d\u00e9veloppement de l\u2019aluminium, Wendigo Studios, Emploi-Qu\u00e9bec, le Conseil d\u2019orientation des services universitaires secteur Est de la C\u00f4te-Nord, Alouette, le C\u00e9gep de Sept-\u00celes, la D\u00e9veloppement \u00e9conomique Sept-\u00celes, le CLD de la MRC de Sept-Rivi\u00e8res ainsi que Mallette.<\/p>\n","protected":false},"excerpt":{"rendered":"<p>Saguenay, le 23 juin 2010 \u2014 Le Centre d\u2019entrepreneuriat et d\u2019essaimage de l\u2019Universit\u00e9 du Qu\u00e9bec \u00e0 Chicoutimi (CEE-UQAC) a proc\u00e9d\u00e9 aujourd\u2019hui au d\u00e9voilement des r\u00e9sultats de sa douzi\u00e8me ann\u00e9e d\u2019activit\u00e9 en pr\u00e9sence de ses partenaires, de ses collaborateurs et de repr\u00e9sentants de l\u2019Universit\u00e9 du Qu\u00e9bec \u00e0 Chicoutimi. D\u2019apr\u00e8s M. Louis Dussault, directeur g\u00e9n\u00e9ral du CEE-UQAC, [&hellip;]<\/p>\n","protected":false},"author":5,"featured_media":24871,"comment_status":"open","ping_status":"open","sticky":false,"template":"","format":"standard","meta":{"footnotes":""},"categories":[2772],"tags":[426],"yoast_head":"<!-- This site is optimized with the Yoast SEO plugin v24.2 - https:\/\/yoast.com\/wordpress\/plugins\/seo\/ -->\r\n<title>[CEE-UQAC] - Le CEE-UQAC boucle une ann\u00e9e bond\u00e9e d\u2019activit\u00e9s - UQACtualit\u00e9s<\/title>\r\n<meta name=\"robots\" content=\"index, follow, max-snippet:-1, max-image-preview:large, max-video-preview:-1\" \/>\r\n<link rel=\"canonical\" href=\"https:\/\/www.uqac.ca\/uqactualites\/2010\/06\/23\/cee-uqac-le-cee-uqac-boucle-une-annee-bondee-dactivites\/\" \/>\r\n<meta property=\"og:locale\" content=\"fr_CA\" \/>\r\n<meta property=\"og:type\" content=\"article\" \/>\r\n<meta property=\"og:title\" content=\"[CEE-UQAC] - Le CEE-UQAC boucle une ann\u00e9e bond\u00e9e d\u2019activit\u00e9s - UQACtualit\u00e9s\" \/>\r\n<meta property=\"og:description\" content=\"Saguenay, le 23 juin 2010 \u2014 Le Centre d\u2019entrepreneuriat et d\u2019essaimage de l\u2019Universit\u00e9 du Qu\u00e9bec \u00e0 Chicoutimi (CEE-UQAC) a proc\u00e9d\u00e9 aujourd\u2019hui au d\u00e9voilement des r\u00e9sultats de sa douzi\u00e8me ann\u00e9e d\u2019activit\u00e9 en pr\u00e9sence de ses partenaires, de ses collaborateurs et de repr\u00e9sentants de l\u2019Universit\u00e9 du Qu\u00e9bec \u00e0 Chicoutimi. D\u2019apr\u00e8s M. Louis Dussault, directeur g\u00e9n\u00e9ral du CEE-UQAC, [&hellip;]\" \/>\r\n<meta property=\"og:url\" content=\"https:\/\/www.uqac.ca\/uqactualites\/2010\/06\/23\/cee-uqac-le-cee-uqac-boucle-une-annee-bondee-dactivites\/\" \/>\r\n<meta property=\"og:site_name\" content=\"UQACtualit\u00e9s\" \/>\r\n<meta property=\"article:published_time\" content=\"2010-06-23T19:22:54+00:00\" \/>\r\n<meta property=\"og:image\" content=\"https:\/\/www.uqac.ca\/uqactualites\/wp-content\/uploads\/2013\/07\/GRAF-Uqactualit\u00e9s-\u00c913-03.jpg\" \/>\r\n\t<meta property=\"og:image:width\" content=\"620\" \/>\r\n\t<meta property=\"og:image:height\" content=\"301\" \/>\r\n\t<meta property=\"og:image:type\" content=\"image\/jpeg\" \/>\r\n<meta name=\"author\" content=\"Service des communications et des relations publiques\" \/>\r\n<meta name=\"twitter:card\" content=\"summary_large_image\" \/>\r\n<meta name=\"twitter:label1\" content=\"\u00c9crit par\" \/>\n\t<meta name=\"twitter:data1\" content=\"Service des communications et des relations publiques\" \/>\n\t<meta name=\"twitter:label2\" content=\"Estimation du temps de lecture\" \/>\n\t<meta name=\"twitter:data2\" content=\"4 minutes\" \/>\r\n<script type=\"application\/ld+json\" class=\"yoast-schema-graph\">{\"@context\":\"https:\/\/schema.org\",\"@graph\":[{\"@type\":\"WebPage\",\"@id\":\"https:\/\/www.uqac.ca\/uqactualites\/2010\/06\/23\/cee-uqac-le-cee-uqac-boucle-une-annee-bondee-dactivites\/\",\"url\":\"https:\/\/www.uqac.ca\/uqactualites\/2010\/06\/23\/cee-uqac-le-cee-uqac-boucle-une-annee-bondee-dactivites\/\",\"name\":\"[CEE-UQAC] - Le CEE-UQAC boucle une ann\u00e9e bond\u00e9e d\u2019activit\u00e9s - UQACtualit\u00e9s\",\"isPartOf\":{\"@id\":\"https:\/\/www.uqac.ca\/uqactualites\/#website\"},\"primaryImageOfPage\":{\"@id\":\"https:\/\/www.uqac.ca\/uqactualites\/2010\/06\/23\/cee-uqac-le-cee-uqac-boucle-une-annee-bondee-dactivites\/#primaryimage\"},\"image\":{\"@id\":\"https:\/\/www.uqac.ca\/uqactualites\/2010\/06\/23\/cee-uqac-le-cee-uqac-boucle-une-annee-bondee-dactivites\/#primaryimage\"},\"thumbnailUrl\":\"https:\/\/www.uqac.ca\/uqactualites\/wp-content\/uploads\/2013\/07\/GRAF-Uqactualit\u00e9s-\u00c913-03.jpg\",\"datePublished\":\"2010-06-23T19:22:54+00:00\",\"dateModified\":\"2010-06-23T19:22:54+00:00\",\"author\":{\"@id\":\"https:\/\/www.uqac.ca\/uqactualites\/#\/schema\/person\/366c45a0c4f0e677b41b4af5886e2018\"},\"breadcrumb\":{\"@id\":\"https:\/\/www.uqac.ca\/uqactualites\/2010\/06\/23\/cee-uqac-le-cee-uqac-boucle-une-annee-bondee-dactivites\/#breadcrumb\"},\"inLanguage\":\"fr-CA\",\"potentialAction\":[{\"@type\":\"ReadAction\",\"target\":[\"https:\/\/www.uqac.ca\/uqactualites\/2010\/06\/23\/cee-uqac-le-cee-uqac-boucle-une-annee-bondee-dactivites\/\"]}]},{\"@type\":\"ImageObject\",\"inLanguage\":\"fr-CA\",\"@id\":\"https:\/\/www.uqac.ca\/uqactualites\/2010\/06\/23\/cee-uqac-le-cee-uqac-boucle-une-annee-bondee-dactivites\/#primaryimage\",\"url\":\"https:\/\/www.uqac.ca\/uqactualites\/wp-content\/uploads\/2013\/07\/GRAF-Uqactualit\u00e9s-\u00c913-03.jpg\",\"contentUrl\":\"https:\/\/www.uqac.ca\/uqactualites\/wp-content\/uploads\/2013\/07\/GRAF-Uqactualit\u00e9s-\u00c913-03.jpg\",\"width\":620,\"height\":301},{\"@type\":\"BreadcrumbList\",\"@id\":\"https:\/\/www.uqac.ca\/uqactualites\/2010\/06\/23\/cee-uqac-le-cee-uqac-boucle-une-annee-bondee-dactivites\/#breadcrumb\",\"itemListElement\":[{\"@type\":\"ListItem\",\"position\":1,\"name\":\"Home\",\"item\":\"https:\/\/www.uqac.ca\/uqactualites\/\"},{\"@type\":\"ListItem\",\"position\":2,\"name\":\"[CEE-UQAC] &#8211; Le CEE-UQAC boucle une ann\u00e9e bond\u00e9e d\u2019activit\u00e9s\"}]},{\"@type\":\"WebSite\",\"@id\":\"https:\/\/www.uqac.ca\/uqactualites\/#website\",\"url\":\"https:\/\/www.uqac.ca\/uqactualites\/\",\"name\":\"UQACtualit\u00e9s\",\"description\":\"Le portail des nouvelles de l&#039;UQAC\",\"potentialAction\":[{\"@type\":\"SearchAction\",\"target\":{\"@type\":\"EntryPoint\",\"urlTemplate\":\"https:\/\/www.uqac.ca\/uqactualites\/?s={search_term_string}\"},\"query-input\":{\"@type\":\"PropertyValueSpecification\",\"valueRequired\":true,\"valueName\":\"search_term_string\"}}],\"inLanguage\":\"fr-CA\"},{\"@type\":\"Person\",\"@id\":\"https:\/\/www.uqac.ca\/uqactualites\/#\/schema\/person\/366c45a0c4f0e677b41b4af5886e2018\",\"name\":\"Service des communications et des relations publiques\",\"image\":{\"@type\":\"ImageObject\",\"inLanguage\":\"fr-CA\",\"@id\":\"https:\/\/www.uqac.ca\/uqactualites\/#\/schema\/person\/image\/\",\"url\":\"https:\/\/secure.gravatar.com\/avatar\/20fbbda8a292f59f2d3461a5b999c00b?s=96&d=mm&r=g\",\"contentUrl\":\"https:\/\/secure.gravatar.com\/avatar\/20fbbda8a292f59f2d3461a5b999c00b?s=96&d=mm&r=g\",\"caption\":\"Service des communications et des relations publiques\"},\"url\":\"https:\/\/www.uqac.ca\/uqactualites\/author\/bap\/\"}]}<\/script>\r\n<!-- \/ Yoast SEO plugin. -->","yoast_head_json":{"title":"[CEE-UQAC] - Le CEE-UQAC boucle une ann\u00e9e bond\u00e9e d\u2019activit\u00e9s - UQACtualit\u00e9s","robots":{"index":"index","follow":"follow","max-snippet":"max-snippet:-1","max-image-preview":"max-image-preview:large","max-video-preview":"max-video-preview:-1"},"canonical":"https:\/\/www.uqac.ca\/uqactualites\/2010\/06\/23\/cee-uqac-le-cee-uqac-boucle-une-annee-bondee-dactivites\/","og_locale":"fr_CA","og_type":"article","og_title":"[CEE-UQAC] - Le CEE-UQAC boucle une ann\u00e9e bond\u00e9e d\u2019activit\u00e9s - UQACtualit\u00e9s","og_description":"Saguenay, le 23 juin 2010 \u2014 Le Centre d\u2019entrepreneuriat et d\u2019essaimage de l\u2019Universit\u00e9 du Qu\u00e9bec \u00e0 Chicoutimi (CEE-UQAC) a proc\u00e9d\u00e9 aujourd\u2019hui au d\u00e9voilement des r\u00e9sultats de sa douzi\u00e8me ann\u00e9e d\u2019activit\u00e9 en pr\u00e9sence de ses partenaires, de ses collaborateurs et de repr\u00e9sentants de l\u2019Universit\u00e9 du Qu\u00e9bec \u00e0 Chicoutimi. D\u2019apr\u00e8s M. Louis Dussault, directeur g\u00e9n\u00e9ral du CEE-UQAC, [&hellip;]","og_url":"https:\/\/www.uqac.ca\/uqactualites\/2010\/06\/23\/cee-uqac-le-cee-uqac-boucle-une-annee-bondee-dactivites\/","og_site_name":"UQACtualit\u00e9s","article_published_time":"2010-06-23T19:22:54+00:00","og_image":[{"width":620,"height":301,"url":"https:\/\/www.uqac.ca\/uqactualites\/wp-content\/uploads\/2013\/07\/GRAF-Uqactualit\u00e9s-\u00c913-03.jpg","type":"image\/jpeg"}],"author":"Service des communications et des relations publiques","twitter_card":"summary_large_image","twitter_misc":{"\u00c9crit par":"Service des communications et des relations publiques","Estimation du temps de lecture":"4 minutes"},"schema":{"@context":"https:\/\/schema.org","@graph":[{"@type":"WebPage","@id":"https:\/\/www.uqac.ca\/uqactualites\/2010\/06\/23\/cee-uqac-le-cee-uqac-boucle-une-annee-bondee-dactivites\/","url":"https:\/\/www.uqac.ca\/uqactualites\/2010\/06\/23\/cee-uqac-le-cee-uqac-boucle-une-annee-bondee-dactivites\/","name":"[CEE-UQAC] - Le CEE-UQAC boucle une ann\u00e9e bond\u00e9e d\u2019activit\u00e9s - UQACtualit\u00e9s","isPartOf":{"@id":"https:\/\/www.uqac.ca\/uqactualites\/#website"},"primaryImageOfPage":{"@id":"https:\/\/www.uqac.ca\/uqactualites\/2010\/06\/23\/cee-uqac-le-cee-uqac-boucle-une-annee-bondee-dactivites\/#primaryimage"},"image":{"@id":"https:\/\/www.uqac.ca\/uqactualites\/2010\/06\/23\/cee-uqac-le-cee-uqac-boucle-une-annee-bondee-dactivites\/#primaryimage"},"thumbnailUrl":"https:\/\/www.uqac.ca\/uqactualites\/wp-content\/uploads\/2013\/07\/GRAF-Uqactualit\u00e9s-\u00c913-03.jpg","datePublished":"2010-06-23T19:22:54+00:00","dateModified":"2010-06-23T19:22:54+00:00","author":{"@id":"https:\/\/www.uqac.ca\/uqactualites\/#\/schema\/person\/366c45a0c4f0e677b41b4af5886e2018"},"breadcrumb":{"@id":"https:\/\/www.uqac.ca\/uqactualites\/2010\/06\/23\/cee-uqac-le-cee-uqac-boucle-une-annee-bondee-dactivites\/#breadcrumb"},"inLanguage":"fr-CA","potentialAction":[{"@type":"ReadAction","target":["https:\/\/www.uqac.ca\/uqactualites\/2010\/06\/23\/cee-uqac-le-cee-uqac-boucle-une-annee-bondee-dactivites\/"]}]},{"@type":"ImageObject","inLanguage":"fr-CA","@id":"https:\/\/www.uqac.ca\/uqactualites\/2010\/06\/23\/cee-uqac-le-cee-uqac-boucle-une-annee-bondee-dactivites\/#primaryimage","url":"https:\/\/www.uqac.ca\/uqactualites\/wp-content\/uploads\/2013\/07\/GRAF-Uqactualit\u00e9s-\u00c913-03.jpg","contentUrl":"https:\/\/www.uqac.ca\/uqactualites\/wp-content\/uploads\/2013\/07\/GRAF-Uqactualit\u00e9s-\u00c913-03.jpg","width":620,"height":301},{"@type":"BreadcrumbList","@id":"https:\/\/www.uqac.ca\/uqactualites\/2010\/06\/23\/cee-uqac-le-cee-uqac-boucle-une-annee-bondee-dactivites\/#breadcrumb","itemListElement":[{"@type":"ListItem","position":1,"name":"Home","item":"https:\/\/www.uqac.ca\/uqactualites\/"},{"@type":"ListItem","position":2,"name":"[CEE-UQAC] &#8211; Le CEE-UQAC boucle une ann\u00e9e bond\u00e9e d\u2019activit\u00e9s"}]},{"@type":"WebSite","@id":"https:\/\/www.uqac.ca\/uqactualites\/#website","url":"https:\/\/www.uqac.ca\/uqactualites\/","name":"UQACtualit\u00e9s","description":"Le portail des nouvelles de l&#039;UQAC","potentialAction":[{"@type":"SearchAction","target":{"@type":"EntryPoint","urlTemplate":"https:\/\/www.uqac.ca\/uqactualites\/?s={search_term_string}"},"query-input":{"@type":"PropertyValueSpecification","valueRequired":true,"valueName":"search_term_string"}}],"inLanguage":"fr-CA"},{"@type":"Person","@id":"https:\/\/www.uqac.ca\/uqactualites\/#\/schema\/person\/366c45a0c4f0e677b41b4af5886e2018","name":"Service des communications et des relations publiques","image":{"@type":"ImageObject","inLanguage":"fr-CA","@id":"https:\/\/www.uqac.ca\/uqactualites\/#\/schema\/person\/image\/","url":"https:\/\/secure.gravatar.com\/avatar\/20fbbda8a292f59f2d3461a5b999c00b?s=96&d=mm&r=g","contentUrl":"https:\/\/secure.gravatar.com\/avatar\/20fbbda8a292f59f2d3461a5b999c00b?s=96&d=mm&r=g","caption":"Service des communications et des relations publiques"},"url":"https:\/\/www.uqac.ca\/uqactualites\/author\/bap\/"}]}},"_links":{"self":[{"href":"https:\/\/www.uqac.ca\/uqactualites\/wp-json\/wp\/v2\/posts\/28058"}],"collection":[{"href":"https:\/\/www.uqac.ca\/uqactualites\/wp-json\/wp\/v2\/posts"}],"about":[{"href":"https:\/\/www.uqac.ca\/uqactualites\/wp-json\/wp\/v2\/types\/post"}],"author":[{"embeddable":true,"href":"https:\/\/www.uqac.ca\/uqactualites\/wp-json\/wp\/v2\/users\/5"}],"replies":[{"embeddable":true,"href":"https:\/\/www.uqac.ca\/uqactualites\/wp-json\/wp\/v2\/comments?post=28058"}],"version-history":[{"count":0,"href":"https:\/\/www.uqac.ca\/uqactualites\/wp-json\/wp\/v2\/posts\/28058\/revisions"}],"wp:featuredmedia":[{"embeddable":true,"href":"https:\/\/www.uqac.ca\/uqactualites\/wp-json\/wp\/v2\/media\/24871"}],"wp:attachment":[{"href":"https:\/\/www.uqac.ca\/uqactualites\/wp-json\/wp\/v2\/media?parent=28058"}],"wp:term":[{"taxonomy":"category","embeddable":true,"href":"https:\/\/www.uqac.ca\/uqactualites\/wp-json\/wp\/v2\/categories?post=28058"},{"taxonomy":"post_tag","embeddable":true,"href":"https:\/\/www.uqac.ca\/uqactualites\/wp-json\/wp\/v2\/tags?post=28058"}],"curies":[{"name":"wp","href":"https:\/\/api.w.org\/{rel}","templated":true}]}}