{"id":28071,"date":"2010-09-23T08:45:40","date_gmt":"2010-09-23T12:45:40","guid":{"rendered":"http:\/\/uqactualite.odev.ca\/?p=28071"},"modified":"2010-09-23T08:45:40","modified_gmt":"2010-09-23T12:45:40","slug":"cee-uqac-lancement-du-recueil-de-chroniques-entrepreneuriales-du-centre-dentrepreneuriat-et-dessaimage-de-luniversite-du-quebec-a-chicoutimi-cee-uqac","status":"publish","type":"post","link":"https:\/\/www.uqac.ca\/uqactualites\/2010\/09\/23\/cee-uqac-lancement-du-recueil-de-chroniques-entrepreneuriales-du-centre-dentrepreneuriat-et-dessaimage-de-luniversite-du-quebec-a-chicoutimi-cee-uqac\/","title":{"rendered":"[CEE-UQAC] &#8211; Lancement du Recueil de chroniques entrepreneuriales du Centre d\u2019entrepreneuriat et d\u2019essaimage de l\u2019Universit\u00e9 du Qu\u00e9bec \u00e0 Chicoutimi (CEE-UQAC)"},"content":{"rendered":"<p style=\"text-align: justify\">Saguenay, le 23 septembre 2010 \u2014 C\u2019est sous la pr\u00e9sidence d\u2019honneur de Michel Simard,<br \/>\npr\u00e9sident et \u00e9diteur du Progr\u00e8s du Saguenay, qu\u2019a eu lieu, ce midi, \u00e0 l\u2019Auberge des 21, le lancement<br \/>\ndu \u00ab Recueil de chroniques entrepreneuriales 1998-2009 du CEE-UQAC \u00bb.<\/p>\n<p style=\"text-align: justify\">Ce document de r\u00e9f\u00e9rence regroupe une s\u00e9lection des soixante-dix-sept chroniques les plus<br \/>\npertinentes publi\u00e9es depuis les d\u00e9buts du CEE-UQAC \u00e0 Chicoutimi en 1998 et \u00e0 Sept-\u00celes, en 2002.<br \/>\nLes chroniques sont subdivis\u00e9es en quatre grands th\u00e8mes : le processus de cr\u00e9ation d\u2019entreprise et<br \/>\nle plan d\u2019affaires, les entrepreneurs vous parlent, la rel\u00e8ve entrepreneuriale ainsi que la gestion et les<br \/>\nfonctions de l\u2019entreprise. Selon Louis Dussault, professeur et directeur g\u00e9n\u00e9ral du CEE-UQAC,<br \/>\n\u00ab l\u2019objectif principal poursuivi par le rassemblement de ces \u00e9crits \u00e9tait de constituer un outil de<br \/>\nr\u00e9f\u00e9rence bien structur\u00e9 autour d\u2019un m\u00eame th\u00e8me : l\u2019entrepreneuriat \u00bb. Ce sont plus d\u2019une<br \/>\ncinquantaine d\u2019auteurs diff\u00e9rents, en provenance de divers milieux tels le secteur de l\u2019\u00e9ducation, le<br \/>\nmilieu socio\u00e9conomique et le monde des affaires, que vous aurez la chance de lire en parcourant les<br \/>\nquelques cent cinquante-cinq pages que contient le document.<\/p>\n<p style=\"text-align: justify\">Depuis 2001, le CEE-UQAC a fait para\u00eetre plus de quatre-vingts chroniques entrepreneuriales<br \/>\ndiff\u00e9rentes dans le journal r\u00e9gional, le Quotidien. \u00ab Nous sommes fiers de pouvoir compter le CEEUQAC<br \/>\nparmi nos fid\u00e8les alli\u00e9s. Les chroniques du Recueil se d\u00e9marquent par l\u2019intelligence et la<br \/>\npertinence des textes et par la grande expertise de ses auteurs \u00bb soutient Michel Simard, pr\u00e9sident<br \/>\net \u00e9diteur du Progr\u00e8s du Saguenay.<\/p>\n<p style=\"text-align: justify\">LE CENTRE QU\u00c9B\u00c9COIS DE RECHERCHE ET DE D\u00c9VELOPPEMENT DE L\u2019ALUMINIUM<br \/>\n(CQRDA) ET LA MAISON D\u2019\u00c9DITION LES PRESSES DE L\u2019ALUMINIUM (PRAL), DEUX FID\u00c8LES<br \/>\nPARTENAIRES<\/p>\n<p style=\"text-align: justify\">Pour Lucien Gendron, directeur g\u00e9n\u00e9ral du CQRDA et pr\u00e9sident de la maison d&rsquo;\u00e9dition Les Presses<br \/>\nde l&rsquo;aluminium, \u00abl&rsquo;implication et la collaboration du CQRDA et des PRAL avec le CEE-UQAC est,<br \/>\nsans contredit, un atout pour les trois organisations. Ainsi, le Recueil que nous rendons disponible<br \/>\naujourd&rsquo;hui, sera certainement un outil des plus int\u00e9ressants pour les entrepreneurs de l&rsquo;industrie de<br \/>\nl&rsquo;aluminium. Je suis confiant qu&rsquo;ils auront une r\u00e9ponse \u00e0 leurs nombreux questionnements, et ce,<br \/>\npartout au Qu\u00e9bec\u00bb.<\/p>\n<p style=\"text-align: justify\">Le Recueil de chroniques a \u00e9t\u00e9 imprim\u00e9 en cinq cent exemplaires. Il sera possible de se procurer un<br \/>\nexemplaire gratuitement en communiquant avec les Presses de l\u2019aluminium.<\/p>\n<p style=\"text-align: justify\">Devant le succ\u00e8s remport\u00e9 depuis 1998, l&rsquo;\u00e9quipe du CEE-UQAC poursuivra la parution de ses<br \/>\nchroniques dans le but de favoriser et soutenir l&rsquo;entrepreneuriat r\u00e9gional.<\/p>\n<p style=\"text-align: center\">\u2014 30 \u2014<\/p>\n<p style=\"text-align: justify\"><strong>Source et renseignements :<\/strong><br \/>\nMarianne Bolduc<br \/>\nCoordonnatrice de projets<br \/>\nCEE-UQAC<br \/>\n418 545-5011, poste 4654<br \/>\nmarianne1_bolduc@uqac.ca<\/p>\n<p style=\"text-align: justify\"><strong>Pour joindre les PRAL :<\/strong><br \/>\nDonia Bergeron<br \/>\nCoordonnatrice<br \/>\nLes Presses de l\u2019aluminium<br \/>\n418 545-5520<br \/>\ninfo@pral.ca<\/p>\n","protected":false},"excerpt":{"rendered":"<p>Saguenay, le 23 septembre 2010 \u2014 C\u2019est sous la pr\u00e9sidence d\u2019honneur de Michel Simard, pr\u00e9sident et \u00e9diteur du Progr\u00e8s du Saguenay, qu\u2019a eu lieu, ce midi, \u00e0 l\u2019Auberge des 21, le lancement du \u00ab Recueil de chroniques entrepreneuriales 1998-2009 du CEE-UQAC \u00bb. Ce document de r\u00e9f\u00e9rence regroupe une s\u00e9lection des soixante-dix-sept chroniques les plus pertinentes [&hellip;]<\/p>\n","protected":false},"author":5,"featured_media":24871,"comment_status":"open","ping_status":"open","sticky":false,"template":"","format":"standard","meta":{"footnotes":""},"categories":[2772],"tags":[426],"yoast_head":"<!-- This site is optimized with the Yoast SEO plugin v24.2 - https:\/\/yoast.com\/wordpress\/plugins\/seo\/ -->\r\n<title>[CEE-UQAC] - Lancement du Recueil de chroniques entrepreneuriales du Centre d\u2019entrepreneuriat et d\u2019essaimage de l\u2019Universit\u00e9 du Qu\u00e9bec \u00e0 Chicoutimi (CEE-UQAC) - UQACtualit\u00e9s<\/title>\r\n<meta name=\"robots\" content=\"index, follow, max-snippet:-1, max-image-preview:large, max-video-preview:-1\" \/>\r\n<link rel=\"canonical\" href=\"https:\/\/www.uqac.ca\/uqactualites\/2010\/09\/23\/cee-uqac-lancement-du-recueil-de-chroniques-entrepreneuriales-du-centre-dentrepreneuriat-et-dessaimage-de-luniversite-du-quebec-a-chicoutimi-cee-uqac\/\" \/>\r\n<meta property=\"og:locale\" content=\"fr_CA\" \/>\r\n<meta property=\"og:type\" content=\"article\" \/>\r\n<meta property=\"og:title\" content=\"[CEE-UQAC] - Lancement du Recueil de chroniques entrepreneuriales du Centre d\u2019entrepreneuriat et d\u2019essaimage de l\u2019Universit\u00e9 du Qu\u00e9bec \u00e0 Chicoutimi (CEE-UQAC) - UQACtualit\u00e9s\" \/>\r\n<meta property=\"og:description\" content=\"Saguenay, le 23 septembre 2010 \u2014 C\u2019est sous la pr\u00e9sidence d\u2019honneur de Michel Simard, pr\u00e9sident et \u00e9diteur du Progr\u00e8s du Saguenay, qu\u2019a eu lieu, ce midi, \u00e0 l\u2019Auberge des 21, le lancement du \u00ab Recueil de chroniques entrepreneuriales 1998-2009 du CEE-UQAC \u00bb. Ce document de r\u00e9f\u00e9rence regroupe une s\u00e9lection des soixante-dix-sept chroniques les plus pertinentes [&hellip;]\" \/>\r\n<meta property=\"og:url\" content=\"https:\/\/www.uqac.ca\/uqactualites\/2010\/09\/23\/cee-uqac-lancement-du-recueil-de-chroniques-entrepreneuriales-du-centre-dentrepreneuriat-et-dessaimage-de-luniversite-du-quebec-a-chicoutimi-cee-uqac\/\" \/>\r\n<meta property=\"og:site_name\" content=\"UQACtualit\u00e9s\" \/>\r\n<meta property=\"article:published_time\" content=\"2010-09-23T12:45:40+00:00\" \/>\r\n<meta property=\"og:image\" content=\"https:\/\/www.uqac.ca\/uqactualites\/wp-content\/uploads\/2013\/07\/GRAF-Uqactualit\u00e9s-\u00c913-03.jpg\" \/>\r\n\t<meta property=\"og:image:width\" content=\"620\" \/>\r\n\t<meta property=\"og:image:height\" content=\"301\" \/>\r\n\t<meta property=\"og:image:type\" content=\"image\/jpeg\" \/>\r\n<meta name=\"author\" content=\"Service des communications et des relations publiques\" \/>\r\n<meta name=\"twitter:card\" content=\"summary_large_image\" \/>\r\n<meta name=\"twitter:label1\" content=\"\u00c9crit par\" \/>\n\t<meta name=\"twitter:data1\" content=\"Service des communications et des relations publiques\" \/>\n\t<meta name=\"twitter:label2\" content=\"Estimation du temps de lecture\" \/>\n\t<meta name=\"twitter:data2\" content=\"2 minutes\" \/>\r\n<script type=\"application\/ld+json\" class=\"yoast-schema-graph\">{\"@context\":\"https:\/\/schema.org\",\"@graph\":[{\"@type\":\"WebPage\",\"@id\":\"https:\/\/www.uqac.ca\/uqactualites\/2010\/09\/23\/cee-uqac-lancement-du-recueil-de-chroniques-entrepreneuriales-du-centre-dentrepreneuriat-et-dessaimage-de-luniversite-du-quebec-a-chicoutimi-cee-uqac\/\",\"url\":\"https:\/\/www.uqac.ca\/uqactualites\/2010\/09\/23\/cee-uqac-lancement-du-recueil-de-chroniques-entrepreneuriales-du-centre-dentrepreneuriat-et-dessaimage-de-luniversite-du-quebec-a-chicoutimi-cee-uqac\/\",\"name\":\"[CEE-UQAC] - Lancement du Recueil de chroniques entrepreneuriales du Centre d\u2019entrepreneuriat et d\u2019essaimage de l\u2019Universit\u00e9 du Qu\u00e9bec \u00e0 Chicoutimi (CEE-UQAC) - UQACtualit\u00e9s\",\"isPartOf\":{\"@id\":\"https:\/\/www.uqac.ca\/uqactualites\/#website\"},\"primaryImageOfPage\":{\"@id\":\"https:\/\/www.uqac.ca\/uqactualites\/2010\/09\/23\/cee-uqac-lancement-du-recueil-de-chroniques-entrepreneuriales-du-centre-dentrepreneuriat-et-dessaimage-de-luniversite-du-quebec-a-chicoutimi-cee-uqac\/#primaryimage\"},\"image\":{\"@id\":\"https:\/\/www.uqac.ca\/uqactualites\/2010\/09\/23\/cee-uqac-lancement-du-recueil-de-chroniques-entrepreneuriales-du-centre-dentrepreneuriat-et-dessaimage-de-luniversite-du-quebec-a-chicoutimi-cee-uqac\/#primaryimage\"},\"thumbnailUrl\":\"https:\/\/www.uqac.ca\/uqactualites\/wp-content\/uploads\/2013\/07\/GRAF-Uqactualit\u00e9s-\u00c913-03.jpg\",\"datePublished\":\"2010-09-23T12:45:40+00:00\",\"dateModified\":\"2010-09-23T12:45:40+00:00\",\"author\":{\"@id\":\"https:\/\/www.uqac.ca\/uqactualites\/#\/schema\/person\/366c45a0c4f0e677b41b4af5886e2018\"},\"breadcrumb\":{\"@id\":\"https:\/\/www.uqac.ca\/uqactualites\/2010\/09\/23\/cee-uqac-lancement-du-recueil-de-chroniques-entrepreneuriales-du-centre-dentrepreneuriat-et-dessaimage-de-luniversite-du-quebec-a-chicoutimi-cee-uqac\/#breadcrumb\"},\"inLanguage\":\"fr-CA\",\"potentialAction\":[{\"@type\":\"ReadAction\",\"target\":[\"https:\/\/www.uqac.ca\/uqactualites\/2010\/09\/23\/cee-uqac-lancement-du-recueil-de-chroniques-entrepreneuriales-du-centre-dentrepreneuriat-et-dessaimage-de-luniversite-du-quebec-a-chicoutimi-cee-uqac\/\"]}]},{\"@type\":\"ImageObject\",\"inLanguage\":\"fr-CA\",\"@id\":\"https:\/\/www.uqac.ca\/uqactualites\/2010\/09\/23\/cee-uqac-lancement-du-recueil-de-chroniques-entrepreneuriales-du-centre-dentrepreneuriat-et-dessaimage-de-luniversite-du-quebec-a-chicoutimi-cee-uqac\/#primaryimage\",\"url\":\"https:\/\/www.uqac.ca\/uqactualites\/wp-content\/uploads\/2013\/07\/GRAF-Uqactualit\u00e9s-\u00c913-03.jpg\",\"contentUrl\":\"https:\/\/www.uqac.ca\/uqactualites\/wp-content\/uploads\/2013\/07\/GRAF-Uqactualit\u00e9s-\u00c913-03.jpg\",\"width\":620,\"height\":301},{\"@type\":\"BreadcrumbList\",\"@id\":\"https:\/\/www.uqac.ca\/uqactualites\/2010\/09\/23\/cee-uqac-lancement-du-recueil-de-chroniques-entrepreneuriales-du-centre-dentrepreneuriat-et-dessaimage-de-luniversite-du-quebec-a-chicoutimi-cee-uqac\/#breadcrumb\",\"itemListElement\":[{\"@type\":\"ListItem\",\"position\":1,\"name\":\"Home\",\"item\":\"https:\/\/www.uqac.ca\/uqactualites\/\"},{\"@type\":\"ListItem\",\"position\":2,\"name\":\"[CEE-UQAC] &#8211; Lancement du Recueil de chroniques entrepreneuriales du Centre d\u2019entrepreneuriat et d\u2019essaimage de l\u2019Universit\u00e9 du Qu\u00e9bec \u00e0 Chicoutimi (CEE-UQAC)\"}]},{\"@type\":\"WebSite\",\"@id\":\"https:\/\/www.uqac.ca\/uqactualites\/#website\",\"url\":\"https:\/\/www.uqac.ca\/uqactualites\/\",\"name\":\"UQACtualit\u00e9s\",\"description\":\"Le portail des nouvelles de l&#039;UQAC\",\"potentialAction\":[{\"@type\":\"SearchAction\",\"target\":{\"@type\":\"EntryPoint\",\"urlTemplate\":\"https:\/\/www.uqac.ca\/uqactualites\/?s={search_term_string}\"},\"query-input\":{\"@type\":\"PropertyValueSpecification\",\"valueRequired\":true,\"valueName\":\"search_term_string\"}}],\"inLanguage\":\"fr-CA\"},{\"@type\":\"Person\",\"@id\":\"https:\/\/www.uqac.ca\/uqactualites\/#\/schema\/person\/366c45a0c4f0e677b41b4af5886e2018\",\"name\":\"Service des communications et des relations publiques\",\"image\":{\"@type\":\"ImageObject\",\"inLanguage\":\"fr-CA\",\"@id\":\"https:\/\/www.uqac.ca\/uqactualites\/#\/schema\/person\/image\/\",\"url\":\"https:\/\/secure.gravatar.com\/avatar\/20fbbda8a292f59f2d3461a5b999c00b?s=96&d=mm&r=g\",\"contentUrl\":\"https:\/\/secure.gravatar.com\/avatar\/20fbbda8a292f59f2d3461a5b999c00b?s=96&d=mm&r=g\",\"caption\":\"Service des communications et des relations publiques\"},\"url\":\"https:\/\/www.uqac.ca\/uqactualites\/author\/bap\/\"}]}<\/script>\r\n<!-- \/ Yoast SEO plugin. -->","yoast_head_json":{"title":"[CEE-UQAC] - Lancement du Recueil de chroniques entrepreneuriales du Centre d\u2019entrepreneuriat et d\u2019essaimage de l\u2019Universit\u00e9 du Qu\u00e9bec \u00e0 Chicoutimi (CEE-UQAC) - UQACtualit\u00e9s","robots":{"index":"index","follow":"follow","max-snippet":"max-snippet:-1","max-image-preview":"max-image-preview:large","max-video-preview":"max-video-preview:-1"},"canonical":"https:\/\/www.uqac.ca\/uqactualites\/2010\/09\/23\/cee-uqac-lancement-du-recueil-de-chroniques-entrepreneuriales-du-centre-dentrepreneuriat-et-dessaimage-de-luniversite-du-quebec-a-chicoutimi-cee-uqac\/","og_locale":"fr_CA","og_type":"article","og_title":"[CEE-UQAC] - Lancement du Recueil de chroniques entrepreneuriales du Centre d\u2019entrepreneuriat et d\u2019essaimage de l\u2019Universit\u00e9 du Qu\u00e9bec \u00e0 Chicoutimi (CEE-UQAC) - UQACtualit\u00e9s","og_description":"Saguenay, le 23 septembre 2010 \u2014 C\u2019est sous la pr\u00e9sidence d\u2019honneur de Michel Simard, pr\u00e9sident et \u00e9diteur du Progr\u00e8s du Saguenay, qu\u2019a eu lieu, ce midi, \u00e0 l\u2019Auberge des 21, le lancement du \u00ab Recueil de chroniques entrepreneuriales 1998-2009 du CEE-UQAC \u00bb. Ce document de r\u00e9f\u00e9rence regroupe une s\u00e9lection des soixante-dix-sept chroniques les plus pertinentes [&hellip;]","og_url":"https:\/\/www.uqac.ca\/uqactualites\/2010\/09\/23\/cee-uqac-lancement-du-recueil-de-chroniques-entrepreneuriales-du-centre-dentrepreneuriat-et-dessaimage-de-luniversite-du-quebec-a-chicoutimi-cee-uqac\/","og_site_name":"UQACtualit\u00e9s","article_published_time":"2010-09-23T12:45:40+00:00","og_image":[{"width":620,"height":301,"url":"https:\/\/www.uqac.ca\/uqactualites\/wp-content\/uploads\/2013\/07\/GRAF-Uqactualit\u00e9s-\u00c913-03.jpg","type":"image\/jpeg"}],"author":"Service des communications et des relations publiques","twitter_card":"summary_large_image","twitter_misc":{"\u00c9crit par":"Service des communications et des relations publiques","Estimation du temps de lecture":"2 minutes"},"schema":{"@context":"https:\/\/schema.org","@graph":[{"@type":"WebPage","@id":"https:\/\/www.uqac.ca\/uqactualites\/2010\/09\/23\/cee-uqac-lancement-du-recueil-de-chroniques-entrepreneuriales-du-centre-dentrepreneuriat-et-dessaimage-de-luniversite-du-quebec-a-chicoutimi-cee-uqac\/","url":"https:\/\/www.uqac.ca\/uqactualites\/2010\/09\/23\/cee-uqac-lancement-du-recueil-de-chroniques-entrepreneuriales-du-centre-dentrepreneuriat-et-dessaimage-de-luniversite-du-quebec-a-chicoutimi-cee-uqac\/","name":"[CEE-UQAC] - Lancement du Recueil de chroniques entrepreneuriales du Centre d\u2019entrepreneuriat et d\u2019essaimage de l\u2019Universit\u00e9 du Qu\u00e9bec \u00e0 Chicoutimi (CEE-UQAC) - UQACtualit\u00e9s","isPartOf":{"@id":"https:\/\/www.uqac.ca\/uqactualites\/#website"},"primaryImageOfPage":{"@id":"https:\/\/www.uqac.ca\/uqactualites\/2010\/09\/23\/cee-uqac-lancement-du-recueil-de-chroniques-entrepreneuriales-du-centre-dentrepreneuriat-et-dessaimage-de-luniversite-du-quebec-a-chicoutimi-cee-uqac\/#primaryimage"},"image":{"@id":"https:\/\/www.uqac.ca\/uqactualites\/2010\/09\/23\/cee-uqac-lancement-du-recueil-de-chroniques-entrepreneuriales-du-centre-dentrepreneuriat-et-dessaimage-de-luniversite-du-quebec-a-chicoutimi-cee-uqac\/#primaryimage"},"thumbnailUrl":"https:\/\/www.uqac.ca\/uqactualites\/wp-content\/uploads\/2013\/07\/GRAF-Uqactualit\u00e9s-\u00c913-03.jpg","datePublished":"2010-09-23T12:45:40+00:00","dateModified":"2010-09-23T12:45:40+00:00","author":{"@id":"https:\/\/www.uqac.ca\/uqactualites\/#\/schema\/person\/366c45a0c4f0e677b41b4af5886e2018"},"breadcrumb":{"@id":"https:\/\/www.uqac.ca\/uqactualites\/2010\/09\/23\/cee-uqac-lancement-du-recueil-de-chroniques-entrepreneuriales-du-centre-dentrepreneuriat-et-dessaimage-de-luniversite-du-quebec-a-chicoutimi-cee-uqac\/#breadcrumb"},"inLanguage":"fr-CA","potentialAction":[{"@type":"ReadAction","target":["https:\/\/www.uqac.ca\/uqactualites\/2010\/09\/23\/cee-uqac-lancement-du-recueil-de-chroniques-entrepreneuriales-du-centre-dentrepreneuriat-et-dessaimage-de-luniversite-du-quebec-a-chicoutimi-cee-uqac\/"]}]},{"@type":"ImageObject","inLanguage":"fr-CA","@id":"https:\/\/www.uqac.ca\/uqactualites\/2010\/09\/23\/cee-uqac-lancement-du-recueil-de-chroniques-entrepreneuriales-du-centre-dentrepreneuriat-et-dessaimage-de-luniversite-du-quebec-a-chicoutimi-cee-uqac\/#primaryimage","url":"https:\/\/www.uqac.ca\/uqactualites\/wp-content\/uploads\/2013\/07\/GRAF-Uqactualit\u00e9s-\u00c913-03.jpg","contentUrl":"https:\/\/www.uqac.ca\/uqactualites\/wp-content\/uploads\/2013\/07\/GRAF-Uqactualit\u00e9s-\u00c913-03.jpg","width":620,"height":301},{"@type":"BreadcrumbList","@id":"https:\/\/www.uqac.ca\/uqactualites\/2010\/09\/23\/cee-uqac-lancement-du-recueil-de-chroniques-entrepreneuriales-du-centre-dentrepreneuriat-et-dessaimage-de-luniversite-du-quebec-a-chicoutimi-cee-uqac\/#breadcrumb","itemListElement":[{"@type":"ListItem","position":1,"name":"Home","item":"https:\/\/www.uqac.ca\/uqactualites\/"},{"@type":"ListItem","position":2,"name":"[CEE-UQAC] &#8211; Lancement du Recueil de chroniques entrepreneuriales du Centre d\u2019entrepreneuriat et d\u2019essaimage de l\u2019Universit\u00e9 du Qu\u00e9bec \u00e0 Chicoutimi (CEE-UQAC)"}]},{"@type":"WebSite","@id":"https:\/\/www.uqac.ca\/uqactualites\/#website","url":"https:\/\/www.uqac.ca\/uqactualites\/","name":"UQACtualit\u00e9s","description":"Le portail des nouvelles de l&#039;UQAC","potentialAction":[{"@type":"SearchAction","target":{"@type":"EntryPoint","urlTemplate":"https:\/\/www.uqac.ca\/uqactualites\/?s={search_term_string}"},"query-input":{"@type":"PropertyValueSpecification","valueRequired":true,"valueName":"search_term_string"}}],"inLanguage":"fr-CA"},{"@type":"Person","@id":"https:\/\/www.uqac.ca\/uqactualites\/#\/schema\/person\/366c45a0c4f0e677b41b4af5886e2018","name":"Service des communications et des relations publiques","image":{"@type":"ImageObject","inLanguage":"fr-CA","@id":"https:\/\/www.uqac.ca\/uqactualites\/#\/schema\/person\/image\/","url":"https:\/\/secure.gravatar.com\/avatar\/20fbbda8a292f59f2d3461a5b999c00b?s=96&d=mm&r=g","contentUrl":"https:\/\/secure.gravatar.com\/avatar\/20fbbda8a292f59f2d3461a5b999c00b?s=96&d=mm&r=g","caption":"Service des communications et des relations publiques"},"url":"https:\/\/www.uqac.ca\/uqactualites\/author\/bap\/"}]}},"_links":{"self":[{"href":"https:\/\/www.uqac.ca\/uqactualites\/wp-json\/wp\/v2\/posts\/28071"}],"collection":[{"href":"https:\/\/www.uqac.ca\/uqactualites\/wp-json\/wp\/v2\/posts"}],"about":[{"href":"https:\/\/www.uqac.ca\/uqactualites\/wp-json\/wp\/v2\/types\/post"}],"author":[{"embeddable":true,"href":"https:\/\/www.uqac.ca\/uqactualites\/wp-json\/wp\/v2\/users\/5"}],"replies":[{"embeddable":true,"href":"https:\/\/www.uqac.ca\/uqactualites\/wp-json\/wp\/v2\/comments?post=28071"}],"version-history":[{"count":0,"href":"https:\/\/www.uqac.ca\/uqactualites\/wp-json\/wp\/v2\/posts\/28071\/revisions"}],"wp:featuredmedia":[{"embeddable":true,"href":"https:\/\/www.uqac.ca\/uqactualites\/wp-json\/wp\/v2\/media\/24871"}],"wp:attachment":[{"href":"https:\/\/www.uqac.ca\/uqactualites\/wp-json\/wp\/v2\/media?parent=28071"}],"wp:term":[{"taxonomy":"category","embeddable":true,"href":"https:\/\/www.uqac.ca\/uqactualites\/wp-json\/wp\/v2\/categories?post=28071"},{"taxonomy":"post_tag","embeddable":true,"href":"https:\/\/www.uqac.ca\/uqactualites\/wp-json\/wp\/v2\/tags?post=28071"}],"curies":[{"name":"wp","href":"https:\/\/api.w.org\/{rel}","templated":true}]}}