{"id":28098,"date":"2010-11-10T11:07:58","date_gmt":"2010-11-10T16:07:58","guid":{"rendered":"http:\/\/uqactualite.odev.ca\/?p=28098"},"modified":"2010-11-10T11:07:58","modified_gmt":"2010-11-10T16:07:58","slug":"luqac-vous-ouvre-ses-portes","status":"publish","type":"post","link":"https:\/\/www.uqac.ca\/uqactualites\/2010\/11\/10\/luqac-vous-ouvre-ses-portes\/","title":{"rendered":"L\u2019UQAC vous ouvre ses portes!"},"content":{"rendered":"<p style=\"text-align: justify\">Saguenay, le 10 novembre 2010 \u2013 L\u2019Universit\u00e9 du Qu\u00e9bec \u00e0 Chicoutimi vous invite \u00e0<br \/>\nparticiper \u00e0 l\u2019\u00e9dition d\u2019automne 2010 de sa Journ\u00e9e Portes ouvertes. \u00c9tudiants du<br \/>\nsecondaire et du coll\u00e9gial, soyez des n\u00f4tres pour ce rendez-vous incontournable. Nous<br \/>\nvous attendons \u00e0 compter de 12 h, le samedi 20 novembre prochain.<\/p>\n<p style=\"text-align: justify\">Quand?<br \/>\nSamedi 20 novembre, de 12 h \u00e0 16 h<\/p>\n<p style=\"text-align: justify\">O\u00f9?<br \/>\nUniversit\u00e9 du Qu\u00e9bec \u00e0 Chicoutimi<br \/>\n(Pavillon principal)<\/p>\n<p style=\"text-align: justify\">Pourquoi?<br \/>\nLa Journ\u00e9e Portes ouvertes, c\u2019est l\u2019occasion id\u00e9ale de vous familiariser avec l\u2019UQAC et<br \/>\nde trouver les informations que vous recherchez. Assistez \u00e0 des ateliers sur les<br \/>\ndiff\u00e9rents programmes d\u2019\u00e9tudes de l\u2019universit\u00e9. D\u00e9couvrez le campus. Rencontrez<br \/>\nd\u2019autres \u00e9tudiants qui partagent vos int\u00e9r\u00eats. Vivez l\u2019exp\u00e9rience UQAC.<\/p>\n<p style=\"text-align: justify\">Plusieurs sujets seront abord\u00e9s lors des ateliers des diff\u00e9rents programmes<br \/>\nd\u2019\u00e9tudes :<br \/>\n&#8211; Les programmes d\u2019\u00e9tudes<br \/>\n&#8211; L\u2019admission<br \/>\n&#8211; L\u2019aide financi\u00e8re<br \/>\n&#8211; Les bourses d\u2019\u00e9tudes<br \/>\n&#8211; Le logement<br \/>\n&#8211; Les \u00e9tudes \u00e0 l\u2019\u00e9tranger<br \/>\n&#8211; Les services offerts aux \u00e9tudiants<br \/>\n&#8211; Le campus et ses infrastructures (Pavillon sportif, r\u00e9sidences \u00e9tudiantes, \u2026)<\/p>\n<p style=\"text-align: justify\">\u00c0 gagner!<br \/>\nUne exemption de frais de scolarit\u00e9 pour une premi\u00e8re ann\u00e9e d\u2019\u00e9tudes de premier cycle<br \/>\n\u00e0 temps complet \u00e0 l\u2019UQAC!<\/p>\n<p style=\"text-align: justify\">Pour information<br \/>\nhttp:\/\/www.uqac.ca\/visites<\/p>\n<p style=\"text-align: justify\">Suivez-nous\u2026<br \/>\nFacebook \u2013 Futurs \u00e9tudiants UQAC :<br \/>\nhttp:\/\/www.facebook.com\/home.php?#!\/pages\/UQAC-Futurs-etudiants\/137425399632529<br \/>\nUQAC : facebook.com\/uqac.ca<br \/>\nTwitter Futurs \u00e9tudiants UQAC : twitter.com\/FutursEtudiants<br \/>\nLe blogue de nos \u00e9tudiants : blog.uqac.ca<\/p>\n<p style=\"text-align: justify\">Pour une visite personnalis\u00e9e<br \/>\nwww.uqac.ca\/uqacalacarte<\/p>\n<p style=\"text-align: justify\">Il est \u00e0 noter que les frais de transport sont rembours\u00e9s pour les \u00e9tudiants en<br \/>\nprovenance de l\u2019ext\u00e9rieur de la r\u00e9gion. Visitez le site Web pour plus de d\u00e9tails.<\/p>\n<p style=\"text-align: center\">&#8211; 30 &#8211;<\/p>\n<p style=\"text-align: justify\">Source : Madame Patricia Jean, technicienne en information, Services aux \u00e9tudiants \/<br \/>\n418-545-5011 poste 2065. Pour vous inscrire \u00e0 cette journ\u00e9e en tant que journaliste,<br \/>\ncontactez Madame Jos\u00e9e Bourassa, agente d\u2019information, Bureau des affaires<br \/>\npubliques \/ 418-545-5011 poste 2274.<\/p>\n","protected":false},"excerpt":{"rendered":"<p>Saguenay, le 10 novembre 2010 \u2013 L\u2019Universit\u00e9 du Qu\u00e9bec \u00e0 Chicoutimi vous invite \u00e0 participer \u00e0 l\u2019\u00e9dition d\u2019automne 2010 de sa Journ\u00e9e Portes ouvertes. \u00c9tudiants du secondaire et du coll\u00e9gial, soyez des n\u00f4tres pour ce rendez-vous incontournable. Nous vous attendons \u00e0 compter de 12 h, le samedi 20 novembre prochain. Quand? Samedi 20 novembre, de [&hellip;]<\/p>\n","protected":false},"author":5,"featured_media":20745,"comment_status":"open","ping_status":"open","sticky":false,"template":"","format":"standard","meta":{"footnotes":""},"categories":[2772],"tags":[958],"yoast_head":"<!-- This site is optimized with the Yoast SEO plugin v24.2 - https:\/\/yoast.com\/wordpress\/plugins\/seo\/ -->\r\n<title>L\u2019UQAC vous ouvre ses portes! - UQACtualit\u00e9s<\/title>\r\n<meta name=\"robots\" content=\"index, follow, max-snippet:-1, max-image-preview:large, max-video-preview:-1\" \/>\r\n<link rel=\"canonical\" href=\"https:\/\/www.uqac.ca\/uqactualites\/2010\/11\/10\/luqac-vous-ouvre-ses-portes\/\" \/>\r\n<meta property=\"og:locale\" content=\"fr_CA\" \/>\r\n<meta property=\"og:type\" content=\"article\" \/>\r\n<meta property=\"og:title\" content=\"L\u2019UQAC vous ouvre ses portes! - UQACtualit\u00e9s\" \/>\r\n<meta property=\"og:description\" content=\"Saguenay, le 10 novembre 2010 \u2013 L\u2019Universit\u00e9 du Qu\u00e9bec \u00e0 Chicoutimi vous invite \u00e0 participer \u00e0 l\u2019\u00e9dition d\u2019automne 2010 de sa Journ\u00e9e Portes ouvertes. \u00c9tudiants du secondaire et du coll\u00e9gial, soyez des n\u00f4tres pour ce rendez-vous incontournable. Nous vous attendons \u00e0 compter de 12 h, le samedi 20 novembre prochain. Quand? Samedi 20 novembre, de [&hellip;]\" \/>\r\n<meta property=\"og:url\" content=\"https:\/\/www.uqac.ca\/uqactualites\/2010\/11\/10\/luqac-vous-ouvre-ses-portes\/\" \/>\r\n<meta property=\"og:site_name\" content=\"UQACtualit\u00e9s\" \/>\r\n<meta property=\"article:published_time\" content=\"2010-11-10T16:07:58+00:00\" \/>\r\n<meta property=\"og:image\" content=\"https:\/\/www.uqac.ca\/uqactualites\/wp-content\/uploads\/2012\/05\/communiqu-.jpg\" \/>\r\n\t<meta property=\"og:image:width\" content=\"620\" \/>\r\n\t<meta property=\"og:image:height\" content=\"300\" \/>\r\n\t<meta property=\"og:image:type\" content=\"image\/jpeg\" \/>\r\n<meta name=\"author\" content=\"Service des communications et des relations publiques\" \/>\r\n<meta name=\"twitter:card\" content=\"summary_large_image\" \/>\r\n<meta name=\"twitter:label1\" content=\"\u00c9crit par\" \/>\n\t<meta name=\"twitter:data1\" content=\"Service des communications et des relations publiques\" \/>\n\t<meta name=\"twitter:label2\" content=\"Estimation du temps de lecture\" \/>\n\t<meta name=\"twitter:data2\" content=\"2 minutes\" \/>\r\n<script type=\"application\/ld+json\" class=\"yoast-schema-graph\">{\"@context\":\"https:\/\/schema.org\",\"@graph\":[{\"@type\":\"WebPage\",\"@id\":\"https:\/\/www.uqac.ca\/uqactualites\/2010\/11\/10\/luqac-vous-ouvre-ses-portes\/\",\"url\":\"https:\/\/www.uqac.ca\/uqactualites\/2010\/11\/10\/luqac-vous-ouvre-ses-portes\/\",\"name\":\"L\u2019UQAC vous ouvre ses portes! - UQACtualit\u00e9s\",\"isPartOf\":{\"@id\":\"https:\/\/www.uqac.ca\/uqactualites\/#website\"},\"primaryImageOfPage\":{\"@id\":\"https:\/\/www.uqac.ca\/uqactualites\/2010\/11\/10\/luqac-vous-ouvre-ses-portes\/#primaryimage\"},\"image\":{\"@id\":\"https:\/\/www.uqac.ca\/uqactualites\/2010\/11\/10\/luqac-vous-ouvre-ses-portes\/#primaryimage\"},\"thumbnailUrl\":\"https:\/\/www.uqac.ca\/uqactualites\/wp-content\/uploads\/2012\/05\/communiqu-.jpg\",\"datePublished\":\"2010-11-10T16:07:58+00:00\",\"dateModified\":\"2010-11-10T16:07:58+00:00\",\"author\":{\"@id\":\"https:\/\/www.uqac.ca\/uqactualites\/#\/schema\/person\/366c45a0c4f0e677b41b4af5886e2018\"},\"breadcrumb\":{\"@id\":\"https:\/\/www.uqac.ca\/uqactualites\/2010\/11\/10\/luqac-vous-ouvre-ses-portes\/#breadcrumb\"},\"inLanguage\":\"fr-CA\",\"potentialAction\":[{\"@type\":\"ReadAction\",\"target\":[\"https:\/\/www.uqac.ca\/uqactualites\/2010\/11\/10\/luqac-vous-ouvre-ses-portes\/\"]}]},{\"@type\":\"ImageObject\",\"inLanguage\":\"fr-CA\",\"@id\":\"https:\/\/www.uqac.ca\/uqactualites\/2010\/11\/10\/luqac-vous-ouvre-ses-portes\/#primaryimage\",\"url\":\"https:\/\/www.uqac.ca\/uqactualites\/wp-content\/uploads\/2012\/05\/communiqu-.jpg\",\"contentUrl\":\"https:\/\/www.uqac.ca\/uqactualites\/wp-content\/uploads\/2012\/05\/communiqu-.jpg\",\"width\":620,\"height\":300},{\"@type\":\"BreadcrumbList\",\"@id\":\"https:\/\/www.uqac.ca\/uqactualites\/2010\/11\/10\/luqac-vous-ouvre-ses-portes\/#breadcrumb\",\"itemListElement\":[{\"@type\":\"ListItem\",\"position\":1,\"name\":\"Home\",\"item\":\"https:\/\/www.uqac.ca\/uqactualites\/\"},{\"@type\":\"ListItem\",\"position\":2,\"name\":\"L\u2019UQAC vous ouvre ses portes!\"}]},{\"@type\":\"WebSite\",\"@id\":\"https:\/\/www.uqac.ca\/uqactualites\/#website\",\"url\":\"https:\/\/www.uqac.ca\/uqactualites\/\",\"name\":\"UQACtualit\u00e9s\",\"description\":\"Le portail des nouvelles de l&#039;UQAC\",\"potentialAction\":[{\"@type\":\"SearchAction\",\"target\":{\"@type\":\"EntryPoint\",\"urlTemplate\":\"https:\/\/www.uqac.ca\/uqactualites\/?s={search_term_string}\"},\"query-input\":{\"@type\":\"PropertyValueSpecification\",\"valueRequired\":true,\"valueName\":\"search_term_string\"}}],\"inLanguage\":\"fr-CA\"},{\"@type\":\"Person\",\"@id\":\"https:\/\/www.uqac.ca\/uqactualites\/#\/schema\/person\/366c45a0c4f0e677b41b4af5886e2018\",\"name\":\"Service des communications et des relations publiques\",\"image\":{\"@type\":\"ImageObject\",\"inLanguage\":\"fr-CA\",\"@id\":\"https:\/\/www.uqac.ca\/uqactualites\/#\/schema\/person\/image\/\",\"url\":\"https:\/\/secure.gravatar.com\/avatar\/20fbbda8a292f59f2d3461a5b999c00b?s=96&d=mm&r=g\",\"contentUrl\":\"https:\/\/secure.gravatar.com\/avatar\/20fbbda8a292f59f2d3461a5b999c00b?s=96&d=mm&r=g\",\"caption\":\"Service des communications et des relations publiques\"},\"url\":\"https:\/\/www.uqac.ca\/uqactualites\/author\/bap\/\"}]}<\/script>\r\n<!-- \/ Yoast SEO plugin. -->","yoast_head_json":{"title":"L\u2019UQAC vous ouvre ses portes! - UQACtualit\u00e9s","robots":{"index":"index","follow":"follow","max-snippet":"max-snippet:-1","max-image-preview":"max-image-preview:large","max-video-preview":"max-video-preview:-1"},"canonical":"https:\/\/www.uqac.ca\/uqactualites\/2010\/11\/10\/luqac-vous-ouvre-ses-portes\/","og_locale":"fr_CA","og_type":"article","og_title":"L\u2019UQAC vous ouvre ses portes! - UQACtualit\u00e9s","og_description":"Saguenay, le 10 novembre 2010 \u2013 L\u2019Universit\u00e9 du Qu\u00e9bec \u00e0 Chicoutimi vous invite \u00e0 participer \u00e0 l\u2019\u00e9dition d\u2019automne 2010 de sa Journ\u00e9e Portes ouvertes. \u00c9tudiants du secondaire et du coll\u00e9gial, soyez des n\u00f4tres pour ce rendez-vous incontournable. Nous vous attendons \u00e0 compter de 12 h, le samedi 20 novembre prochain. Quand? Samedi 20 novembre, de [&hellip;]","og_url":"https:\/\/www.uqac.ca\/uqactualites\/2010\/11\/10\/luqac-vous-ouvre-ses-portes\/","og_site_name":"UQACtualit\u00e9s","article_published_time":"2010-11-10T16:07:58+00:00","og_image":[{"width":620,"height":300,"url":"https:\/\/www.uqac.ca\/uqactualites\/wp-content\/uploads\/2012\/05\/communiqu-.jpg","type":"image\/jpeg"}],"author":"Service des communications et des relations publiques","twitter_card":"summary_large_image","twitter_misc":{"\u00c9crit par":"Service des communications et des relations publiques","Estimation du temps de lecture":"2 minutes"},"schema":{"@context":"https:\/\/schema.org","@graph":[{"@type":"WebPage","@id":"https:\/\/www.uqac.ca\/uqactualites\/2010\/11\/10\/luqac-vous-ouvre-ses-portes\/","url":"https:\/\/www.uqac.ca\/uqactualites\/2010\/11\/10\/luqac-vous-ouvre-ses-portes\/","name":"L\u2019UQAC vous ouvre ses portes! - UQACtualit\u00e9s","isPartOf":{"@id":"https:\/\/www.uqac.ca\/uqactualites\/#website"},"primaryImageOfPage":{"@id":"https:\/\/www.uqac.ca\/uqactualites\/2010\/11\/10\/luqac-vous-ouvre-ses-portes\/#primaryimage"},"image":{"@id":"https:\/\/www.uqac.ca\/uqactualites\/2010\/11\/10\/luqac-vous-ouvre-ses-portes\/#primaryimage"},"thumbnailUrl":"https:\/\/www.uqac.ca\/uqactualites\/wp-content\/uploads\/2012\/05\/communiqu-.jpg","datePublished":"2010-11-10T16:07:58+00:00","dateModified":"2010-11-10T16:07:58+00:00","author":{"@id":"https:\/\/www.uqac.ca\/uqactualites\/#\/schema\/person\/366c45a0c4f0e677b41b4af5886e2018"},"breadcrumb":{"@id":"https:\/\/www.uqac.ca\/uqactualites\/2010\/11\/10\/luqac-vous-ouvre-ses-portes\/#breadcrumb"},"inLanguage":"fr-CA","potentialAction":[{"@type":"ReadAction","target":["https:\/\/www.uqac.ca\/uqactualites\/2010\/11\/10\/luqac-vous-ouvre-ses-portes\/"]}]},{"@type":"ImageObject","inLanguage":"fr-CA","@id":"https:\/\/www.uqac.ca\/uqactualites\/2010\/11\/10\/luqac-vous-ouvre-ses-portes\/#primaryimage","url":"https:\/\/www.uqac.ca\/uqactualites\/wp-content\/uploads\/2012\/05\/communiqu-.jpg","contentUrl":"https:\/\/www.uqac.ca\/uqactualites\/wp-content\/uploads\/2012\/05\/communiqu-.jpg","width":620,"height":300},{"@type":"BreadcrumbList","@id":"https:\/\/www.uqac.ca\/uqactualites\/2010\/11\/10\/luqac-vous-ouvre-ses-portes\/#breadcrumb","itemListElement":[{"@type":"ListItem","position":1,"name":"Home","item":"https:\/\/www.uqac.ca\/uqactualites\/"},{"@type":"ListItem","position":2,"name":"L\u2019UQAC vous ouvre ses portes!"}]},{"@type":"WebSite","@id":"https:\/\/www.uqac.ca\/uqactualites\/#website","url":"https:\/\/www.uqac.ca\/uqactualites\/","name":"UQACtualit\u00e9s","description":"Le portail des nouvelles de l&#039;UQAC","potentialAction":[{"@type":"SearchAction","target":{"@type":"EntryPoint","urlTemplate":"https:\/\/www.uqac.ca\/uqactualites\/?s={search_term_string}"},"query-input":{"@type":"PropertyValueSpecification","valueRequired":true,"valueName":"search_term_string"}}],"inLanguage":"fr-CA"},{"@type":"Person","@id":"https:\/\/www.uqac.ca\/uqactualites\/#\/schema\/person\/366c45a0c4f0e677b41b4af5886e2018","name":"Service des communications et des relations publiques","image":{"@type":"ImageObject","inLanguage":"fr-CA","@id":"https:\/\/www.uqac.ca\/uqactualites\/#\/schema\/person\/image\/","url":"https:\/\/secure.gravatar.com\/avatar\/20fbbda8a292f59f2d3461a5b999c00b?s=96&d=mm&r=g","contentUrl":"https:\/\/secure.gravatar.com\/avatar\/20fbbda8a292f59f2d3461a5b999c00b?s=96&d=mm&r=g","caption":"Service des communications et des relations publiques"},"url":"https:\/\/www.uqac.ca\/uqactualites\/author\/bap\/"}]}},"_links":{"self":[{"href":"https:\/\/www.uqac.ca\/uqactualites\/wp-json\/wp\/v2\/posts\/28098"}],"collection":[{"href":"https:\/\/www.uqac.ca\/uqactualites\/wp-json\/wp\/v2\/posts"}],"about":[{"href":"https:\/\/www.uqac.ca\/uqactualites\/wp-json\/wp\/v2\/types\/post"}],"author":[{"embeddable":true,"href":"https:\/\/www.uqac.ca\/uqactualites\/wp-json\/wp\/v2\/users\/5"}],"replies":[{"embeddable":true,"href":"https:\/\/www.uqac.ca\/uqactualites\/wp-json\/wp\/v2\/comments?post=28098"}],"version-history":[{"count":0,"href":"https:\/\/www.uqac.ca\/uqactualites\/wp-json\/wp\/v2\/posts\/28098\/revisions"}],"wp:featuredmedia":[{"embeddable":true,"href":"https:\/\/www.uqac.ca\/uqactualites\/wp-json\/wp\/v2\/media\/20745"}],"wp:attachment":[{"href":"https:\/\/www.uqac.ca\/uqactualites\/wp-json\/wp\/v2\/media?parent=28098"}],"wp:term":[{"taxonomy":"category","embeddable":true,"href":"https:\/\/www.uqac.ca\/uqactualites\/wp-json\/wp\/v2\/categories?post=28098"},{"taxonomy":"post_tag","embeddable":true,"href":"https:\/\/www.uqac.ca\/uqactualites\/wp-json\/wp\/v2\/tags?post=28098"}],"curies":[{"name":"wp","href":"https:\/\/api.w.org\/{rel}","templated":true}]}}