{"id":28142,"date":"2011-03-30T10:51:07","date_gmt":"2011-03-30T14:51:07","guid":{"rendered":"http:\/\/uqactualite.odev.ca\/?p=28142"},"modified":"2011-03-30T10:51:07","modified_gmt":"2011-03-30T14:51:07","slug":"semaine-de-la-reconnaissance-2011-les-diplomes-en-sciences-comptables-de-luqac-a-lhonneur","status":"publish","type":"post","link":"https:\/\/www.uqac.ca\/uqactualites\/2011\/03\/30\/semaine-de-la-reconnaissance-2011-les-diplomes-en-sciences-comptables-de-luqac-a-lhonneur\/","title":{"rendered":"Semaine de la reconnaissance 2011 &#8211; Les dipl\u00f4m\u00e9s en sciences comptables de l\u2019UQAC \u00e0 l\u2019honneur"},"content":{"rendered":"<p style=\"text-align: justify\">Saguenay, 30 mars 2011 \u2010 Dans le cadre de la Semaine de la reconnaissance qui se tiendra cette<br \/>\nann\u00e9e du 9 au 13 mai 2011, l\u2019UQAC a choisi d\u2019honorer ses dipl\u00f4m\u00e9s en sciences comptables des<br \/>\n40 derni\u00e8res ann\u00e9es. C\u2019est sous la pr\u00e9sidence d\u2019honneur de mesdames Annie Lapointe, CA,<br \/>\ndirectrice aux services aux entreprises \u00e0 la Banque Nationale, Dominique Rivard, CGA, premier<br \/>\nv\u00e9rificateur en certification et services conseils chez Samson B\u00e9lair\/Deloitte &amp; Touche et de<br \/>\nmonsieur Martin Vall\u00e9e, M.sc., CMA, directeur de portefeuille principal et repr\u00e9sentant r\u00e9gional<br \/>\nchez Investissement Qu\u00e9bec, que seront organis\u00e9es de grandes retrouvailles. Pour l\u2019occasion, un<br \/>\ncocktail dinatoire aura lieu le jeudi 12 mai 2011 \u00e0 la Vieille Pulperie de Chicoutimi. Pour ceux qui<br \/>\nd\u00e9sirent participer \u00e0 l\u2019\u00e9v\u00e9nement, inscrivez\u2010vous d\u00e8s maintenant au<br \/>\nwww.adauqac.ca\/reconnaissance. Une occasion unique qui permettra aux dipl\u00f4m\u00e9s de renouer<br \/>\net de fraterniser avec leurs professeurs et condisciples de l\u2019\u00e9poque, et ce, en toute convivialit\u00e9 !<\/p>\n<p style=\"text-align: justify\">Selon le pr\u00e9sident de l\u2019Association, monsieur Claude Potvin, la Semaine de la Reconnaissance ,<br \/>\ninstaur\u00e9e l\u2019an dernier, est une occasion par excellence pour poursuivre la mission de<br \/>\nl\u2019Association, soit de resserrer les liens des dipl\u00f4m\u00e9s avec leurs alma mater, de mettre en valeur<br \/>\nla formation, le dynamisme, le savoir\u2010faire et la renomm\u00e9e de ses membres et de favoriser le<br \/>\nr\u00e9seautage et la coop\u00e9ration entre les dipl\u00f4m\u00e9s.<\/p>\n<p style=\"text-align: justify\">L\u2019ann\u00e9e 2011 marque \u00e9galement un changement important pour l\u2019Association des dipl\u00f4m\u00e9s de<br \/>\nl\u2019UQAC qui compte \u00e0 ce jour 33 257 dipl\u00f4m\u00e9s. Fond\u00e9e en 1988, l\u2019ADAUQAC devient cette ann\u00e9e<br \/>\nl\u2019Association des dipl\u00f4m\u00e9s de l\u2019UQAC (ADUQAC). Une appellation plus simple qui veut mettre<br \/>\nl\u2019accent sur sa raison d\u2019\u00eatre : les dipl\u00f4m\u00e9s.<\/p>\n<p style=\"text-align: center\">\u201030\u2010<\/p>\n<p style=\"text-align: justify\">Source : Jos\u00e9e Bourassa, agente d\u2019information, Bureau des affaires publiques de l\u2019UQAC<br \/>\n(418) 545\u20105011 poste 2274<\/p>\n","protected":false},"excerpt":{"rendered":"<p>Saguenay, 30 mars 2011 \u2010 Dans le cadre de la Semaine de la reconnaissance qui se tiendra cette ann\u00e9e du 9 au 13 mai 2011, l\u2019UQAC a choisi d\u2019honorer ses dipl\u00f4m\u00e9s en sciences comptables des 40 derni\u00e8res ann\u00e9es. C\u2019est sous la pr\u00e9sidence d\u2019honneur de mesdames Annie Lapointe, CA, directrice aux services aux entreprises \u00e0 la [&hellip;]<\/p>\n","protected":false},"author":5,"featured_media":20745,"comment_status":"open","ping_status":"open","sticky":false,"template":"","format":"standard","meta":{"footnotes":""},"categories":[2772],"tags":[790,1059],"yoast_head":"<!-- This site is optimized with the Yoast SEO plugin v24.2 - https:\/\/yoast.com\/wordpress\/plugins\/seo\/ -->\r\n<title>Semaine de la reconnaissance 2011 - Les dipl\u00f4m\u00e9s en sciences comptables de l\u2019UQAC \u00e0 l\u2019honneur - UQACtualit\u00e9s<\/title>\r\n<meta name=\"robots\" content=\"index, follow, max-snippet:-1, max-image-preview:large, max-video-preview:-1\" \/>\r\n<link rel=\"canonical\" href=\"https:\/\/www.uqac.ca\/uqactualites\/2011\/03\/30\/semaine-de-la-reconnaissance-2011-les-diplomes-en-sciences-comptables-de-luqac-a-lhonneur\/\" \/>\r\n<meta property=\"og:locale\" content=\"fr_CA\" \/>\r\n<meta property=\"og:type\" content=\"article\" \/>\r\n<meta property=\"og:title\" content=\"Semaine de la reconnaissance 2011 - Les dipl\u00f4m\u00e9s en sciences comptables de l\u2019UQAC \u00e0 l\u2019honneur - UQACtualit\u00e9s\" \/>\r\n<meta property=\"og:description\" content=\"Saguenay, 30 mars 2011 \u2010 Dans le cadre de la Semaine de la reconnaissance qui se tiendra cette ann\u00e9e du 9 au 13 mai 2011, l\u2019UQAC a choisi d\u2019honorer ses dipl\u00f4m\u00e9s en sciences comptables des 40 derni\u00e8res ann\u00e9es. C\u2019est sous la pr\u00e9sidence d\u2019honneur de mesdames Annie Lapointe, CA, directrice aux services aux entreprises \u00e0 la [&hellip;]\" \/>\r\n<meta property=\"og:url\" content=\"https:\/\/www.uqac.ca\/uqactualites\/2011\/03\/30\/semaine-de-la-reconnaissance-2011-les-diplomes-en-sciences-comptables-de-luqac-a-lhonneur\/\" \/>\r\n<meta property=\"og:site_name\" content=\"UQACtualit\u00e9s\" \/>\r\n<meta property=\"article:published_time\" content=\"2011-03-30T14:51:07+00:00\" \/>\r\n<meta property=\"og:image\" content=\"https:\/\/www.uqac.ca\/uqactualites\/wp-content\/uploads\/2012\/05\/communiqu-.jpg\" \/>\r\n\t<meta property=\"og:image:width\" content=\"620\" \/>\r\n\t<meta property=\"og:image:height\" content=\"300\" \/>\r\n\t<meta property=\"og:image:type\" content=\"image\/jpeg\" \/>\r\n<meta name=\"author\" content=\"Service des communications et des relations publiques\" \/>\r\n<meta name=\"twitter:card\" content=\"summary_large_image\" \/>\r\n<meta name=\"twitter:label1\" content=\"\u00c9crit par\" \/>\n\t<meta name=\"twitter:data1\" content=\"Service des communications et des relations publiques\" \/>\n\t<meta name=\"twitter:label2\" content=\"Estimation du temps de lecture\" \/>\n\t<meta name=\"twitter:data2\" content=\"2 minutes\" \/>\r\n<script type=\"application\/ld+json\" class=\"yoast-schema-graph\">{\"@context\":\"https:\/\/schema.org\",\"@graph\":[{\"@type\":\"WebPage\",\"@id\":\"https:\/\/www.uqac.ca\/uqactualites\/2011\/03\/30\/semaine-de-la-reconnaissance-2011-les-diplomes-en-sciences-comptables-de-luqac-a-lhonneur\/\",\"url\":\"https:\/\/www.uqac.ca\/uqactualites\/2011\/03\/30\/semaine-de-la-reconnaissance-2011-les-diplomes-en-sciences-comptables-de-luqac-a-lhonneur\/\",\"name\":\"Semaine de la reconnaissance 2011 - Les dipl\u00f4m\u00e9s en sciences comptables de l\u2019UQAC \u00e0 l\u2019honneur - UQACtualit\u00e9s\",\"isPartOf\":{\"@id\":\"https:\/\/www.uqac.ca\/uqactualites\/#website\"},\"primaryImageOfPage\":{\"@id\":\"https:\/\/www.uqac.ca\/uqactualites\/2011\/03\/30\/semaine-de-la-reconnaissance-2011-les-diplomes-en-sciences-comptables-de-luqac-a-lhonneur\/#primaryimage\"},\"image\":{\"@id\":\"https:\/\/www.uqac.ca\/uqactualites\/2011\/03\/30\/semaine-de-la-reconnaissance-2011-les-diplomes-en-sciences-comptables-de-luqac-a-lhonneur\/#primaryimage\"},\"thumbnailUrl\":\"https:\/\/www.uqac.ca\/uqactualites\/wp-content\/uploads\/2012\/05\/communiqu-.jpg\",\"datePublished\":\"2011-03-30T14:51:07+00:00\",\"dateModified\":\"2011-03-30T14:51:07+00:00\",\"author\":{\"@id\":\"https:\/\/www.uqac.ca\/uqactualites\/#\/schema\/person\/366c45a0c4f0e677b41b4af5886e2018\"},\"breadcrumb\":{\"@id\":\"https:\/\/www.uqac.ca\/uqactualites\/2011\/03\/30\/semaine-de-la-reconnaissance-2011-les-diplomes-en-sciences-comptables-de-luqac-a-lhonneur\/#breadcrumb\"},\"inLanguage\":\"fr-CA\",\"potentialAction\":[{\"@type\":\"ReadAction\",\"target\":[\"https:\/\/www.uqac.ca\/uqactualites\/2011\/03\/30\/semaine-de-la-reconnaissance-2011-les-diplomes-en-sciences-comptables-de-luqac-a-lhonneur\/\"]}]},{\"@type\":\"ImageObject\",\"inLanguage\":\"fr-CA\",\"@id\":\"https:\/\/www.uqac.ca\/uqactualites\/2011\/03\/30\/semaine-de-la-reconnaissance-2011-les-diplomes-en-sciences-comptables-de-luqac-a-lhonneur\/#primaryimage\",\"url\":\"https:\/\/www.uqac.ca\/uqactualites\/wp-content\/uploads\/2012\/05\/communiqu-.jpg\",\"contentUrl\":\"https:\/\/www.uqac.ca\/uqactualites\/wp-content\/uploads\/2012\/05\/communiqu-.jpg\",\"width\":620,\"height\":300},{\"@type\":\"BreadcrumbList\",\"@id\":\"https:\/\/www.uqac.ca\/uqactualites\/2011\/03\/30\/semaine-de-la-reconnaissance-2011-les-diplomes-en-sciences-comptables-de-luqac-a-lhonneur\/#breadcrumb\",\"itemListElement\":[{\"@type\":\"ListItem\",\"position\":1,\"name\":\"Home\",\"item\":\"https:\/\/www.uqac.ca\/uqactualites\/\"},{\"@type\":\"ListItem\",\"position\":2,\"name\":\"Semaine de la reconnaissance 2011 &#8211; Les dipl\u00f4m\u00e9s en sciences comptables de l\u2019UQAC \u00e0 l\u2019honneur\"}]},{\"@type\":\"WebSite\",\"@id\":\"https:\/\/www.uqac.ca\/uqactualites\/#website\",\"url\":\"https:\/\/www.uqac.ca\/uqactualites\/\",\"name\":\"UQACtualit\u00e9s\",\"description\":\"Le portail des nouvelles de l&#039;UQAC\",\"potentialAction\":[{\"@type\":\"SearchAction\",\"target\":{\"@type\":\"EntryPoint\",\"urlTemplate\":\"https:\/\/www.uqac.ca\/uqactualites\/?s={search_term_string}\"},\"query-input\":{\"@type\":\"PropertyValueSpecification\",\"valueRequired\":true,\"valueName\":\"search_term_string\"}}],\"inLanguage\":\"fr-CA\"},{\"@type\":\"Person\",\"@id\":\"https:\/\/www.uqac.ca\/uqactualites\/#\/schema\/person\/366c45a0c4f0e677b41b4af5886e2018\",\"name\":\"Service des communications et des relations publiques\",\"image\":{\"@type\":\"ImageObject\",\"inLanguage\":\"fr-CA\",\"@id\":\"https:\/\/www.uqac.ca\/uqactualites\/#\/schema\/person\/image\/\",\"url\":\"https:\/\/secure.gravatar.com\/avatar\/20fbbda8a292f59f2d3461a5b999c00b?s=96&d=mm&r=g\",\"contentUrl\":\"https:\/\/secure.gravatar.com\/avatar\/20fbbda8a292f59f2d3461a5b999c00b?s=96&d=mm&r=g\",\"caption\":\"Service des communications et des relations publiques\"},\"url\":\"https:\/\/www.uqac.ca\/uqactualites\/author\/bap\/\"}]}<\/script>\r\n<!-- \/ Yoast SEO plugin. -->","yoast_head_json":{"title":"Semaine de la reconnaissance 2011 - Les dipl\u00f4m\u00e9s en sciences comptables de l\u2019UQAC \u00e0 l\u2019honneur - UQACtualit\u00e9s","robots":{"index":"index","follow":"follow","max-snippet":"max-snippet:-1","max-image-preview":"max-image-preview:large","max-video-preview":"max-video-preview:-1"},"canonical":"https:\/\/www.uqac.ca\/uqactualites\/2011\/03\/30\/semaine-de-la-reconnaissance-2011-les-diplomes-en-sciences-comptables-de-luqac-a-lhonneur\/","og_locale":"fr_CA","og_type":"article","og_title":"Semaine de la reconnaissance 2011 - Les dipl\u00f4m\u00e9s en sciences comptables de l\u2019UQAC \u00e0 l\u2019honneur - UQACtualit\u00e9s","og_description":"Saguenay, 30 mars 2011 \u2010 Dans le cadre de la Semaine de la reconnaissance qui se tiendra cette ann\u00e9e du 9 au 13 mai 2011, l\u2019UQAC a choisi d\u2019honorer ses dipl\u00f4m\u00e9s en sciences comptables des 40 derni\u00e8res ann\u00e9es. C\u2019est sous la pr\u00e9sidence d\u2019honneur de mesdames Annie Lapointe, CA, directrice aux services aux entreprises \u00e0 la [&hellip;]","og_url":"https:\/\/www.uqac.ca\/uqactualites\/2011\/03\/30\/semaine-de-la-reconnaissance-2011-les-diplomes-en-sciences-comptables-de-luqac-a-lhonneur\/","og_site_name":"UQACtualit\u00e9s","article_published_time":"2011-03-30T14:51:07+00:00","og_image":[{"width":620,"height":300,"url":"https:\/\/www.uqac.ca\/uqactualites\/wp-content\/uploads\/2012\/05\/communiqu-.jpg","type":"image\/jpeg"}],"author":"Service des communications et des relations publiques","twitter_card":"summary_large_image","twitter_misc":{"\u00c9crit par":"Service des communications et des relations publiques","Estimation du temps de lecture":"2 minutes"},"schema":{"@context":"https:\/\/schema.org","@graph":[{"@type":"WebPage","@id":"https:\/\/www.uqac.ca\/uqactualites\/2011\/03\/30\/semaine-de-la-reconnaissance-2011-les-diplomes-en-sciences-comptables-de-luqac-a-lhonneur\/","url":"https:\/\/www.uqac.ca\/uqactualites\/2011\/03\/30\/semaine-de-la-reconnaissance-2011-les-diplomes-en-sciences-comptables-de-luqac-a-lhonneur\/","name":"Semaine de la reconnaissance 2011 - Les dipl\u00f4m\u00e9s en sciences comptables de l\u2019UQAC \u00e0 l\u2019honneur - UQACtualit\u00e9s","isPartOf":{"@id":"https:\/\/www.uqac.ca\/uqactualites\/#website"},"primaryImageOfPage":{"@id":"https:\/\/www.uqac.ca\/uqactualites\/2011\/03\/30\/semaine-de-la-reconnaissance-2011-les-diplomes-en-sciences-comptables-de-luqac-a-lhonneur\/#primaryimage"},"image":{"@id":"https:\/\/www.uqac.ca\/uqactualites\/2011\/03\/30\/semaine-de-la-reconnaissance-2011-les-diplomes-en-sciences-comptables-de-luqac-a-lhonneur\/#primaryimage"},"thumbnailUrl":"https:\/\/www.uqac.ca\/uqactualites\/wp-content\/uploads\/2012\/05\/communiqu-.jpg","datePublished":"2011-03-30T14:51:07+00:00","dateModified":"2011-03-30T14:51:07+00:00","author":{"@id":"https:\/\/www.uqac.ca\/uqactualites\/#\/schema\/person\/366c45a0c4f0e677b41b4af5886e2018"},"breadcrumb":{"@id":"https:\/\/www.uqac.ca\/uqactualites\/2011\/03\/30\/semaine-de-la-reconnaissance-2011-les-diplomes-en-sciences-comptables-de-luqac-a-lhonneur\/#breadcrumb"},"inLanguage":"fr-CA","potentialAction":[{"@type":"ReadAction","target":["https:\/\/www.uqac.ca\/uqactualites\/2011\/03\/30\/semaine-de-la-reconnaissance-2011-les-diplomes-en-sciences-comptables-de-luqac-a-lhonneur\/"]}]},{"@type":"ImageObject","inLanguage":"fr-CA","@id":"https:\/\/www.uqac.ca\/uqactualites\/2011\/03\/30\/semaine-de-la-reconnaissance-2011-les-diplomes-en-sciences-comptables-de-luqac-a-lhonneur\/#primaryimage","url":"https:\/\/www.uqac.ca\/uqactualites\/wp-content\/uploads\/2012\/05\/communiqu-.jpg","contentUrl":"https:\/\/www.uqac.ca\/uqactualites\/wp-content\/uploads\/2012\/05\/communiqu-.jpg","width":620,"height":300},{"@type":"BreadcrumbList","@id":"https:\/\/www.uqac.ca\/uqactualites\/2011\/03\/30\/semaine-de-la-reconnaissance-2011-les-diplomes-en-sciences-comptables-de-luqac-a-lhonneur\/#breadcrumb","itemListElement":[{"@type":"ListItem","position":1,"name":"Home","item":"https:\/\/www.uqac.ca\/uqactualites\/"},{"@type":"ListItem","position":2,"name":"Semaine de la reconnaissance 2011 &#8211; Les dipl\u00f4m\u00e9s en sciences comptables de l\u2019UQAC \u00e0 l\u2019honneur"}]},{"@type":"WebSite","@id":"https:\/\/www.uqac.ca\/uqactualites\/#website","url":"https:\/\/www.uqac.ca\/uqactualites\/","name":"UQACtualit\u00e9s","description":"Le portail des nouvelles de l&#039;UQAC","potentialAction":[{"@type":"SearchAction","target":{"@type":"EntryPoint","urlTemplate":"https:\/\/www.uqac.ca\/uqactualites\/?s={search_term_string}"},"query-input":{"@type":"PropertyValueSpecification","valueRequired":true,"valueName":"search_term_string"}}],"inLanguage":"fr-CA"},{"@type":"Person","@id":"https:\/\/www.uqac.ca\/uqactualites\/#\/schema\/person\/366c45a0c4f0e677b41b4af5886e2018","name":"Service des communications et des relations publiques","image":{"@type":"ImageObject","inLanguage":"fr-CA","@id":"https:\/\/www.uqac.ca\/uqactualites\/#\/schema\/person\/image\/","url":"https:\/\/secure.gravatar.com\/avatar\/20fbbda8a292f59f2d3461a5b999c00b?s=96&d=mm&r=g","contentUrl":"https:\/\/secure.gravatar.com\/avatar\/20fbbda8a292f59f2d3461a5b999c00b?s=96&d=mm&r=g","caption":"Service des communications et des relations publiques"},"url":"https:\/\/www.uqac.ca\/uqactualites\/author\/bap\/"}]}},"_links":{"self":[{"href":"https:\/\/www.uqac.ca\/uqactualites\/wp-json\/wp\/v2\/posts\/28142"}],"collection":[{"href":"https:\/\/www.uqac.ca\/uqactualites\/wp-json\/wp\/v2\/posts"}],"about":[{"href":"https:\/\/www.uqac.ca\/uqactualites\/wp-json\/wp\/v2\/types\/post"}],"author":[{"embeddable":true,"href":"https:\/\/www.uqac.ca\/uqactualites\/wp-json\/wp\/v2\/users\/5"}],"replies":[{"embeddable":true,"href":"https:\/\/www.uqac.ca\/uqactualites\/wp-json\/wp\/v2\/comments?post=28142"}],"version-history":[{"count":0,"href":"https:\/\/www.uqac.ca\/uqactualites\/wp-json\/wp\/v2\/posts\/28142\/revisions"}],"wp:featuredmedia":[{"embeddable":true,"href":"https:\/\/www.uqac.ca\/uqactualites\/wp-json\/wp\/v2\/media\/20745"}],"wp:attachment":[{"href":"https:\/\/www.uqac.ca\/uqactualites\/wp-json\/wp\/v2\/media?parent=28142"}],"wp:term":[{"taxonomy":"category","embeddable":true,"href":"https:\/\/www.uqac.ca\/uqactualites\/wp-json\/wp\/v2\/categories?post=28142"},{"taxonomy":"post_tag","embeddable":true,"href":"https:\/\/www.uqac.ca\/uqactualites\/wp-json\/wp\/v2\/tags?post=28142"}],"curies":[{"name":"wp","href":"https:\/\/api.w.org\/{rel}","templated":true}]}}