{"id":28186,"date":"2014-08-26T08:56:06","date_gmt":"2014-08-26T12:56:06","guid":{"rendered":"http:\/\/uqactualite.odev.ca\/?p=28186"},"modified":"2014-08-26T08:56:06","modified_gmt":"2014-08-26T12:56:06","slug":"gymtonique-et-zumba-a-la-rentree-2014","status":"publish","type":"post","link":"https:\/\/www.uqac.ca\/uqactualites\/2014\/08\/26\/gymtonique-et-zumba-a-la-rentree-2014\/","title":{"rendered":"RAPPEL : Gymtonique et Zumba \u00e0 la rentr\u00e9e 2014"},"content":{"rendered":"<p style=\"text-align: justify\">Dans le cadre des f\u00eates de la rentr\u00e9e\u00a02014, la Vie \u00e9tudiante et le MAGE\u2011UQAC invitent la communaut\u00e9 universitaire \u00e0 participer aux activit\u00e9s de Gymtonique (danse a\u00e9robique) et de Zumba\u00a0:<\/p>\n<p style=\"text-align: center\"><strong>Mercredi 27 ao\u00fbt et jeudi 28 ao\u00fbt 2014 <\/strong><strong>\u25aa<\/strong><strong> 12\u00a0h<br \/>\n<\/strong>Cour int\u00e9rieure du Pavillon principal<\/p>\n<p style=\"text-align: justify\">L\u2019objectif est de rassembler le personnel et les \u00e9tudiants de l\u2019UQAC tout en faisant de l\u2019activit\u00e9 physique. Nous vous sugg\u00e9rons de porter des v\u00eatements confortables, d\u2019apporter une serviette, une bouteille d\u2019eau ainsi qu\u2019une paire de chaussures de sport. Ceux et celles qui le d\u00e9sirent pourront profiter des installations du Pavillon sportif pour se changer et prendre une douche apr\u00e8s l\u2019activit\u00e9.<\/p>\n<p style=\"text-align: justify\">C\u2019est tout \u00e0 fait gratuit!<br \/>\nEn cas de pluie, l\u2019activit\u00e9 aura lieu au centre social.<\/p>\n<p style=\"text-align: justify\">Au plaisir de vous y voir tous!<\/p>\n<p style=\"text-align: justify\"><strong><br \/>\nRenseignements\u00a0:<\/strong><br \/>\nMyriam Tremblay, secr\u00e9taire \u00e0 la Vie \u00e9tudiante<br \/>\nServices aux \u00e9tudiants<br \/>\nUniversit\u00e9 du Qu\u00e9bec \u00e0 Chicoutimi<br \/>\n418 545-5011, poste 5617\u00a0 \u25aa\u00a0 <span style=\"text-decoration: underline\"><a href=\"mailto:vie_etudiante@uqac.ca\">vie_etudiante@uqac.ca<\/a><\/span><\/p>\n","protected":false},"excerpt":{"rendered":"<p>Dans le cadre des f\u00eates de la rentr\u00e9e\u00a02014, la Vie \u00e9tudiante et le MAGE\u2011UQAC invitent la communaut\u00e9 universitaire \u00e0 participer aux activit\u00e9s de Gymtonique (danse a\u00e9robique) et de Zumba\u00a0: Mercredi 27 ao\u00fbt et jeudi 28 ao\u00fbt 2014 \u25aa 12\u00a0h Cour int\u00e9rieure du Pavillon principal L\u2019objectif est de rassembler le personnel et les \u00e9tudiants de l\u2019UQAC [&hellip;]<\/p>\n","protected":false},"author":5,"featured_media":20989,"comment_status":"open","ping_status":"open","sticky":false,"template":"","format":"standard","meta":{"footnotes":""},"categories":[2772],"tags":[564,1513,538,958,94,1006,1514],"yoast_head":"<!-- This site is optimized with the Yoast SEO plugin v24.2 - https:\/\/yoast.com\/wordpress\/plugins\/seo\/ -->\r\n<title>RAPPEL : Gymtonique et Zumba \u00e0 la rentr\u00e9e 2014 - UQACtualit\u00e9s<\/title>\r\n<meta name=\"robots\" content=\"index, follow, max-snippet:-1, max-image-preview:large, max-video-preview:-1\" \/>\r\n<link rel=\"canonical\" href=\"https:\/\/www.uqac.ca\/uqactualites\/2014\/08\/26\/gymtonique-et-zumba-a-la-rentree-2014\/\" \/>\r\n<meta property=\"og:locale\" content=\"fr_CA\" \/>\r\n<meta property=\"og:type\" content=\"article\" \/>\r\n<meta property=\"og:title\" content=\"RAPPEL : Gymtonique et Zumba \u00e0 la rentr\u00e9e 2014 - UQACtualit\u00e9s\" \/>\r\n<meta property=\"og:description\" content=\"Dans le cadre des f\u00eates de la rentr\u00e9e\u00a02014, la Vie \u00e9tudiante et le MAGE\u2011UQAC invitent la communaut\u00e9 universitaire \u00e0 participer aux activit\u00e9s de Gymtonique (danse a\u00e9robique) et de Zumba\u00a0: Mercredi 27 ao\u00fbt et jeudi 28 ao\u00fbt 2014 \u25aa 12\u00a0h Cour int\u00e9rieure du Pavillon principal L\u2019objectif est de rassembler le personnel et les \u00e9tudiants de l\u2019UQAC [&hellip;]\" \/>\r\n<meta property=\"og:url\" content=\"https:\/\/www.uqac.ca\/uqactualites\/2014\/08\/26\/gymtonique-et-zumba-a-la-rentree-2014\/\" \/>\r\n<meta property=\"og:site_name\" content=\"UQACtualit\u00e9s\" \/>\r\n<meta property=\"article:published_time\" content=\"2014-08-26T12:56:06+00:00\" \/>\r\n<meta property=\"og:image\" content=\"https:\/\/www.uqac.ca\/uqactualites\/wp-content\/uploads\/2012\/05\/avis-laCommunaut-.jpg\" \/>\r\n\t<meta property=\"og:image:width\" content=\"620\" \/>\r\n\t<meta property=\"og:image:height\" content=\"300\" \/>\r\n\t<meta property=\"og:image:type\" content=\"image\/jpeg\" \/>\r\n<meta name=\"author\" content=\"Service des communications et des relations publiques\" \/>\r\n<meta name=\"twitter:card\" content=\"summary_large_image\" \/>\r\n<meta name=\"twitter:label1\" content=\"\u00c9crit par\" \/>\n\t<meta name=\"twitter:data1\" content=\"Service des communications et des relations publiques\" \/>\n\t<meta name=\"twitter:label2\" content=\"Estimation du temps de lecture\" \/>\n\t<meta name=\"twitter:data2\" content=\"1 minute\" \/>\r\n<script type=\"application\/ld+json\" class=\"yoast-schema-graph\">{\"@context\":\"https:\/\/schema.org\",\"@graph\":[{\"@type\":\"WebPage\",\"@id\":\"https:\/\/www.uqac.ca\/uqactualites\/2014\/08\/26\/gymtonique-et-zumba-a-la-rentree-2014\/\",\"url\":\"https:\/\/www.uqac.ca\/uqactualites\/2014\/08\/26\/gymtonique-et-zumba-a-la-rentree-2014\/\",\"name\":\"RAPPEL : Gymtonique et Zumba \u00e0 la rentr\u00e9e 2014 - UQACtualit\u00e9s\",\"isPartOf\":{\"@id\":\"https:\/\/www.uqac.ca\/uqactualites\/#website\"},\"primaryImageOfPage\":{\"@id\":\"https:\/\/www.uqac.ca\/uqactualites\/2014\/08\/26\/gymtonique-et-zumba-a-la-rentree-2014\/#primaryimage\"},\"image\":{\"@id\":\"https:\/\/www.uqac.ca\/uqactualites\/2014\/08\/26\/gymtonique-et-zumba-a-la-rentree-2014\/#primaryimage\"},\"thumbnailUrl\":\"https:\/\/www.uqac.ca\/uqactualites\/wp-content\/uploads\/2012\/05\/avis-laCommunaut-.jpg\",\"datePublished\":\"2014-08-26T12:56:06+00:00\",\"dateModified\":\"2014-08-26T12:56:06+00:00\",\"author\":{\"@id\":\"https:\/\/www.uqac.ca\/uqactualites\/#\/schema\/person\/366c45a0c4f0e677b41b4af5886e2018\"},\"breadcrumb\":{\"@id\":\"https:\/\/www.uqac.ca\/uqactualites\/2014\/08\/26\/gymtonique-et-zumba-a-la-rentree-2014\/#breadcrumb\"},\"inLanguage\":\"fr-CA\",\"potentialAction\":[{\"@type\":\"ReadAction\",\"target\":[\"https:\/\/www.uqac.ca\/uqactualites\/2014\/08\/26\/gymtonique-et-zumba-a-la-rentree-2014\/\"]}]},{\"@type\":\"ImageObject\",\"inLanguage\":\"fr-CA\",\"@id\":\"https:\/\/www.uqac.ca\/uqactualites\/2014\/08\/26\/gymtonique-et-zumba-a-la-rentree-2014\/#primaryimage\",\"url\":\"https:\/\/www.uqac.ca\/uqactualites\/wp-content\/uploads\/2012\/05\/avis-laCommunaut-.jpg\",\"contentUrl\":\"https:\/\/www.uqac.ca\/uqactualites\/wp-content\/uploads\/2012\/05\/avis-laCommunaut-.jpg\",\"width\":620,\"height\":300},{\"@type\":\"BreadcrumbList\",\"@id\":\"https:\/\/www.uqac.ca\/uqactualites\/2014\/08\/26\/gymtonique-et-zumba-a-la-rentree-2014\/#breadcrumb\",\"itemListElement\":[{\"@type\":\"ListItem\",\"position\":1,\"name\":\"Home\",\"item\":\"https:\/\/www.uqac.ca\/uqactualites\/\"},{\"@type\":\"ListItem\",\"position\":2,\"name\":\"RAPPEL : Gymtonique et Zumba \u00e0 la rentr\u00e9e 2014\"}]},{\"@type\":\"WebSite\",\"@id\":\"https:\/\/www.uqac.ca\/uqactualites\/#website\",\"url\":\"https:\/\/www.uqac.ca\/uqactualites\/\",\"name\":\"UQACtualit\u00e9s\",\"description\":\"Le portail des nouvelles de l&#039;UQAC\",\"potentialAction\":[{\"@type\":\"SearchAction\",\"target\":{\"@type\":\"EntryPoint\",\"urlTemplate\":\"https:\/\/www.uqac.ca\/uqactualites\/?s={search_term_string}\"},\"query-input\":{\"@type\":\"PropertyValueSpecification\",\"valueRequired\":true,\"valueName\":\"search_term_string\"}}],\"inLanguage\":\"fr-CA\"},{\"@type\":\"Person\",\"@id\":\"https:\/\/www.uqac.ca\/uqactualites\/#\/schema\/person\/366c45a0c4f0e677b41b4af5886e2018\",\"name\":\"Service des communications et des relations publiques\",\"image\":{\"@type\":\"ImageObject\",\"inLanguage\":\"fr-CA\",\"@id\":\"https:\/\/www.uqac.ca\/uqactualites\/#\/schema\/person\/image\/\",\"url\":\"https:\/\/secure.gravatar.com\/avatar\/20fbbda8a292f59f2d3461a5b999c00b?s=96&d=mm&r=g\",\"contentUrl\":\"https:\/\/secure.gravatar.com\/avatar\/20fbbda8a292f59f2d3461a5b999c00b?s=96&d=mm&r=g\",\"caption\":\"Service des communications et des relations publiques\"},\"url\":\"https:\/\/www.uqac.ca\/uqactualites\/author\/bap\/\"}]}<\/script>\r\n<!-- \/ Yoast SEO plugin. -->","yoast_head_json":{"title":"RAPPEL : Gymtonique et Zumba \u00e0 la rentr\u00e9e 2014 - UQACtualit\u00e9s","robots":{"index":"index","follow":"follow","max-snippet":"max-snippet:-1","max-image-preview":"max-image-preview:large","max-video-preview":"max-video-preview:-1"},"canonical":"https:\/\/www.uqac.ca\/uqactualites\/2014\/08\/26\/gymtonique-et-zumba-a-la-rentree-2014\/","og_locale":"fr_CA","og_type":"article","og_title":"RAPPEL : Gymtonique et Zumba \u00e0 la rentr\u00e9e 2014 - UQACtualit\u00e9s","og_description":"Dans le cadre des f\u00eates de la rentr\u00e9e\u00a02014, la Vie \u00e9tudiante et le MAGE\u2011UQAC invitent la communaut\u00e9 universitaire \u00e0 participer aux activit\u00e9s de Gymtonique (danse a\u00e9robique) et de Zumba\u00a0: Mercredi 27 ao\u00fbt et jeudi 28 ao\u00fbt 2014 \u25aa 12\u00a0h Cour int\u00e9rieure du Pavillon principal L\u2019objectif est de rassembler le personnel et les \u00e9tudiants de l\u2019UQAC [&hellip;]","og_url":"https:\/\/www.uqac.ca\/uqactualites\/2014\/08\/26\/gymtonique-et-zumba-a-la-rentree-2014\/","og_site_name":"UQACtualit\u00e9s","article_published_time":"2014-08-26T12:56:06+00:00","og_image":[{"width":620,"height":300,"url":"https:\/\/www.uqac.ca\/uqactualites\/wp-content\/uploads\/2012\/05\/avis-laCommunaut-.jpg","type":"image\/jpeg"}],"author":"Service des communications et des relations publiques","twitter_card":"summary_large_image","twitter_misc":{"\u00c9crit par":"Service des communications et des relations publiques","Estimation du temps de lecture":"1 minute"},"schema":{"@context":"https:\/\/schema.org","@graph":[{"@type":"WebPage","@id":"https:\/\/www.uqac.ca\/uqactualites\/2014\/08\/26\/gymtonique-et-zumba-a-la-rentree-2014\/","url":"https:\/\/www.uqac.ca\/uqactualites\/2014\/08\/26\/gymtonique-et-zumba-a-la-rentree-2014\/","name":"RAPPEL : Gymtonique et Zumba \u00e0 la rentr\u00e9e 2014 - UQACtualit\u00e9s","isPartOf":{"@id":"https:\/\/www.uqac.ca\/uqactualites\/#website"},"primaryImageOfPage":{"@id":"https:\/\/www.uqac.ca\/uqactualites\/2014\/08\/26\/gymtonique-et-zumba-a-la-rentree-2014\/#primaryimage"},"image":{"@id":"https:\/\/www.uqac.ca\/uqactualites\/2014\/08\/26\/gymtonique-et-zumba-a-la-rentree-2014\/#primaryimage"},"thumbnailUrl":"https:\/\/www.uqac.ca\/uqactualites\/wp-content\/uploads\/2012\/05\/avis-laCommunaut-.jpg","datePublished":"2014-08-26T12:56:06+00:00","dateModified":"2014-08-26T12:56:06+00:00","author":{"@id":"https:\/\/www.uqac.ca\/uqactualites\/#\/schema\/person\/366c45a0c4f0e677b41b4af5886e2018"},"breadcrumb":{"@id":"https:\/\/www.uqac.ca\/uqactualites\/2014\/08\/26\/gymtonique-et-zumba-a-la-rentree-2014\/#breadcrumb"},"inLanguage":"fr-CA","potentialAction":[{"@type":"ReadAction","target":["https:\/\/www.uqac.ca\/uqactualites\/2014\/08\/26\/gymtonique-et-zumba-a-la-rentree-2014\/"]}]},{"@type":"ImageObject","inLanguage":"fr-CA","@id":"https:\/\/www.uqac.ca\/uqactualites\/2014\/08\/26\/gymtonique-et-zumba-a-la-rentree-2014\/#primaryimage","url":"https:\/\/www.uqac.ca\/uqactualites\/wp-content\/uploads\/2012\/05\/avis-laCommunaut-.jpg","contentUrl":"https:\/\/www.uqac.ca\/uqactualites\/wp-content\/uploads\/2012\/05\/avis-laCommunaut-.jpg","width":620,"height":300},{"@type":"BreadcrumbList","@id":"https:\/\/www.uqac.ca\/uqactualites\/2014\/08\/26\/gymtonique-et-zumba-a-la-rentree-2014\/#breadcrumb","itemListElement":[{"@type":"ListItem","position":1,"name":"Home","item":"https:\/\/www.uqac.ca\/uqactualites\/"},{"@type":"ListItem","position":2,"name":"RAPPEL : Gymtonique et Zumba \u00e0 la rentr\u00e9e 2014"}]},{"@type":"WebSite","@id":"https:\/\/www.uqac.ca\/uqactualites\/#website","url":"https:\/\/www.uqac.ca\/uqactualites\/","name":"UQACtualit\u00e9s","description":"Le portail des nouvelles de l&#039;UQAC","potentialAction":[{"@type":"SearchAction","target":{"@type":"EntryPoint","urlTemplate":"https:\/\/www.uqac.ca\/uqactualites\/?s={search_term_string}"},"query-input":{"@type":"PropertyValueSpecification","valueRequired":true,"valueName":"search_term_string"}}],"inLanguage":"fr-CA"},{"@type":"Person","@id":"https:\/\/www.uqac.ca\/uqactualites\/#\/schema\/person\/366c45a0c4f0e677b41b4af5886e2018","name":"Service des communications et des relations publiques","image":{"@type":"ImageObject","inLanguage":"fr-CA","@id":"https:\/\/www.uqac.ca\/uqactualites\/#\/schema\/person\/image\/","url":"https:\/\/secure.gravatar.com\/avatar\/20fbbda8a292f59f2d3461a5b999c00b?s=96&d=mm&r=g","contentUrl":"https:\/\/secure.gravatar.com\/avatar\/20fbbda8a292f59f2d3461a5b999c00b?s=96&d=mm&r=g","caption":"Service des communications et des relations publiques"},"url":"https:\/\/www.uqac.ca\/uqactualites\/author\/bap\/"}]}},"_links":{"self":[{"href":"https:\/\/www.uqac.ca\/uqactualites\/wp-json\/wp\/v2\/posts\/28186"}],"collection":[{"href":"https:\/\/www.uqac.ca\/uqactualites\/wp-json\/wp\/v2\/posts"}],"about":[{"href":"https:\/\/www.uqac.ca\/uqactualites\/wp-json\/wp\/v2\/types\/post"}],"author":[{"embeddable":true,"href":"https:\/\/www.uqac.ca\/uqactualites\/wp-json\/wp\/v2\/users\/5"}],"replies":[{"embeddable":true,"href":"https:\/\/www.uqac.ca\/uqactualites\/wp-json\/wp\/v2\/comments?post=28186"}],"version-history":[{"count":0,"href":"https:\/\/www.uqac.ca\/uqactualites\/wp-json\/wp\/v2\/posts\/28186\/revisions"}],"wp:featuredmedia":[{"embeddable":true,"href":"https:\/\/www.uqac.ca\/uqactualites\/wp-json\/wp\/v2\/media\/20989"}],"wp:attachment":[{"href":"https:\/\/www.uqac.ca\/uqactualites\/wp-json\/wp\/v2\/media?parent=28186"}],"wp:term":[{"taxonomy":"category","embeddable":true,"href":"https:\/\/www.uqac.ca\/uqactualites\/wp-json\/wp\/v2\/categories?post=28186"},{"taxonomy":"post_tag","embeddable":true,"href":"https:\/\/www.uqac.ca\/uqactualites\/wp-json\/wp\/v2\/tags?post=28186"}],"curies":[{"name":"wp","href":"https:\/\/api.w.org\/{rel}","templated":true}]}}