{"id":28199,"date":"2014-08-22T12:56:18","date_gmt":"2014-08-22T16:56:18","guid":{"rendered":"http:\/\/uqactualite.odev.ca\/?p=28199"},"modified":"2014-08-22T12:56:18","modified_gmt":"2014-08-22T16:56:18","slug":"appel-de-projet-de-renovation-residentielle-bricc","status":"publish","type":"post","link":"https:\/\/www.uqac.ca\/uqactualites\/2014\/08\/22\/appel-de-projet-de-renovation-residentielle-bricc\/","title":{"rendered":"Appel de projet de r\u00e9novation r\u00e9sidentielle BRICC"},"content":{"rendered":"<p style=\"text-align: justify\">Le D\u00e9partement de technologie de l\u2019architecture du C\u00e9gep de Chicoutimi est fier de mettre \u00e0 nouveau sur pied cet automne la Bo\u00eete de r\u00e9novation interactive du C\u00e9gep de Chicoutimi (BRICC).<\/p>\n<p style=\"text-align: justify\">Vous voulez r\u00e9am\u00e9nager votre cuisine, votre salle de bain ou votre salle de lavage? Les \u00e9tudiants qui participent \u00e0 la BRICC vous offrent leurs services pour effectuer, avec votre collaboration, les plans d\u2019am\u00e9nagement de votre projet.<\/p>\n<p style=\"text-align: justify\">Pour soumettre un projet, visitez le <span style=\"text-decoration: underline\"><a href=\"http:\/\/www.bricc.ca\" target=\"_blank\" rel=\"noopener\">www.bricc.ca<\/a><\/span>. Inscrivez-vous avant le 29 ao\u00fbt 2014. Les plans de votre projet seront r\u00e9alis\u00e9s durant la session d\u2019automne 2014.<\/p>\n<p style=\"text-align: justify\"><strong><br \/>\nRenseignements\u00a0:<\/strong><\/p>\n<p style=\"text-align: justify\">Christiane C\u00f4t\u00e9<br \/>\nD\u00e9partement de technologie de l\u2019architecture<br \/>\nC\u00e9gep de Chicoutimi<br \/>\n418 549-9520, poste\u00a01482<\/p>\n<p style=\"text-align: justify\">Johany Ouellet<br \/>\nD\u00e9partement de technologie de l\u2019architecture<br \/>\nC\u00e9gep de Chicoutimi<br \/>\n418 549-9520, poste\u00a01480<\/p>\n","protected":false},"excerpt":{"rendered":"<p>Le D\u00e9partement de technologie de l\u2019architecture du C\u00e9gep de Chicoutimi est fier de mettre \u00e0 nouveau sur pied cet automne la Bo\u00eete de r\u00e9novation interactive du C\u00e9gep de Chicoutimi (BRICC). Vous voulez r\u00e9am\u00e9nager votre cuisine, votre salle de bain ou votre salle de lavage? Les \u00e9tudiants qui participent \u00e0 la BRICC vous offrent leurs services [&hellip;]<\/p>\n","protected":false},"author":5,"featured_media":20989,"comment_status":"open","ping_status":"open","sticky":false,"template":"","format":"standard","meta":{"footnotes":""},"categories":[2772],"tags":[1520,1521,1522,1523,999],"yoast_head":"<!-- This site is optimized with the Yoast SEO plugin v24.2 - https:\/\/yoast.com\/wordpress\/plugins\/seo\/ -->\r\n<title>Appel de projet de r\u00e9novation r\u00e9sidentielle BRICC - UQACtualit\u00e9s<\/title>\r\n<meta name=\"robots\" content=\"index, follow, max-snippet:-1, max-image-preview:large, max-video-preview:-1\" \/>\r\n<link rel=\"canonical\" href=\"https:\/\/www.uqac.ca\/uqactualites\/2014\/08\/22\/appel-de-projet-de-renovation-residentielle-bricc\/\" \/>\r\n<meta property=\"og:locale\" content=\"fr_CA\" \/>\r\n<meta property=\"og:type\" content=\"article\" \/>\r\n<meta property=\"og:title\" content=\"Appel de projet de r\u00e9novation r\u00e9sidentielle BRICC - UQACtualit\u00e9s\" \/>\r\n<meta property=\"og:description\" content=\"Le D\u00e9partement de technologie de l\u2019architecture du C\u00e9gep de Chicoutimi est fier de mettre \u00e0 nouveau sur pied cet automne la Bo\u00eete de r\u00e9novation interactive du C\u00e9gep de Chicoutimi (BRICC). Vous voulez r\u00e9am\u00e9nager votre cuisine, votre salle de bain ou votre salle de lavage? Les \u00e9tudiants qui participent \u00e0 la BRICC vous offrent leurs services [&hellip;]\" \/>\r\n<meta property=\"og:url\" content=\"https:\/\/www.uqac.ca\/uqactualites\/2014\/08\/22\/appel-de-projet-de-renovation-residentielle-bricc\/\" \/>\r\n<meta property=\"og:site_name\" content=\"UQACtualit\u00e9s\" \/>\r\n<meta property=\"article:published_time\" content=\"2014-08-22T16:56:18+00:00\" \/>\r\n<meta property=\"og:image\" content=\"https:\/\/www.uqac.ca\/uqactualites\/wp-content\/uploads\/2012\/05\/avis-laCommunaut-.jpg\" \/>\r\n\t<meta property=\"og:image:width\" content=\"620\" \/>\r\n\t<meta property=\"og:image:height\" content=\"300\" \/>\r\n\t<meta property=\"og:image:type\" content=\"image\/jpeg\" \/>\r\n<meta name=\"author\" content=\"Service des communications et des relations publiques\" \/>\r\n<meta name=\"twitter:card\" content=\"summary_large_image\" \/>\r\n<meta name=\"twitter:label1\" content=\"\u00c9crit par\" \/>\n\t<meta name=\"twitter:data1\" content=\"Service des communications et des relations publiques\" \/>\n\t<meta name=\"twitter:label2\" content=\"Estimation du temps de lecture\" \/>\n\t<meta name=\"twitter:data2\" content=\"1 minute\" \/>\r\n<script type=\"application\/ld+json\" class=\"yoast-schema-graph\">{\"@context\":\"https:\/\/schema.org\",\"@graph\":[{\"@type\":\"WebPage\",\"@id\":\"https:\/\/www.uqac.ca\/uqactualites\/2014\/08\/22\/appel-de-projet-de-renovation-residentielle-bricc\/\",\"url\":\"https:\/\/www.uqac.ca\/uqactualites\/2014\/08\/22\/appel-de-projet-de-renovation-residentielle-bricc\/\",\"name\":\"Appel de projet de r\u00e9novation r\u00e9sidentielle BRICC - UQACtualit\u00e9s\",\"isPartOf\":{\"@id\":\"https:\/\/www.uqac.ca\/uqactualites\/#website\"},\"primaryImageOfPage\":{\"@id\":\"https:\/\/www.uqac.ca\/uqactualites\/2014\/08\/22\/appel-de-projet-de-renovation-residentielle-bricc\/#primaryimage\"},\"image\":{\"@id\":\"https:\/\/www.uqac.ca\/uqactualites\/2014\/08\/22\/appel-de-projet-de-renovation-residentielle-bricc\/#primaryimage\"},\"thumbnailUrl\":\"https:\/\/www.uqac.ca\/uqactualites\/wp-content\/uploads\/2012\/05\/avis-laCommunaut-.jpg\",\"datePublished\":\"2014-08-22T16:56:18+00:00\",\"dateModified\":\"2014-08-22T16:56:18+00:00\",\"author\":{\"@id\":\"https:\/\/www.uqac.ca\/uqactualites\/#\/schema\/person\/366c45a0c4f0e677b41b4af5886e2018\"},\"breadcrumb\":{\"@id\":\"https:\/\/www.uqac.ca\/uqactualites\/2014\/08\/22\/appel-de-projet-de-renovation-residentielle-bricc\/#breadcrumb\"},\"inLanguage\":\"fr-CA\",\"potentialAction\":[{\"@type\":\"ReadAction\",\"target\":[\"https:\/\/www.uqac.ca\/uqactualites\/2014\/08\/22\/appel-de-projet-de-renovation-residentielle-bricc\/\"]}]},{\"@type\":\"ImageObject\",\"inLanguage\":\"fr-CA\",\"@id\":\"https:\/\/www.uqac.ca\/uqactualites\/2014\/08\/22\/appel-de-projet-de-renovation-residentielle-bricc\/#primaryimage\",\"url\":\"https:\/\/www.uqac.ca\/uqactualites\/wp-content\/uploads\/2012\/05\/avis-laCommunaut-.jpg\",\"contentUrl\":\"https:\/\/www.uqac.ca\/uqactualites\/wp-content\/uploads\/2012\/05\/avis-laCommunaut-.jpg\",\"width\":620,\"height\":300},{\"@type\":\"BreadcrumbList\",\"@id\":\"https:\/\/www.uqac.ca\/uqactualites\/2014\/08\/22\/appel-de-projet-de-renovation-residentielle-bricc\/#breadcrumb\",\"itemListElement\":[{\"@type\":\"ListItem\",\"position\":1,\"name\":\"Home\",\"item\":\"https:\/\/www.uqac.ca\/uqactualites\/\"},{\"@type\":\"ListItem\",\"position\":2,\"name\":\"Appel de projet de r\u00e9novation r\u00e9sidentielle BRICC\"}]},{\"@type\":\"WebSite\",\"@id\":\"https:\/\/www.uqac.ca\/uqactualites\/#website\",\"url\":\"https:\/\/www.uqac.ca\/uqactualites\/\",\"name\":\"UQACtualit\u00e9s\",\"description\":\"Le portail des nouvelles de l&#039;UQAC\",\"potentialAction\":[{\"@type\":\"SearchAction\",\"target\":{\"@type\":\"EntryPoint\",\"urlTemplate\":\"https:\/\/www.uqac.ca\/uqactualites\/?s={search_term_string}\"},\"query-input\":{\"@type\":\"PropertyValueSpecification\",\"valueRequired\":true,\"valueName\":\"search_term_string\"}}],\"inLanguage\":\"fr-CA\"},{\"@type\":\"Person\",\"@id\":\"https:\/\/www.uqac.ca\/uqactualites\/#\/schema\/person\/366c45a0c4f0e677b41b4af5886e2018\",\"name\":\"Service des communications et des relations publiques\",\"image\":{\"@type\":\"ImageObject\",\"inLanguage\":\"fr-CA\",\"@id\":\"https:\/\/www.uqac.ca\/uqactualites\/#\/schema\/person\/image\/\",\"url\":\"https:\/\/secure.gravatar.com\/avatar\/20fbbda8a292f59f2d3461a5b999c00b?s=96&d=mm&r=g\",\"contentUrl\":\"https:\/\/secure.gravatar.com\/avatar\/20fbbda8a292f59f2d3461a5b999c00b?s=96&d=mm&r=g\",\"caption\":\"Service des communications et des relations publiques\"},\"url\":\"https:\/\/www.uqac.ca\/uqactualites\/author\/bap\/\"}]}<\/script>\r\n<!-- \/ Yoast SEO plugin. -->","yoast_head_json":{"title":"Appel de projet de r\u00e9novation r\u00e9sidentielle BRICC - UQACtualit\u00e9s","robots":{"index":"index","follow":"follow","max-snippet":"max-snippet:-1","max-image-preview":"max-image-preview:large","max-video-preview":"max-video-preview:-1"},"canonical":"https:\/\/www.uqac.ca\/uqactualites\/2014\/08\/22\/appel-de-projet-de-renovation-residentielle-bricc\/","og_locale":"fr_CA","og_type":"article","og_title":"Appel de projet de r\u00e9novation r\u00e9sidentielle BRICC - UQACtualit\u00e9s","og_description":"Le D\u00e9partement de technologie de l\u2019architecture du C\u00e9gep de Chicoutimi est fier de mettre \u00e0 nouveau sur pied cet automne la Bo\u00eete de r\u00e9novation interactive du C\u00e9gep de Chicoutimi (BRICC). Vous voulez r\u00e9am\u00e9nager votre cuisine, votre salle de bain ou votre salle de lavage? Les \u00e9tudiants qui participent \u00e0 la BRICC vous offrent leurs services [&hellip;]","og_url":"https:\/\/www.uqac.ca\/uqactualites\/2014\/08\/22\/appel-de-projet-de-renovation-residentielle-bricc\/","og_site_name":"UQACtualit\u00e9s","article_published_time":"2014-08-22T16:56:18+00:00","og_image":[{"width":620,"height":300,"url":"https:\/\/www.uqac.ca\/uqactualites\/wp-content\/uploads\/2012\/05\/avis-laCommunaut-.jpg","type":"image\/jpeg"}],"author":"Service des communications et des relations publiques","twitter_card":"summary_large_image","twitter_misc":{"\u00c9crit par":"Service des communications et des relations publiques","Estimation du temps de lecture":"1 minute"},"schema":{"@context":"https:\/\/schema.org","@graph":[{"@type":"WebPage","@id":"https:\/\/www.uqac.ca\/uqactualites\/2014\/08\/22\/appel-de-projet-de-renovation-residentielle-bricc\/","url":"https:\/\/www.uqac.ca\/uqactualites\/2014\/08\/22\/appel-de-projet-de-renovation-residentielle-bricc\/","name":"Appel de projet de r\u00e9novation r\u00e9sidentielle BRICC - UQACtualit\u00e9s","isPartOf":{"@id":"https:\/\/www.uqac.ca\/uqactualites\/#website"},"primaryImageOfPage":{"@id":"https:\/\/www.uqac.ca\/uqactualites\/2014\/08\/22\/appel-de-projet-de-renovation-residentielle-bricc\/#primaryimage"},"image":{"@id":"https:\/\/www.uqac.ca\/uqactualites\/2014\/08\/22\/appel-de-projet-de-renovation-residentielle-bricc\/#primaryimage"},"thumbnailUrl":"https:\/\/www.uqac.ca\/uqactualites\/wp-content\/uploads\/2012\/05\/avis-laCommunaut-.jpg","datePublished":"2014-08-22T16:56:18+00:00","dateModified":"2014-08-22T16:56:18+00:00","author":{"@id":"https:\/\/www.uqac.ca\/uqactualites\/#\/schema\/person\/366c45a0c4f0e677b41b4af5886e2018"},"breadcrumb":{"@id":"https:\/\/www.uqac.ca\/uqactualites\/2014\/08\/22\/appel-de-projet-de-renovation-residentielle-bricc\/#breadcrumb"},"inLanguage":"fr-CA","potentialAction":[{"@type":"ReadAction","target":["https:\/\/www.uqac.ca\/uqactualites\/2014\/08\/22\/appel-de-projet-de-renovation-residentielle-bricc\/"]}]},{"@type":"ImageObject","inLanguage":"fr-CA","@id":"https:\/\/www.uqac.ca\/uqactualites\/2014\/08\/22\/appel-de-projet-de-renovation-residentielle-bricc\/#primaryimage","url":"https:\/\/www.uqac.ca\/uqactualites\/wp-content\/uploads\/2012\/05\/avis-laCommunaut-.jpg","contentUrl":"https:\/\/www.uqac.ca\/uqactualites\/wp-content\/uploads\/2012\/05\/avis-laCommunaut-.jpg","width":620,"height":300},{"@type":"BreadcrumbList","@id":"https:\/\/www.uqac.ca\/uqactualites\/2014\/08\/22\/appel-de-projet-de-renovation-residentielle-bricc\/#breadcrumb","itemListElement":[{"@type":"ListItem","position":1,"name":"Home","item":"https:\/\/www.uqac.ca\/uqactualites\/"},{"@type":"ListItem","position":2,"name":"Appel de projet de r\u00e9novation r\u00e9sidentielle BRICC"}]},{"@type":"WebSite","@id":"https:\/\/www.uqac.ca\/uqactualites\/#website","url":"https:\/\/www.uqac.ca\/uqactualites\/","name":"UQACtualit\u00e9s","description":"Le portail des nouvelles de l&#039;UQAC","potentialAction":[{"@type":"SearchAction","target":{"@type":"EntryPoint","urlTemplate":"https:\/\/www.uqac.ca\/uqactualites\/?s={search_term_string}"},"query-input":{"@type":"PropertyValueSpecification","valueRequired":true,"valueName":"search_term_string"}}],"inLanguage":"fr-CA"},{"@type":"Person","@id":"https:\/\/www.uqac.ca\/uqactualites\/#\/schema\/person\/366c45a0c4f0e677b41b4af5886e2018","name":"Service des communications et des relations publiques","image":{"@type":"ImageObject","inLanguage":"fr-CA","@id":"https:\/\/www.uqac.ca\/uqactualites\/#\/schema\/person\/image\/","url":"https:\/\/secure.gravatar.com\/avatar\/20fbbda8a292f59f2d3461a5b999c00b?s=96&d=mm&r=g","contentUrl":"https:\/\/secure.gravatar.com\/avatar\/20fbbda8a292f59f2d3461a5b999c00b?s=96&d=mm&r=g","caption":"Service des communications et des relations publiques"},"url":"https:\/\/www.uqac.ca\/uqactualites\/author\/bap\/"}]}},"_links":{"self":[{"href":"https:\/\/www.uqac.ca\/uqactualites\/wp-json\/wp\/v2\/posts\/28199"}],"collection":[{"href":"https:\/\/www.uqac.ca\/uqactualites\/wp-json\/wp\/v2\/posts"}],"about":[{"href":"https:\/\/www.uqac.ca\/uqactualites\/wp-json\/wp\/v2\/types\/post"}],"author":[{"embeddable":true,"href":"https:\/\/www.uqac.ca\/uqactualites\/wp-json\/wp\/v2\/users\/5"}],"replies":[{"embeddable":true,"href":"https:\/\/www.uqac.ca\/uqactualites\/wp-json\/wp\/v2\/comments?post=28199"}],"version-history":[{"count":0,"href":"https:\/\/www.uqac.ca\/uqactualites\/wp-json\/wp\/v2\/posts\/28199\/revisions"}],"wp:featuredmedia":[{"embeddable":true,"href":"https:\/\/www.uqac.ca\/uqactualites\/wp-json\/wp\/v2\/media\/20989"}],"wp:attachment":[{"href":"https:\/\/www.uqac.ca\/uqactualites\/wp-json\/wp\/v2\/media?parent=28199"}],"wp:term":[{"taxonomy":"category","embeddable":true,"href":"https:\/\/www.uqac.ca\/uqactualites\/wp-json\/wp\/v2\/categories?post=28199"},{"taxonomy":"post_tag","embeddable":true,"href":"https:\/\/www.uqac.ca\/uqactualites\/wp-json\/wp\/v2\/tags?post=28199"}],"curies":[{"name":"wp","href":"https:\/\/api.w.org\/{rel}","templated":true}]}}