{"id":28210,"date":"2014-08-25T15:56:06","date_gmt":"2014-08-25T19:56:06","guid":{"rendered":"http:\/\/uqactualite.odev.ca\/?p=28210"},"modified":"2014-08-25T15:56:06","modified_gmt":"2014-08-25T19:56:06","slug":"invitation-ceremonie-de-cloture-de-la-campagne-majeure-de-developpement-2008-2013-uqac-fuqac","status":"publish","type":"post","link":"https:\/\/www.uqac.ca\/uqactualites\/2014\/08\/25\/invitation-ceremonie-de-cloture-de-la-campagne-majeure-de-developpement-2008-2013-uqac-fuqac\/","title":{"rendered":"Invitation &#8211; C\u00e9r\u00e9monie de cl\u00f4ture de la Campagne majeure de d\u00e9veloppement 2008-2013 UQAC-FUQAC"},"content":{"rendered":"<p style=\"text-align: justify\">Monsieur Martin Gauthier, recteur de l\u2019Universit\u00e9 du Qu\u00e9bec \u00e0 Chicoutimi, vous invite \u00e0 la c\u00e9r\u00e9monie de cl\u00f4ture de la Campagne majeure de d\u00e9veloppement 2008-2013 UQAC-FUQAC\u00a0:<\/p>\n<p style=\"text-align: center\"><strong>Vendredi 29 ao\u00fbt 2014\u00a0 <\/strong><strong>\u25aa<\/strong><strong>\u00a0 11\u00a0h<br \/>\nAuditorium de l\u2019UQAC (local P0-5000)<br \/>\n<\/strong>(Pavillon principal)<\/p>\n<p style=\"text-align: justify\">La c\u00e9r\u00e9monie se d\u00e9roulera en pr\u00e9sence de madame Monique F. Leroux, pr\u00e9sidente et chef de la direction du Mouvement Desjardins et pr\u00e9sidente de la Campagne majeure de d\u00e9veloppement 2008-2013 UQAC-FUQAC, ainsi que de M<sup>e<\/sup> Guy Wells, pr\u00e9sident de la Fondation de l\u2019Universit\u00e9 du Qu\u00e9bec \u00e0 Chicoutimi.<\/p>\n<p style=\"text-align: justify\">\u00c0 cette occasion, nous d\u00e9voilerons le montant final amass\u00e9 aupr\u00e8s de nos g\u00e9n\u00e9reux donateurs du milieu socio-\u00e9conomique et de la communaut\u00e9 universitaire.<\/p>\n<p style=\"text-align: justify\"><strong><br \/>\nImportant<\/strong><\/p>\n<p style=\"text-align: justify\">Les journalistes sont invit\u00e9s \u00e0 assister \u00e0 un bref point de presse avant la c\u00e9r\u00e9monie\u00a0:<\/p>\n<p style=\"text-align: center\"><strong>10 h \u00e0 10 h 30<\/strong><br \/>\nSalon Andr\u00e9 Desgagn\u00e9 (Pavillon Alphonse-Desjardins)<\/p>\n<p style=\"text-align: justify\">Veuillez nous aviser pr\u00e9alablement si vous souhaitez \u00e9galement obtenir des entrevues individuelles.<\/p>\n<p style=\"text-align: justify\"><strong><br \/>\nSource\u00a0:<br \/>\n<\/strong>Jean Wauthier, directeur<br \/>\nBureau des affaires publiques<br \/>\nUniversit\u00e9 du Qu\u00e9bec \u00e0 Chicoutimi<br \/>\n418\u00a0545-5011, poste\u00a05006\u00a0 \u25aa\u00a0 <span style=\"text-decoration: underline\"><a href=\"mailto:jean.wauthier@uqac.ca\">jean.wauthier@uqac.ca<\/a><\/span><\/p>\n<p style=\"text-align: justify\"><strong>Renseignements et demandes d\u2019entrevues\u00a0:<br \/>\n<\/strong>Jos\u00e9e Bourassa, agente d\u2019information<br \/>\nBureau des affaires publiques<br \/>\nUniversit\u00e9 du Qu\u00e9bec \u00e0 Chicoutimi<br \/>\n418\u00a0545-5011, poste\u00a02274\u00a0 \u25aa\u00a0 <span style=\"text-decoration: underline\"><a href=\"mailto:josee.bourassa@uqac.ca\">josee.bourassa@uqac.ca<\/a><\/span><\/p>\n","protected":false},"excerpt":{"rendered":"<p>Monsieur Martin Gauthier, recteur de l\u2019Universit\u00e9 du Qu\u00e9bec \u00e0 Chicoutimi, vous invite \u00e0 la c\u00e9r\u00e9monie de cl\u00f4ture de la Campagne majeure de d\u00e9veloppement 2008-2013 UQAC-FUQAC\u00a0: Vendredi 29 ao\u00fbt 2014\u00a0 \u25aa\u00a0 11\u00a0h Auditorium de l\u2019UQAC (local P0-5000) (Pavillon principal) La c\u00e9r\u00e9monie se d\u00e9roulera en pr\u00e9sence de madame Monique F. Leroux, pr\u00e9sidente et chef de la direction [&hellip;]<\/p>\n","protected":false},"author":5,"featured_media":23893,"comment_status":"open","ping_status":"open","sticky":false,"template":"","format":"standard","meta":{"footnotes":""},"categories":[2772],"tags":[256,212,1525,1526,273,49,1527,163],"yoast_head":"<!-- This site is optimized with the Yoast SEO plugin v24.2 - https:\/\/yoast.com\/wordpress\/plugins\/seo\/ -->\r\n<title>Invitation - C\u00e9r\u00e9monie de cl\u00f4ture de la Campagne majeure de d\u00e9veloppement 2008-2013 UQAC-FUQAC - UQACtualit\u00e9s<\/title>\r\n<meta name=\"robots\" content=\"index, follow, max-snippet:-1, max-image-preview:large, max-video-preview:-1\" \/>\r\n<link rel=\"canonical\" href=\"https:\/\/www.uqac.ca\/uqactualites\/2014\/08\/25\/invitation-ceremonie-de-cloture-de-la-campagne-majeure-de-developpement-2008-2013-uqac-fuqac\/\" \/>\r\n<meta property=\"og:locale\" content=\"fr_CA\" \/>\r\n<meta property=\"og:type\" content=\"article\" \/>\r\n<meta property=\"og:title\" content=\"Invitation - C\u00e9r\u00e9monie de cl\u00f4ture de la Campagne majeure de d\u00e9veloppement 2008-2013 UQAC-FUQAC - UQACtualit\u00e9s\" \/>\r\n<meta property=\"og:description\" content=\"Monsieur Martin Gauthier, recteur de l\u2019Universit\u00e9 du Qu\u00e9bec \u00e0 Chicoutimi, vous invite \u00e0 la c\u00e9r\u00e9monie de cl\u00f4ture de la Campagne majeure de d\u00e9veloppement 2008-2013 UQAC-FUQAC\u00a0: Vendredi 29 ao\u00fbt 2014\u00a0 \u25aa\u00a0 11\u00a0h Auditorium de l\u2019UQAC (local P0-5000) (Pavillon principal) La c\u00e9r\u00e9monie se d\u00e9roulera en pr\u00e9sence de madame Monique F. Leroux, pr\u00e9sidente et chef de la direction [&hellip;]\" \/>\r\n<meta property=\"og:url\" content=\"https:\/\/www.uqac.ca\/uqactualites\/2014\/08\/25\/invitation-ceremonie-de-cloture-de-la-campagne-majeure-de-developpement-2008-2013-uqac-fuqac\/\" \/>\r\n<meta property=\"og:site_name\" content=\"UQACtualit\u00e9s\" \/>\r\n<meta property=\"article:published_time\" content=\"2014-08-25T19:56:06+00:00\" \/>\r\n<meta property=\"og:image\" content=\"https:\/\/www.uqac.ca\/uqactualites\/wp-content\/uploads\/2013\/04\/Invitation.jpg\" \/>\r\n\t<meta property=\"og:image:width\" content=\"620\" \/>\r\n\t<meta property=\"og:image:height\" content=\"300\" \/>\r\n\t<meta property=\"og:image:type\" content=\"image\/jpeg\" \/>\r\n<meta name=\"author\" content=\"Service des communications et des relations publiques\" \/>\r\n<meta name=\"twitter:card\" content=\"summary_large_image\" \/>\r\n<meta name=\"twitter:label1\" content=\"\u00c9crit par\" \/>\n\t<meta name=\"twitter:data1\" content=\"Service des communications et des relations publiques\" \/>\n\t<meta name=\"twitter:label2\" content=\"Estimation du temps de lecture\" \/>\n\t<meta name=\"twitter:data2\" content=\"1 minute\" \/>\r\n<script type=\"application\/ld+json\" class=\"yoast-schema-graph\">{\"@context\":\"https:\/\/schema.org\",\"@graph\":[{\"@type\":\"WebPage\",\"@id\":\"https:\/\/www.uqac.ca\/uqactualites\/2014\/08\/25\/invitation-ceremonie-de-cloture-de-la-campagne-majeure-de-developpement-2008-2013-uqac-fuqac\/\",\"url\":\"https:\/\/www.uqac.ca\/uqactualites\/2014\/08\/25\/invitation-ceremonie-de-cloture-de-la-campagne-majeure-de-developpement-2008-2013-uqac-fuqac\/\",\"name\":\"Invitation - C\u00e9r\u00e9monie de cl\u00f4ture de la Campagne majeure de d\u00e9veloppement 2008-2013 UQAC-FUQAC - UQACtualit\u00e9s\",\"isPartOf\":{\"@id\":\"https:\/\/www.uqac.ca\/uqactualites\/#website\"},\"primaryImageOfPage\":{\"@id\":\"https:\/\/www.uqac.ca\/uqactualites\/2014\/08\/25\/invitation-ceremonie-de-cloture-de-la-campagne-majeure-de-developpement-2008-2013-uqac-fuqac\/#primaryimage\"},\"image\":{\"@id\":\"https:\/\/www.uqac.ca\/uqactualites\/2014\/08\/25\/invitation-ceremonie-de-cloture-de-la-campagne-majeure-de-developpement-2008-2013-uqac-fuqac\/#primaryimage\"},\"thumbnailUrl\":\"https:\/\/www.uqac.ca\/uqactualites\/wp-content\/uploads\/2013\/04\/Invitation.jpg\",\"datePublished\":\"2014-08-25T19:56:06+00:00\",\"dateModified\":\"2014-08-25T19:56:06+00:00\",\"author\":{\"@id\":\"https:\/\/www.uqac.ca\/uqactualites\/#\/schema\/person\/366c45a0c4f0e677b41b4af5886e2018\"},\"breadcrumb\":{\"@id\":\"https:\/\/www.uqac.ca\/uqactualites\/2014\/08\/25\/invitation-ceremonie-de-cloture-de-la-campagne-majeure-de-developpement-2008-2013-uqac-fuqac\/#breadcrumb\"},\"inLanguage\":\"fr-CA\",\"potentialAction\":[{\"@type\":\"ReadAction\",\"target\":[\"https:\/\/www.uqac.ca\/uqactualites\/2014\/08\/25\/invitation-ceremonie-de-cloture-de-la-campagne-majeure-de-developpement-2008-2013-uqac-fuqac\/\"]}]},{\"@type\":\"ImageObject\",\"inLanguage\":\"fr-CA\",\"@id\":\"https:\/\/www.uqac.ca\/uqactualites\/2014\/08\/25\/invitation-ceremonie-de-cloture-de-la-campagne-majeure-de-developpement-2008-2013-uqac-fuqac\/#primaryimage\",\"url\":\"https:\/\/www.uqac.ca\/uqactualites\/wp-content\/uploads\/2013\/04\/Invitation.jpg\",\"contentUrl\":\"https:\/\/www.uqac.ca\/uqactualites\/wp-content\/uploads\/2013\/04\/Invitation.jpg\",\"width\":620,\"height\":300},{\"@type\":\"BreadcrumbList\",\"@id\":\"https:\/\/www.uqac.ca\/uqactualites\/2014\/08\/25\/invitation-ceremonie-de-cloture-de-la-campagne-majeure-de-developpement-2008-2013-uqac-fuqac\/#breadcrumb\",\"itemListElement\":[{\"@type\":\"ListItem\",\"position\":1,\"name\":\"Home\",\"item\":\"https:\/\/www.uqac.ca\/uqactualites\/\"},{\"@type\":\"ListItem\",\"position\":2,\"name\":\"Invitation &#8211; C\u00e9r\u00e9monie de cl\u00f4ture de la Campagne majeure de d\u00e9veloppement 2008-2013 UQAC-FUQAC\"}]},{\"@type\":\"WebSite\",\"@id\":\"https:\/\/www.uqac.ca\/uqactualites\/#website\",\"url\":\"https:\/\/www.uqac.ca\/uqactualites\/\",\"name\":\"UQACtualit\u00e9s\",\"description\":\"Le portail des nouvelles de l&#039;UQAC\",\"potentialAction\":[{\"@type\":\"SearchAction\",\"target\":{\"@type\":\"EntryPoint\",\"urlTemplate\":\"https:\/\/www.uqac.ca\/uqactualites\/?s={search_term_string}\"},\"query-input\":{\"@type\":\"PropertyValueSpecification\",\"valueRequired\":true,\"valueName\":\"search_term_string\"}}],\"inLanguage\":\"fr-CA\"},{\"@type\":\"Person\",\"@id\":\"https:\/\/www.uqac.ca\/uqactualites\/#\/schema\/person\/366c45a0c4f0e677b41b4af5886e2018\",\"name\":\"Service des communications et des relations publiques\",\"image\":{\"@type\":\"ImageObject\",\"inLanguage\":\"fr-CA\",\"@id\":\"https:\/\/www.uqac.ca\/uqactualites\/#\/schema\/person\/image\/\",\"url\":\"https:\/\/secure.gravatar.com\/avatar\/20fbbda8a292f59f2d3461a5b999c00b?s=96&d=mm&r=g\",\"contentUrl\":\"https:\/\/secure.gravatar.com\/avatar\/20fbbda8a292f59f2d3461a5b999c00b?s=96&d=mm&r=g\",\"caption\":\"Service des communications et des relations publiques\"},\"url\":\"https:\/\/www.uqac.ca\/uqactualites\/author\/bap\/\"}]}<\/script>\r\n<!-- \/ Yoast SEO plugin. -->","yoast_head_json":{"title":"Invitation - C\u00e9r\u00e9monie de cl\u00f4ture de la Campagne majeure de d\u00e9veloppement 2008-2013 UQAC-FUQAC - UQACtualit\u00e9s","robots":{"index":"index","follow":"follow","max-snippet":"max-snippet:-1","max-image-preview":"max-image-preview:large","max-video-preview":"max-video-preview:-1"},"canonical":"https:\/\/www.uqac.ca\/uqactualites\/2014\/08\/25\/invitation-ceremonie-de-cloture-de-la-campagne-majeure-de-developpement-2008-2013-uqac-fuqac\/","og_locale":"fr_CA","og_type":"article","og_title":"Invitation - C\u00e9r\u00e9monie de cl\u00f4ture de la Campagne majeure de d\u00e9veloppement 2008-2013 UQAC-FUQAC - UQACtualit\u00e9s","og_description":"Monsieur Martin Gauthier, recteur de l\u2019Universit\u00e9 du Qu\u00e9bec \u00e0 Chicoutimi, vous invite \u00e0 la c\u00e9r\u00e9monie de cl\u00f4ture de la Campagne majeure de d\u00e9veloppement 2008-2013 UQAC-FUQAC\u00a0: Vendredi 29 ao\u00fbt 2014\u00a0 \u25aa\u00a0 11\u00a0h Auditorium de l\u2019UQAC (local P0-5000) (Pavillon principal) La c\u00e9r\u00e9monie se d\u00e9roulera en pr\u00e9sence de madame Monique F. Leroux, pr\u00e9sidente et chef de la direction [&hellip;]","og_url":"https:\/\/www.uqac.ca\/uqactualites\/2014\/08\/25\/invitation-ceremonie-de-cloture-de-la-campagne-majeure-de-developpement-2008-2013-uqac-fuqac\/","og_site_name":"UQACtualit\u00e9s","article_published_time":"2014-08-25T19:56:06+00:00","og_image":[{"width":620,"height":300,"url":"https:\/\/www.uqac.ca\/uqactualites\/wp-content\/uploads\/2013\/04\/Invitation.jpg","type":"image\/jpeg"}],"author":"Service des communications et des relations publiques","twitter_card":"summary_large_image","twitter_misc":{"\u00c9crit par":"Service des communications et des relations publiques","Estimation du temps de lecture":"1 minute"},"schema":{"@context":"https:\/\/schema.org","@graph":[{"@type":"WebPage","@id":"https:\/\/www.uqac.ca\/uqactualites\/2014\/08\/25\/invitation-ceremonie-de-cloture-de-la-campagne-majeure-de-developpement-2008-2013-uqac-fuqac\/","url":"https:\/\/www.uqac.ca\/uqactualites\/2014\/08\/25\/invitation-ceremonie-de-cloture-de-la-campagne-majeure-de-developpement-2008-2013-uqac-fuqac\/","name":"Invitation - C\u00e9r\u00e9monie de cl\u00f4ture de la Campagne majeure de d\u00e9veloppement 2008-2013 UQAC-FUQAC - UQACtualit\u00e9s","isPartOf":{"@id":"https:\/\/www.uqac.ca\/uqactualites\/#website"},"primaryImageOfPage":{"@id":"https:\/\/www.uqac.ca\/uqactualites\/2014\/08\/25\/invitation-ceremonie-de-cloture-de-la-campagne-majeure-de-developpement-2008-2013-uqac-fuqac\/#primaryimage"},"image":{"@id":"https:\/\/www.uqac.ca\/uqactualites\/2014\/08\/25\/invitation-ceremonie-de-cloture-de-la-campagne-majeure-de-developpement-2008-2013-uqac-fuqac\/#primaryimage"},"thumbnailUrl":"https:\/\/www.uqac.ca\/uqactualites\/wp-content\/uploads\/2013\/04\/Invitation.jpg","datePublished":"2014-08-25T19:56:06+00:00","dateModified":"2014-08-25T19:56:06+00:00","author":{"@id":"https:\/\/www.uqac.ca\/uqactualites\/#\/schema\/person\/366c45a0c4f0e677b41b4af5886e2018"},"breadcrumb":{"@id":"https:\/\/www.uqac.ca\/uqactualites\/2014\/08\/25\/invitation-ceremonie-de-cloture-de-la-campagne-majeure-de-developpement-2008-2013-uqac-fuqac\/#breadcrumb"},"inLanguage":"fr-CA","potentialAction":[{"@type":"ReadAction","target":["https:\/\/www.uqac.ca\/uqactualites\/2014\/08\/25\/invitation-ceremonie-de-cloture-de-la-campagne-majeure-de-developpement-2008-2013-uqac-fuqac\/"]}]},{"@type":"ImageObject","inLanguage":"fr-CA","@id":"https:\/\/www.uqac.ca\/uqactualites\/2014\/08\/25\/invitation-ceremonie-de-cloture-de-la-campagne-majeure-de-developpement-2008-2013-uqac-fuqac\/#primaryimage","url":"https:\/\/www.uqac.ca\/uqactualites\/wp-content\/uploads\/2013\/04\/Invitation.jpg","contentUrl":"https:\/\/www.uqac.ca\/uqactualites\/wp-content\/uploads\/2013\/04\/Invitation.jpg","width":620,"height":300},{"@type":"BreadcrumbList","@id":"https:\/\/www.uqac.ca\/uqactualites\/2014\/08\/25\/invitation-ceremonie-de-cloture-de-la-campagne-majeure-de-developpement-2008-2013-uqac-fuqac\/#breadcrumb","itemListElement":[{"@type":"ListItem","position":1,"name":"Home","item":"https:\/\/www.uqac.ca\/uqactualites\/"},{"@type":"ListItem","position":2,"name":"Invitation &#8211; C\u00e9r\u00e9monie de cl\u00f4ture de la Campagne majeure de d\u00e9veloppement 2008-2013 UQAC-FUQAC"}]},{"@type":"WebSite","@id":"https:\/\/www.uqac.ca\/uqactualites\/#website","url":"https:\/\/www.uqac.ca\/uqactualites\/","name":"UQACtualit\u00e9s","description":"Le portail des nouvelles de l&#039;UQAC","potentialAction":[{"@type":"SearchAction","target":{"@type":"EntryPoint","urlTemplate":"https:\/\/www.uqac.ca\/uqactualites\/?s={search_term_string}"},"query-input":{"@type":"PropertyValueSpecification","valueRequired":true,"valueName":"search_term_string"}}],"inLanguage":"fr-CA"},{"@type":"Person","@id":"https:\/\/www.uqac.ca\/uqactualites\/#\/schema\/person\/366c45a0c4f0e677b41b4af5886e2018","name":"Service des communications et des relations publiques","image":{"@type":"ImageObject","inLanguage":"fr-CA","@id":"https:\/\/www.uqac.ca\/uqactualites\/#\/schema\/person\/image\/","url":"https:\/\/secure.gravatar.com\/avatar\/20fbbda8a292f59f2d3461a5b999c00b?s=96&d=mm&r=g","contentUrl":"https:\/\/secure.gravatar.com\/avatar\/20fbbda8a292f59f2d3461a5b999c00b?s=96&d=mm&r=g","caption":"Service des communications et des relations publiques"},"url":"https:\/\/www.uqac.ca\/uqactualites\/author\/bap\/"}]}},"_links":{"self":[{"href":"https:\/\/www.uqac.ca\/uqactualites\/wp-json\/wp\/v2\/posts\/28210"}],"collection":[{"href":"https:\/\/www.uqac.ca\/uqactualites\/wp-json\/wp\/v2\/posts"}],"about":[{"href":"https:\/\/www.uqac.ca\/uqactualites\/wp-json\/wp\/v2\/types\/post"}],"author":[{"embeddable":true,"href":"https:\/\/www.uqac.ca\/uqactualites\/wp-json\/wp\/v2\/users\/5"}],"replies":[{"embeddable":true,"href":"https:\/\/www.uqac.ca\/uqactualites\/wp-json\/wp\/v2\/comments?post=28210"}],"version-history":[{"count":0,"href":"https:\/\/www.uqac.ca\/uqactualites\/wp-json\/wp\/v2\/posts\/28210\/revisions"}],"wp:featuredmedia":[{"embeddable":true,"href":"https:\/\/www.uqac.ca\/uqactualites\/wp-json\/wp\/v2\/media\/23893"}],"wp:attachment":[{"href":"https:\/\/www.uqac.ca\/uqactualites\/wp-json\/wp\/v2\/media?parent=28210"}],"wp:term":[{"taxonomy":"category","embeddable":true,"href":"https:\/\/www.uqac.ca\/uqactualites\/wp-json\/wp\/v2\/categories?post=28210"},{"taxonomy":"post_tag","embeddable":true,"href":"https:\/\/www.uqac.ca\/uqactualites\/wp-json\/wp\/v2\/tags?post=28210"}],"curies":[{"name":"wp","href":"https:\/\/api.w.org\/{rel}","templated":true}]}}