{"id":28222,"date":"2014-08-27T10:10:48","date_gmt":"2014-08-27T14:10:48","guid":{"rendered":"http:\/\/uqactualite.odev.ca\/?p=28222"},"modified":"2014-08-27T10:10:48","modified_gmt":"2014-08-27T14:10:48","slug":"webdiffusion-de-la-remise-des-prix-dexcellence-et-des-nominations-au-cercle-dexcellence-de-luniversite-du-quebec","status":"publish","type":"post","link":"https:\/\/www.uqac.ca\/uqactualites\/2014\/08\/27\/webdiffusion-de-la-remise-des-prix-dexcellence-et-des-nominations-au-cercle-dexcellence-de-luniversite-du-quebec\/","title":{"rendered":"Webdiffusion de la Remise des Prix d\u2019excellence et des nominations au Cercle d\u2019excellence de l\u2019Universit\u00e9 du Qu\u00e9bec"},"content":{"rendered":"<p style=\"text-align: justify\">La communaut\u00e9 universitaire est invit\u00e9e \u00e0 visionner en direct la Remise des Prix d\u2019excellence et des nominations au Cercle d\u2019excellence de l\u2019Universit\u00e9 du Qu\u00e9bec, pr\u00e9sent\u00e9e en webdiffusion\u00a0:<\/p>\n<p style=\"text-align: center\"><strong>Mercredi 27 ao\u00fbt 2014\u00a0 <\/strong><strong>\u25aa<\/strong><strong>\u00a0 Webdiffusion \u00e0 compter de 16\u00a0h<\/strong><br \/>\n<span style=\"text-decoration: underline\"><a href=\"http:\/\/conf.teluq.ca\/rencontre2014uq\" target=\"_blank\" rel=\"noopener\">http:\/\/conf.teluq.ca\/rencontre2014uq<\/a><\/span><\/p>\n<p style=\"text-align: justify\"><strong>Proc\u00e9dure \u00e0 suivre<\/strong><\/p>\n<ul style=\"text-align: justify\">\n<li>Assurez-vous d\u2019avoir la version no\u00a010 d\u2019Adobe Flash Player. Dans le cas contraire, veuillez t\u00e9l\u00e9charger l\u2019application au <span style=\"text-decoration: underline\"><a href=\"http:\/\/www.adobe.com\/fr\/products\/flashplayer\/\" target=\"_blank\" rel=\"noopener\">http:\/\/www.adobe.com\/fr\/products\/flashplayer\/<\/a><\/span>.<\/li>\n<\/ul>\n<ul>\n<li>Veuillez fermer tous les logiciels qui ne sont pas strictement n\u00e9cessaires au bon fonctionnement de votre ordinateur (ex.\u00a0: traitement de texte, tableur, logiciel de courrier \u00e9lectronique, etc.).<\/li>\n<\/ul>\n<ul>\n<li>D\u00e9sactivez votre logiciel pare-feu ou votre <em>proxy<\/em>.<\/li>\n<\/ul>\n<ul style=\"text-align: justify\">\n<li>\u00c0 compter de 16 h 05, tapez dans votre navigateur Web l\u2019adresse URL suivante\u00a0:<br \/>\n<span style=\"text-decoration: underline\"><a href=\"http:\/\/conf.teluq.ca\/rencontre2014uq\" target=\"_blank\" rel=\"noopener\">http:\/\/conf.teluq.ca\/rencontre2014uq<\/a><\/span>.<br \/>\n* Il se peut que vous receviez un message indiquant que la r\u00e9union n\u2019est pas commenc\u00e9e. Si c\u2019est le cas, attendez quelques minutes avant de vous reconnecter.<\/li>\n<\/ul>\n<ul style=\"text-align: justify\">\n<li>Une fois que vous aurez atteint l\u2019adresse indiqu\u00e9e, s\u00e9lectionnez le bouton \u00ab\u00a0Entrez en tant qu\u2019invit\u00e9\u00a0\u00bb. Vous aurez ensuite \u00e0 vous identifier. Entrez vos pr\u00e9nom et nom, puis cliquez sur le bouton \u00ab\u00a0Entrez dans la salle\u00a0\u00bb.<\/li>\n<\/ul>\n<ul>\n<li>La derni\u00e8re \u00e9tape consistera \u00e0 cliquer sur le bouton \u00ab\u00a0Demande d\u2019acc\u00e8s\u00a0\u00bb, afin d\u2019obtenir l\u2019autorisation du mod\u00e9rateur de l\u2019\u00e9v\u00e9nement.<\/li>\n<\/ul>\n<p style=\"text-align: justify\">Bon visionnement!<\/p>\n<p style=\"text-align: justify\"><strong><br \/>\nRenseignements\u00a0:<\/strong><br \/>\nUniversit\u00e9 du Qu\u00e9bec<br \/>\n418 657-3551<br \/>\n<span style=\"text-decoration: underline\"><a href=\"http:\/\/www.uquebec.ca\" target=\"_blank\" rel=\"noopener\">www.uquebec.ca<\/a><\/span><\/p>\n","protected":false},"excerpt":{"rendered":"<p>La communaut\u00e9 universitaire est invit\u00e9e \u00e0 visionner en direct la Remise des Prix d\u2019excellence et des nominations au Cercle d\u2019excellence de l\u2019Universit\u00e9 du Qu\u00e9bec, pr\u00e9sent\u00e9e en webdiffusion\u00a0: Mercredi 27 ao\u00fbt 2014\u00a0 \u25aa\u00a0 Webdiffusion \u00e0 compter de 16\u00a0h http:\/\/conf.teluq.ca\/rencontre2014uq Proc\u00e9dure \u00e0 suivre Assurez-vous d\u2019avoir la version no\u00a010 d\u2019Adobe Flash Player. Dans le cas contraire, veuillez t\u00e9l\u00e9charger [&hellip;]<\/p>\n","protected":false},"author":5,"featured_media":20989,"comment_status":"open","ping_status":"open","sticky":false,"template":"","format":"standard","meta":{"footnotes":""},"categories":[2772],"tags":[1528,283,65,495,1050],"yoast_head":"<!-- This site is optimized with the Yoast SEO plugin v24.2 - https:\/\/yoast.com\/wordpress\/plugins\/seo\/ -->\r\n<title>Webdiffusion de la Remise des Prix d\u2019excellence et des nominations au Cercle d\u2019excellence de l\u2019Universit\u00e9 du Qu\u00e9bec - UQACtualit\u00e9s<\/title>\r\n<meta name=\"robots\" content=\"index, follow, max-snippet:-1, max-image-preview:large, max-video-preview:-1\" \/>\r\n<link rel=\"canonical\" href=\"https:\/\/www.uqac.ca\/uqactualites\/2014\/08\/27\/webdiffusion-de-la-remise-des-prix-dexcellence-et-des-nominations-au-cercle-dexcellence-de-luniversite-du-quebec\/\" \/>\r\n<meta property=\"og:locale\" content=\"fr_CA\" \/>\r\n<meta property=\"og:type\" content=\"article\" \/>\r\n<meta property=\"og:title\" content=\"Webdiffusion de la Remise des Prix d\u2019excellence et des nominations au Cercle d\u2019excellence de l\u2019Universit\u00e9 du Qu\u00e9bec - UQACtualit\u00e9s\" \/>\r\n<meta property=\"og:description\" content=\"La communaut\u00e9 universitaire est invit\u00e9e \u00e0 visionner en direct la Remise des Prix d\u2019excellence et des nominations au Cercle d\u2019excellence de l\u2019Universit\u00e9 du Qu\u00e9bec, pr\u00e9sent\u00e9e en webdiffusion\u00a0: Mercredi 27 ao\u00fbt 2014\u00a0 \u25aa\u00a0 Webdiffusion \u00e0 compter de 16\u00a0h http:\/\/conf.teluq.ca\/rencontre2014uq Proc\u00e9dure \u00e0 suivre Assurez-vous d\u2019avoir la version no\u00a010 d\u2019Adobe Flash Player. Dans le cas contraire, veuillez t\u00e9l\u00e9charger [&hellip;]\" \/>\r\n<meta property=\"og:url\" content=\"https:\/\/www.uqac.ca\/uqactualites\/2014\/08\/27\/webdiffusion-de-la-remise-des-prix-dexcellence-et-des-nominations-au-cercle-dexcellence-de-luniversite-du-quebec\/\" \/>\r\n<meta property=\"og:site_name\" content=\"UQACtualit\u00e9s\" \/>\r\n<meta property=\"article:published_time\" content=\"2014-08-27T14:10:48+00:00\" \/>\r\n<meta property=\"og:image\" content=\"https:\/\/www.uqac.ca\/uqactualites\/wp-content\/uploads\/2012\/05\/avis-laCommunaut-.jpg\" \/>\r\n\t<meta property=\"og:image:width\" content=\"620\" \/>\r\n\t<meta property=\"og:image:height\" content=\"300\" \/>\r\n\t<meta property=\"og:image:type\" content=\"image\/jpeg\" \/>\r\n<meta name=\"author\" content=\"Service des communications et des relations publiques\" \/>\r\n<meta name=\"twitter:card\" content=\"summary_large_image\" \/>\r\n<meta name=\"twitter:label1\" content=\"\u00c9crit par\" \/>\n\t<meta name=\"twitter:data1\" content=\"Service des communications et des relations publiques\" \/>\n\t<meta name=\"twitter:label2\" content=\"Estimation du temps de lecture\" \/>\n\t<meta name=\"twitter:data2\" content=\"1 minute\" \/>\r\n<script type=\"application\/ld+json\" class=\"yoast-schema-graph\">{\"@context\":\"https:\/\/schema.org\",\"@graph\":[{\"@type\":\"WebPage\",\"@id\":\"https:\/\/www.uqac.ca\/uqactualites\/2014\/08\/27\/webdiffusion-de-la-remise-des-prix-dexcellence-et-des-nominations-au-cercle-dexcellence-de-luniversite-du-quebec\/\",\"url\":\"https:\/\/www.uqac.ca\/uqactualites\/2014\/08\/27\/webdiffusion-de-la-remise-des-prix-dexcellence-et-des-nominations-au-cercle-dexcellence-de-luniversite-du-quebec\/\",\"name\":\"Webdiffusion de la Remise des Prix d\u2019excellence et des nominations au Cercle d\u2019excellence de l\u2019Universit\u00e9 du Qu\u00e9bec - UQACtualit\u00e9s\",\"isPartOf\":{\"@id\":\"https:\/\/www.uqac.ca\/uqactualites\/#website\"},\"primaryImageOfPage\":{\"@id\":\"https:\/\/www.uqac.ca\/uqactualites\/2014\/08\/27\/webdiffusion-de-la-remise-des-prix-dexcellence-et-des-nominations-au-cercle-dexcellence-de-luniversite-du-quebec\/#primaryimage\"},\"image\":{\"@id\":\"https:\/\/www.uqac.ca\/uqactualites\/2014\/08\/27\/webdiffusion-de-la-remise-des-prix-dexcellence-et-des-nominations-au-cercle-dexcellence-de-luniversite-du-quebec\/#primaryimage\"},\"thumbnailUrl\":\"https:\/\/www.uqac.ca\/uqactualites\/wp-content\/uploads\/2012\/05\/avis-laCommunaut-.jpg\",\"datePublished\":\"2014-08-27T14:10:48+00:00\",\"dateModified\":\"2014-08-27T14:10:48+00:00\",\"author\":{\"@id\":\"https:\/\/www.uqac.ca\/uqactualites\/#\/schema\/person\/366c45a0c4f0e677b41b4af5886e2018\"},\"breadcrumb\":{\"@id\":\"https:\/\/www.uqac.ca\/uqactualites\/2014\/08\/27\/webdiffusion-de-la-remise-des-prix-dexcellence-et-des-nominations-au-cercle-dexcellence-de-luniversite-du-quebec\/#breadcrumb\"},\"inLanguage\":\"fr-CA\",\"potentialAction\":[{\"@type\":\"ReadAction\",\"target\":[\"https:\/\/www.uqac.ca\/uqactualites\/2014\/08\/27\/webdiffusion-de-la-remise-des-prix-dexcellence-et-des-nominations-au-cercle-dexcellence-de-luniversite-du-quebec\/\"]}]},{\"@type\":\"ImageObject\",\"inLanguage\":\"fr-CA\",\"@id\":\"https:\/\/www.uqac.ca\/uqactualites\/2014\/08\/27\/webdiffusion-de-la-remise-des-prix-dexcellence-et-des-nominations-au-cercle-dexcellence-de-luniversite-du-quebec\/#primaryimage\",\"url\":\"https:\/\/www.uqac.ca\/uqactualites\/wp-content\/uploads\/2012\/05\/avis-laCommunaut-.jpg\",\"contentUrl\":\"https:\/\/www.uqac.ca\/uqactualites\/wp-content\/uploads\/2012\/05\/avis-laCommunaut-.jpg\",\"width\":620,\"height\":300},{\"@type\":\"BreadcrumbList\",\"@id\":\"https:\/\/www.uqac.ca\/uqactualites\/2014\/08\/27\/webdiffusion-de-la-remise-des-prix-dexcellence-et-des-nominations-au-cercle-dexcellence-de-luniversite-du-quebec\/#breadcrumb\",\"itemListElement\":[{\"@type\":\"ListItem\",\"position\":1,\"name\":\"Home\",\"item\":\"https:\/\/www.uqac.ca\/uqactualites\/\"},{\"@type\":\"ListItem\",\"position\":2,\"name\":\"Webdiffusion de la Remise des Prix d\u2019excellence et des nominations au Cercle d\u2019excellence de l\u2019Universit\u00e9 du Qu\u00e9bec\"}]},{\"@type\":\"WebSite\",\"@id\":\"https:\/\/www.uqac.ca\/uqactualites\/#website\",\"url\":\"https:\/\/www.uqac.ca\/uqactualites\/\",\"name\":\"UQACtualit\u00e9s\",\"description\":\"Le portail des nouvelles de l&#039;UQAC\",\"potentialAction\":[{\"@type\":\"SearchAction\",\"target\":{\"@type\":\"EntryPoint\",\"urlTemplate\":\"https:\/\/www.uqac.ca\/uqactualites\/?s={search_term_string}\"},\"query-input\":{\"@type\":\"PropertyValueSpecification\",\"valueRequired\":true,\"valueName\":\"search_term_string\"}}],\"inLanguage\":\"fr-CA\"},{\"@type\":\"Person\",\"@id\":\"https:\/\/www.uqac.ca\/uqactualites\/#\/schema\/person\/366c45a0c4f0e677b41b4af5886e2018\",\"name\":\"Service des communications et des relations publiques\",\"image\":{\"@type\":\"ImageObject\",\"inLanguage\":\"fr-CA\",\"@id\":\"https:\/\/www.uqac.ca\/uqactualites\/#\/schema\/person\/image\/\",\"url\":\"https:\/\/secure.gravatar.com\/avatar\/20fbbda8a292f59f2d3461a5b999c00b?s=96&d=mm&r=g\",\"contentUrl\":\"https:\/\/secure.gravatar.com\/avatar\/20fbbda8a292f59f2d3461a5b999c00b?s=96&d=mm&r=g\",\"caption\":\"Service des communications et des relations publiques\"},\"url\":\"https:\/\/www.uqac.ca\/uqactualites\/author\/bap\/\"}]}<\/script>\r\n<!-- \/ Yoast SEO plugin. -->","yoast_head_json":{"title":"Webdiffusion de la Remise des Prix d\u2019excellence et des nominations au Cercle d\u2019excellence de l\u2019Universit\u00e9 du Qu\u00e9bec - UQACtualit\u00e9s","robots":{"index":"index","follow":"follow","max-snippet":"max-snippet:-1","max-image-preview":"max-image-preview:large","max-video-preview":"max-video-preview:-1"},"canonical":"https:\/\/www.uqac.ca\/uqactualites\/2014\/08\/27\/webdiffusion-de-la-remise-des-prix-dexcellence-et-des-nominations-au-cercle-dexcellence-de-luniversite-du-quebec\/","og_locale":"fr_CA","og_type":"article","og_title":"Webdiffusion de la Remise des Prix d\u2019excellence et des nominations au Cercle d\u2019excellence de l\u2019Universit\u00e9 du Qu\u00e9bec - UQACtualit\u00e9s","og_description":"La communaut\u00e9 universitaire est invit\u00e9e \u00e0 visionner en direct la Remise des Prix d\u2019excellence et des nominations au Cercle d\u2019excellence de l\u2019Universit\u00e9 du Qu\u00e9bec, pr\u00e9sent\u00e9e en webdiffusion\u00a0: Mercredi 27 ao\u00fbt 2014\u00a0 \u25aa\u00a0 Webdiffusion \u00e0 compter de 16\u00a0h http:\/\/conf.teluq.ca\/rencontre2014uq Proc\u00e9dure \u00e0 suivre Assurez-vous d\u2019avoir la version no\u00a010 d\u2019Adobe Flash Player. Dans le cas contraire, veuillez t\u00e9l\u00e9charger [&hellip;]","og_url":"https:\/\/www.uqac.ca\/uqactualites\/2014\/08\/27\/webdiffusion-de-la-remise-des-prix-dexcellence-et-des-nominations-au-cercle-dexcellence-de-luniversite-du-quebec\/","og_site_name":"UQACtualit\u00e9s","article_published_time":"2014-08-27T14:10:48+00:00","og_image":[{"width":620,"height":300,"url":"https:\/\/www.uqac.ca\/uqactualites\/wp-content\/uploads\/2012\/05\/avis-laCommunaut-.jpg","type":"image\/jpeg"}],"author":"Service des communications et des relations publiques","twitter_card":"summary_large_image","twitter_misc":{"\u00c9crit par":"Service des communications et des relations publiques","Estimation du temps de lecture":"1 minute"},"schema":{"@context":"https:\/\/schema.org","@graph":[{"@type":"WebPage","@id":"https:\/\/www.uqac.ca\/uqactualites\/2014\/08\/27\/webdiffusion-de-la-remise-des-prix-dexcellence-et-des-nominations-au-cercle-dexcellence-de-luniversite-du-quebec\/","url":"https:\/\/www.uqac.ca\/uqactualites\/2014\/08\/27\/webdiffusion-de-la-remise-des-prix-dexcellence-et-des-nominations-au-cercle-dexcellence-de-luniversite-du-quebec\/","name":"Webdiffusion de la Remise des Prix d\u2019excellence et des nominations au Cercle d\u2019excellence de l\u2019Universit\u00e9 du Qu\u00e9bec - UQACtualit\u00e9s","isPartOf":{"@id":"https:\/\/www.uqac.ca\/uqactualites\/#website"},"primaryImageOfPage":{"@id":"https:\/\/www.uqac.ca\/uqactualites\/2014\/08\/27\/webdiffusion-de-la-remise-des-prix-dexcellence-et-des-nominations-au-cercle-dexcellence-de-luniversite-du-quebec\/#primaryimage"},"image":{"@id":"https:\/\/www.uqac.ca\/uqactualites\/2014\/08\/27\/webdiffusion-de-la-remise-des-prix-dexcellence-et-des-nominations-au-cercle-dexcellence-de-luniversite-du-quebec\/#primaryimage"},"thumbnailUrl":"https:\/\/www.uqac.ca\/uqactualites\/wp-content\/uploads\/2012\/05\/avis-laCommunaut-.jpg","datePublished":"2014-08-27T14:10:48+00:00","dateModified":"2014-08-27T14:10:48+00:00","author":{"@id":"https:\/\/www.uqac.ca\/uqactualites\/#\/schema\/person\/366c45a0c4f0e677b41b4af5886e2018"},"breadcrumb":{"@id":"https:\/\/www.uqac.ca\/uqactualites\/2014\/08\/27\/webdiffusion-de-la-remise-des-prix-dexcellence-et-des-nominations-au-cercle-dexcellence-de-luniversite-du-quebec\/#breadcrumb"},"inLanguage":"fr-CA","potentialAction":[{"@type":"ReadAction","target":["https:\/\/www.uqac.ca\/uqactualites\/2014\/08\/27\/webdiffusion-de-la-remise-des-prix-dexcellence-et-des-nominations-au-cercle-dexcellence-de-luniversite-du-quebec\/"]}]},{"@type":"ImageObject","inLanguage":"fr-CA","@id":"https:\/\/www.uqac.ca\/uqactualites\/2014\/08\/27\/webdiffusion-de-la-remise-des-prix-dexcellence-et-des-nominations-au-cercle-dexcellence-de-luniversite-du-quebec\/#primaryimage","url":"https:\/\/www.uqac.ca\/uqactualites\/wp-content\/uploads\/2012\/05\/avis-laCommunaut-.jpg","contentUrl":"https:\/\/www.uqac.ca\/uqactualites\/wp-content\/uploads\/2012\/05\/avis-laCommunaut-.jpg","width":620,"height":300},{"@type":"BreadcrumbList","@id":"https:\/\/www.uqac.ca\/uqactualites\/2014\/08\/27\/webdiffusion-de-la-remise-des-prix-dexcellence-et-des-nominations-au-cercle-dexcellence-de-luniversite-du-quebec\/#breadcrumb","itemListElement":[{"@type":"ListItem","position":1,"name":"Home","item":"https:\/\/www.uqac.ca\/uqactualites\/"},{"@type":"ListItem","position":2,"name":"Webdiffusion de la Remise des Prix d\u2019excellence et des nominations au Cercle d\u2019excellence de l\u2019Universit\u00e9 du Qu\u00e9bec"}]},{"@type":"WebSite","@id":"https:\/\/www.uqac.ca\/uqactualites\/#website","url":"https:\/\/www.uqac.ca\/uqactualites\/","name":"UQACtualit\u00e9s","description":"Le portail des nouvelles de l&#039;UQAC","potentialAction":[{"@type":"SearchAction","target":{"@type":"EntryPoint","urlTemplate":"https:\/\/www.uqac.ca\/uqactualites\/?s={search_term_string}"},"query-input":{"@type":"PropertyValueSpecification","valueRequired":true,"valueName":"search_term_string"}}],"inLanguage":"fr-CA"},{"@type":"Person","@id":"https:\/\/www.uqac.ca\/uqactualites\/#\/schema\/person\/366c45a0c4f0e677b41b4af5886e2018","name":"Service des communications et des relations publiques","image":{"@type":"ImageObject","inLanguage":"fr-CA","@id":"https:\/\/www.uqac.ca\/uqactualites\/#\/schema\/person\/image\/","url":"https:\/\/secure.gravatar.com\/avatar\/20fbbda8a292f59f2d3461a5b999c00b?s=96&d=mm&r=g","contentUrl":"https:\/\/secure.gravatar.com\/avatar\/20fbbda8a292f59f2d3461a5b999c00b?s=96&d=mm&r=g","caption":"Service des communications et des relations publiques"},"url":"https:\/\/www.uqac.ca\/uqactualites\/author\/bap\/"}]}},"_links":{"self":[{"href":"https:\/\/www.uqac.ca\/uqactualites\/wp-json\/wp\/v2\/posts\/28222"}],"collection":[{"href":"https:\/\/www.uqac.ca\/uqactualites\/wp-json\/wp\/v2\/posts"}],"about":[{"href":"https:\/\/www.uqac.ca\/uqactualites\/wp-json\/wp\/v2\/types\/post"}],"author":[{"embeddable":true,"href":"https:\/\/www.uqac.ca\/uqactualites\/wp-json\/wp\/v2\/users\/5"}],"replies":[{"embeddable":true,"href":"https:\/\/www.uqac.ca\/uqactualites\/wp-json\/wp\/v2\/comments?post=28222"}],"version-history":[{"count":0,"href":"https:\/\/www.uqac.ca\/uqactualites\/wp-json\/wp\/v2\/posts\/28222\/revisions"}],"wp:featuredmedia":[{"embeddable":true,"href":"https:\/\/www.uqac.ca\/uqactualites\/wp-json\/wp\/v2\/media\/20989"}],"wp:attachment":[{"href":"https:\/\/www.uqac.ca\/uqactualites\/wp-json\/wp\/v2\/media?parent=28222"}],"wp:term":[{"taxonomy":"category","embeddable":true,"href":"https:\/\/www.uqac.ca\/uqactualites\/wp-json\/wp\/v2\/categories?post=28222"},{"taxonomy":"post_tag","embeddable":true,"href":"https:\/\/www.uqac.ca\/uqactualites\/wp-json\/wp\/v2\/tags?post=28222"}],"curies":[{"name":"wp","href":"https:\/\/api.w.org\/{rel}","templated":true}]}}