{"id":28239,"date":"2014-08-29T15:18:01","date_gmt":"2014-08-29T19:18:01","guid":{"rendered":"http:\/\/uqactualite.odev.ca\/?p=28239"},"modified":"2014-08-29T15:18:01","modified_gmt":"2014-08-29T19:18:01","slug":"campagne-majeure-de-developpement-2008-2013-luqac-depasse-son-objectif-2","status":"publish","type":"post","link":"https:\/\/www.uqac.ca\/uqactualites\/2014\/08\/29\/campagne-majeure-de-developpement-2008-2013-luqac-depasse-son-objectif-2\/","title":{"rendered":"Campagne majeure de d\u00e9veloppement 2008-2013 :  L\u2019UQAC d\u00e9passe son objectif"},"content":{"rendered":"<p style=\"text-align: justify\">L\u2019Universit\u00e9 du Qu\u00e9bec \u00e0 Chicoutimi et la Fondation de l\u2019UQAC (FUQAC) cl\u00f4turaient aujourd\u2019hui leur deuxi\u00e8me Campagne majeure de d\u00e9veloppement. Lanc\u00e9e en 2008 sous la pr\u00e9sidence de Monique F. Leroux, pr\u00e9sidente et chef de la direction du Mouvement Desjardins, cette campagne majeure qui avait pour objectif d\u2019amasser 15\u00a0M$ priorisait le soutien aux \u00e9tudiants, le soutien \u00e0 l\u2019enseignement, le soutien \u00e0 la recherche, le d\u00e9veloppement du sport d\u2019excellence, le soutien \u00e0 l\u2019internationalisation et le d\u00e9veloppement du campus et des centres d\u2019\u00e9tudes universitaires. C\u2019est donc avec fiert\u00e9 que Madame Leroux confirmait ce matin que l\u2019UQAC et la FUQAC avaient largement d\u00e9pass\u00e9 leur objectif en annon\u00e7ant que le montant total des dons recueillis \u00e9tait de 24\u00a0M$.<\/p>\n<p style=\"text-align: justify\">\u00ab\u00a0Nous sommes heureux d\u2019annoncer que les efforts d\u00e9ploy\u00e9s par l\u2019\u00e9quipe de la Campagne majeure de d\u00e9veloppement ont permis d\u2019amasser pr\u00e8s de 24\u00a0M$, soit 9\u00a0M$ de plus que l\u2019objectif initial. En tant que pr\u00e9sidente de cette Campagne, je suis enchant\u00e9e par cette r\u00e9ussite.\u00a0\u00bb Ce formidable r\u00e9sultat divulgu\u00e9 par Madame Leroux, dipl\u00f4m\u00e9e de l\u2019UQAC, a \u00e9t\u00e9 applaudi avec enthousiasme par la centaine d\u2019invit\u00e9s qui assistaient \u00e0 la c\u00e9r\u00e9monie de cl\u00f4ture de la Campagne.<\/p>\n<p style=\"text-align: justify\">Pour le recteur de l\u2019UQAC, Martin Gauthier, ce r\u00e9sultat exceptionnel a \u00e9t\u00e9 obtenu en premier lieu gr\u00e2ce \u00e0 l\u2019engagement de toute la communaut\u00e9 universitaire et en particulier des \u00e9tudiants, qui ont g\u00e9n\u00e9reusement contribu\u00e9 pour plus de 1\u00a0M$. Il faut aussi mentionner la participation exceptionnelle de la grande famille Desjardins, qui a largement inspir\u00e9 d\u2019autres entreprises \u00e0 s\u2019associer \u00e0 cette Campagne. \u00ab\u00a0Je tiens \u00e0 remercier chaleureusement Madame\u00a0Leroux, dont la vision et l\u2019engagement se sont av\u00e9r\u00e9s des atouts pr\u00e9cieux pour le succ\u00e8s de cette Campagne \u00bb, a \u00e9galement ajout\u00e9 Monsieur Gauthier. \u00ab Nous sommes fiers de nos dipl\u00f4m\u00e9s et Madame Leroux les repr\u00e9sente dignement.\u00a0\u00bb<\/p>\n<p style=\"text-align: justify\">L\u2019\u00e9quipe de la Campagne a \u00e9galement obtenu une r\u00e9ponse des plus tangibles de la part du milieu socio-\u00e9conomique, ce qui a permis \u00e0 l\u2019Universit\u00e9 de bonifier son Fonds de d\u00e9veloppement constitu\u00e9 en 1998 lors d\u2019une premi\u00e8re campagne et ainsi d\u2019atteindre un fonds capitalis\u00e9 de plus de 15\u00a0M$. Ce fonds capitalis\u00e9 vient particuli\u00e8rement accro\u00eetre le programme de bourses d\u2019\u00e9tudes destin\u00e9 aux \u00e9tudiants, tout sp\u00e9cialement aux cycles sup\u00e9rieurs. En 15 ans, gr\u00e2ce \u00e0 ce fonds, pr\u00e8s de 5\u00a0M$ ont \u00e9t\u00e9 attribu\u00e9s \u00e0 des bourses d\u2019\u00e9tudes et \u00e0 des projets vari\u00e9s issus de la communaut\u00e9 universitaire.<\/p>\n<p style=\"text-align: justify\"><strong>Contribution de 1,8\u00a0M$ du Mouvement Desjardins<br \/>\n<\/strong>M<sup>e<\/sup> Guy Wells, pr\u00e9sident de la Fondation de l\u2019Universit\u00e9 du Qu\u00e9bec \u00e0 Chicoutimi, a tenu \u00e0 souligner que la contribution du Mouvement Desjardins s\u2019\u00e9l\u00e8ve \u00e0 plus de 1,8\u00a0M$. En effet, outre sa contribution directe \u00e0 la Campagne d\u2019une valeur de 1,5\u00a0M$, Desjardins a vers\u00e9 depuis juin dernier un montant additionnel de pr\u00e8s de 300\u00a0000\u00a0$ dans le cadre d\u2019une entente conclue avec le programme Carbone bor\u00e9al de l\u2019UQAC, une somme qui pourrait d\u2019ailleurs \u00eatre bonifi\u00e9e jusqu\u2019\u00e0 concurrence de 1\u00a0M$. Pour M<sup>e<\/sup> Wells, la g\u00e9n\u00e9rosit\u00e9 de Desjardins est l\u2019expression d\u2019un partenariat \u00e9tabli depuis plusieurs ann\u00e9es avec l\u2019UQAC. \u00ab\u00a0Le Mouvement Desjardins est reconnu pour son engagement envers son milieu et la confiance que son \u00e9quipe nous t\u00e9moigne demeure une valeur pr\u00e9cieuse pour notre Universit\u00e9\u00a0\u00bb, a-t-il ajout\u00e9.<\/p>\n<p style=\"text-align: justify\">Reconnue internationalement et bien ancr\u00e9e dans un r\u00e9seau mondial d\u2019excellence, l\u2019UQAC se distingue gr\u00e2ce \u00e0 ses projets de recherche et \u00e0 la qualit\u00e9 de son \u00e9quipe. Nous souhaitons remercier les partenaires ainsi que les b\u00e9n\u00e9voles qui se sont engag\u00e9s dans cette Campagne et qui, par leur g\u00e9n\u00e9rosit\u00e9, ont permis \u00e0 toute une communaut\u00e9 d\u2019\u00eatre \u00ab\u00a0libre de voir plus loin\u00a0\u00bb!<\/p>\n<p style=\"text-align: justify\">\n<span style=\"color: #808080\"><b>_______________________________________________________________________________________<\/b><\/span><\/p>\n<p style=\"text-align: justify\"><span style=\"color: #808080\"><strong>Photo\u00a0:<\/strong> Martin Gauthier, recteur de l&rsquo;UQAC, Monique F. Leroux, pr\u00e9sidente et chef de la direction du Mouvement Desjardins et pr\u00e9sidente de la Campagne majeure de d\u00e9veloppement 2008-2013, et Guy Wells, pr\u00e9sident de la FUQAC<br \/>\n<\/span><\/p>\n<p style=\"text-align: justify\"><span style=\"color: #808080\"><strong>\u00a9 <\/strong>Denis Blackburn<\/span><br \/>\n<span style=\"color: #808080\"><b>_______________________________________________________________________________________<\/b><\/span><\/p>\n","protected":false},"excerpt":{"rendered":"<p>L\u2019Universit\u00e9 du Qu\u00e9bec \u00e0 Chicoutimi et la Fondation de l\u2019UQAC (FUQAC) cl\u00f4turaient aujourd\u2019hui leur deuxi\u00e8me Campagne majeure de d\u00e9veloppement. Lanc\u00e9e en 2008 sous la pr\u00e9sidence de Monique F. Leroux, pr\u00e9sidente et chef de la direction du Mouvement Desjardins, cette campagne majeure qui avait pour objectif d\u2019amasser 15\u00a0M$ priorisait le soutien aux \u00e9tudiants, le soutien \u00e0 [&hellip;]<\/p>\n","protected":false},"author":5,"featured_media":28246,"comment_status":"open","ping_status":"open","sticky":false,"template":"","format":"standard","meta":{"footnotes":""},"categories":[2,222,61],"tags":[1532,1059,256,1526,625,273,49,1527,1533,163],"yoast_head":"<!-- This site is optimized with the Yoast SEO plugin v24.2 - https:\/\/yoast.com\/wordpress\/plugins\/seo\/ -->\r\n<title>Campagne majeure de d\u00e9veloppement 2008-2013 : L\u2019UQAC d\u00e9passe son objectif - UQACtualit\u00e9s<\/title>\r\n<meta name=\"robots\" content=\"index, follow, max-snippet:-1, max-image-preview:large, max-video-preview:-1\" \/>\r\n<link rel=\"canonical\" href=\"https:\/\/www.uqac.ca\/uqactualites\/2014\/08\/29\/campagne-majeure-de-developpement-2008-2013-luqac-depasse-son-objectif-2\/\" \/>\r\n<meta property=\"og:locale\" content=\"fr_CA\" \/>\r\n<meta property=\"og:type\" content=\"article\" \/>\r\n<meta property=\"og:title\" content=\"Campagne majeure de d\u00e9veloppement 2008-2013 : L\u2019UQAC d\u00e9passe son objectif - UQACtualit\u00e9s\" \/>\r\n<meta property=\"og:description\" content=\"L\u2019Universit\u00e9 du Qu\u00e9bec \u00e0 Chicoutimi et la Fondation de l\u2019UQAC (FUQAC) cl\u00f4turaient aujourd\u2019hui leur deuxi\u00e8me Campagne majeure de d\u00e9veloppement. Lanc\u00e9e en 2008 sous la pr\u00e9sidence de Monique F. Leroux, pr\u00e9sidente et chef de la direction du Mouvement Desjardins, cette campagne majeure qui avait pour objectif d\u2019amasser 15\u00a0M$ priorisait le soutien aux \u00e9tudiants, le soutien \u00e0 [&hellip;]\" \/>\r\n<meta property=\"og:url\" content=\"https:\/\/www.uqac.ca\/uqactualites\/2014\/08\/29\/campagne-majeure-de-developpement-2008-2013-luqac-depasse-son-objectif-2\/\" \/>\r\n<meta property=\"og:site_name\" content=\"UQACtualit\u00e9s\" \/>\r\n<meta property=\"article:published_time\" content=\"2014-08-29T19:18:01+00:00\" \/>\r\n<meta property=\"og:image\" content=\"https:\/\/www.uqac.ca\/uqactualites\/wp-content\/uploads\/2014\/08\/Cl\u00f4ture-CMD-Web-\u00a9Denis-Blackburn.jpg\" \/>\r\n\t<meta property=\"og:image:width\" content=\"620\" \/>\r\n\t<meta property=\"og:image:height\" content=\"300\" \/>\r\n\t<meta property=\"og:image:type\" content=\"image\/jpeg\" \/>\r\n<meta name=\"author\" content=\"Service des communications et des relations publiques\" \/>\r\n<meta name=\"twitter:card\" content=\"summary_large_image\" \/>\r\n<meta name=\"twitter:label1\" content=\"\u00c9crit par\" \/>\n\t<meta name=\"twitter:data1\" content=\"Service des communications et des relations publiques\" \/>\n\t<meta name=\"twitter:label2\" content=\"Estimation du temps de lecture\" \/>\n\t<meta name=\"twitter:data2\" content=\"3 minutes\" \/>\r\n<script type=\"application\/ld+json\" class=\"yoast-schema-graph\">{\"@context\":\"https:\/\/schema.org\",\"@graph\":[{\"@type\":\"WebPage\",\"@id\":\"https:\/\/www.uqac.ca\/uqactualites\/2014\/08\/29\/campagne-majeure-de-developpement-2008-2013-luqac-depasse-son-objectif-2\/\",\"url\":\"https:\/\/www.uqac.ca\/uqactualites\/2014\/08\/29\/campagne-majeure-de-developpement-2008-2013-luqac-depasse-son-objectif-2\/\",\"name\":\"Campagne majeure de d\u00e9veloppement 2008-2013 : L\u2019UQAC d\u00e9passe son objectif - UQACtualit\u00e9s\",\"isPartOf\":{\"@id\":\"https:\/\/www.uqac.ca\/uqactualites\/#website\"},\"primaryImageOfPage\":{\"@id\":\"https:\/\/www.uqac.ca\/uqactualites\/2014\/08\/29\/campagne-majeure-de-developpement-2008-2013-luqac-depasse-son-objectif-2\/#primaryimage\"},\"image\":{\"@id\":\"https:\/\/www.uqac.ca\/uqactualites\/2014\/08\/29\/campagne-majeure-de-developpement-2008-2013-luqac-depasse-son-objectif-2\/#primaryimage\"},\"thumbnailUrl\":\"https:\/\/www.uqac.ca\/uqactualites\/wp-content\/uploads\/2014\/08\/Cl\u00f4ture-CMD-Web-\u00a9Denis-Blackburn.jpg\",\"datePublished\":\"2014-08-29T19:18:01+00:00\",\"dateModified\":\"2014-08-29T19:18:01+00:00\",\"author\":{\"@id\":\"https:\/\/www.uqac.ca\/uqactualites\/#\/schema\/person\/366c45a0c4f0e677b41b4af5886e2018\"},\"breadcrumb\":{\"@id\":\"https:\/\/www.uqac.ca\/uqactualites\/2014\/08\/29\/campagne-majeure-de-developpement-2008-2013-luqac-depasse-son-objectif-2\/#breadcrumb\"},\"inLanguage\":\"fr-CA\",\"potentialAction\":[{\"@type\":\"ReadAction\",\"target\":[\"https:\/\/www.uqac.ca\/uqactualites\/2014\/08\/29\/campagne-majeure-de-developpement-2008-2013-luqac-depasse-son-objectif-2\/\"]}]},{\"@type\":\"ImageObject\",\"inLanguage\":\"fr-CA\",\"@id\":\"https:\/\/www.uqac.ca\/uqactualites\/2014\/08\/29\/campagne-majeure-de-developpement-2008-2013-luqac-depasse-son-objectif-2\/#primaryimage\",\"url\":\"https:\/\/www.uqac.ca\/uqactualites\/wp-content\/uploads\/2014\/08\/Cl\u00f4ture-CMD-Web-\u00a9Denis-Blackburn.jpg\",\"contentUrl\":\"https:\/\/www.uqac.ca\/uqactualites\/wp-content\/uploads\/2014\/08\/Cl\u00f4ture-CMD-Web-\u00a9Denis-Blackburn.jpg\",\"width\":620,\"height\":300},{\"@type\":\"BreadcrumbList\",\"@id\":\"https:\/\/www.uqac.ca\/uqactualites\/2014\/08\/29\/campagne-majeure-de-developpement-2008-2013-luqac-depasse-son-objectif-2\/#breadcrumb\",\"itemListElement\":[{\"@type\":\"ListItem\",\"position\":1,\"name\":\"Home\",\"item\":\"https:\/\/www.uqac.ca\/uqactualites\/\"},{\"@type\":\"ListItem\",\"position\":2,\"name\":\"Campagne majeure de d\u00e9veloppement 2008-2013 : L\u2019UQAC d\u00e9passe son objectif\"}]},{\"@type\":\"WebSite\",\"@id\":\"https:\/\/www.uqac.ca\/uqactualites\/#website\",\"url\":\"https:\/\/www.uqac.ca\/uqactualites\/\",\"name\":\"UQACtualit\u00e9s\",\"description\":\"Le portail des nouvelles de l&#039;UQAC\",\"potentialAction\":[{\"@type\":\"SearchAction\",\"target\":{\"@type\":\"EntryPoint\",\"urlTemplate\":\"https:\/\/www.uqac.ca\/uqactualites\/?s={search_term_string}\"},\"query-input\":{\"@type\":\"PropertyValueSpecification\",\"valueRequired\":true,\"valueName\":\"search_term_string\"}}],\"inLanguage\":\"fr-CA\"},{\"@type\":\"Person\",\"@id\":\"https:\/\/www.uqac.ca\/uqactualites\/#\/schema\/person\/366c45a0c4f0e677b41b4af5886e2018\",\"name\":\"Service des communications et des relations publiques\",\"image\":{\"@type\":\"ImageObject\",\"inLanguage\":\"fr-CA\",\"@id\":\"https:\/\/www.uqac.ca\/uqactualites\/#\/schema\/person\/image\/\",\"url\":\"https:\/\/secure.gravatar.com\/avatar\/20fbbda8a292f59f2d3461a5b999c00b?s=96&d=mm&r=g\",\"contentUrl\":\"https:\/\/secure.gravatar.com\/avatar\/20fbbda8a292f59f2d3461a5b999c00b?s=96&d=mm&r=g\",\"caption\":\"Service des communications et des relations publiques\"},\"url\":\"https:\/\/www.uqac.ca\/uqactualites\/author\/bap\/\"}]}<\/script>\r\n<!-- \/ Yoast SEO plugin. -->","yoast_head_json":{"title":"Campagne majeure de d\u00e9veloppement 2008-2013 : L\u2019UQAC d\u00e9passe son objectif - UQACtualit\u00e9s","robots":{"index":"index","follow":"follow","max-snippet":"max-snippet:-1","max-image-preview":"max-image-preview:large","max-video-preview":"max-video-preview:-1"},"canonical":"https:\/\/www.uqac.ca\/uqactualites\/2014\/08\/29\/campagne-majeure-de-developpement-2008-2013-luqac-depasse-son-objectif-2\/","og_locale":"fr_CA","og_type":"article","og_title":"Campagne majeure de d\u00e9veloppement 2008-2013 : L\u2019UQAC d\u00e9passe son objectif - UQACtualit\u00e9s","og_description":"L\u2019Universit\u00e9 du Qu\u00e9bec \u00e0 Chicoutimi et la Fondation de l\u2019UQAC (FUQAC) cl\u00f4turaient aujourd\u2019hui leur deuxi\u00e8me Campagne majeure de d\u00e9veloppement. Lanc\u00e9e en 2008 sous la pr\u00e9sidence de Monique F. Leroux, pr\u00e9sidente et chef de la direction du Mouvement Desjardins, cette campagne majeure qui avait pour objectif d\u2019amasser 15\u00a0M$ priorisait le soutien aux \u00e9tudiants, le soutien \u00e0 [&hellip;]","og_url":"https:\/\/www.uqac.ca\/uqactualites\/2014\/08\/29\/campagne-majeure-de-developpement-2008-2013-luqac-depasse-son-objectif-2\/","og_site_name":"UQACtualit\u00e9s","article_published_time":"2014-08-29T19:18:01+00:00","og_image":[{"width":620,"height":300,"url":"https:\/\/www.uqac.ca\/uqactualites\/wp-content\/uploads\/2014\/08\/Cl\u00f4ture-CMD-Web-\u00a9Denis-Blackburn.jpg","type":"image\/jpeg"}],"author":"Service des communications et des relations publiques","twitter_card":"summary_large_image","twitter_misc":{"\u00c9crit par":"Service des communications et des relations publiques","Estimation du temps de lecture":"3 minutes"},"schema":{"@context":"https:\/\/schema.org","@graph":[{"@type":"WebPage","@id":"https:\/\/www.uqac.ca\/uqactualites\/2014\/08\/29\/campagne-majeure-de-developpement-2008-2013-luqac-depasse-son-objectif-2\/","url":"https:\/\/www.uqac.ca\/uqactualites\/2014\/08\/29\/campagne-majeure-de-developpement-2008-2013-luqac-depasse-son-objectif-2\/","name":"Campagne majeure de d\u00e9veloppement 2008-2013 : L\u2019UQAC d\u00e9passe son objectif - UQACtualit\u00e9s","isPartOf":{"@id":"https:\/\/www.uqac.ca\/uqactualites\/#website"},"primaryImageOfPage":{"@id":"https:\/\/www.uqac.ca\/uqactualites\/2014\/08\/29\/campagne-majeure-de-developpement-2008-2013-luqac-depasse-son-objectif-2\/#primaryimage"},"image":{"@id":"https:\/\/www.uqac.ca\/uqactualites\/2014\/08\/29\/campagne-majeure-de-developpement-2008-2013-luqac-depasse-son-objectif-2\/#primaryimage"},"thumbnailUrl":"https:\/\/www.uqac.ca\/uqactualites\/wp-content\/uploads\/2014\/08\/Cl\u00f4ture-CMD-Web-\u00a9Denis-Blackburn.jpg","datePublished":"2014-08-29T19:18:01+00:00","dateModified":"2014-08-29T19:18:01+00:00","author":{"@id":"https:\/\/www.uqac.ca\/uqactualites\/#\/schema\/person\/366c45a0c4f0e677b41b4af5886e2018"},"breadcrumb":{"@id":"https:\/\/www.uqac.ca\/uqactualites\/2014\/08\/29\/campagne-majeure-de-developpement-2008-2013-luqac-depasse-son-objectif-2\/#breadcrumb"},"inLanguage":"fr-CA","potentialAction":[{"@type":"ReadAction","target":["https:\/\/www.uqac.ca\/uqactualites\/2014\/08\/29\/campagne-majeure-de-developpement-2008-2013-luqac-depasse-son-objectif-2\/"]}]},{"@type":"ImageObject","inLanguage":"fr-CA","@id":"https:\/\/www.uqac.ca\/uqactualites\/2014\/08\/29\/campagne-majeure-de-developpement-2008-2013-luqac-depasse-son-objectif-2\/#primaryimage","url":"https:\/\/www.uqac.ca\/uqactualites\/wp-content\/uploads\/2014\/08\/Cl\u00f4ture-CMD-Web-\u00a9Denis-Blackburn.jpg","contentUrl":"https:\/\/www.uqac.ca\/uqactualites\/wp-content\/uploads\/2014\/08\/Cl\u00f4ture-CMD-Web-\u00a9Denis-Blackburn.jpg","width":620,"height":300},{"@type":"BreadcrumbList","@id":"https:\/\/www.uqac.ca\/uqactualites\/2014\/08\/29\/campagne-majeure-de-developpement-2008-2013-luqac-depasse-son-objectif-2\/#breadcrumb","itemListElement":[{"@type":"ListItem","position":1,"name":"Home","item":"https:\/\/www.uqac.ca\/uqactualites\/"},{"@type":"ListItem","position":2,"name":"Campagne majeure de d\u00e9veloppement 2008-2013 : L\u2019UQAC d\u00e9passe son objectif"}]},{"@type":"WebSite","@id":"https:\/\/www.uqac.ca\/uqactualites\/#website","url":"https:\/\/www.uqac.ca\/uqactualites\/","name":"UQACtualit\u00e9s","description":"Le portail des nouvelles de l&#039;UQAC","potentialAction":[{"@type":"SearchAction","target":{"@type":"EntryPoint","urlTemplate":"https:\/\/www.uqac.ca\/uqactualites\/?s={search_term_string}"},"query-input":{"@type":"PropertyValueSpecification","valueRequired":true,"valueName":"search_term_string"}}],"inLanguage":"fr-CA"},{"@type":"Person","@id":"https:\/\/www.uqac.ca\/uqactualites\/#\/schema\/person\/366c45a0c4f0e677b41b4af5886e2018","name":"Service des communications et des relations publiques","image":{"@type":"ImageObject","inLanguage":"fr-CA","@id":"https:\/\/www.uqac.ca\/uqactualites\/#\/schema\/person\/image\/","url":"https:\/\/secure.gravatar.com\/avatar\/20fbbda8a292f59f2d3461a5b999c00b?s=96&d=mm&r=g","contentUrl":"https:\/\/secure.gravatar.com\/avatar\/20fbbda8a292f59f2d3461a5b999c00b?s=96&d=mm&r=g","caption":"Service des communications et des relations publiques"},"url":"https:\/\/www.uqac.ca\/uqactualites\/author\/bap\/"}]}},"_links":{"self":[{"href":"https:\/\/www.uqac.ca\/uqactualites\/wp-json\/wp\/v2\/posts\/28239"}],"collection":[{"href":"https:\/\/www.uqac.ca\/uqactualites\/wp-json\/wp\/v2\/posts"}],"about":[{"href":"https:\/\/www.uqac.ca\/uqactualites\/wp-json\/wp\/v2\/types\/post"}],"author":[{"embeddable":true,"href":"https:\/\/www.uqac.ca\/uqactualites\/wp-json\/wp\/v2\/users\/5"}],"replies":[{"embeddable":true,"href":"https:\/\/www.uqac.ca\/uqactualites\/wp-json\/wp\/v2\/comments?post=28239"}],"version-history":[{"count":0,"href":"https:\/\/www.uqac.ca\/uqactualites\/wp-json\/wp\/v2\/posts\/28239\/revisions"}],"wp:featuredmedia":[{"embeddable":true,"href":"https:\/\/www.uqac.ca\/uqactualites\/wp-json\/wp\/v2\/media\/28246"}],"wp:attachment":[{"href":"https:\/\/www.uqac.ca\/uqactualites\/wp-json\/wp\/v2\/media?parent=28239"}],"wp:term":[{"taxonomy":"category","embeddable":true,"href":"https:\/\/www.uqac.ca\/uqactualites\/wp-json\/wp\/v2\/categories?post=28239"},{"taxonomy":"post_tag","embeddable":true,"href":"https:\/\/www.uqac.ca\/uqactualites\/wp-json\/wp\/v2\/tags?post=28239"}],"curies":[{"name":"wp","href":"https:\/\/api.w.org\/{rel}","templated":true}]}}