{"id":28249,"date":"2014-09-02T14:59:35","date_gmt":"2014-09-02T18:59:35","guid":{"rendered":"http:\/\/uqactualite.odev.ca\/?p=28249"},"modified":"2014-09-02T14:59:35","modified_gmt":"2014-09-02T18:59:35","slug":"une-rentree-2014-haute-en-couleurs","status":"publish","type":"post","link":"https:\/\/www.uqac.ca\/uqactualites\/2014\/09\/02\/une-rentree-2014-haute-en-couleurs\/","title":{"rendered":"Une rentr\u00e9e 2014 haute en couleurs!"},"content":{"rendered":"<p style=\"text-align: justify\">Le lundi 25 ao\u00fbt dernier, l\u2019UQAC donnait le coup d\u2019envoi \u00e0 cette nouvelle ann\u00e9e universitaire avec les c\u00e9l\u00e9brations de la rentr\u00e9e. De nombreuses activit\u00e9s \u00e9taient propos\u00e9es au cours de la semaine afin de c\u00e9l\u00e9brer la venue des nouveaux \u00e9tudiants et le retour des autres. Mises sur pied par les Services aux \u00e9tudiants (SAE) et le MAGE-UQAC, les festivit\u00e9s ont culmin\u00e9 avec le spectacle de la rentr\u00e9e, offert par les Trois Accords.<\/p>\n<p style=\"text-align: justify\">En plus du traditionnel salon \u00e9tudiant et des divers d\u00eeners et spectacles pr\u00e9sent\u00e9s durant la semaine, la communaut\u00e9 universitaire \u00e9tait convi\u00e9e \u00e0 assister, le mardi 26 ao\u00fbt, au \u00ab\u00a04 \u00e0 7\u00a0\u00bb du recteur. C\u2019est dans la cour int\u00e9rieure que s\u2019est d\u00e9roul\u00e9 ce rendez-vous annuel propos\u00e9 par les SAE et le Bureau des affaires publiques, lors duquel les membres du personnel et les \u00e9tudiants ont pu d\u00e9guster de d\u00e9licieuses cr\u00eapes, des hot-dogs, des ma\u00efs, de la pizza, des rafra\u00eechissements ainsi qu\u2019un chili offert par les Inuk.<\/p>\n<p style=\"text-align: justify\">L\u2019UQAC remercie la communaut\u00e9 universitaire pour sa participation aux festivit\u00e9s de la rentr\u00e9e et souhaite \u00e0 toutes et \u00e0 tous un excellent trimestre!<\/p>\n<p style=\"text-align: justify\"><strong>\u00ab\u00a04 \u00e0 7 du recteur \u00bb\u00a0 <\/strong><strong>\u25aa<\/strong><strong>\u00a0 Gagnants des tirages<\/strong><\/p>\n<p style=\"text-align: justify\">Quelques tirages ont \u00e9t\u00e9 effectu\u00e9s \u00e0 l\u2019occasion du \u00ab\u00a04 \u00e0 7\u00a0\u00bb du recteur. Voici les gagnants.<\/p>\n<ul style=\"text-align: justify\">\n<li>Prix de 500\u00a0$ offert par Desjardins<br \/>\n<strong>Yasmine Chanan<\/strong>, \u00e9tudiante \u00e0 la <span style=\"text-decoration: underline\"><a href=\"http:\/\/programmes.uqac.ca\/3708\" target=\"_blank\" rel=\"noopener\">ma\u00eetrise en ing\u00e9nierie<br \/>\n<\/a><\/span><a href=\"http:\/\/www.uqac.ca\/wp-content\/uploads\/2014\/09\/Yasmine-Chanan-concours-rentr\u00e9e-Web-\u00a9Denis-Blackburn.jpg\"><img loading=\"lazy\" decoding=\"async\" class=\"alignnone size-full wp-image-28250\" src=\"http:\/\/www.uqac.ca\/wp-content\/uploads\/2014\/09\/Yasmine-Chanan-concours-rentr\u00e9e-Web-\u00a9Denis-Blackburn.jpg\" alt=\"Yasmine Chanan concours rentr\u00e9e (Web) - \u00a9Denis Blackburn\" width=\"620\" height=\"300\" srcset=\"https:\/\/www.uqac.ca\/uqactualites\/wp-content\/uploads\/2014\/09\/Yasmine-Chanan-concours-rentr\u00e9e-Web-\u00a9Denis-Blackburn.jpg 620w, https:\/\/www.uqac.ca\/uqactualites\/wp-content\/uploads\/2014\/09\/Yasmine-Chanan-concours-rentr\u00e9e-Web-\u00a9Denis-Blackburn-300x145.jpg 300w\" sizes=\"(max-width: 620px) 100vw, 620px\" \/><\/a><strong><br \/>\n<span style=\"color: #808080\">Sur la photo\u00a0:<\/span><\/strong><span style=\"color: #808080\"> Yasmine Chanan, gagnante, et Francois Roberge, repr\u00e9sentant de Desjardins<\/span><br \/>\n<span style=\"color: #808080\"><strong>\u00a9 Denis Blackburn<\/strong><\/span><\/li>\n<\/ul>\n<ul style=\"text-align: justify\">\n<li>Prix de 500\u00a0$ offert par le Fonds de d\u00e9veloppement de l\u2019UQAC<br \/>\n<strong>Alexandre Tremblay<\/strong>, \u00e9tudiant au <span style=\"text-decoration: underline\"><a href=\"http:\/\/programmes.uqac.ca\/7437\" target=\"_blank\" rel=\"noopener\">baccalaur\u00e9at en kin\u00e9siologie<\/a><\/span><br \/>\n<a href=\"http:\/\/www.uqac.ca\/wp-content\/uploads\/2014\/09\/Alexandre-Tremblay-concours-rentr\u00e9e-Web-\u00a9Denis-Blackburn.jpg\"><img loading=\"lazy\" decoding=\"async\" class=\"alignnone size-full wp-image-28251\" src=\"http:\/\/www.uqac.ca\/wp-content\/uploads\/2014\/09\/Alexandre-Tremblay-concours-rentr\u00e9e-Web-\u00a9Denis-Blackburn.jpg\" alt=\"Alexandre Tremblay concours rentr\u00e9e (Web) - \u00a9Denis Blackburn\" width=\"620\" height=\"300\" srcset=\"https:\/\/www.uqac.ca\/uqactualites\/wp-content\/uploads\/2014\/09\/Alexandre-Tremblay-concours-rentr\u00e9e-Web-\u00a9Denis-Blackburn.jpg 620w, https:\/\/www.uqac.ca\/uqactualites\/wp-content\/uploads\/2014\/09\/Alexandre-Tremblay-concours-rentr\u00e9e-Web-\u00a9Denis-Blackburn-300x145.jpg 300w\" sizes=\"(max-width: 620px) 100vw, 620px\" \/><\/a><strong><br \/>\n<span style=\"color: #808080\">Sur la photo\u00a0:<\/span><\/strong><span style=\"color: #808080\"> Alexandre Tremblay, gagnant, et Martin Gauthier, recteur<\/span><br \/>\n<span style=\"color: #808080\"><strong>\u00a9 Denis Blackburn<\/strong><\/span><\/li>\n<\/ul>\n<ul style=\"text-align: justify\">\n<li>Prix de 300\u00a0$ offert par le Syndicat des charg\u00e9es et charg\u00e9s de cours de l\u2019UQAC<br \/>\n<strong>Amara Belkacem<\/strong>, \u00e9tudiant \u00e0 la <span style=\"text-decoration: underline\"><a href=\"http:\/\/programmes.uqac.ca\/3708\" target=\"_blank\" rel=\"noopener\">ma\u00eetrise en ing\u00e9nierie<\/a><\/span><br \/>\n<a href=\"http:\/\/www.uqac.ca\/wp-content\/uploads\/2014\/09\/Amara-Belkacem-concours-rentr\u00e9e-Web-\u00a9Denis-Blackburn.jpg\"><img loading=\"lazy\" decoding=\"async\" class=\"alignnone size-full wp-image-28252\" src=\"http:\/\/www.uqac.ca\/wp-content\/uploads\/2014\/09\/Amara-Belkacem-concours-rentr\u00e9e-Web-\u00a9Denis-Blackburn.jpg\" alt=\"Amara Belkacem concours rentr\u00e9e (Web) - \u00a9Denis Blackburn\" width=\"620\" height=\"300\" srcset=\"https:\/\/www.uqac.ca\/uqactualites\/wp-content\/uploads\/2014\/09\/Amara-Belkacem-concours-rentr\u00e9e-Web-\u00a9Denis-Blackburn.jpg 620w, https:\/\/www.uqac.ca\/uqactualites\/wp-content\/uploads\/2014\/09\/Amara-Belkacem-concours-rentr\u00e9e-Web-\u00a9Denis-Blackburn-300x145.jpg 300w\" sizes=\"(max-width: 620px) 100vw, 620px\" \/><\/a><strong><br \/>\n<span style=\"color: #808080\">Sur la photo\u00a0:<\/span><\/strong><span style=\"color: #808080\"> Amara Belkacem, gagnant, et Richard Perreault, pr\u00e9sident du Syndicat des charg\u00e9es et charg\u00e9s de cours de l\u2019UQAC<\/span><br \/>\n<span style=\"color: #808080\"><strong>\u00a9 Denis Blackburn<\/strong><\/span><\/li>\n<\/ul>\n<ul style=\"text-align: justify\">\n<li>Exemption de droits de scolarit\u00e9 pour un trimestre (prix offert par l\u2019UQAC)<br \/>\n<strong>M\u00e9lanie Allard-Pilote<\/strong>, \u00e9tudiante au <span style=\"text-decoration: underline\"><a href=\"http:\/\/programmes.uqac.ca\/7092\" target=\"_blank\" rel=\"noopener\">baccalaur\u00e9at en psychologie<\/a><\/span><br \/>\n<a href=\"http:\/\/www.uqac.ca\/wp-content\/uploads\/2014\/09\/M\u00e9lanie-Allard-Pilote-concours-rentr\u00e9e-Web-\u00a9Denis-Blackburn.jpg\"><img loading=\"lazy\" decoding=\"async\" class=\"alignnone size-full wp-image-28253\" src=\"http:\/\/www.uqac.ca\/wp-content\/uploads\/2014\/09\/M\u00e9lanie-Allard-Pilote-concours-rentr\u00e9e-Web-\u00a9Denis-Blackburn.jpg\" alt=\"M\u00e9lanie Allard-Pilote concours rentr\u00e9e (Web) - \u00a9Denis Blackburn\" width=\"620\" height=\"300\" srcset=\"https:\/\/www.uqac.ca\/uqactualites\/wp-content\/uploads\/2014\/09\/M\u00e9lanie-Allard-Pilote-concours-rentr\u00e9e-Web-\u00a9Denis-Blackburn.jpg 620w, https:\/\/www.uqac.ca\/uqactualites\/wp-content\/uploads\/2014\/09\/M\u00e9lanie-Allard-Pilote-concours-rentr\u00e9e-Web-\u00a9Denis-Blackburn-300x145.jpg 300w\" sizes=\"(max-width: 620px) 100vw, 620px\" \/><\/a><strong><br \/>\n<span style=\"color: #808080\">Sur la photo\u00a0:<\/span><\/strong><span style=\"color: #808080\"> M\u00e9lanie Allard-Pilote, gagnante, et Martin Gauthier, recteur<\/span><br \/>\n<span style=\"color: #808080\"><strong>\u00a9 Denis Blackburn<\/strong><\/span><\/li>\n<\/ul>\n<p style=\"text-align: justify\"><strong><br \/>\n<\/strong>Toutes nos f\u00e9licitations!<\/p>\n","protected":false},"excerpt":{"rendered":"<p>Le lundi 25 ao\u00fbt dernier, l\u2019UQAC donnait le coup d\u2019envoi \u00e0 cette nouvelle ann\u00e9e universitaire avec les c\u00e9l\u00e9brations de la rentr\u00e9e. De nombreuses activit\u00e9s \u00e9taient propos\u00e9es au cours de la semaine afin de c\u00e9l\u00e9brer la venue des nouveaux \u00e9tudiants et le retour des autres. Mises sur pied par les Services aux \u00e9tudiants (SAE) et le [&hellip;]<\/p>\n","protected":false},"author":5,"featured_media":28254,"comment_status":"open","ping_status":"open","sticky":false,"template":"","format":"standard","meta":{"footnotes":""},"categories":[2,61],"tags":[987,1087,1534,1059,67,538,958],"yoast_head":"<!-- This site is optimized with the Yoast SEO plugin v24.2 - https:\/\/yoast.com\/wordpress\/plugins\/seo\/ -->\r\n<title>Une rentr\u00e9e 2014 haute en couleurs! - UQACtualit\u00e9s<\/title>\r\n<meta name=\"robots\" content=\"index, follow, max-snippet:-1, max-image-preview:large, max-video-preview:-1\" \/>\r\n<link rel=\"canonical\" href=\"https:\/\/www.uqac.ca\/uqactualites\/2014\/09\/02\/une-rentree-2014-haute-en-couleurs\/\" \/>\r\n<meta property=\"og:locale\" content=\"fr_CA\" \/>\r\n<meta property=\"og:type\" content=\"article\" \/>\r\n<meta property=\"og:title\" content=\"Une rentr\u00e9e 2014 haute en couleurs! - UQACtualit\u00e9s\" \/>\r\n<meta property=\"og:description\" content=\"Le lundi 25 ao\u00fbt dernier, l\u2019UQAC donnait le coup d\u2019envoi \u00e0 cette nouvelle ann\u00e9e universitaire avec les c\u00e9l\u00e9brations de la rentr\u00e9e. De nombreuses activit\u00e9s \u00e9taient propos\u00e9es au cours de la semaine afin de c\u00e9l\u00e9brer la venue des nouveaux \u00e9tudiants et le retour des autres. Mises sur pied par les Services aux \u00e9tudiants (SAE) et le [&hellip;]\" \/>\r\n<meta property=\"og:url\" content=\"https:\/\/www.uqac.ca\/uqactualites\/2014\/09\/02\/une-rentree-2014-haute-en-couleurs\/\" \/>\r\n<meta property=\"og:site_name\" content=\"UQACtualit\u00e9s\" \/>\r\n<meta property=\"article:published_time\" content=\"2014-09-02T18:59:35+00:00\" \/>\r\n<meta property=\"og:image\" content=\"https:\/\/www.uqac.ca\/uqactualites\/wp-content\/uploads\/2014\/09\/GRAF-RENTR\u00c9EUQACtualite-E14-01.jpg\" \/>\r\n\t<meta property=\"og:image:width\" content=\"620\" \/>\r\n\t<meta property=\"og:image:height\" content=\"300\" \/>\r\n\t<meta property=\"og:image:type\" content=\"image\/jpeg\" \/>\r\n<meta name=\"author\" content=\"Service des communications et des relations publiques\" \/>\r\n<meta name=\"twitter:card\" content=\"summary_large_image\" \/>\r\n<meta name=\"twitter:label1\" content=\"\u00c9crit par\" \/>\n\t<meta name=\"twitter:data1\" content=\"Service des communications et des relations publiques\" \/>\n\t<meta name=\"twitter:label2\" content=\"Estimation du temps de lecture\" \/>\n\t<meta name=\"twitter:data2\" content=\"2 minutes\" \/>\r\n<script type=\"application\/ld+json\" class=\"yoast-schema-graph\">{\"@context\":\"https:\/\/schema.org\",\"@graph\":[{\"@type\":\"WebPage\",\"@id\":\"https:\/\/www.uqac.ca\/uqactualites\/2014\/09\/02\/une-rentree-2014-haute-en-couleurs\/\",\"url\":\"https:\/\/www.uqac.ca\/uqactualites\/2014\/09\/02\/une-rentree-2014-haute-en-couleurs\/\",\"name\":\"Une rentr\u00e9e 2014 haute en couleurs! - UQACtualit\u00e9s\",\"isPartOf\":{\"@id\":\"https:\/\/www.uqac.ca\/uqactualites\/#website\"},\"primaryImageOfPage\":{\"@id\":\"https:\/\/www.uqac.ca\/uqactualites\/2014\/09\/02\/une-rentree-2014-haute-en-couleurs\/#primaryimage\"},\"image\":{\"@id\":\"https:\/\/www.uqac.ca\/uqactualites\/2014\/09\/02\/une-rentree-2014-haute-en-couleurs\/#primaryimage\"},\"thumbnailUrl\":\"https:\/\/www.uqac.ca\/uqactualites\/wp-content\/uploads\/2014\/09\/GRAF-RENTR\u00c9EUQACtualite-E14-01.jpg\",\"datePublished\":\"2014-09-02T18:59:35+00:00\",\"dateModified\":\"2014-09-02T18:59:35+00:00\",\"author\":{\"@id\":\"https:\/\/www.uqac.ca\/uqactualites\/#\/schema\/person\/366c45a0c4f0e677b41b4af5886e2018\"},\"breadcrumb\":{\"@id\":\"https:\/\/www.uqac.ca\/uqactualites\/2014\/09\/02\/une-rentree-2014-haute-en-couleurs\/#breadcrumb\"},\"inLanguage\":\"fr-CA\",\"potentialAction\":[{\"@type\":\"ReadAction\",\"target\":[\"https:\/\/www.uqac.ca\/uqactualites\/2014\/09\/02\/une-rentree-2014-haute-en-couleurs\/\"]}]},{\"@type\":\"ImageObject\",\"inLanguage\":\"fr-CA\",\"@id\":\"https:\/\/www.uqac.ca\/uqactualites\/2014\/09\/02\/une-rentree-2014-haute-en-couleurs\/#primaryimage\",\"url\":\"https:\/\/www.uqac.ca\/uqactualites\/wp-content\/uploads\/2014\/09\/GRAF-RENTR\u00c9EUQACtualite-E14-01.jpg\",\"contentUrl\":\"https:\/\/www.uqac.ca\/uqactualites\/wp-content\/uploads\/2014\/09\/GRAF-RENTR\u00c9EUQACtualite-E14-01.jpg\",\"width\":620,\"height\":300},{\"@type\":\"BreadcrumbList\",\"@id\":\"https:\/\/www.uqac.ca\/uqactualites\/2014\/09\/02\/une-rentree-2014-haute-en-couleurs\/#breadcrumb\",\"itemListElement\":[{\"@type\":\"ListItem\",\"position\":1,\"name\":\"Home\",\"item\":\"https:\/\/www.uqac.ca\/uqactualites\/\"},{\"@type\":\"ListItem\",\"position\":2,\"name\":\"Une rentr\u00e9e 2014 haute en couleurs!\"}]},{\"@type\":\"WebSite\",\"@id\":\"https:\/\/www.uqac.ca\/uqactualites\/#website\",\"url\":\"https:\/\/www.uqac.ca\/uqactualites\/\",\"name\":\"UQACtualit\u00e9s\",\"description\":\"Le portail des nouvelles de l&#039;UQAC\",\"potentialAction\":[{\"@type\":\"SearchAction\",\"target\":{\"@type\":\"EntryPoint\",\"urlTemplate\":\"https:\/\/www.uqac.ca\/uqactualites\/?s={search_term_string}\"},\"query-input\":{\"@type\":\"PropertyValueSpecification\",\"valueRequired\":true,\"valueName\":\"search_term_string\"}}],\"inLanguage\":\"fr-CA\"},{\"@type\":\"Person\",\"@id\":\"https:\/\/www.uqac.ca\/uqactualites\/#\/schema\/person\/366c45a0c4f0e677b41b4af5886e2018\",\"name\":\"Service des communications et des relations publiques\",\"image\":{\"@type\":\"ImageObject\",\"inLanguage\":\"fr-CA\",\"@id\":\"https:\/\/www.uqac.ca\/uqactualites\/#\/schema\/person\/image\/\",\"url\":\"https:\/\/secure.gravatar.com\/avatar\/20fbbda8a292f59f2d3461a5b999c00b?s=96&d=mm&r=g\",\"contentUrl\":\"https:\/\/secure.gravatar.com\/avatar\/20fbbda8a292f59f2d3461a5b999c00b?s=96&d=mm&r=g\",\"caption\":\"Service des communications et des relations publiques\"},\"url\":\"https:\/\/www.uqac.ca\/uqactualites\/author\/bap\/\"}]}<\/script>\r\n<!-- \/ Yoast SEO plugin. -->","yoast_head_json":{"title":"Une rentr\u00e9e 2014 haute en couleurs! - UQACtualit\u00e9s","robots":{"index":"index","follow":"follow","max-snippet":"max-snippet:-1","max-image-preview":"max-image-preview:large","max-video-preview":"max-video-preview:-1"},"canonical":"https:\/\/www.uqac.ca\/uqactualites\/2014\/09\/02\/une-rentree-2014-haute-en-couleurs\/","og_locale":"fr_CA","og_type":"article","og_title":"Une rentr\u00e9e 2014 haute en couleurs! - UQACtualit\u00e9s","og_description":"Le lundi 25 ao\u00fbt dernier, l\u2019UQAC donnait le coup d\u2019envoi \u00e0 cette nouvelle ann\u00e9e universitaire avec les c\u00e9l\u00e9brations de la rentr\u00e9e. De nombreuses activit\u00e9s \u00e9taient propos\u00e9es au cours de la semaine afin de c\u00e9l\u00e9brer la venue des nouveaux \u00e9tudiants et le retour des autres. Mises sur pied par les Services aux \u00e9tudiants (SAE) et le [&hellip;]","og_url":"https:\/\/www.uqac.ca\/uqactualites\/2014\/09\/02\/une-rentree-2014-haute-en-couleurs\/","og_site_name":"UQACtualit\u00e9s","article_published_time":"2014-09-02T18:59:35+00:00","og_image":[{"width":620,"height":300,"url":"https:\/\/www.uqac.ca\/uqactualites\/wp-content\/uploads\/2014\/09\/GRAF-RENTR\u00c9EUQACtualite-E14-01.jpg","type":"image\/jpeg"}],"author":"Service des communications et des relations publiques","twitter_card":"summary_large_image","twitter_misc":{"\u00c9crit par":"Service des communications et des relations publiques","Estimation du temps de lecture":"2 minutes"},"schema":{"@context":"https:\/\/schema.org","@graph":[{"@type":"WebPage","@id":"https:\/\/www.uqac.ca\/uqactualites\/2014\/09\/02\/une-rentree-2014-haute-en-couleurs\/","url":"https:\/\/www.uqac.ca\/uqactualites\/2014\/09\/02\/une-rentree-2014-haute-en-couleurs\/","name":"Une rentr\u00e9e 2014 haute en couleurs! - UQACtualit\u00e9s","isPartOf":{"@id":"https:\/\/www.uqac.ca\/uqactualites\/#website"},"primaryImageOfPage":{"@id":"https:\/\/www.uqac.ca\/uqactualites\/2014\/09\/02\/une-rentree-2014-haute-en-couleurs\/#primaryimage"},"image":{"@id":"https:\/\/www.uqac.ca\/uqactualites\/2014\/09\/02\/une-rentree-2014-haute-en-couleurs\/#primaryimage"},"thumbnailUrl":"https:\/\/www.uqac.ca\/uqactualites\/wp-content\/uploads\/2014\/09\/GRAF-RENTR\u00c9EUQACtualite-E14-01.jpg","datePublished":"2014-09-02T18:59:35+00:00","dateModified":"2014-09-02T18:59:35+00:00","author":{"@id":"https:\/\/www.uqac.ca\/uqactualites\/#\/schema\/person\/366c45a0c4f0e677b41b4af5886e2018"},"breadcrumb":{"@id":"https:\/\/www.uqac.ca\/uqactualites\/2014\/09\/02\/une-rentree-2014-haute-en-couleurs\/#breadcrumb"},"inLanguage":"fr-CA","potentialAction":[{"@type":"ReadAction","target":["https:\/\/www.uqac.ca\/uqactualites\/2014\/09\/02\/une-rentree-2014-haute-en-couleurs\/"]}]},{"@type":"ImageObject","inLanguage":"fr-CA","@id":"https:\/\/www.uqac.ca\/uqactualites\/2014\/09\/02\/une-rentree-2014-haute-en-couleurs\/#primaryimage","url":"https:\/\/www.uqac.ca\/uqactualites\/wp-content\/uploads\/2014\/09\/GRAF-RENTR\u00c9EUQACtualite-E14-01.jpg","contentUrl":"https:\/\/www.uqac.ca\/uqactualites\/wp-content\/uploads\/2014\/09\/GRAF-RENTR\u00c9EUQACtualite-E14-01.jpg","width":620,"height":300},{"@type":"BreadcrumbList","@id":"https:\/\/www.uqac.ca\/uqactualites\/2014\/09\/02\/une-rentree-2014-haute-en-couleurs\/#breadcrumb","itemListElement":[{"@type":"ListItem","position":1,"name":"Home","item":"https:\/\/www.uqac.ca\/uqactualites\/"},{"@type":"ListItem","position":2,"name":"Une rentr\u00e9e 2014 haute en couleurs!"}]},{"@type":"WebSite","@id":"https:\/\/www.uqac.ca\/uqactualites\/#website","url":"https:\/\/www.uqac.ca\/uqactualites\/","name":"UQACtualit\u00e9s","description":"Le portail des nouvelles de l&#039;UQAC","potentialAction":[{"@type":"SearchAction","target":{"@type":"EntryPoint","urlTemplate":"https:\/\/www.uqac.ca\/uqactualites\/?s={search_term_string}"},"query-input":{"@type":"PropertyValueSpecification","valueRequired":true,"valueName":"search_term_string"}}],"inLanguage":"fr-CA"},{"@type":"Person","@id":"https:\/\/www.uqac.ca\/uqactualites\/#\/schema\/person\/366c45a0c4f0e677b41b4af5886e2018","name":"Service des communications et des relations publiques","image":{"@type":"ImageObject","inLanguage":"fr-CA","@id":"https:\/\/www.uqac.ca\/uqactualites\/#\/schema\/person\/image\/","url":"https:\/\/secure.gravatar.com\/avatar\/20fbbda8a292f59f2d3461a5b999c00b?s=96&d=mm&r=g","contentUrl":"https:\/\/secure.gravatar.com\/avatar\/20fbbda8a292f59f2d3461a5b999c00b?s=96&d=mm&r=g","caption":"Service des communications et des relations publiques"},"url":"https:\/\/www.uqac.ca\/uqactualites\/author\/bap\/"}]}},"_links":{"self":[{"href":"https:\/\/www.uqac.ca\/uqactualites\/wp-json\/wp\/v2\/posts\/28249"}],"collection":[{"href":"https:\/\/www.uqac.ca\/uqactualites\/wp-json\/wp\/v2\/posts"}],"about":[{"href":"https:\/\/www.uqac.ca\/uqactualites\/wp-json\/wp\/v2\/types\/post"}],"author":[{"embeddable":true,"href":"https:\/\/www.uqac.ca\/uqactualites\/wp-json\/wp\/v2\/users\/5"}],"replies":[{"embeddable":true,"href":"https:\/\/www.uqac.ca\/uqactualites\/wp-json\/wp\/v2\/comments?post=28249"}],"version-history":[{"count":0,"href":"https:\/\/www.uqac.ca\/uqactualites\/wp-json\/wp\/v2\/posts\/28249\/revisions"}],"wp:featuredmedia":[{"embeddable":true,"href":"https:\/\/www.uqac.ca\/uqactualites\/wp-json\/wp\/v2\/media\/28254"}],"wp:attachment":[{"href":"https:\/\/www.uqac.ca\/uqactualites\/wp-json\/wp\/v2\/media?parent=28249"}],"wp:term":[{"taxonomy":"category","embeddable":true,"href":"https:\/\/www.uqac.ca\/uqactualites\/wp-json\/wp\/v2\/categories?post=28249"},{"taxonomy":"post_tag","embeddable":true,"href":"https:\/\/www.uqac.ca\/uqactualites\/wp-json\/wp\/v2\/tags?post=28249"}],"curies":[{"name":"wp","href":"https:\/\/api.w.org\/{rel}","templated":true}]}}