{"id":28260,"date":"2014-09-03T08:58:01","date_gmt":"2014-09-03T12:58:01","guid":{"rendered":"http:\/\/uqactualite.odev.ca\/?p=28260"},"modified":"2014-09-03T08:58:01","modified_gmt":"2014-09-03T12:58:01","slug":"un-pari-sur-limaginaire-selection-2014","status":"publish","type":"post","link":"https:\/\/www.uqac.ca\/uqactualites\/2014\/09\/03\/un-pari-sur-limaginaire-selection-2014\/","title":{"rendered":"Un pari sur l\u2019imaginaire : s\u00e9lection 2014"},"content":{"rendered":"<p style=\"text-align: justify\">La communaut\u00e9 universitaire est invit\u00e9e \u00e0 visiter l\u2019exposition de la rentr\u00e9e, <em>Un pari sur l\u2019imaginaire\u00a0: s\u00e9lection\u00a02014<\/em>\u00a0:<\/p>\n<p style=\"text-align: center\"><strong>Du 3 au 17 septembre 2014<\/strong><br \/>\nGalerie L\u2019\u0152uvre de l\u2019autre (Pavillon des arts)<\/p>\n<p style=\"text-align: center\"><em>Le vernissage aura lieu ce mercredi 3 septembre 2014 \u00e0 17\u00a0h.<\/em><\/p>\n<p style=\"text-align: justify\">L\u2019exposition est compos\u00e9e d\u2019un corpus d\u2019\u0153uvres repr\u00e9sentant l\u2019esprit de recherche en art actuel ainsi que les meilleures solutions aux probl\u00e9matiques propos\u00e9es par les professeurs dans les disciplines enseign\u00e9es au baccalaur\u00e9at interdisciplinaire en arts et au baccalaur\u00e9at en enseignement des arts de l\u2019UQAC.<\/p>\n<p style=\"text-align: justify\">Pour plus de d\u00e9tails sur l\u2019exposition, consultez le <span style=\"text-decoration: underline\"><a href=\"http:\/\/lagaleriedeluqac.blogspot.ca\/\" target=\"_blank\" rel=\"noopener\"><strong>site Web de la galerie L\u2019\u0152uvre de l\u2019autre<\/strong><\/a><\/span>.<\/p>\n<p style=\"text-align: justify\"><strong><br \/>\nRenseignements\u00a0:<br \/>\n<\/strong>Nathalie Villeneuve, coordonnatrice<br \/>\nLa galerie L\u2019\u0152uvre\u00a0de l\u2019autre, le centre d\u2019exposition de l\u2019UQAC<br \/>\nUniversit\u00e9 du Qu\u00e9bec \u00e0 Chicoutimi<br \/>\n418 545-5011, poste\u00a04718\u00a0 \u25aa\u00a0 <span style=\"text-decoration: underline\"><a href=\"mailto:oeuvre_de-lautre@uqac.ca\">oeuvre_de-lautre@uqac.ca<\/a><\/span><\/p>\n","protected":false},"excerpt":{"rendered":"<p>La communaut\u00e9 universitaire est invit\u00e9e \u00e0 visiter l\u2019exposition de la rentr\u00e9e, Un pari sur l\u2019imaginaire\u00a0: s\u00e9lection\u00a02014\u00a0: Du 3 au 17 septembre 2014 Galerie L\u2019\u0152uvre de l\u2019autre (Pavillon des arts) Le vernissage aura lieu ce mercredi 3 septembre 2014 \u00e0 17\u00a0h. L\u2019exposition est compos\u00e9e d\u2019un corpus d\u2019\u0153uvres repr\u00e9sentant l\u2019esprit de recherche en art actuel ainsi que [&hellip;]<\/p>\n","protected":false},"author":5,"featured_media":20989,"comment_status":"open","ping_status":"open","sticky":false,"template":"","format":"standard","meta":{"footnotes":""},"categories":[2772],"tags":[152,286,1279,1535,1536],"yoast_head":"<!-- This site is optimized with the Yoast SEO plugin v24.2 - https:\/\/yoast.com\/wordpress\/plugins\/seo\/ -->\r\n<title>Un pari sur l\u2019imaginaire : s\u00e9lection 2014 - UQACtualit\u00e9s<\/title>\r\n<meta name=\"robots\" content=\"index, follow, max-snippet:-1, max-image-preview:large, max-video-preview:-1\" \/>\r\n<link rel=\"canonical\" href=\"https:\/\/www.uqac.ca\/uqactualites\/2014\/09\/03\/un-pari-sur-limaginaire-selection-2014\/\" \/>\r\n<meta property=\"og:locale\" content=\"fr_CA\" \/>\r\n<meta property=\"og:type\" content=\"article\" \/>\r\n<meta property=\"og:title\" content=\"Un pari sur l\u2019imaginaire : s\u00e9lection 2014 - UQACtualit\u00e9s\" \/>\r\n<meta property=\"og:description\" content=\"La communaut\u00e9 universitaire est invit\u00e9e \u00e0 visiter l\u2019exposition de la rentr\u00e9e, Un pari sur l\u2019imaginaire\u00a0: s\u00e9lection\u00a02014\u00a0: Du 3 au 17 septembre 2014 Galerie L\u2019\u0152uvre de l\u2019autre (Pavillon des arts) Le vernissage aura lieu ce mercredi 3 septembre 2014 \u00e0 17\u00a0h. L\u2019exposition est compos\u00e9e d\u2019un corpus d\u2019\u0153uvres repr\u00e9sentant l\u2019esprit de recherche en art actuel ainsi que [&hellip;]\" \/>\r\n<meta property=\"og:url\" content=\"https:\/\/www.uqac.ca\/uqactualites\/2014\/09\/03\/un-pari-sur-limaginaire-selection-2014\/\" \/>\r\n<meta property=\"og:site_name\" content=\"UQACtualit\u00e9s\" \/>\r\n<meta property=\"article:published_time\" content=\"2014-09-03T12:58:01+00:00\" \/>\r\n<meta property=\"og:image\" content=\"https:\/\/www.uqac.ca\/uqactualites\/wp-content\/uploads\/2012\/05\/avis-laCommunaut-.jpg\" \/>\r\n\t<meta property=\"og:image:width\" content=\"620\" \/>\r\n\t<meta property=\"og:image:height\" content=\"300\" \/>\r\n\t<meta property=\"og:image:type\" content=\"image\/jpeg\" \/>\r\n<meta name=\"author\" content=\"Service des communications et des relations publiques\" \/>\r\n<meta name=\"twitter:card\" content=\"summary_large_image\" \/>\r\n<meta name=\"twitter:label1\" content=\"\u00c9crit par\" \/>\n\t<meta name=\"twitter:data1\" content=\"Service des communications et des relations publiques\" \/>\n\t<meta name=\"twitter:label2\" content=\"Estimation du temps de lecture\" \/>\n\t<meta name=\"twitter:data2\" content=\"1 minute\" \/>\r\n<script type=\"application\/ld+json\" class=\"yoast-schema-graph\">{\"@context\":\"https:\/\/schema.org\",\"@graph\":[{\"@type\":\"WebPage\",\"@id\":\"https:\/\/www.uqac.ca\/uqactualites\/2014\/09\/03\/un-pari-sur-limaginaire-selection-2014\/\",\"url\":\"https:\/\/www.uqac.ca\/uqactualites\/2014\/09\/03\/un-pari-sur-limaginaire-selection-2014\/\",\"name\":\"Un pari sur l\u2019imaginaire : s\u00e9lection 2014 - UQACtualit\u00e9s\",\"isPartOf\":{\"@id\":\"https:\/\/www.uqac.ca\/uqactualites\/#website\"},\"primaryImageOfPage\":{\"@id\":\"https:\/\/www.uqac.ca\/uqactualites\/2014\/09\/03\/un-pari-sur-limaginaire-selection-2014\/#primaryimage\"},\"image\":{\"@id\":\"https:\/\/www.uqac.ca\/uqactualites\/2014\/09\/03\/un-pari-sur-limaginaire-selection-2014\/#primaryimage\"},\"thumbnailUrl\":\"https:\/\/www.uqac.ca\/uqactualites\/wp-content\/uploads\/2012\/05\/avis-laCommunaut-.jpg\",\"datePublished\":\"2014-09-03T12:58:01+00:00\",\"dateModified\":\"2014-09-03T12:58:01+00:00\",\"author\":{\"@id\":\"https:\/\/www.uqac.ca\/uqactualites\/#\/schema\/person\/366c45a0c4f0e677b41b4af5886e2018\"},\"breadcrumb\":{\"@id\":\"https:\/\/www.uqac.ca\/uqactualites\/2014\/09\/03\/un-pari-sur-limaginaire-selection-2014\/#breadcrumb\"},\"inLanguage\":\"fr-CA\",\"potentialAction\":[{\"@type\":\"ReadAction\",\"target\":[\"https:\/\/www.uqac.ca\/uqactualites\/2014\/09\/03\/un-pari-sur-limaginaire-selection-2014\/\"]}]},{\"@type\":\"ImageObject\",\"inLanguage\":\"fr-CA\",\"@id\":\"https:\/\/www.uqac.ca\/uqactualites\/2014\/09\/03\/un-pari-sur-limaginaire-selection-2014\/#primaryimage\",\"url\":\"https:\/\/www.uqac.ca\/uqactualites\/wp-content\/uploads\/2012\/05\/avis-laCommunaut-.jpg\",\"contentUrl\":\"https:\/\/www.uqac.ca\/uqactualites\/wp-content\/uploads\/2012\/05\/avis-laCommunaut-.jpg\",\"width\":620,\"height\":300},{\"@type\":\"BreadcrumbList\",\"@id\":\"https:\/\/www.uqac.ca\/uqactualites\/2014\/09\/03\/un-pari-sur-limaginaire-selection-2014\/#breadcrumb\",\"itemListElement\":[{\"@type\":\"ListItem\",\"position\":1,\"name\":\"Home\",\"item\":\"https:\/\/www.uqac.ca\/uqactualites\/\"},{\"@type\":\"ListItem\",\"position\":2,\"name\":\"Un pari sur l\u2019imaginaire : s\u00e9lection 2014\"}]},{\"@type\":\"WebSite\",\"@id\":\"https:\/\/www.uqac.ca\/uqactualites\/#website\",\"url\":\"https:\/\/www.uqac.ca\/uqactualites\/\",\"name\":\"UQACtualit\u00e9s\",\"description\":\"Le portail des nouvelles de l&#039;UQAC\",\"potentialAction\":[{\"@type\":\"SearchAction\",\"target\":{\"@type\":\"EntryPoint\",\"urlTemplate\":\"https:\/\/www.uqac.ca\/uqactualites\/?s={search_term_string}\"},\"query-input\":{\"@type\":\"PropertyValueSpecification\",\"valueRequired\":true,\"valueName\":\"search_term_string\"}}],\"inLanguage\":\"fr-CA\"},{\"@type\":\"Person\",\"@id\":\"https:\/\/www.uqac.ca\/uqactualites\/#\/schema\/person\/366c45a0c4f0e677b41b4af5886e2018\",\"name\":\"Service des communications et des relations publiques\",\"image\":{\"@type\":\"ImageObject\",\"inLanguage\":\"fr-CA\",\"@id\":\"https:\/\/www.uqac.ca\/uqactualites\/#\/schema\/person\/image\/\",\"url\":\"https:\/\/secure.gravatar.com\/avatar\/20fbbda8a292f59f2d3461a5b999c00b?s=96&d=mm&r=g\",\"contentUrl\":\"https:\/\/secure.gravatar.com\/avatar\/20fbbda8a292f59f2d3461a5b999c00b?s=96&d=mm&r=g\",\"caption\":\"Service des communications et des relations publiques\"},\"url\":\"https:\/\/www.uqac.ca\/uqactualites\/author\/bap\/\"}]}<\/script>\r\n<!-- \/ Yoast SEO plugin. -->","yoast_head_json":{"title":"Un pari sur l\u2019imaginaire : s\u00e9lection 2014 - UQACtualit\u00e9s","robots":{"index":"index","follow":"follow","max-snippet":"max-snippet:-1","max-image-preview":"max-image-preview:large","max-video-preview":"max-video-preview:-1"},"canonical":"https:\/\/www.uqac.ca\/uqactualites\/2014\/09\/03\/un-pari-sur-limaginaire-selection-2014\/","og_locale":"fr_CA","og_type":"article","og_title":"Un pari sur l\u2019imaginaire : s\u00e9lection 2014 - UQACtualit\u00e9s","og_description":"La communaut\u00e9 universitaire est invit\u00e9e \u00e0 visiter l\u2019exposition de la rentr\u00e9e, Un pari sur l\u2019imaginaire\u00a0: s\u00e9lection\u00a02014\u00a0: Du 3 au 17 septembre 2014 Galerie L\u2019\u0152uvre de l\u2019autre (Pavillon des arts) Le vernissage aura lieu ce mercredi 3 septembre 2014 \u00e0 17\u00a0h. L\u2019exposition est compos\u00e9e d\u2019un corpus d\u2019\u0153uvres repr\u00e9sentant l\u2019esprit de recherche en art actuel ainsi que [&hellip;]","og_url":"https:\/\/www.uqac.ca\/uqactualites\/2014\/09\/03\/un-pari-sur-limaginaire-selection-2014\/","og_site_name":"UQACtualit\u00e9s","article_published_time":"2014-09-03T12:58:01+00:00","og_image":[{"width":620,"height":300,"url":"https:\/\/www.uqac.ca\/uqactualites\/wp-content\/uploads\/2012\/05\/avis-laCommunaut-.jpg","type":"image\/jpeg"}],"author":"Service des communications et des relations publiques","twitter_card":"summary_large_image","twitter_misc":{"\u00c9crit par":"Service des communications et des relations publiques","Estimation du temps de lecture":"1 minute"},"schema":{"@context":"https:\/\/schema.org","@graph":[{"@type":"WebPage","@id":"https:\/\/www.uqac.ca\/uqactualites\/2014\/09\/03\/un-pari-sur-limaginaire-selection-2014\/","url":"https:\/\/www.uqac.ca\/uqactualites\/2014\/09\/03\/un-pari-sur-limaginaire-selection-2014\/","name":"Un pari sur l\u2019imaginaire : s\u00e9lection 2014 - UQACtualit\u00e9s","isPartOf":{"@id":"https:\/\/www.uqac.ca\/uqactualites\/#website"},"primaryImageOfPage":{"@id":"https:\/\/www.uqac.ca\/uqactualites\/2014\/09\/03\/un-pari-sur-limaginaire-selection-2014\/#primaryimage"},"image":{"@id":"https:\/\/www.uqac.ca\/uqactualites\/2014\/09\/03\/un-pari-sur-limaginaire-selection-2014\/#primaryimage"},"thumbnailUrl":"https:\/\/www.uqac.ca\/uqactualites\/wp-content\/uploads\/2012\/05\/avis-laCommunaut-.jpg","datePublished":"2014-09-03T12:58:01+00:00","dateModified":"2014-09-03T12:58:01+00:00","author":{"@id":"https:\/\/www.uqac.ca\/uqactualites\/#\/schema\/person\/366c45a0c4f0e677b41b4af5886e2018"},"breadcrumb":{"@id":"https:\/\/www.uqac.ca\/uqactualites\/2014\/09\/03\/un-pari-sur-limaginaire-selection-2014\/#breadcrumb"},"inLanguage":"fr-CA","potentialAction":[{"@type":"ReadAction","target":["https:\/\/www.uqac.ca\/uqactualites\/2014\/09\/03\/un-pari-sur-limaginaire-selection-2014\/"]}]},{"@type":"ImageObject","inLanguage":"fr-CA","@id":"https:\/\/www.uqac.ca\/uqactualites\/2014\/09\/03\/un-pari-sur-limaginaire-selection-2014\/#primaryimage","url":"https:\/\/www.uqac.ca\/uqactualites\/wp-content\/uploads\/2012\/05\/avis-laCommunaut-.jpg","contentUrl":"https:\/\/www.uqac.ca\/uqactualites\/wp-content\/uploads\/2012\/05\/avis-laCommunaut-.jpg","width":620,"height":300},{"@type":"BreadcrumbList","@id":"https:\/\/www.uqac.ca\/uqactualites\/2014\/09\/03\/un-pari-sur-limaginaire-selection-2014\/#breadcrumb","itemListElement":[{"@type":"ListItem","position":1,"name":"Home","item":"https:\/\/www.uqac.ca\/uqactualites\/"},{"@type":"ListItem","position":2,"name":"Un pari sur l\u2019imaginaire : s\u00e9lection 2014"}]},{"@type":"WebSite","@id":"https:\/\/www.uqac.ca\/uqactualites\/#website","url":"https:\/\/www.uqac.ca\/uqactualites\/","name":"UQACtualit\u00e9s","description":"Le portail des nouvelles de l&#039;UQAC","potentialAction":[{"@type":"SearchAction","target":{"@type":"EntryPoint","urlTemplate":"https:\/\/www.uqac.ca\/uqactualites\/?s={search_term_string}"},"query-input":{"@type":"PropertyValueSpecification","valueRequired":true,"valueName":"search_term_string"}}],"inLanguage":"fr-CA"},{"@type":"Person","@id":"https:\/\/www.uqac.ca\/uqactualites\/#\/schema\/person\/366c45a0c4f0e677b41b4af5886e2018","name":"Service des communications et des relations publiques","image":{"@type":"ImageObject","inLanguage":"fr-CA","@id":"https:\/\/www.uqac.ca\/uqactualites\/#\/schema\/person\/image\/","url":"https:\/\/secure.gravatar.com\/avatar\/20fbbda8a292f59f2d3461a5b999c00b?s=96&d=mm&r=g","contentUrl":"https:\/\/secure.gravatar.com\/avatar\/20fbbda8a292f59f2d3461a5b999c00b?s=96&d=mm&r=g","caption":"Service des communications et des relations publiques"},"url":"https:\/\/www.uqac.ca\/uqactualites\/author\/bap\/"}]}},"_links":{"self":[{"href":"https:\/\/www.uqac.ca\/uqactualites\/wp-json\/wp\/v2\/posts\/28260"}],"collection":[{"href":"https:\/\/www.uqac.ca\/uqactualites\/wp-json\/wp\/v2\/posts"}],"about":[{"href":"https:\/\/www.uqac.ca\/uqactualites\/wp-json\/wp\/v2\/types\/post"}],"author":[{"embeddable":true,"href":"https:\/\/www.uqac.ca\/uqactualites\/wp-json\/wp\/v2\/users\/5"}],"replies":[{"embeddable":true,"href":"https:\/\/www.uqac.ca\/uqactualites\/wp-json\/wp\/v2\/comments?post=28260"}],"version-history":[{"count":0,"href":"https:\/\/www.uqac.ca\/uqactualites\/wp-json\/wp\/v2\/posts\/28260\/revisions"}],"wp:featuredmedia":[{"embeddable":true,"href":"https:\/\/www.uqac.ca\/uqactualites\/wp-json\/wp\/v2\/media\/20989"}],"wp:attachment":[{"href":"https:\/\/www.uqac.ca\/uqactualites\/wp-json\/wp\/v2\/media?parent=28260"}],"wp:term":[{"taxonomy":"category","embeddable":true,"href":"https:\/\/www.uqac.ca\/uqactualites\/wp-json\/wp\/v2\/categories?post=28260"},{"taxonomy":"post_tag","embeddable":true,"href":"https:\/\/www.uqac.ca\/uqactualites\/wp-json\/wp\/v2\/tags?post=28260"}],"curies":[{"name":"wp","href":"https:\/\/api.w.org\/{rel}","templated":true}]}}