{"id":28262,"date":"2014-09-03T16:25:37","date_gmt":"2014-09-03T20:25:37","guid":{"rendered":"http:\/\/uqactualite.odev.ca\/?p=28262"},"modified":"2014-09-03T16:25:37","modified_gmt":"2014-09-03T20:25:37","slug":"les-etudiants-en-phonetique-de-luqac-se-demarquent","status":"publish","type":"post","link":"https:\/\/www.uqac.ca\/uqactualites\/2014\/09\/03\/les-etudiants-en-phonetique-de-luqac-se-demarquent\/","title":{"rendered":"Les \u00e9tudiants en phon\u00e9tique de l\u2019UQAC se d\u00e9marquent"},"content":{"rendered":"<p style=\"text-align: justify\">Trois \u00e9tudiants issus du <span style=\"color: #008000\"><a href=\"http:\/\/linguistique.uqac.ca\/recherche\/laboratoire-phonetique\" target=\"_blank\" rel=\"noopener\"><span style=\"color: #008000\"><strong>Laboratoire de phon\u00e9tique exp\u00e9rimentale<\/strong><\/span><\/a><\/span> de l\u2019UQAC ont re\u00e7u, cette ann\u00e9e, pas moins de 260\u00a0000\u00a0$ en bourses. Il s\u2019agit de Caroline Sigouin, de Josiane Riverin-Coutl\u00e9e et de Xavier St-Gelais.<\/p>\n<p style=\"text-align: justify\">Caroline Sigouin, dipl\u00f4m\u00e9e du <span style=\"color: #008000\"><a href=\"http:\/\/programmes.uqac.ca\/7079\" target=\"_blank\" rel=\"noopener\"><span style=\"color: #008000\">baccalaur\u00e9at<\/span><\/a><\/span> et de la <span style=\"color: #008000\"><a href=\"http:\/\/programmes.uqac.ca\/3637\" target=\"_blank\" rel=\"noopener\"><span style=\"color: #008000\">ma\u00eetrise en linguistique<\/span><\/a><\/span>, s\u2019est vu remettre la <span style=\"color: #008000\"><a href=\"http:\/\/vanier.gc.ca\/fra\/scholar_search-chercheur_recherche_2014.html#tab3\" target=\"_blank\" rel=\"noopener\"><span style=\"color: #008000\">Bourse d\u2019\u00e9tudes sup\u00e9rieures du Canada Vanier<\/span><\/a><\/span> (CRSH) pour poursuivre son doctorat. D\u2019une valeur de 150\u00a0000\u00a0$, cette r\u00e9compense exceptionnelle, parmi les plus prestigieuses au Canada, lui a \u00e9t\u00e9 remise en reconnaissance de l\u2019excellence de son dossier scolaire, de la pertinence scientifique de ses recherches et de ses publications ainsi que de son leadership.<\/p>\n<p style=\"text-align: justify\">Josiane Riverin-Coutl\u00e9e, \u00e9tudiante \u00e0 la <span style=\"color: #008000\"><a href=\"http:\/\/programmes.uqac.ca\/3637\" target=\"_blank\" rel=\"noopener\"><span style=\"color: #008000\">ma\u00eetrise en linguistique<\/span><\/a><\/span>, a quant \u00e0 elle re\u00e7u une Bourse d\u2019\u00e9tudes sup\u00e9rieures du Canada Joseph-Armand-Bombardier (CRSH) d\u2019un montant de 105\u00a0000\u00a0$ pour poursuivre ses \u00e9tudes doctorales. Notons qu\u2019elle a \u00e9galement vu son projet de ma\u00eetrise mis de l&rsquo;avant par Radio-Canada. En effet, \u00e0 la suite d&rsquo;une communication dans le cadre du 82<sup>e<\/sup> congr\u00e8s de l&rsquo;Acfas intitul\u00e9e <em>\u00c0 Saguenay, boit-on du \u00ab\u00a0lait\u00a0\u00bb ou du \u00ab\u00a0la\u00a0\u00bb?<\/em>, elle a pris part \u00e0 deux entrevues radiophoniques\u00a0: l&rsquo;une dans l&rsquo;\u00e9mission <span style=\"color: #008000\"><a href=\"http:\/\/ici.radio-canada.ca\/emissions\/samedi_dimanche\/2013-2014\/archives.asp?date=2014-04-26\" target=\"_blank\" rel=\"noopener\"><span style=\"color: #008000\"><strong><em>Samedi et rien d&rsquo;autre<\/em><\/strong><\/span><\/a><\/span> et l\u2019autre dans l&rsquo;\u00e9mission <span style=\"color: #008000\"><a href=\"http:\/\/ici.radio-canada.ca\/emissions\/lheure_de_pointe\/2013-2014\/archives.asp?date=2014\/05\/14&amp;indTime=945&amp;idmedia=7083931\" target=\"_blank\" rel=\"noopener\"><span style=\"color: #008000\"><strong><em>L&rsquo;heure de pointe<\/em><\/strong><\/span><\/a><\/span>.<\/p>\n<p style=\"text-align: justify\">\u00c9tudiant au <span style=\"color: #008000\"><a href=\"http:\/\/programmes.uqac.ca\/7079\" target=\"_blank\" rel=\"noopener\"><span style=\"color: #008000\">baccalaur\u00e9at en linguistique et langue fran\u00e7aise<\/span><\/a><\/span>, Xavier St-Gelais a pour sa part re\u00e7u en juin dernier une bourse d\u2019initiation \u00e0 la recherche au 1<sup>er<\/sup> cycle (FRQ-SC) d\u2019un montant de 5 000\u00a0$, ce qui lui a permis de d\u00e9couvrir le monde de la recherche en phon\u00e9tique.<\/p>\n<p style=\"text-align: justify\"><span style=\"color: #008000\"><a href=\"http:\/\/linguistique.uqac.ca\/membres\/professeurs\/Vincent-Arnaud\" target=\"_blank\" rel=\"noopener\"><span style=\"color: #008000\">Vincent Arnaud<\/span><\/a><\/span>, leur professeur \u00e0 l\u2019UQAC, se joint \u00e0 toute la communaut\u00e9 universitaire pour les f\u00e9liciter de cette belle r\u00e9ussite!<\/p>\n<p style=\"text-align: justify\"><strong><br \/>\nSources\u00a0:<\/strong><\/p>\n<p style=\"text-align: justify\">Vincent Arnaud, professeur<br \/>\nD\u00e9partement des arts et lettres<br \/>\nUniversit\u00e9 du Qu\u00e9bec \u00e0 Chicoutimi<br \/>\n418\u00a0545-5011, poste\u00a02453\u00a0 \u25aa\u00a0 <span style=\"color: #008000\"><a href=\"mailto:vincent_arnaud@uqac.ca\"><span style=\"color: #008000\">vincent_arnaud@uqac.ca<\/span><\/a><\/span><\/p>\n<p style=\"text-align: justify\">Bureau des affaires publiques<br \/>\nUniversit\u00e9 du Qu\u00e9bec \u00e0 Chicoutimi<br \/>\n418\u00a0545-5011, poste\u00a02350\u00a0 \u25aa \u00a0<span style=\"color: #008000\"><a href=\"mailto:affaires_publiques@uqac.ca\"><span style=\"color: #008000\">affaires_publiques@uqac.ca<\/span><\/a><\/span><\/p>\n<p style=\"text-align: justify\">\n<p style=\"text-align: justify\"><span style=\"color: #808080\"><b>_______________________________________________________________________________________<\/b><\/span><\/p>\n<p style=\"text-align: justify\"><span style=\"color: #808080\"><strong>Photo\u00a0:<\/strong> Josiane Riverin-Coutl\u00e9e, \u00e9tudiante, Vincent Arnaud, professeur, et Caroline Sigouin, \u00e9tudiante<\/span><\/p>\n<p style=\"text-align: justify\"><span style=\"color: #808080\"><strong>\u00a9 <\/strong>Gracieuset\u00e9<\/span><br \/>\n<span style=\"color: #808080\"><b>______________________________________________________________________________________<\/b><\/span><\/p>\n","protected":false},"excerpt":{"rendered":"<p>Trois \u00e9tudiants issus du Laboratoire de phon\u00e9tique exp\u00e9rimentale de l\u2019UQAC ont re\u00e7u, cette ann\u00e9e, pas moins de 260\u00a0000\u00a0$ en bourses. Il s\u2019agit de Caroline Sigouin, de Josiane Riverin-Coutl\u00e9e et de Xavier St-Gelais. Caroline Sigouin, dipl\u00f4m\u00e9e du baccalaur\u00e9at et de la ma\u00eetrise en linguistique, s\u2019est vu remettre la Bourse d\u2019\u00e9tudes sup\u00e9rieures du Canada Vanier (CRSH) pour [&hellip;]<\/p>\n","protected":false},"author":5,"featured_media":28263,"comment_status":"open","ping_status":"open","sticky":false,"template":"","format":"standard","meta":{"footnotes":""},"categories":[2,9],"tags":[54,152,1537,349],"yoast_head":"<!-- This site is optimized with the Yoast SEO plugin v24.2 - https:\/\/yoast.com\/wordpress\/plugins\/seo\/ -->\r\n<title>Les \u00e9tudiants en phon\u00e9tique de l\u2019UQAC se d\u00e9marquent - UQACtualit\u00e9s<\/title>\r\n<meta name=\"robots\" content=\"index, follow, max-snippet:-1, max-image-preview:large, max-video-preview:-1\" \/>\r\n<link rel=\"canonical\" href=\"https:\/\/www.uqac.ca\/uqactualites\/2014\/09\/03\/les-etudiants-en-phonetique-de-luqac-se-demarquent\/\" \/>\r\n<meta property=\"og:locale\" content=\"fr_CA\" \/>\r\n<meta property=\"og:type\" content=\"article\" \/>\r\n<meta property=\"og:title\" content=\"Les \u00e9tudiants en phon\u00e9tique de l\u2019UQAC se d\u00e9marquent - UQACtualit\u00e9s\" \/>\r\n<meta property=\"og:description\" content=\"Trois \u00e9tudiants issus du Laboratoire de phon\u00e9tique exp\u00e9rimentale de l\u2019UQAC ont re\u00e7u, cette ann\u00e9e, pas moins de 260\u00a0000\u00a0$ en bourses. Il s\u2019agit de Caroline Sigouin, de Josiane Riverin-Coutl\u00e9e et de Xavier St-Gelais. Caroline Sigouin, dipl\u00f4m\u00e9e du baccalaur\u00e9at et de la ma\u00eetrise en linguistique, s\u2019est vu remettre la Bourse d\u2019\u00e9tudes sup\u00e9rieures du Canada Vanier (CRSH) pour [&hellip;]\" \/>\r\n<meta property=\"og:url\" content=\"https:\/\/www.uqac.ca\/uqactualites\/2014\/09\/03\/les-etudiants-en-phonetique-de-luqac-se-demarquent\/\" \/>\r\n<meta property=\"og:site_name\" content=\"UQACtualit\u00e9s\" \/>\r\n<meta property=\"article:published_time\" content=\"2014-09-03T20:25:37+00:00\" \/>\r\n<meta property=\"og:image\" content=\"https:\/\/www.uqac.ca\/uqactualites\/wp-content\/uploads\/2014\/09\/Phon\u00e9tique-Web-\u00a9Gracieuset\u00e9.jpg\" \/>\r\n\t<meta property=\"og:image:width\" content=\"620\" \/>\r\n\t<meta property=\"og:image:height\" content=\"300\" \/>\r\n\t<meta property=\"og:image:type\" content=\"image\/jpeg\" \/>\r\n<meta name=\"author\" content=\"Service des communications et des relations publiques\" \/>\r\n<meta name=\"twitter:card\" content=\"summary_large_image\" \/>\r\n<meta name=\"twitter:label1\" content=\"\u00c9crit par\" \/>\n\t<meta name=\"twitter:data1\" content=\"Service des communications et des relations publiques\" \/>\n\t<meta name=\"twitter:label2\" content=\"Estimation du temps de lecture\" \/>\n\t<meta name=\"twitter:data2\" content=\"2 minutes\" \/>\r\n<script type=\"application\/ld+json\" class=\"yoast-schema-graph\">{\"@context\":\"https:\/\/schema.org\",\"@graph\":[{\"@type\":\"WebPage\",\"@id\":\"https:\/\/www.uqac.ca\/uqactualites\/2014\/09\/03\/les-etudiants-en-phonetique-de-luqac-se-demarquent\/\",\"url\":\"https:\/\/www.uqac.ca\/uqactualites\/2014\/09\/03\/les-etudiants-en-phonetique-de-luqac-se-demarquent\/\",\"name\":\"Les \u00e9tudiants en phon\u00e9tique de l\u2019UQAC se d\u00e9marquent - UQACtualit\u00e9s\",\"isPartOf\":{\"@id\":\"https:\/\/www.uqac.ca\/uqactualites\/#website\"},\"primaryImageOfPage\":{\"@id\":\"https:\/\/www.uqac.ca\/uqactualites\/2014\/09\/03\/les-etudiants-en-phonetique-de-luqac-se-demarquent\/#primaryimage\"},\"image\":{\"@id\":\"https:\/\/www.uqac.ca\/uqactualites\/2014\/09\/03\/les-etudiants-en-phonetique-de-luqac-se-demarquent\/#primaryimage\"},\"thumbnailUrl\":\"https:\/\/www.uqac.ca\/uqactualites\/wp-content\/uploads\/2014\/09\/Phon\u00e9tique-Web-\u00a9Gracieuset\u00e9.jpg\",\"datePublished\":\"2014-09-03T20:25:37+00:00\",\"dateModified\":\"2014-09-03T20:25:37+00:00\",\"author\":{\"@id\":\"https:\/\/www.uqac.ca\/uqactualites\/#\/schema\/person\/366c45a0c4f0e677b41b4af5886e2018\"},\"breadcrumb\":{\"@id\":\"https:\/\/www.uqac.ca\/uqactualites\/2014\/09\/03\/les-etudiants-en-phonetique-de-luqac-se-demarquent\/#breadcrumb\"},\"inLanguage\":\"fr-CA\",\"potentialAction\":[{\"@type\":\"ReadAction\",\"target\":[\"https:\/\/www.uqac.ca\/uqactualites\/2014\/09\/03\/les-etudiants-en-phonetique-de-luqac-se-demarquent\/\"]}]},{\"@type\":\"ImageObject\",\"inLanguage\":\"fr-CA\",\"@id\":\"https:\/\/www.uqac.ca\/uqactualites\/2014\/09\/03\/les-etudiants-en-phonetique-de-luqac-se-demarquent\/#primaryimage\",\"url\":\"https:\/\/www.uqac.ca\/uqactualites\/wp-content\/uploads\/2014\/09\/Phon\u00e9tique-Web-\u00a9Gracieuset\u00e9.jpg\",\"contentUrl\":\"https:\/\/www.uqac.ca\/uqactualites\/wp-content\/uploads\/2014\/09\/Phon\u00e9tique-Web-\u00a9Gracieuset\u00e9.jpg\",\"width\":620,\"height\":300},{\"@type\":\"BreadcrumbList\",\"@id\":\"https:\/\/www.uqac.ca\/uqactualites\/2014\/09\/03\/les-etudiants-en-phonetique-de-luqac-se-demarquent\/#breadcrumb\",\"itemListElement\":[{\"@type\":\"ListItem\",\"position\":1,\"name\":\"Home\",\"item\":\"https:\/\/www.uqac.ca\/uqactualites\/\"},{\"@type\":\"ListItem\",\"position\":2,\"name\":\"Les \u00e9tudiants en phon\u00e9tique de l\u2019UQAC se d\u00e9marquent\"}]},{\"@type\":\"WebSite\",\"@id\":\"https:\/\/www.uqac.ca\/uqactualites\/#website\",\"url\":\"https:\/\/www.uqac.ca\/uqactualites\/\",\"name\":\"UQACtualit\u00e9s\",\"description\":\"Le portail des nouvelles de l&#039;UQAC\",\"potentialAction\":[{\"@type\":\"SearchAction\",\"target\":{\"@type\":\"EntryPoint\",\"urlTemplate\":\"https:\/\/www.uqac.ca\/uqactualites\/?s={search_term_string}\"},\"query-input\":{\"@type\":\"PropertyValueSpecification\",\"valueRequired\":true,\"valueName\":\"search_term_string\"}}],\"inLanguage\":\"fr-CA\"},{\"@type\":\"Person\",\"@id\":\"https:\/\/www.uqac.ca\/uqactualites\/#\/schema\/person\/366c45a0c4f0e677b41b4af5886e2018\",\"name\":\"Service des communications et des relations publiques\",\"image\":{\"@type\":\"ImageObject\",\"inLanguage\":\"fr-CA\",\"@id\":\"https:\/\/www.uqac.ca\/uqactualites\/#\/schema\/person\/image\/\",\"url\":\"https:\/\/secure.gravatar.com\/avatar\/20fbbda8a292f59f2d3461a5b999c00b?s=96&d=mm&r=g\",\"contentUrl\":\"https:\/\/secure.gravatar.com\/avatar\/20fbbda8a292f59f2d3461a5b999c00b?s=96&d=mm&r=g\",\"caption\":\"Service des communications et des relations publiques\"},\"url\":\"https:\/\/www.uqac.ca\/uqactualites\/author\/bap\/\"}]}<\/script>\r\n<!-- \/ Yoast SEO plugin. -->","yoast_head_json":{"title":"Les \u00e9tudiants en phon\u00e9tique de l\u2019UQAC se d\u00e9marquent - UQACtualit\u00e9s","robots":{"index":"index","follow":"follow","max-snippet":"max-snippet:-1","max-image-preview":"max-image-preview:large","max-video-preview":"max-video-preview:-1"},"canonical":"https:\/\/www.uqac.ca\/uqactualites\/2014\/09\/03\/les-etudiants-en-phonetique-de-luqac-se-demarquent\/","og_locale":"fr_CA","og_type":"article","og_title":"Les \u00e9tudiants en phon\u00e9tique de l\u2019UQAC se d\u00e9marquent - UQACtualit\u00e9s","og_description":"Trois \u00e9tudiants issus du Laboratoire de phon\u00e9tique exp\u00e9rimentale de l\u2019UQAC ont re\u00e7u, cette ann\u00e9e, pas moins de 260\u00a0000\u00a0$ en bourses. Il s\u2019agit de Caroline Sigouin, de Josiane Riverin-Coutl\u00e9e et de Xavier St-Gelais. Caroline Sigouin, dipl\u00f4m\u00e9e du baccalaur\u00e9at et de la ma\u00eetrise en linguistique, s\u2019est vu remettre la Bourse d\u2019\u00e9tudes sup\u00e9rieures du Canada Vanier (CRSH) pour [&hellip;]","og_url":"https:\/\/www.uqac.ca\/uqactualites\/2014\/09\/03\/les-etudiants-en-phonetique-de-luqac-se-demarquent\/","og_site_name":"UQACtualit\u00e9s","article_published_time":"2014-09-03T20:25:37+00:00","og_image":[{"width":620,"height":300,"url":"https:\/\/www.uqac.ca\/uqactualites\/wp-content\/uploads\/2014\/09\/Phon\u00e9tique-Web-\u00a9Gracieuset\u00e9.jpg","type":"image\/jpeg"}],"author":"Service des communications et des relations publiques","twitter_card":"summary_large_image","twitter_misc":{"\u00c9crit par":"Service des communications et des relations publiques","Estimation du temps de lecture":"2 minutes"},"schema":{"@context":"https:\/\/schema.org","@graph":[{"@type":"WebPage","@id":"https:\/\/www.uqac.ca\/uqactualites\/2014\/09\/03\/les-etudiants-en-phonetique-de-luqac-se-demarquent\/","url":"https:\/\/www.uqac.ca\/uqactualites\/2014\/09\/03\/les-etudiants-en-phonetique-de-luqac-se-demarquent\/","name":"Les \u00e9tudiants en phon\u00e9tique de l\u2019UQAC se d\u00e9marquent - UQACtualit\u00e9s","isPartOf":{"@id":"https:\/\/www.uqac.ca\/uqactualites\/#website"},"primaryImageOfPage":{"@id":"https:\/\/www.uqac.ca\/uqactualites\/2014\/09\/03\/les-etudiants-en-phonetique-de-luqac-se-demarquent\/#primaryimage"},"image":{"@id":"https:\/\/www.uqac.ca\/uqactualites\/2014\/09\/03\/les-etudiants-en-phonetique-de-luqac-se-demarquent\/#primaryimage"},"thumbnailUrl":"https:\/\/www.uqac.ca\/uqactualites\/wp-content\/uploads\/2014\/09\/Phon\u00e9tique-Web-\u00a9Gracieuset\u00e9.jpg","datePublished":"2014-09-03T20:25:37+00:00","dateModified":"2014-09-03T20:25:37+00:00","author":{"@id":"https:\/\/www.uqac.ca\/uqactualites\/#\/schema\/person\/366c45a0c4f0e677b41b4af5886e2018"},"breadcrumb":{"@id":"https:\/\/www.uqac.ca\/uqactualites\/2014\/09\/03\/les-etudiants-en-phonetique-de-luqac-se-demarquent\/#breadcrumb"},"inLanguage":"fr-CA","potentialAction":[{"@type":"ReadAction","target":["https:\/\/www.uqac.ca\/uqactualites\/2014\/09\/03\/les-etudiants-en-phonetique-de-luqac-se-demarquent\/"]}]},{"@type":"ImageObject","inLanguage":"fr-CA","@id":"https:\/\/www.uqac.ca\/uqactualites\/2014\/09\/03\/les-etudiants-en-phonetique-de-luqac-se-demarquent\/#primaryimage","url":"https:\/\/www.uqac.ca\/uqactualites\/wp-content\/uploads\/2014\/09\/Phon\u00e9tique-Web-\u00a9Gracieuset\u00e9.jpg","contentUrl":"https:\/\/www.uqac.ca\/uqactualites\/wp-content\/uploads\/2014\/09\/Phon\u00e9tique-Web-\u00a9Gracieuset\u00e9.jpg","width":620,"height":300},{"@type":"BreadcrumbList","@id":"https:\/\/www.uqac.ca\/uqactualites\/2014\/09\/03\/les-etudiants-en-phonetique-de-luqac-se-demarquent\/#breadcrumb","itemListElement":[{"@type":"ListItem","position":1,"name":"Home","item":"https:\/\/www.uqac.ca\/uqactualites\/"},{"@type":"ListItem","position":2,"name":"Les \u00e9tudiants en phon\u00e9tique de l\u2019UQAC se d\u00e9marquent"}]},{"@type":"WebSite","@id":"https:\/\/www.uqac.ca\/uqactualites\/#website","url":"https:\/\/www.uqac.ca\/uqactualites\/","name":"UQACtualit\u00e9s","description":"Le portail des nouvelles de l&#039;UQAC","potentialAction":[{"@type":"SearchAction","target":{"@type":"EntryPoint","urlTemplate":"https:\/\/www.uqac.ca\/uqactualites\/?s={search_term_string}"},"query-input":{"@type":"PropertyValueSpecification","valueRequired":true,"valueName":"search_term_string"}}],"inLanguage":"fr-CA"},{"@type":"Person","@id":"https:\/\/www.uqac.ca\/uqactualites\/#\/schema\/person\/366c45a0c4f0e677b41b4af5886e2018","name":"Service des communications et des relations publiques","image":{"@type":"ImageObject","inLanguage":"fr-CA","@id":"https:\/\/www.uqac.ca\/uqactualites\/#\/schema\/person\/image\/","url":"https:\/\/secure.gravatar.com\/avatar\/20fbbda8a292f59f2d3461a5b999c00b?s=96&d=mm&r=g","contentUrl":"https:\/\/secure.gravatar.com\/avatar\/20fbbda8a292f59f2d3461a5b999c00b?s=96&d=mm&r=g","caption":"Service des communications et des relations publiques"},"url":"https:\/\/www.uqac.ca\/uqactualites\/author\/bap\/"}]}},"_links":{"self":[{"href":"https:\/\/www.uqac.ca\/uqactualites\/wp-json\/wp\/v2\/posts\/28262"}],"collection":[{"href":"https:\/\/www.uqac.ca\/uqactualites\/wp-json\/wp\/v2\/posts"}],"about":[{"href":"https:\/\/www.uqac.ca\/uqactualites\/wp-json\/wp\/v2\/types\/post"}],"author":[{"embeddable":true,"href":"https:\/\/www.uqac.ca\/uqactualites\/wp-json\/wp\/v2\/users\/5"}],"replies":[{"embeddable":true,"href":"https:\/\/www.uqac.ca\/uqactualites\/wp-json\/wp\/v2\/comments?post=28262"}],"version-history":[{"count":0,"href":"https:\/\/www.uqac.ca\/uqactualites\/wp-json\/wp\/v2\/posts\/28262\/revisions"}],"wp:featuredmedia":[{"embeddable":true,"href":"https:\/\/www.uqac.ca\/uqactualites\/wp-json\/wp\/v2\/media\/28263"}],"wp:attachment":[{"href":"https:\/\/www.uqac.ca\/uqactualites\/wp-json\/wp\/v2\/media?parent=28262"}],"wp:term":[{"taxonomy":"category","embeddable":true,"href":"https:\/\/www.uqac.ca\/uqactualites\/wp-json\/wp\/v2\/categories?post=28262"},{"taxonomy":"post_tag","embeddable":true,"href":"https:\/\/www.uqac.ca\/uqactualites\/wp-json\/wp\/v2\/tags?post=28262"}],"curies":[{"name":"wp","href":"https:\/\/api.w.org\/{rel}","templated":true}]}}