{"id":28266,"date":"2014-09-05T10:56:27","date_gmt":"2014-09-05T14:56:27","guid":{"rendered":"http:\/\/uqactualite.odev.ca\/?p=28266"},"modified":"2014-09-05T10:56:27","modified_gmt":"2014-09-05T14:56:27","slug":"roberto-gauthier-nomme-au-capfe","status":"publish","type":"post","link":"https:\/\/www.uqac.ca\/uqactualites\/2014\/09\/05\/roberto-gauthier-nomme-au-capfe\/","title":{"rendered":"Roberto Gauthier nomm\u00e9 au CAPFE"},"content":{"rendered":"<p style=\"text-align: justify\">Professeur au D\u00e9partement des sciences de l\u2019\u00e9ducation et directeur du Module d\u2019enseignement au pr\u00e9scolaire-primaire de l\u2019UQAC, Roberto\u00a0Gauthier a r\u00e9cemment \u00e9t\u00e9 nomm\u00e9 \u00e0 titre de repr\u00e9sentant du milieu universitaire au Comit\u00e9 d\u2019agr\u00e9ment des programmes de formation \u00e0 l\u2019enseignement (CAPFE). Cette nomination, qui a \u00e9t\u00e9 confirm\u00e9e le 18 juillet dernier par le ministre de l\u2019\u00c9ducation, Yves Bolduc, conf\u00e8re un mandat de trois ans \u00e0 M.\u00a0Gauthier au sein du CAPFE, dont les membres sont appel\u00e9s \u00e0 collaborer avec tous les partenaires des milieux scolaire et universitaire dans le but d\u2019am\u00e9liorer la formation des futurs enseignants et enseignantes partout au Qu\u00e9bec.<\/p>\n<p style=\"text-align: justify\">Nos plus sinc\u00e8res f\u00e9licitations au professeur Gauthier!<\/p>\n<p style=\"text-align: justify\"><strong><br \/>\nSources\u00a0:<\/strong><\/p>\n<p style=\"text-align: justify\">Monique L&rsquo;Hostie, professeure et directrice<br \/>\nD\u00e9partement des sciences de l&rsquo;\u00e9ducation<br \/>\nUniversit\u00e9 du Qu\u00e9bec \u00e0 Chicoutimi<br \/>\n418 545-5011, poste\u00a02422\u00a0 \u25aa\u00a0 <span style=\"color: #808000\"><a href=\"mailto:monique_lhostie@uqac.ca\"><span style=\"color: #808000\">monique_lhostie@uqac.ca<\/span><\/a><\/span><\/p>\n<p style=\"text-align: justify\">Bureau des affaires publiques<br \/>\nUniversit\u00e9 du Qu\u00e9bec \u00e0 Chicoutimi<br \/>\n418\u00a0545-5011, poste\u00a02350\u00a0 \u25aa\u00a0 <span style=\"color: #808000\"><span style=\"color: #808000\">affaires_publiques@uqac.ca<\/span><\/span><\/p>\n<p style=\"text-align: justify\">\n<p style=\"text-align: justify\"><span style=\"color: #808080\"><b>_______________________________________________________________________________________<\/b><\/span><\/p>\n<p style=\"text-align: justify\"><span style=\"color: #808080\"><strong>Photo\u00a0: <\/strong>Roberto Gauthier<\/span><br \/>\n<span style=\"color: #808080\"><strong>\u00a9 Denis Blackburn, UQAC<\/strong><\/span><br \/>\n<span style=\"color: #808080\"><b>_______________________________________________________________________________________<\/b><\/span><\/p>\n","protected":false},"excerpt":{"rendered":"<p>Professeur au D\u00e9partement des sciences de l\u2019\u00e9ducation et directeur du Module d\u2019enseignement au pr\u00e9scolaire-primaire de l\u2019UQAC, Roberto\u00a0Gauthier a r\u00e9cemment \u00e9t\u00e9 nomm\u00e9 \u00e0 titre de repr\u00e9sentant du milieu universitaire au Comit\u00e9 d\u2019agr\u00e9ment des programmes de formation \u00e0 l\u2019enseignement (CAPFE). Cette nomination, qui a \u00e9t\u00e9 confirm\u00e9e le 18 juillet dernier par le ministre de l\u2019\u00c9ducation, Yves Bolduc, [&hellip;]<\/p>\n","protected":false},"author":5,"featured_media":28267,"comment_status":"open","ping_status":"open","sticky":false,"template":"","format":"standard","meta":{"footnotes":""},"categories":[2,15],"tags":[1538,5,123,1539,53,1540],"yoast_head":"<!-- This site is optimized with the Yoast SEO plugin v24.2 - https:\/\/yoast.com\/wordpress\/plugins\/seo\/ -->\r\n<title>Roberto Gauthier nomm\u00e9 au CAPFE - UQACtualit\u00e9s<\/title>\r\n<meta name=\"robots\" content=\"index, follow, max-snippet:-1, max-image-preview:large, max-video-preview:-1\" \/>\r\n<link rel=\"canonical\" href=\"https:\/\/www.uqac.ca\/uqactualites\/2014\/09\/05\/roberto-gauthier-nomme-au-capfe\/\" \/>\r\n<meta property=\"og:locale\" content=\"fr_CA\" \/>\r\n<meta property=\"og:type\" content=\"article\" \/>\r\n<meta property=\"og:title\" content=\"Roberto Gauthier nomm\u00e9 au CAPFE - UQACtualit\u00e9s\" \/>\r\n<meta property=\"og:description\" content=\"Professeur au D\u00e9partement des sciences de l\u2019\u00e9ducation et directeur du Module d\u2019enseignement au pr\u00e9scolaire-primaire de l\u2019UQAC, Roberto\u00a0Gauthier a r\u00e9cemment \u00e9t\u00e9 nomm\u00e9 \u00e0 titre de repr\u00e9sentant du milieu universitaire au Comit\u00e9 d\u2019agr\u00e9ment des programmes de formation \u00e0 l\u2019enseignement (CAPFE). Cette nomination, qui a \u00e9t\u00e9 confirm\u00e9e le 18 juillet dernier par le ministre de l\u2019\u00c9ducation, Yves Bolduc, [&hellip;]\" \/>\r\n<meta property=\"og:url\" content=\"https:\/\/www.uqac.ca\/uqactualites\/2014\/09\/05\/roberto-gauthier-nomme-au-capfe\/\" \/>\r\n<meta property=\"og:site_name\" content=\"UQACtualit\u00e9s\" \/>\r\n<meta property=\"article:published_time\" content=\"2014-09-05T14:56:27+00:00\" \/>\r\n<meta property=\"og:image\" content=\"https:\/\/www.uqac.ca\/uqactualites\/wp-content\/uploads\/2014\/09\/Roberto-Gauthier-Web-\u00a9Denis-Blackburn.jpg\" \/>\r\n\t<meta property=\"og:image:width\" content=\"620\" \/>\r\n\t<meta property=\"og:image:height\" content=\"300\" \/>\r\n\t<meta property=\"og:image:type\" content=\"image\/jpeg\" \/>\r\n<meta name=\"author\" content=\"Service des communications et des relations publiques\" \/>\r\n<meta name=\"twitter:card\" content=\"summary_large_image\" \/>\r\n<meta name=\"twitter:label1\" content=\"\u00c9crit par\" \/>\n\t<meta name=\"twitter:data1\" content=\"Service des communications et des relations publiques\" \/>\n\t<meta name=\"twitter:label2\" content=\"Estimation du temps de lecture\" \/>\n\t<meta name=\"twitter:data2\" content=\"1 minute\" \/>\r\n<script type=\"application\/ld+json\" class=\"yoast-schema-graph\">{\"@context\":\"https:\/\/schema.org\",\"@graph\":[{\"@type\":\"WebPage\",\"@id\":\"https:\/\/www.uqac.ca\/uqactualites\/2014\/09\/05\/roberto-gauthier-nomme-au-capfe\/\",\"url\":\"https:\/\/www.uqac.ca\/uqactualites\/2014\/09\/05\/roberto-gauthier-nomme-au-capfe\/\",\"name\":\"Roberto Gauthier nomm\u00e9 au CAPFE - UQACtualit\u00e9s\",\"isPartOf\":{\"@id\":\"https:\/\/www.uqac.ca\/uqactualites\/#website\"},\"primaryImageOfPage\":{\"@id\":\"https:\/\/www.uqac.ca\/uqactualites\/2014\/09\/05\/roberto-gauthier-nomme-au-capfe\/#primaryimage\"},\"image\":{\"@id\":\"https:\/\/www.uqac.ca\/uqactualites\/2014\/09\/05\/roberto-gauthier-nomme-au-capfe\/#primaryimage\"},\"thumbnailUrl\":\"https:\/\/www.uqac.ca\/uqactualites\/wp-content\/uploads\/2014\/09\/Roberto-Gauthier-Web-\u00a9Denis-Blackburn.jpg\",\"datePublished\":\"2014-09-05T14:56:27+00:00\",\"dateModified\":\"2014-09-05T14:56:27+00:00\",\"author\":{\"@id\":\"https:\/\/www.uqac.ca\/uqactualites\/#\/schema\/person\/366c45a0c4f0e677b41b4af5886e2018\"},\"breadcrumb\":{\"@id\":\"https:\/\/www.uqac.ca\/uqactualites\/2014\/09\/05\/roberto-gauthier-nomme-au-capfe\/#breadcrumb\"},\"inLanguage\":\"fr-CA\",\"potentialAction\":[{\"@type\":\"ReadAction\",\"target\":[\"https:\/\/www.uqac.ca\/uqactualites\/2014\/09\/05\/roberto-gauthier-nomme-au-capfe\/\"]}]},{\"@type\":\"ImageObject\",\"inLanguage\":\"fr-CA\",\"@id\":\"https:\/\/www.uqac.ca\/uqactualites\/2014\/09\/05\/roberto-gauthier-nomme-au-capfe\/#primaryimage\",\"url\":\"https:\/\/www.uqac.ca\/uqactualites\/wp-content\/uploads\/2014\/09\/Roberto-Gauthier-Web-\u00a9Denis-Blackburn.jpg\",\"contentUrl\":\"https:\/\/www.uqac.ca\/uqactualites\/wp-content\/uploads\/2014\/09\/Roberto-Gauthier-Web-\u00a9Denis-Blackburn.jpg\",\"width\":620,\"height\":300},{\"@type\":\"BreadcrumbList\",\"@id\":\"https:\/\/www.uqac.ca\/uqactualites\/2014\/09\/05\/roberto-gauthier-nomme-au-capfe\/#breadcrumb\",\"itemListElement\":[{\"@type\":\"ListItem\",\"position\":1,\"name\":\"Home\",\"item\":\"https:\/\/www.uqac.ca\/uqactualites\/\"},{\"@type\":\"ListItem\",\"position\":2,\"name\":\"Roberto Gauthier nomm\u00e9 au CAPFE\"}]},{\"@type\":\"WebSite\",\"@id\":\"https:\/\/www.uqac.ca\/uqactualites\/#website\",\"url\":\"https:\/\/www.uqac.ca\/uqactualites\/\",\"name\":\"UQACtualit\u00e9s\",\"description\":\"Le portail des nouvelles de l&#039;UQAC\",\"potentialAction\":[{\"@type\":\"SearchAction\",\"target\":{\"@type\":\"EntryPoint\",\"urlTemplate\":\"https:\/\/www.uqac.ca\/uqactualites\/?s={search_term_string}\"},\"query-input\":{\"@type\":\"PropertyValueSpecification\",\"valueRequired\":true,\"valueName\":\"search_term_string\"}}],\"inLanguage\":\"fr-CA\"},{\"@type\":\"Person\",\"@id\":\"https:\/\/www.uqac.ca\/uqactualites\/#\/schema\/person\/366c45a0c4f0e677b41b4af5886e2018\",\"name\":\"Service des communications et des relations publiques\",\"image\":{\"@type\":\"ImageObject\",\"inLanguage\":\"fr-CA\",\"@id\":\"https:\/\/www.uqac.ca\/uqactualites\/#\/schema\/person\/image\/\",\"url\":\"https:\/\/secure.gravatar.com\/avatar\/20fbbda8a292f59f2d3461a5b999c00b?s=96&d=mm&r=g\",\"contentUrl\":\"https:\/\/secure.gravatar.com\/avatar\/20fbbda8a292f59f2d3461a5b999c00b?s=96&d=mm&r=g\",\"caption\":\"Service des communications et des relations publiques\"},\"url\":\"https:\/\/www.uqac.ca\/uqactualites\/author\/bap\/\"}]}<\/script>\r\n<!-- \/ Yoast SEO plugin. -->","yoast_head_json":{"title":"Roberto Gauthier nomm\u00e9 au CAPFE - UQACtualit\u00e9s","robots":{"index":"index","follow":"follow","max-snippet":"max-snippet:-1","max-image-preview":"max-image-preview:large","max-video-preview":"max-video-preview:-1"},"canonical":"https:\/\/www.uqac.ca\/uqactualites\/2014\/09\/05\/roberto-gauthier-nomme-au-capfe\/","og_locale":"fr_CA","og_type":"article","og_title":"Roberto Gauthier nomm\u00e9 au CAPFE - UQACtualit\u00e9s","og_description":"Professeur au D\u00e9partement des sciences de l\u2019\u00e9ducation et directeur du Module d\u2019enseignement au pr\u00e9scolaire-primaire de l\u2019UQAC, Roberto\u00a0Gauthier a r\u00e9cemment \u00e9t\u00e9 nomm\u00e9 \u00e0 titre de repr\u00e9sentant du milieu universitaire au Comit\u00e9 d\u2019agr\u00e9ment des programmes de formation \u00e0 l\u2019enseignement (CAPFE). Cette nomination, qui a \u00e9t\u00e9 confirm\u00e9e le 18 juillet dernier par le ministre de l\u2019\u00c9ducation, Yves Bolduc, [&hellip;]","og_url":"https:\/\/www.uqac.ca\/uqactualites\/2014\/09\/05\/roberto-gauthier-nomme-au-capfe\/","og_site_name":"UQACtualit\u00e9s","article_published_time":"2014-09-05T14:56:27+00:00","og_image":[{"width":620,"height":300,"url":"https:\/\/www.uqac.ca\/uqactualites\/wp-content\/uploads\/2014\/09\/Roberto-Gauthier-Web-\u00a9Denis-Blackburn.jpg","type":"image\/jpeg"}],"author":"Service des communications et des relations publiques","twitter_card":"summary_large_image","twitter_misc":{"\u00c9crit par":"Service des communications et des relations publiques","Estimation du temps de lecture":"1 minute"},"schema":{"@context":"https:\/\/schema.org","@graph":[{"@type":"WebPage","@id":"https:\/\/www.uqac.ca\/uqactualites\/2014\/09\/05\/roberto-gauthier-nomme-au-capfe\/","url":"https:\/\/www.uqac.ca\/uqactualites\/2014\/09\/05\/roberto-gauthier-nomme-au-capfe\/","name":"Roberto Gauthier nomm\u00e9 au CAPFE - UQACtualit\u00e9s","isPartOf":{"@id":"https:\/\/www.uqac.ca\/uqactualites\/#website"},"primaryImageOfPage":{"@id":"https:\/\/www.uqac.ca\/uqactualites\/2014\/09\/05\/roberto-gauthier-nomme-au-capfe\/#primaryimage"},"image":{"@id":"https:\/\/www.uqac.ca\/uqactualites\/2014\/09\/05\/roberto-gauthier-nomme-au-capfe\/#primaryimage"},"thumbnailUrl":"https:\/\/www.uqac.ca\/uqactualites\/wp-content\/uploads\/2014\/09\/Roberto-Gauthier-Web-\u00a9Denis-Blackburn.jpg","datePublished":"2014-09-05T14:56:27+00:00","dateModified":"2014-09-05T14:56:27+00:00","author":{"@id":"https:\/\/www.uqac.ca\/uqactualites\/#\/schema\/person\/366c45a0c4f0e677b41b4af5886e2018"},"breadcrumb":{"@id":"https:\/\/www.uqac.ca\/uqactualites\/2014\/09\/05\/roberto-gauthier-nomme-au-capfe\/#breadcrumb"},"inLanguage":"fr-CA","potentialAction":[{"@type":"ReadAction","target":["https:\/\/www.uqac.ca\/uqactualites\/2014\/09\/05\/roberto-gauthier-nomme-au-capfe\/"]}]},{"@type":"ImageObject","inLanguage":"fr-CA","@id":"https:\/\/www.uqac.ca\/uqactualites\/2014\/09\/05\/roberto-gauthier-nomme-au-capfe\/#primaryimage","url":"https:\/\/www.uqac.ca\/uqactualites\/wp-content\/uploads\/2014\/09\/Roberto-Gauthier-Web-\u00a9Denis-Blackburn.jpg","contentUrl":"https:\/\/www.uqac.ca\/uqactualites\/wp-content\/uploads\/2014\/09\/Roberto-Gauthier-Web-\u00a9Denis-Blackburn.jpg","width":620,"height":300},{"@type":"BreadcrumbList","@id":"https:\/\/www.uqac.ca\/uqactualites\/2014\/09\/05\/roberto-gauthier-nomme-au-capfe\/#breadcrumb","itemListElement":[{"@type":"ListItem","position":1,"name":"Home","item":"https:\/\/www.uqac.ca\/uqactualites\/"},{"@type":"ListItem","position":2,"name":"Roberto Gauthier nomm\u00e9 au CAPFE"}]},{"@type":"WebSite","@id":"https:\/\/www.uqac.ca\/uqactualites\/#website","url":"https:\/\/www.uqac.ca\/uqactualites\/","name":"UQACtualit\u00e9s","description":"Le portail des nouvelles de l&#039;UQAC","potentialAction":[{"@type":"SearchAction","target":{"@type":"EntryPoint","urlTemplate":"https:\/\/www.uqac.ca\/uqactualites\/?s={search_term_string}"},"query-input":{"@type":"PropertyValueSpecification","valueRequired":true,"valueName":"search_term_string"}}],"inLanguage":"fr-CA"},{"@type":"Person","@id":"https:\/\/www.uqac.ca\/uqactualites\/#\/schema\/person\/366c45a0c4f0e677b41b4af5886e2018","name":"Service des communications et des relations publiques","image":{"@type":"ImageObject","inLanguage":"fr-CA","@id":"https:\/\/www.uqac.ca\/uqactualites\/#\/schema\/person\/image\/","url":"https:\/\/secure.gravatar.com\/avatar\/20fbbda8a292f59f2d3461a5b999c00b?s=96&d=mm&r=g","contentUrl":"https:\/\/secure.gravatar.com\/avatar\/20fbbda8a292f59f2d3461a5b999c00b?s=96&d=mm&r=g","caption":"Service des communications et des relations publiques"},"url":"https:\/\/www.uqac.ca\/uqactualites\/author\/bap\/"}]}},"_links":{"self":[{"href":"https:\/\/www.uqac.ca\/uqactualites\/wp-json\/wp\/v2\/posts\/28266"}],"collection":[{"href":"https:\/\/www.uqac.ca\/uqactualites\/wp-json\/wp\/v2\/posts"}],"about":[{"href":"https:\/\/www.uqac.ca\/uqactualites\/wp-json\/wp\/v2\/types\/post"}],"author":[{"embeddable":true,"href":"https:\/\/www.uqac.ca\/uqactualites\/wp-json\/wp\/v2\/users\/5"}],"replies":[{"embeddable":true,"href":"https:\/\/www.uqac.ca\/uqactualites\/wp-json\/wp\/v2\/comments?post=28266"}],"version-history":[{"count":0,"href":"https:\/\/www.uqac.ca\/uqactualites\/wp-json\/wp\/v2\/posts\/28266\/revisions"}],"wp:featuredmedia":[{"embeddable":true,"href":"https:\/\/www.uqac.ca\/uqactualites\/wp-json\/wp\/v2\/media\/28267"}],"wp:attachment":[{"href":"https:\/\/www.uqac.ca\/uqactualites\/wp-json\/wp\/v2\/media?parent=28266"}],"wp:term":[{"taxonomy":"category","embeddable":true,"href":"https:\/\/www.uqac.ca\/uqactualites\/wp-json\/wp\/v2\/categories?post=28266"},{"taxonomy":"post_tag","embeddable":true,"href":"https:\/\/www.uqac.ca\/uqactualites\/wp-json\/wp\/v2\/tags?post=28266"}],"curies":[{"name":"wp","href":"https:\/\/api.w.org\/{rel}","templated":true}]}}