{"id":28301,"date":"2014-09-12T11:00:56","date_gmt":"2014-09-12T15:00:56","guid":{"rendered":"http:\/\/uqactualite.odev.ca\/?p=28301"},"modified":"2024-05-24T08:36:24","modified_gmt":"2024-05-24T12:36:24","slug":"trois-diplomes-en-genie-civil-de-luqac-rayonnent-aux-defis-du-bois","status":"publish","type":"post","link":"https:\/\/www.uqac.ca\/uqactualites\/2014\/09\/12\/trois-diplomes-en-genie-civil-de-luqac-rayonnent-aux-defis-du-bois\/","title":{"rendered":"Trois dipl\u00f4m\u00e9s en g\u00e9nie civil de l\u2019UQAC rayonnent aux D\u00e9fis du bois"},"content":{"rendered":"<p style=\"text-align: justify;\">Du 13 mai au 20 mai dernier, L\u00e9a Bherer, Cindy Tremblay et Michael Tremblay, nouveaux bacheliers en <span style=\"text-decoration: underline;\"><a href=\"http:\/\/programmes.uqac.ca\/7480\" target=\"_blank\" rel=\"noopener\">g\u00e9nie civil<\/a><\/span> de l\u2019UQAC, ont particip\u00e9 \u00e0 la 10<sup>e<\/sup> \u00e9dition des D\u00e9fis du bois \u00e0 \u00c9pinal, en France. Cette comp\u00e9tition d\u2019envergure internationale r\u00e9unit annuellement une cinquantaine d\u2019\u00e9tudiants et de r\u00e9cents dipl\u00f4m\u00e9s, qui profitent alors de l\u2019occasion pour r\u00e9aliser des projets d\u00e9montrant les capacit\u00e9s inventives du mat\u00e9riau bois. Gr\u00e2ce \u00e0 l\u2019excellence de leur projet respectif, les trois nouveaux ing\u00e9nieurs issus de l\u2019UQAC se sont vu r\u00e9compenser par le jury.<\/p>\n<p style=\"text-align: justify;\">L\u00e9a Bherer (en compagnie de son \u00e9quipe \u00ab\u00a0\u00c9l\u00e9vasion\u00a0\u00bb) a r\u00e9colt\u00e9 le Prix du r\u00eave ainsi que le prix Siat Braun. Cindy Tremblay (en compagnie de son \u00e9quipe \u00ab\u00a0Abritarbre\u00a0\u00bb) a pour sa part remport\u00e9 le Prix du paysage ainsi que le prix Charpente Houot. Michael Tremblay (en compagnie de son \u00e9quipe \u00ab\u00a0N\u00e9ga-Tree\u00a0\u00bb) revient quant \u00e0 lui avec le Prix de la radicalit\u00e9 et le prix Metsa Wood.<\/p>\n<p style=\"text-align: justify;\">Toutes nos f\u00e9licitations \u00e0 ces trois dipl\u00f4m\u00e9s en g\u00e9nie civil de l\u2019UQAC, ainsi qu\u2019\u00e0 Sylvain M\u00e9nard, professeur au D\u00e9partement des sciences appliqu\u00e9es, qui les a soutenus dans les d\u00e9marches de pr\u00e9paration \u00e0 ce concours.<\/p>\n<p style=\"text-align: justify;\">Consultez le <span style=\"text-decoration: underline;\"><a href=\"http:\/\/www.defisbois.fr\/Site_2014\/Resultats.html\" target=\"_blank\" rel=\"noopener\"><strong>site Web des D\u00e9fis du bois<\/strong><\/a><\/span> pour jeter un coup d\u2019\u0153il aux projets r\u00e9alis\u00e9s par nos trois dipl\u00f4m\u00e9s et leur \u00e9quipe.<\/p>\n<p style=\"text-align: justify;\"><strong><br \/>\nSources\u00a0:<\/strong><\/p>\n<p style=\"text-align: justify;\">Claude Gilbert, agent de recherche<br \/>\nD\u00e9canat de la recherche et de la cr\u00e9ation<br \/>\nUniversit\u00e9 du Qu\u00e9bec \u00e0 Chicoutimi<br \/>\n418-545-5011, poste\u00a02486\u00a0 \u25aa\u00a0 <span style=\"text-decoration: underline;\"><a href=\"mailto:claude_gilbert@uqac.ca\">claude_gilbert@uqac.ca<\/a><\/span><\/p>\n<p style=\"text-align: justify;\">Bureau des affaires publiques<br \/>\nUniversit\u00e9 du Qu\u00e9bec \u00e0 Chicoutimi<br \/>\n418\u00a0545-5011, poste\u00a02350\u00a0 \u25aa\u00a0 <span style=\"text-decoration: underline;\"><a href=\"mailto:affaires_publiques@uqac.ca\">affaires_publiques@uqac.ca<\/a><\/span><\/p>\n<p style=\"text-align: justify;\"><span style=\"color: #808080;\"><b><br \/>\n<\/b><b>_______________________________________________________________________________________<\/b><\/span><\/p>\n<p style=\"text-align: justify;\"><span style=\"color: #808080;\"><strong>Photo\u00a0: <\/strong>Cindy Tremblay, participante, Pascal Triboulot, directeur de l\u2019\u00c9cole nationale sup\u00e9rieure des technologies et industries du bois (ENSTIB), L\u00e9a Bherer, participante, et Michael Tremblay, participant<\/span><br \/>\n<span style=\"color: #808080;\"><strong>\u00a9 ENSTIB<\/strong><\/span><br \/>\n<span style=\"color: #808080;\"><b>_______________________________________________________________________________________<\/b><\/span><\/p>\n","protected":false},"excerpt":{"rendered":"<p>Du 13 mai au 20 mai dernier, L\u00e9a Bherer, Cindy Tremblay et Michael Tremblay, nouveaux bacheliers en g\u00e9nie civil de l\u2019UQAC, ont particip\u00e9 \u00e0 la 10e \u00e9dition des D\u00e9fis du bois \u00e0 \u00c9pinal, en France. Cette comp\u00e9tition d\u2019envergure internationale r\u00e9unit annuellement une cinquantaine d\u2019\u00e9tudiants et de r\u00e9cents dipl\u00f4m\u00e9s, qui profitent alors de l\u2019occasion pour r\u00e9aliser [&hellip;]<\/p>\n","protected":false},"author":5,"featured_media":28302,"comment_status":"open","ping_status":"open","sticky":false,"template":"","format":"standard","meta":{"footnotes":""},"categories":[2,61,9],"tags":[430,431,67,432,1555,465,21,1556,246],"yoast_head":"<!-- This site is optimized with the Yoast SEO plugin v24.2 - https:\/\/yoast.com\/wordpress\/plugins\/seo\/ -->\r\n<title>Trois dipl\u00f4m\u00e9s en g\u00e9nie civil de l\u2019UQAC rayonnent aux D\u00e9fis du bois - UQACtualit\u00e9s<\/title>\r\n<meta name=\"robots\" content=\"index, follow, max-snippet:-1, max-image-preview:large, max-video-preview:-1\" \/>\r\n<link rel=\"canonical\" href=\"https:\/\/www.uqac.ca\/uqactualites\/2014\/09\/12\/trois-diplomes-en-genie-civil-de-luqac-rayonnent-aux-defis-du-bois\/\" \/>\r\n<meta property=\"og:locale\" content=\"fr_CA\" \/>\r\n<meta property=\"og:type\" content=\"article\" \/>\r\n<meta property=\"og:title\" content=\"Trois dipl\u00f4m\u00e9s en g\u00e9nie civil de l\u2019UQAC rayonnent aux D\u00e9fis du bois - UQACtualit\u00e9s\" \/>\r\n<meta property=\"og:description\" content=\"Du 13 mai au 20 mai dernier, L\u00e9a Bherer, Cindy Tremblay et Michael Tremblay, nouveaux bacheliers en g\u00e9nie civil de l\u2019UQAC, ont particip\u00e9 \u00e0 la 10e \u00e9dition des D\u00e9fis du bois \u00e0 \u00c9pinal, en France. Cette comp\u00e9tition d\u2019envergure internationale r\u00e9unit annuellement une cinquantaine d\u2019\u00e9tudiants et de r\u00e9cents dipl\u00f4m\u00e9s, qui profitent alors de l\u2019occasion pour r\u00e9aliser [&hellip;]\" \/>\r\n<meta property=\"og:url\" content=\"https:\/\/www.uqac.ca\/uqactualites\/2014\/09\/12\/trois-diplomes-en-genie-civil-de-luqac-rayonnent-aux-defis-du-bois\/\" \/>\r\n<meta property=\"og:site_name\" content=\"UQACtualit\u00e9s\" \/>\r\n<meta property=\"article:published_time\" content=\"2014-09-12T15:00:56+00:00\" \/>\r\n<meta property=\"article:modified_time\" content=\"2024-05-24T12:36:24+00:00\" \/>\r\n<meta property=\"og:image\" content=\"https:\/\/www.uqac.ca\/uqactualites\/wp-content\/uploads\/2014\/09\/D\u00e9fis-du-bois-2014-Web-\u00a9ENSTIB.jpg\" \/>\r\n\t<meta property=\"og:image:width\" content=\"620\" \/>\r\n\t<meta property=\"og:image:height\" content=\"300\" \/>\r\n\t<meta property=\"og:image:type\" content=\"image\/jpeg\" \/>\r\n<meta name=\"author\" content=\"Service des communications et des relations publiques\" \/>\r\n<meta name=\"twitter:card\" content=\"summary_large_image\" \/>\r\n<meta name=\"twitter:label1\" content=\"\u00c9crit par\" \/>\n\t<meta name=\"twitter:data1\" content=\"Service des communications et des relations publiques\" \/>\n\t<meta name=\"twitter:label2\" content=\"Estimation du temps de lecture\" \/>\n\t<meta name=\"twitter:data2\" content=\"2 minutes\" \/>\r\n<script type=\"application\/ld+json\" class=\"yoast-schema-graph\">{\"@context\":\"https:\/\/schema.org\",\"@graph\":[{\"@type\":\"WebPage\",\"@id\":\"https:\/\/www.uqac.ca\/uqactualites\/2014\/09\/12\/trois-diplomes-en-genie-civil-de-luqac-rayonnent-aux-defis-du-bois\/\",\"url\":\"https:\/\/www.uqac.ca\/uqactualites\/2014\/09\/12\/trois-diplomes-en-genie-civil-de-luqac-rayonnent-aux-defis-du-bois\/\",\"name\":\"Trois dipl\u00f4m\u00e9s en g\u00e9nie civil de l\u2019UQAC rayonnent aux D\u00e9fis du bois - UQACtualit\u00e9s\",\"isPartOf\":{\"@id\":\"https:\/\/www.uqac.ca\/uqactualites\/#website\"},\"primaryImageOfPage\":{\"@id\":\"https:\/\/www.uqac.ca\/uqactualites\/2014\/09\/12\/trois-diplomes-en-genie-civil-de-luqac-rayonnent-aux-defis-du-bois\/#primaryimage\"},\"image\":{\"@id\":\"https:\/\/www.uqac.ca\/uqactualites\/2014\/09\/12\/trois-diplomes-en-genie-civil-de-luqac-rayonnent-aux-defis-du-bois\/#primaryimage\"},\"thumbnailUrl\":\"https:\/\/www.uqac.ca\/uqactualites\/wp-content\/uploads\/2014\/09\/D\u00e9fis-du-bois-2014-Web-\u00a9ENSTIB.jpg\",\"datePublished\":\"2014-09-12T15:00:56+00:00\",\"dateModified\":\"2024-05-24T12:36:24+00:00\",\"author\":{\"@id\":\"https:\/\/www.uqac.ca\/uqactualites\/#\/schema\/person\/366c45a0c4f0e677b41b4af5886e2018\"},\"breadcrumb\":{\"@id\":\"https:\/\/www.uqac.ca\/uqactualites\/2014\/09\/12\/trois-diplomes-en-genie-civil-de-luqac-rayonnent-aux-defis-du-bois\/#breadcrumb\"},\"inLanguage\":\"fr-CA\",\"potentialAction\":[{\"@type\":\"ReadAction\",\"target\":[\"https:\/\/www.uqac.ca\/uqactualites\/2014\/09\/12\/trois-diplomes-en-genie-civil-de-luqac-rayonnent-aux-defis-du-bois\/\"]}]},{\"@type\":\"ImageObject\",\"inLanguage\":\"fr-CA\",\"@id\":\"https:\/\/www.uqac.ca\/uqactualites\/2014\/09\/12\/trois-diplomes-en-genie-civil-de-luqac-rayonnent-aux-defis-du-bois\/#primaryimage\",\"url\":\"https:\/\/www.uqac.ca\/uqactualites\/wp-content\/uploads\/2014\/09\/D\u00e9fis-du-bois-2014-Web-\u00a9ENSTIB.jpg\",\"contentUrl\":\"https:\/\/www.uqac.ca\/uqactualites\/wp-content\/uploads\/2014\/09\/D\u00e9fis-du-bois-2014-Web-\u00a9ENSTIB.jpg\",\"width\":620,\"height\":300},{\"@type\":\"BreadcrumbList\",\"@id\":\"https:\/\/www.uqac.ca\/uqactualites\/2014\/09\/12\/trois-diplomes-en-genie-civil-de-luqac-rayonnent-aux-defis-du-bois\/#breadcrumb\",\"itemListElement\":[{\"@type\":\"ListItem\",\"position\":1,\"name\":\"Home\",\"item\":\"https:\/\/www.uqac.ca\/uqactualites\/\"},{\"@type\":\"ListItem\",\"position\":2,\"name\":\"Trois dipl\u00f4m\u00e9s en g\u00e9nie civil de l\u2019UQAC rayonnent aux D\u00e9fis du bois\"}]},{\"@type\":\"WebSite\",\"@id\":\"https:\/\/www.uqac.ca\/uqactualites\/#website\",\"url\":\"https:\/\/www.uqac.ca\/uqactualites\/\",\"name\":\"UQACtualit\u00e9s\",\"description\":\"Le portail des nouvelles de l&#039;UQAC\",\"potentialAction\":[{\"@type\":\"SearchAction\",\"target\":{\"@type\":\"EntryPoint\",\"urlTemplate\":\"https:\/\/www.uqac.ca\/uqactualites\/?s={search_term_string}\"},\"query-input\":{\"@type\":\"PropertyValueSpecification\",\"valueRequired\":true,\"valueName\":\"search_term_string\"}}],\"inLanguage\":\"fr-CA\"},{\"@type\":\"Person\",\"@id\":\"https:\/\/www.uqac.ca\/uqactualites\/#\/schema\/person\/366c45a0c4f0e677b41b4af5886e2018\",\"name\":\"Service des communications et des relations publiques\",\"image\":{\"@type\":\"ImageObject\",\"inLanguage\":\"fr-CA\",\"@id\":\"https:\/\/www.uqac.ca\/uqactualites\/#\/schema\/person\/image\/\",\"url\":\"https:\/\/secure.gravatar.com\/avatar\/20fbbda8a292f59f2d3461a5b999c00b?s=96&d=mm&r=g\",\"contentUrl\":\"https:\/\/secure.gravatar.com\/avatar\/20fbbda8a292f59f2d3461a5b999c00b?s=96&d=mm&r=g\",\"caption\":\"Service des communications et des relations publiques\"},\"url\":\"https:\/\/www.uqac.ca\/uqactualites\/author\/bap\/\"}]}<\/script>\r\n<!-- \/ Yoast SEO plugin. -->","yoast_head_json":{"title":"Trois dipl\u00f4m\u00e9s en g\u00e9nie civil de l\u2019UQAC rayonnent aux D\u00e9fis du bois - UQACtualit\u00e9s","robots":{"index":"index","follow":"follow","max-snippet":"max-snippet:-1","max-image-preview":"max-image-preview:large","max-video-preview":"max-video-preview:-1"},"canonical":"https:\/\/www.uqac.ca\/uqactualites\/2014\/09\/12\/trois-diplomes-en-genie-civil-de-luqac-rayonnent-aux-defis-du-bois\/","og_locale":"fr_CA","og_type":"article","og_title":"Trois dipl\u00f4m\u00e9s en g\u00e9nie civil de l\u2019UQAC rayonnent aux D\u00e9fis du bois - UQACtualit\u00e9s","og_description":"Du 13 mai au 20 mai dernier, L\u00e9a Bherer, Cindy Tremblay et Michael Tremblay, nouveaux bacheliers en g\u00e9nie civil de l\u2019UQAC, ont particip\u00e9 \u00e0 la 10e \u00e9dition des D\u00e9fis du bois \u00e0 \u00c9pinal, en France. Cette comp\u00e9tition d\u2019envergure internationale r\u00e9unit annuellement une cinquantaine d\u2019\u00e9tudiants et de r\u00e9cents dipl\u00f4m\u00e9s, qui profitent alors de l\u2019occasion pour r\u00e9aliser [&hellip;]","og_url":"https:\/\/www.uqac.ca\/uqactualites\/2014\/09\/12\/trois-diplomes-en-genie-civil-de-luqac-rayonnent-aux-defis-du-bois\/","og_site_name":"UQACtualit\u00e9s","article_published_time":"2014-09-12T15:00:56+00:00","article_modified_time":"2024-05-24T12:36:24+00:00","og_image":[{"width":620,"height":300,"url":"https:\/\/www.uqac.ca\/uqactualites\/wp-content\/uploads\/2014\/09\/D\u00e9fis-du-bois-2014-Web-\u00a9ENSTIB.jpg","type":"image\/jpeg"}],"author":"Service des communications et des relations publiques","twitter_card":"summary_large_image","twitter_misc":{"\u00c9crit par":"Service des communications et des relations publiques","Estimation du temps de lecture":"2 minutes"},"schema":{"@context":"https:\/\/schema.org","@graph":[{"@type":"WebPage","@id":"https:\/\/www.uqac.ca\/uqactualites\/2014\/09\/12\/trois-diplomes-en-genie-civil-de-luqac-rayonnent-aux-defis-du-bois\/","url":"https:\/\/www.uqac.ca\/uqactualites\/2014\/09\/12\/trois-diplomes-en-genie-civil-de-luqac-rayonnent-aux-defis-du-bois\/","name":"Trois dipl\u00f4m\u00e9s en g\u00e9nie civil de l\u2019UQAC rayonnent aux D\u00e9fis du bois - UQACtualit\u00e9s","isPartOf":{"@id":"https:\/\/www.uqac.ca\/uqactualites\/#website"},"primaryImageOfPage":{"@id":"https:\/\/www.uqac.ca\/uqactualites\/2014\/09\/12\/trois-diplomes-en-genie-civil-de-luqac-rayonnent-aux-defis-du-bois\/#primaryimage"},"image":{"@id":"https:\/\/www.uqac.ca\/uqactualites\/2014\/09\/12\/trois-diplomes-en-genie-civil-de-luqac-rayonnent-aux-defis-du-bois\/#primaryimage"},"thumbnailUrl":"https:\/\/www.uqac.ca\/uqactualites\/wp-content\/uploads\/2014\/09\/D\u00e9fis-du-bois-2014-Web-\u00a9ENSTIB.jpg","datePublished":"2014-09-12T15:00:56+00:00","dateModified":"2024-05-24T12:36:24+00:00","author":{"@id":"https:\/\/www.uqac.ca\/uqactualites\/#\/schema\/person\/366c45a0c4f0e677b41b4af5886e2018"},"breadcrumb":{"@id":"https:\/\/www.uqac.ca\/uqactualites\/2014\/09\/12\/trois-diplomes-en-genie-civil-de-luqac-rayonnent-aux-defis-du-bois\/#breadcrumb"},"inLanguage":"fr-CA","potentialAction":[{"@type":"ReadAction","target":["https:\/\/www.uqac.ca\/uqactualites\/2014\/09\/12\/trois-diplomes-en-genie-civil-de-luqac-rayonnent-aux-defis-du-bois\/"]}]},{"@type":"ImageObject","inLanguage":"fr-CA","@id":"https:\/\/www.uqac.ca\/uqactualites\/2014\/09\/12\/trois-diplomes-en-genie-civil-de-luqac-rayonnent-aux-defis-du-bois\/#primaryimage","url":"https:\/\/www.uqac.ca\/uqactualites\/wp-content\/uploads\/2014\/09\/D\u00e9fis-du-bois-2014-Web-\u00a9ENSTIB.jpg","contentUrl":"https:\/\/www.uqac.ca\/uqactualites\/wp-content\/uploads\/2014\/09\/D\u00e9fis-du-bois-2014-Web-\u00a9ENSTIB.jpg","width":620,"height":300},{"@type":"BreadcrumbList","@id":"https:\/\/www.uqac.ca\/uqactualites\/2014\/09\/12\/trois-diplomes-en-genie-civil-de-luqac-rayonnent-aux-defis-du-bois\/#breadcrumb","itemListElement":[{"@type":"ListItem","position":1,"name":"Home","item":"https:\/\/www.uqac.ca\/uqactualites\/"},{"@type":"ListItem","position":2,"name":"Trois dipl\u00f4m\u00e9s en g\u00e9nie civil de l\u2019UQAC rayonnent aux D\u00e9fis du bois"}]},{"@type":"WebSite","@id":"https:\/\/www.uqac.ca\/uqactualites\/#website","url":"https:\/\/www.uqac.ca\/uqactualites\/","name":"UQACtualit\u00e9s","description":"Le portail des nouvelles de l&#039;UQAC","potentialAction":[{"@type":"SearchAction","target":{"@type":"EntryPoint","urlTemplate":"https:\/\/www.uqac.ca\/uqactualites\/?s={search_term_string}"},"query-input":{"@type":"PropertyValueSpecification","valueRequired":true,"valueName":"search_term_string"}}],"inLanguage":"fr-CA"},{"@type":"Person","@id":"https:\/\/www.uqac.ca\/uqactualites\/#\/schema\/person\/366c45a0c4f0e677b41b4af5886e2018","name":"Service des communications et des relations publiques","image":{"@type":"ImageObject","inLanguage":"fr-CA","@id":"https:\/\/www.uqac.ca\/uqactualites\/#\/schema\/person\/image\/","url":"https:\/\/secure.gravatar.com\/avatar\/20fbbda8a292f59f2d3461a5b999c00b?s=96&d=mm&r=g","contentUrl":"https:\/\/secure.gravatar.com\/avatar\/20fbbda8a292f59f2d3461a5b999c00b?s=96&d=mm&r=g","caption":"Service des communications et des relations publiques"},"url":"https:\/\/www.uqac.ca\/uqactualites\/author\/bap\/"}]}},"_links":{"self":[{"href":"https:\/\/www.uqac.ca\/uqactualites\/wp-json\/wp\/v2\/posts\/28301"}],"collection":[{"href":"https:\/\/www.uqac.ca\/uqactualites\/wp-json\/wp\/v2\/posts"}],"about":[{"href":"https:\/\/www.uqac.ca\/uqactualites\/wp-json\/wp\/v2\/types\/post"}],"author":[{"embeddable":true,"href":"https:\/\/www.uqac.ca\/uqactualites\/wp-json\/wp\/v2\/users\/5"}],"replies":[{"embeddable":true,"href":"https:\/\/www.uqac.ca\/uqactualites\/wp-json\/wp\/v2\/comments?post=28301"}],"version-history":[{"count":1,"href":"https:\/\/www.uqac.ca\/uqactualites\/wp-json\/wp\/v2\/posts\/28301\/revisions"}],"predecessor-version":[{"id":47394,"href":"https:\/\/www.uqac.ca\/uqactualites\/wp-json\/wp\/v2\/posts\/28301\/revisions\/47394"}],"wp:featuredmedia":[{"embeddable":true,"href":"https:\/\/www.uqac.ca\/uqactualites\/wp-json\/wp\/v2\/media\/28302"}],"wp:attachment":[{"href":"https:\/\/www.uqac.ca\/uqactualites\/wp-json\/wp\/v2\/media?parent=28301"}],"wp:term":[{"taxonomy":"category","embeddable":true,"href":"https:\/\/www.uqac.ca\/uqactualites\/wp-json\/wp\/v2\/categories?post=28301"},{"taxonomy":"post_tag","embeddable":true,"href":"https:\/\/www.uqac.ca\/uqactualites\/wp-json\/wp\/v2\/tags?post=28301"}],"curies":[{"name":"wp","href":"https:\/\/api.w.org\/{rel}","templated":true}]}}