{"id":28318,"date":"2014-09-15T13:55:42","date_gmt":"2014-09-15T17:55:42","guid":{"rendered":"http:\/\/uqactualite.odev.ca\/?p=28318"},"modified":"2014-09-15T13:55:42","modified_gmt":"2014-09-15T17:55:42","slug":"6e-edition-du-festival-os-brule","status":"publish","type":"post","link":"https:\/\/www.uqac.ca\/uqactualites\/2014\/09\/15\/6e-edition-du-festival-os-brule\/","title":{"rendered":"6e \u00e9dition du festival Os br\u00fbl\u00e9"},"content":{"rendered":"<p style=\"text-align: justify\">Le RIAP 2014 (Rencontres internationales de la performance de Qu\u00e9bec), le Centre des Premi\u00e8res Nations Nikanite et le Centre de recherche CELAT, avec le soutien du D\u00e9canat de la recherche et de la cr\u00e9ation, invitent la communaut\u00e9 universitaire \u00e0 assister \u00e0 la 6<sup>e<\/sup> \u00e9dition du festival <em>Os br\u00fbl\u00e9<\/em>\u00a0:<\/p>\n<p style=\"text-align: center\"><strong>Mercredi 17 septembre 2014<br \/>\n<\/strong><span style=\"text-decoration: underline\">13 h\u00a0 \u25aa\u00a0 Petit Th\u00e9\u00e2tre de l\u2019UQAC<\/span><br \/>\nLectures et performances<br \/>\n<span style=\"text-decoration: underline\">18 h\u00a0 \u25aa\u00a0 For\u00eat d\u2019enseignement et de recherche Simoncouche<\/span><br \/>\n\u00c9pluchette de ma\u00efs, lectures et performances<\/p>\n<p style=\"text-align: center\"><strong>Jeudi 18 septembre 2014<br \/>\n<\/strong><span style=\"text-decoration: underline\">13 h\u00a0 \u25aa\u00a0 Petit Th\u00e9\u00e2tre de l\u2019UQAC<\/span><br \/>\nLectures et performances<\/p>\n<p style=\"text-align: justify\">Assistez \u00e0 ce festival interculturel unique au Qu\u00e9bec, qui combine les arts de la performance et de la po\u00e9sie tout en permettant une rencontre de recherche-cr\u00e9ation entre des artistes et po\u00e8tes internationaux et issus des Premi\u00e8res Nations ainsi que des \u00e9tudiants de la ma\u00eetrise en art de l\u2019UQAC.<\/p>\n<p style=\"text-align: justify\">C\u2019est un rendez-vous!<\/p>\n<p style=\"text-align: justify\"><strong><br \/>\nRenseignements\u00a0:<br \/>\n<\/strong>Micha\u00ebl La Chance, professeur et directeur<br \/>\nD\u00e9partement des arts et lettres<br \/>\nUniversit\u00e9 du Qu\u00e9bec \u00e0 Chicoutimi<br \/>\n418 545-5011, poste\u00a02436\u00a0 \u25aa\u00a0 <span style=\"text-decoration: underline\"><a href=\"mailto:michael_lachance@uqac.ca\">michael_lachance@uqac.ca<\/a><\/span><\/p>\n","protected":false},"excerpt":{"rendered":"<p>Le RIAP 2014 (Rencontres internationales de la performance de Qu\u00e9bec), le Centre des Premi\u00e8res Nations Nikanite et le Centre de recherche CELAT, avec le soutien du D\u00e9canat de la recherche et de la cr\u00e9ation, invitent la communaut\u00e9 universitaire \u00e0 assister \u00e0 la 6e \u00e9dition du festival Os br\u00fbl\u00e9\u00a0: Mercredi 17 septembre 2014 13 h\u00a0 \u25aa\u00a0 [&hellip;]<\/p>\n","protected":false},"author":5,"featured_media":20989,"comment_status":"open","ping_status":"open","sticky":false,"template":"","format":"standard","meta":{"footnotes":""},"categories":[2772],"tags":[357,1560,152,584,1561],"yoast_head":"<!-- This site is optimized with the Yoast SEO plugin v24.2 - https:\/\/yoast.com\/wordpress\/plugins\/seo\/ -->\r\n<title>6e \u00e9dition du festival Os br\u00fbl\u00e9 - UQACtualit\u00e9s<\/title>\r\n<meta name=\"robots\" content=\"index, follow, max-snippet:-1, max-image-preview:large, max-video-preview:-1\" \/>\r\n<link rel=\"canonical\" href=\"https:\/\/www.uqac.ca\/uqactualites\/2014\/09\/15\/6e-edition-du-festival-os-brule\/\" \/>\r\n<meta property=\"og:locale\" content=\"fr_CA\" \/>\r\n<meta property=\"og:type\" content=\"article\" \/>\r\n<meta property=\"og:title\" content=\"6e \u00e9dition du festival Os br\u00fbl\u00e9 - UQACtualit\u00e9s\" \/>\r\n<meta property=\"og:description\" content=\"Le RIAP 2014 (Rencontres internationales de la performance de Qu\u00e9bec), le Centre des Premi\u00e8res Nations Nikanite et le Centre de recherche CELAT, avec le soutien du D\u00e9canat de la recherche et de la cr\u00e9ation, invitent la communaut\u00e9 universitaire \u00e0 assister \u00e0 la 6e \u00e9dition du festival Os br\u00fbl\u00e9\u00a0: Mercredi 17 septembre 2014 13 h\u00a0 \u25aa\u00a0 [&hellip;]\" \/>\r\n<meta property=\"og:url\" content=\"https:\/\/www.uqac.ca\/uqactualites\/2014\/09\/15\/6e-edition-du-festival-os-brule\/\" \/>\r\n<meta property=\"og:site_name\" content=\"UQACtualit\u00e9s\" \/>\r\n<meta property=\"article:published_time\" content=\"2014-09-15T17:55:42+00:00\" \/>\r\n<meta property=\"og:image\" content=\"https:\/\/www.uqac.ca\/uqactualites\/wp-content\/uploads\/2012\/05\/avis-laCommunaut-.jpg\" \/>\r\n\t<meta property=\"og:image:width\" content=\"620\" \/>\r\n\t<meta property=\"og:image:height\" content=\"300\" \/>\r\n\t<meta property=\"og:image:type\" content=\"image\/jpeg\" \/>\r\n<meta name=\"author\" content=\"Service des communications et des relations publiques\" \/>\r\n<meta name=\"twitter:card\" content=\"summary_large_image\" \/>\r\n<meta name=\"twitter:label1\" content=\"\u00c9crit par\" \/>\n\t<meta name=\"twitter:data1\" content=\"Service des communications et des relations publiques\" \/>\n\t<meta name=\"twitter:label2\" content=\"Estimation du temps de lecture\" \/>\n\t<meta name=\"twitter:data2\" content=\"1 minute\" \/>\r\n<script type=\"application\/ld+json\" class=\"yoast-schema-graph\">{\"@context\":\"https:\/\/schema.org\",\"@graph\":[{\"@type\":\"WebPage\",\"@id\":\"https:\/\/www.uqac.ca\/uqactualites\/2014\/09\/15\/6e-edition-du-festival-os-brule\/\",\"url\":\"https:\/\/www.uqac.ca\/uqactualites\/2014\/09\/15\/6e-edition-du-festival-os-brule\/\",\"name\":\"6e \u00e9dition du festival Os br\u00fbl\u00e9 - UQACtualit\u00e9s\",\"isPartOf\":{\"@id\":\"https:\/\/www.uqac.ca\/uqactualites\/#website\"},\"primaryImageOfPage\":{\"@id\":\"https:\/\/www.uqac.ca\/uqactualites\/2014\/09\/15\/6e-edition-du-festival-os-brule\/#primaryimage\"},\"image\":{\"@id\":\"https:\/\/www.uqac.ca\/uqactualites\/2014\/09\/15\/6e-edition-du-festival-os-brule\/#primaryimage\"},\"thumbnailUrl\":\"https:\/\/www.uqac.ca\/uqactualites\/wp-content\/uploads\/2012\/05\/avis-laCommunaut-.jpg\",\"datePublished\":\"2014-09-15T17:55:42+00:00\",\"dateModified\":\"2014-09-15T17:55:42+00:00\",\"author\":{\"@id\":\"https:\/\/www.uqac.ca\/uqactualites\/#\/schema\/person\/366c45a0c4f0e677b41b4af5886e2018\"},\"breadcrumb\":{\"@id\":\"https:\/\/www.uqac.ca\/uqactualites\/2014\/09\/15\/6e-edition-du-festival-os-brule\/#breadcrumb\"},\"inLanguage\":\"fr-CA\",\"potentialAction\":[{\"@type\":\"ReadAction\",\"target\":[\"https:\/\/www.uqac.ca\/uqactualites\/2014\/09\/15\/6e-edition-du-festival-os-brule\/\"]}]},{\"@type\":\"ImageObject\",\"inLanguage\":\"fr-CA\",\"@id\":\"https:\/\/www.uqac.ca\/uqactualites\/2014\/09\/15\/6e-edition-du-festival-os-brule\/#primaryimage\",\"url\":\"https:\/\/www.uqac.ca\/uqactualites\/wp-content\/uploads\/2012\/05\/avis-laCommunaut-.jpg\",\"contentUrl\":\"https:\/\/www.uqac.ca\/uqactualites\/wp-content\/uploads\/2012\/05\/avis-laCommunaut-.jpg\",\"width\":620,\"height\":300},{\"@type\":\"BreadcrumbList\",\"@id\":\"https:\/\/www.uqac.ca\/uqactualites\/2014\/09\/15\/6e-edition-du-festival-os-brule\/#breadcrumb\",\"itemListElement\":[{\"@type\":\"ListItem\",\"position\":1,\"name\":\"Home\",\"item\":\"https:\/\/www.uqac.ca\/uqactualites\/\"},{\"@type\":\"ListItem\",\"position\":2,\"name\":\"6e \u00e9dition du festival Os br\u00fbl\u00e9\"}]},{\"@type\":\"WebSite\",\"@id\":\"https:\/\/www.uqac.ca\/uqactualites\/#website\",\"url\":\"https:\/\/www.uqac.ca\/uqactualites\/\",\"name\":\"UQACtualit\u00e9s\",\"description\":\"Le portail des nouvelles de l&#039;UQAC\",\"potentialAction\":[{\"@type\":\"SearchAction\",\"target\":{\"@type\":\"EntryPoint\",\"urlTemplate\":\"https:\/\/www.uqac.ca\/uqactualites\/?s={search_term_string}\"},\"query-input\":{\"@type\":\"PropertyValueSpecification\",\"valueRequired\":true,\"valueName\":\"search_term_string\"}}],\"inLanguage\":\"fr-CA\"},{\"@type\":\"Person\",\"@id\":\"https:\/\/www.uqac.ca\/uqactualites\/#\/schema\/person\/366c45a0c4f0e677b41b4af5886e2018\",\"name\":\"Service des communications et des relations publiques\",\"image\":{\"@type\":\"ImageObject\",\"inLanguage\":\"fr-CA\",\"@id\":\"https:\/\/www.uqac.ca\/uqactualites\/#\/schema\/person\/image\/\",\"url\":\"https:\/\/secure.gravatar.com\/avatar\/20fbbda8a292f59f2d3461a5b999c00b?s=96&d=mm&r=g\",\"contentUrl\":\"https:\/\/secure.gravatar.com\/avatar\/20fbbda8a292f59f2d3461a5b999c00b?s=96&d=mm&r=g\",\"caption\":\"Service des communications et des relations publiques\"},\"url\":\"https:\/\/www.uqac.ca\/uqactualites\/author\/bap\/\"}]}<\/script>\r\n<!-- \/ Yoast SEO plugin. -->","yoast_head_json":{"title":"6e \u00e9dition du festival Os br\u00fbl\u00e9 - UQACtualit\u00e9s","robots":{"index":"index","follow":"follow","max-snippet":"max-snippet:-1","max-image-preview":"max-image-preview:large","max-video-preview":"max-video-preview:-1"},"canonical":"https:\/\/www.uqac.ca\/uqactualites\/2014\/09\/15\/6e-edition-du-festival-os-brule\/","og_locale":"fr_CA","og_type":"article","og_title":"6e \u00e9dition du festival Os br\u00fbl\u00e9 - UQACtualit\u00e9s","og_description":"Le RIAP 2014 (Rencontres internationales de la performance de Qu\u00e9bec), le Centre des Premi\u00e8res Nations Nikanite et le Centre de recherche CELAT, avec le soutien du D\u00e9canat de la recherche et de la cr\u00e9ation, invitent la communaut\u00e9 universitaire \u00e0 assister \u00e0 la 6e \u00e9dition du festival Os br\u00fbl\u00e9\u00a0: Mercredi 17 septembre 2014 13 h\u00a0 \u25aa\u00a0 [&hellip;]","og_url":"https:\/\/www.uqac.ca\/uqactualites\/2014\/09\/15\/6e-edition-du-festival-os-brule\/","og_site_name":"UQACtualit\u00e9s","article_published_time":"2014-09-15T17:55:42+00:00","og_image":[{"width":620,"height":300,"url":"https:\/\/www.uqac.ca\/uqactualites\/wp-content\/uploads\/2012\/05\/avis-laCommunaut-.jpg","type":"image\/jpeg"}],"author":"Service des communications et des relations publiques","twitter_card":"summary_large_image","twitter_misc":{"\u00c9crit par":"Service des communications et des relations publiques","Estimation du temps de lecture":"1 minute"},"schema":{"@context":"https:\/\/schema.org","@graph":[{"@type":"WebPage","@id":"https:\/\/www.uqac.ca\/uqactualites\/2014\/09\/15\/6e-edition-du-festival-os-brule\/","url":"https:\/\/www.uqac.ca\/uqactualites\/2014\/09\/15\/6e-edition-du-festival-os-brule\/","name":"6e \u00e9dition du festival Os br\u00fbl\u00e9 - UQACtualit\u00e9s","isPartOf":{"@id":"https:\/\/www.uqac.ca\/uqactualites\/#website"},"primaryImageOfPage":{"@id":"https:\/\/www.uqac.ca\/uqactualites\/2014\/09\/15\/6e-edition-du-festival-os-brule\/#primaryimage"},"image":{"@id":"https:\/\/www.uqac.ca\/uqactualites\/2014\/09\/15\/6e-edition-du-festival-os-brule\/#primaryimage"},"thumbnailUrl":"https:\/\/www.uqac.ca\/uqactualites\/wp-content\/uploads\/2012\/05\/avis-laCommunaut-.jpg","datePublished":"2014-09-15T17:55:42+00:00","dateModified":"2014-09-15T17:55:42+00:00","author":{"@id":"https:\/\/www.uqac.ca\/uqactualites\/#\/schema\/person\/366c45a0c4f0e677b41b4af5886e2018"},"breadcrumb":{"@id":"https:\/\/www.uqac.ca\/uqactualites\/2014\/09\/15\/6e-edition-du-festival-os-brule\/#breadcrumb"},"inLanguage":"fr-CA","potentialAction":[{"@type":"ReadAction","target":["https:\/\/www.uqac.ca\/uqactualites\/2014\/09\/15\/6e-edition-du-festival-os-brule\/"]}]},{"@type":"ImageObject","inLanguage":"fr-CA","@id":"https:\/\/www.uqac.ca\/uqactualites\/2014\/09\/15\/6e-edition-du-festival-os-brule\/#primaryimage","url":"https:\/\/www.uqac.ca\/uqactualites\/wp-content\/uploads\/2012\/05\/avis-laCommunaut-.jpg","contentUrl":"https:\/\/www.uqac.ca\/uqactualites\/wp-content\/uploads\/2012\/05\/avis-laCommunaut-.jpg","width":620,"height":300},{"@type":"BreadcrumbList","@id":"https:\/\/www.uqac.ca\/uqactualites\/2014\/09\/15\/6e-edition-du-festival-os-brule\/#breadcrumb","itemListElement":[{"@type":"ListItem","position":1,"name":"Home","item":"https:\/\/www.uqac.ca\/uqactualites\/"},{"@type":"ListItem","position":2,"name":"6e \u00e9dition du festival Os br\u00fbl\u00e9"}]},{"@type":"WebSite","@id":"https:\/\/www.uqac.ca\/uqactualites\/#website","url":"https:\/\/www.uqac.ca\/uqactualites\/","name":"UQACtualit\u00e9s","description":"Le portail des nouvelles de l&#039;UQAC","potentialAction":[{"@type":"SearchAction","target":{"@type":"EntryPoint","urlTemplate":"https:\/\/www.uqac.ca\/uqactualites\/?s={search_term_string}"},"query-input":{"@type":"PropertyValueSpecification","valueRequired":true,"valueName":"search_term_string"}}],"inLanguage":"fr-CA"},{"@type":"Person","@id":"https:\/\/www.uqac.ca\/uqactualites\/#\/schema\/person\/366c45a0c4f0e677b41b4af5886e2018","name":"Service des communications et des relations publiques","image":{"@type":"ImageObject","inLanguage":"fr-CA","@id":"https:\/\/www.uqac.ca\/uqactualites\/#\/schema\/person\/image\/","url":"https:\/\/secure.gravatar.com\/avatar\/20fbbda8a292f59f2d3461a5b999c00b?s=96&d=mm&r=g","contentUrl":"https:\/\/secure.gravatar.com\/avatar\/20fbbda8a292f59f2d3461a5b999c00b?s=96&d=mm&r=g","caption":"Service des communications et des relations publiques"},"url":"https:\/\/www.uqac.ca\/uqactualites\/author\/bap\/"}]}},"_links":{"self":[{"href":"https:\/\/www.uqac.ca\/uqactualites\/wp-json\/wp\/v2\/posts\/28318"}],"collection":[{"href":"https:\/\/www.uqac.ca\/uqactualites\/wp-json\/wp\/v2\/posts"}],"about":[{"href":"https:\/\/www.uqac.ca\/uqactualites\/wp-json\/wp\/v2\/types\/post"}],"author":[{"embeddable":true,"href":"https:\/\/www.uqac.ca\/uqactualites\/wp-json\/wp\/v2\/users\/5"}],"replies":[{"embeddable":true,"href":"https:\/\/www.uqac.ca\/uqactualites\/wp-json\/wp\/v2\/comments?post=28318"}],"version-history":[{"count":0,"href":"https:\/\/www.uqac.ca\/uqactualites\/wp-json\/wp\/v2\/posts\/28318\/revisions"}],"wp:featuredmedia":[{"embeddable":true,"href":"https:\/\/www.uqac.ca\/uqactualites\/wp-json\/wp\/v2\/media\/20989"}],"wp:attachment":[{"href":"https:\/\/www.uqac.ca\/uqactualites\/wp-json\/wp\/v2\/media?parent=28318"}],"wp:term":[{"taxonomy":"category","embeddable":true,"href":"https:\/\/www.uqac.ca\/uqactualites\/wp-json\/wp\/v2\/categories?post=28318"},{"taxonomy":"post_tag","embeddable":true,"href":"https:\/\/www.uqac.ca\/uqactualites\/wp-json\/wp\/v2\/tags?post=28318"}],"curies":[{"name":"wp","href":"https:\/\/api.w.org\/{rel}","templated":true}]}}